{"id":465,"date":"2015-01-05T09:38:57","date_gmt":"2015-01-05T08:38:57","guid":{"rendered":"https:\/\/www.globalong.com\/blog\/?p=465"},"modified":"2016-03-20T14:33:39","modified_gmt":"2016-03-20T13:33:39","slug":"6-januar-verdensdagen-for-krigsramte-boern","status":"publish","type":"post","link":"https:\/\/www.vita-explorers.dk\/blog\/6-januar-verdensdagen-for-krigsramte-boern\/","title":{"rendered":"6. januar \u2013 Verdensdag for krigsfor\u00e6ldrel\u00f8se"},"content":{"rendered":"<p class=\"p1\"><a href=\"https:\/\/www.vita-explorers.dk\/blog\/wp-content\/uploads\/2015\/01\/orphelins_cambodge.jpg\"><img loading=\"lazy\" decoding=\"async\" class=\"alignright wp-image-466\" src=\"https:\/\/www.vita-explorers.dk\/blog\/wp-content\/uploads\/2015\/01\/orphelins_cambodge.jpg\" alt=\"orphelins_cambodge\" width=\"225\" height=\"225\" srcset=\"https:\/\/www.vita-explorers.dk\/blog\/wp-content\/uploads\/2015\/01\/orphelins_cambodge.jpg 190w, https:\/\/www.vita-explorers.dk\/blog\/wp-content\/uploads\/2015\/01\/orphelins_cambodge-150x150.jpg 150w\" sizes=\"(max-width: 225px) 100vw, 225px\" \/><\/a>Den 6. januar er den internationale dag for krigsfor\u00e6ldrel\u00f8se. En anledning, der desv\u00e6rre ogs\u00e5 minder os om at g\u00f8re status: Alt for mange b\u00f8rn verden over bliver stadig ramt af krig og v\u00e6bnede konflikter.<\/p>\n<p class=\"p1\">FN\u2019s B\u00f8rnekonvention sl\u00e5r fast, at b\u00f8rns rettigheder skal respekteres \u2013 ogs\u00e5 i krigstid og under v\u00e6bnet konflikt. B\u00f8rn har ret til beskyttelse og til at leve i et fredeligt milj\u00f8, ogs\u00e5 n\u00e5r voksne v\u00e6lger at l\u00f8se uenigheder med vold. Hvis voksne griber til v\u00e5ben, m\u00e5 b\u00f8rn aldrig komme til at betale prisen. Vi m\u00e5 huske, at b\u00f8rn er mere s\u00e5rbare og har langt sv\u00e6rere ved at beskytte sig selv, n\u00e5r konflikter eskalerer.<a href=\"https:\/\/www.vita-explorers.dk\/blog\/wp-content\/uploads\/2015\/01\/INDE-1-3.jpg\"><img loading=\"lazy\" decoding=\"async\" class=\"alignright wp-image-1549 size-medium\" src=\"https:\/\/www.vita-explorers.dk\/blog\/wp-content\/uploads\/2015\/01\/INDE-1-3-225x300.jpg\" alt=\"Partir pour une missiond e b\u00e9n\u00e9volat dans un orphelinat avec Globalong\" width=\"225\" height=\"300\" srcset=\"https:\/\/www.vita-explorers.dk\/blog\/wp-content\/uploads\/2015\/01\/INDE-1-3-225x300.jpg 225w, https:\/\/www.vita-explorers.dk\/blog\/wp-content\/uploads\/2015\/01\/INDE-1-3-113x150.jpg 113w, https:\/\/www.vita-explorers.dk\/blog\/wp-content\/uploads\/2015\/01\/INDE-1-3.jpg 720w\" sizes=\"(max-width: 225px) 100vw, 225px\" \/><\/a><\/p>\n<p class=\"p1\">Ikke alene risikerer de at blive s\u00e5ret, f\u00e5 varige m\u00e9n eller miste livet \u2013 de skal ogs\u00e5 h\u00e5ndtere de h\u00e5rde konsekvenser, som f\u00f8lger med, n\u00e5r n\u00e6re familiemedlemmer d\u00f8r, herunder deres for\u00e6ldre.<\/p>\n<p class=\"p1\">Og n\u00e5r de f\u00f8rst bliver for\u00e6ldrel\u00f8se, kan b\u00f8rn i alle aldre pludselig st\u00e5 som familiens ansvarlige (samtidig med at de selv fors\u00f8ger at komme igennem deres egne traumer) \u2013 med de udfordringer og det ansvar, det indeb\u00e6rer&#8230;<\/p>\n<p class=\"p1\">Vi anbefaler, at du l\u00e6ser denne meget interessante rapport fra ICRC, som viser, hvor afg\u00f8rende arbejdet for at beskytte disse b\u00f8rn er \u2013 og at alle indsatser, store som sm\u00e5, g\u00f8r en forskel.<\/p>\n<p class=\"p1\"><span style=\"text-decoration: underline;\"><span class=\"s1\"><a href=\"https:\/\/www.icrc.org\/fre\/assets\/files\/other\/icrc_001_4015.pdf\">https:\/\/www.icrc.org\/fre\/assets\/files\/other\/icrc_001_4015.pdf<\/a><\/span><\/span><\/p>\n<p class=\"p2\">Kilde: in-terre-actif.com<\/p>\n<p class=\"p2\">Hvis du vil deltage i et ophold i et b\u00f8rnecenter, <span style=\"text-decoration: underline;\"><a href=\"https:\/\/www.vita-explorers.dk\" target=\"_blank\">s\u00e5 bes\u00f8g vores hjemmeside<\/a><\/span><\/p>\n<p class=\"p2\"><span style=\"text-decoration: underline;\"><a href=\"mailto:info@globalong.com\">Kontakt os<\/a><\/span> for mere information<\/p>\n<p class=\"p2\">Se vores fotoalbums <span style=\"text-decoration: underline;\"><a href=\"https:\/\/www.flickr.com\/photos\/globalong\/albums\/\" target=\"_blank\">her<\/a><\/span><\/p>\n<p class=\"p2\">\n","protected":false},"excerpt":{"rendered":"<p>Den 6. januar er den internationale dag for krigsfor\u00e6ldrel\u00f8se. En anledning, der desv\u00e6rre ogs\u00e5 minder os om at g\u00f8re status: Alt for mange b\u00f8rn\u2026<\/p>\n","protected":false},"author":1,"featured_media":466,"comment_status":"open","ping_status":"open","sticky":false,"template":"","format":"standard","meta":{"footnotes":""},"categories":[13,12,8,1,6,3,4],"tags":[140,139,59,138],"yoast_head":"<!-- This site is optimized with the Yoast SEO Premium plugin v23.4 (Yoast SEO v23.4) - https:\/\/yoast.com\/wordpress\/plugins\/seo\/ -->\n<title>6. januar \u2013 Verdensdag for krigsfor\u00e6ldrel\u00f8se - VITA Explorers Blog<\/title>\n<meta name=\"robots\" content=\"index, follow, max-snippet:-1, max-image-preview:large, max-video-preview:-1\" \/>\n<link rel=\"canonical\" href=\"https:\/\/www.vita-explorers.dk\/blog\/6-januar-verdensdagen-for-krigsramte-boern\/\" \/>\n<meta property=\"og:locale\" content=\"da_DK\" \/>\n<meta property=\"og:type\" content=\"article\" \/>\n<meta property=\"og:title\" content=\"6. januar \u2013 Verdensdag for krigsfor\u00e6ldrel\u00f8se\" \/>\n<meta property=\"og:description\" content=\"Den 6. januar er den internationale dag for krigsfor\u00e6ldrel\u00f8se. En anledning, der desv\u00e6rre ogs\u00e5 minder os om at g\u00f8re status: Alt for mange b\u00f8rn\u2026\" \/>\n<meta property=\"og:url\" content=\"https:\/\/www.vita-explorers.dk\/blog\/6-januar-verdensdagen-for-krigsramte-boern\/\" \/>\n<meta property=\"og:site_name\" content=\"VITA Explorers Blog\" \/>\n<meta property=\"article:publisher\" content=\"https:\/\/www.facebook.com\/globalong\" \/>\n<meta property=\"article:published_time\" content=\"2015-01-05T08:38:57+00:00\" \/>\n<meta property=\"article:modified_time\" content=\"2016-03-20T13:33:39+00:00\" \/>\n<meta property=\"og:image\" content=\"https:\/\/www.vita-explorers.dk\/blog\/wp-content\/uploads\/2015\/01\/orphelins_cambodge.jpg\" \/>\n\t<meta property=\"og:image:width\" content=\"190\" \/>\n\t<meta property=\"og:image:height\" content=\"190\" \/>\n\t<meta property=\"og:image:type\" content=\"image\/jpeg\" \/>\n<meta name=\"author\" content=\"VITA Tribe\" \/>\n<meta name=\"twitter:card\" content=\"summary_large_image\" \/>\n<meta name=\"twitter:label1\" content=\"Skrevet af\" \/>\n\t<meta name=\"twitter:data1\" content=\"VITA Tribe\" \/>\n\t<meta name=\"twitter:label2\" content=\"Estimeret l\u00e6setid\" \/>\n\t<meta name=\"twitter:data2\" content=\"1 minut\" \/>\n<script type=\"application\/ld+json\" class=\"yoast-schema-graph\">{\"@context\":\"https:\/\/schema.org\",\"@graph\":[{\"@type\":\"Article\",\"@id\":\"https:\/\/www.vita-explorers.dk\/blog\/6-januar-verdensdagen-for-krigsramte-boern\/#article\",\"isPartOf\":{\"@id\":\"https:\/\/www.vita-explorers.dk\/blog\/6-januar-verdensdagen-for-krigsramte-boern\/\"},\"author\":{\"name\":\"VITA Tribe\",\"@id\":\"https:\/\/www.vita-explorers.dk\/blog\/#\/schema\/person\/d7df267b64f23018d1dc519e78fb2735\"},\"headline\":\"6. januar \u2013 Verdensdag for krigsfor\u00e6ldrel\u00f8se\",\"datePublished\":\"2015-01-05T08:38:57+00:00\",\"dateModified\":\"2016-03-20T13:33:39+00:00\",\"mainEntityOfPage\":{\"@id\":\"https:\/\/www.vita-explorers.dk\/blog\/6-januar-verdensdagen-for-krigsramte-boern\/\"},\"wordCount\":287,\"commentCount\":0,\"publisher\":{\"@id\":\"https:\/\/www.vita-explorers.dk\/blog\/#organization\"},\"image\":{\"@id\":\"https:\/\/www.vita-explorers.dk\/blog\/6-januar-verdensdagen-for-krigsramte-boern\/#primaryimage\"},\"thumbnailUrl\":\"https:\/\/www.vita-explorers.dk\/blog\/wp-content\/uploads\/2015\/01\/orphelins_cambodge.jpg\",\"keywords\":[\"droits de l'homme\",\"guerre\",\"journ\u00e9e internationale\",\"orphelins\"],\"articleSection\":[\"Afrika\",\"Asien\",\"Humanit\u00e6rt frivilligt arbejde\",\"No Name\",\"Nyheder\",\"Rejser - generelle oplysninger\",\"VITA Explorers\"],\"inLanguage\":\"da-DK\",\"potentialAction\":[{\"@type\":\"CommentAction\",\"name\":\"Comment\",\"target\":[\"https:\/\/www.vita-explorers.dk\/blog\/6-januar-verdensdagen-for-krigsramte-boern\/#respond\"]}]},{\"@type\":\"WebPage\",\"@id\":\"https:\/\/www.vita-explorers.dk\/blog\/6-januar-verdensdagen-for-krigsramte-boern\/\",\"url\":\"https:\/\/www.vita-explorers.dk\/blog\/6-januar-verdensdagen-for-krigsramte-boern\/\",\"name\":\"6. januar \u2013 Verdensdag for krigsfor\u00e6ldrel\u00f8se - VITA Explorers Blog\",\"isPartOf\":{\"@id\":\"https:\/\/www.vita-explorers.dk\/blog\/#website\"},\"primaryImageOfPage\":{\"@id\":\"https:\/\/www.vita-explorers.dk\/blog\/6-januar-verdensdagen-for-krigsramte-boern\/#primaryimage\"},\"image\":{\"@id\":\"https:\/\/www.vita-explorers.dk\/blog\/6-januar-verdensdagen-for-krigsramte-boern\/#primaryimage\"},\"thumbnailUrl\":\"https:\/\/www.vita-explorers.dk\/blog\/wp-content\/uploads\/2015\/01\/orphelins_cambodge.jpg\",\"datePublished\":\"2015-01-05T08:38:57+00:00\",\"dateModified\":\"2016-03-20T13:33:39+00:00\",\"breadcrumb\":{\"@id\":\"https:\/\/www.vita-explorers.dk\/blog\/6-januar-verdensdagen-for-krigsramte-boern\/#breadcrumb\"},\"inLanguage\":\"da-DK\",\"potentialAction\":[{\"@type\":\"ReadAction\",\"target\":[\"https:\/\/www.vita-explorers.dk\/blog\/6-januar-verdensdagen-for-krigsramte-boern\/\"]}]},{\"@type\":\"ImageObject\",\"inLanguage\":\"da-DK\",\"@id\":\"https:\/\/www.vita-explorers.dk\/blog\/6-januar-verdensdagen-for-krigsramte-boern\/#primaryimage\",\"url\":\"https:\/\/www.vita-explorers.dk\/blog\/wp-content\/uploads\/2015\/01\/orphelins_cambodge.jpg\",\"contentUrl\":\"https:\/\/www.vita-explorers.dk\/blog\/wp-content\/uploads\/2015\/01\/orphelins_cambodge.jpg\",\"width\":190,\"height\":190,\"caption\":\"enfants Cambodge\"},{\"@type\":\"BreadcrumbList\",\"@id\":\"https:\/\/www.vita-explorers.dk\/blog\/6-januar-verdensdagen-for-krigsramte-boern\/#breadcrumb\",\"itemListElement\":[{\"@type\":\"ListItem\",\"position\":1,\"name\":\"Accueil\",\"item\":\"https:\/\/www.vita-explorers.dk\/blog\/\"},{\"@type\":\"ListItem\",\"position\":2,\"name\":\"6. januar \u2013 Verdensdag for krigsfor\u00e6ldrel\u00f8se\"}]},{\"@type\":\"WebSite\",\"@id\":\"https:\/\/www.vita-explorers.dk\/blog\/#website\",\"url\":\"https:\/\/www.vita-explorers.dk\/blog\/\",\"name\":\"Association Globalong\",\"description\":\"Frivilligt arbejde, sprogophold, praktik i udlandet og internationale oplevelser\",\"publisher\":{\"@id\":\"https:\/\/www.vita-explorers.dk\/blog\/#organization\"},\"potentialAction\":[{\"@type\":\"SearchAction\",\"target\":{\"@type\":\"EntryPoint\",\"urlTemplate\":\"https:\/\/www.vita-explorers.dk\/blog\/?s={search_term_string}\"},\"query-input\":{\"@type\":\"PropertyValueSpecification\",\"valueRequired\":true,\"valueName\":\"search_term_string\"}}],\"inLanguage\":\"da-DK\"},{\"@type\":\"Organization\",\"@id\":\"https:\/\/www.vita-explorers.dk\/blog\/#organization\",\"name\":\"Association Globalong\",\"url\":\"https:\/\/www.vita-explorers.dk\/blog\/\",\"logo\":{\"@type\":\"ImageObject\",\"inLanguage\":\"da-DK\",\"@id\":\"https:\/\/www.vita-explorers.dk\/blog\/#\/schema\/logo\/image\/\",\"url\":\"https:\/\/www.globalong.com\/blog\/wp-content\/uploads\/2014\/11\/cropped-cropped-Logo-et-Afrique-Globalong-petite-taille-2.jpg\",\"contentUrl\":\"https:\/\/www.globalong.com\/blog\/wp-content\/uploads\/2014\/11\/cropped-cropped-Logo-et-Afrique-Globalong-petite-taille-2.jpg\",\"width\":512,\"height\":512,\"caption\":\"Association Globalong\"},\"image\":{\"@id\":\"https:\/\/www.vita-explorers.dk\/blog\/#\/schema\/logo\/image\/\"},\"sameAs\":[\"https:\/\/www.facebook.com\/globalong\"]},{\"@type\":\"Person\",\"@id\":\"https:\/\/www.vita-explorers.dk\/blog\/#\/schema\/person\/d7df267b64f23018d1dc519e78fb2735\",\"name\":\"VITA Tribe\",\"image\":{\"@type\":\"ImageObject\",\"inLanguage\":\"da-DK\",\"@id\":\"https:\/\/www.vita-explorers.dk\/blog\/#\/schema\/person\/image\/\",\"url\":\"https:\/\/secure.gravatar.com\/avatar\/81461bcc213d0ff2bdc043d4206648f0?s=96&d=mm&r=g\",\"contentUrl\":\"https:\/\/secure.gravatar.com\/avatar\/81461bcc213d0ff2bdc043d4206648f0?s=96&d=mm&r=g\",\"caption\":\"VITA Tribe\"},\"sameAs\":[\"https:\/\/www.globalong.com\"],\"url\":\"https:\/\/www.vita-explorers.dk\/blog\/author\/sophie\/\"}]}<\/script>\n<!-- \/ Yoast SEO Premium plugin. -->","yoast_head_json":{"title":"6. januar \u2013 Verdensdag for krigsfor\u00e6ldrel\u00f8se - VITA Explorers Blog","robots":{"index":"index","follow":"follow","max-snippet":"max-snippet:-1","max-image-preview":"max-image-preview:large","max-video-preview":"max-video-preview:-1"},"canonical":"https:\/\/www.vita-explorers.dk\/blog\/6-januar-verdensdagen-for-krigsramte-boern\/","og_locale":"da_DK","og_type":"article","og_title":"6. januar \u2013 Verdensdag for krigsfor\u00e6ldrel\u00f8se","og_description":"Den 6. januar er den internationale dag for krigsfor\u00e6ldrel\u00f8se. En anledning, der desv\u00e6rre ogs\u00e5 minder os om at g\u00f8re status: Alt for mange b\u00f8rn\u2026","og_url":"https:\/\/www.vita-explorers.dk\/blog\/6-januar-verdensdagen-for-krigsramte-boern\/","og_site_name":"VITA Explorers Blog","article_publisher":"https:\/\/www.facebook.com\/globalong","article_published_time":"2015-01-05T08:38:57+00:00","article_modified_time":"2016-03-20T13:33:39+00:00","og_image":[{"width":190,"height":190,"url":"https:\/\/www.vita-explorers.dk\/blog\/wp-content\/uploads\/2015\/01\/orphelins_cambodge.jpg","type":"image\/jpeg"}],"author":"VITA Tribe","twitter_card":"summary_large_image","twitter_misc":{"Skrevet af":"VITA Tribe","Estimeret l\u00e6setid":"1 minut"},"schema":{"@context":"https:\/\/schema.org","@graph":[{"@type":"Article","@id":"https:\/\/www.vita-explorers.dk\/blog\/6-januar-verdensdagen-for-krigsramte-boern\/#article","isPartOf":{"@id":"https:\/\/www.vita-explorers.dk\/blog\/6-januar-verdensdagen-for-krigsramte-boern\/"},"author":{"name":"VITA Tribe","@id":"https:\/\/www.vita-explorers.dk\/blog\/#\/schema\/person\/d7df267b64f23018d1dc519e78fb2735"},"headline":"6. januar \u2013 Verdensdag for krigsfor\u00e6ldrel\u00f8se","datePublished":"2015-01-05T08:38:57+00:00","dateModified":"2016-03-20T13:33:39+00:00","mainEntityOfPage":{"@id":"https:\/\/www.vita-explorers.dk\/blog\/6-januar-verdensdagen-for-krigsramte-boern\/"},"wordCount":287,"commentCount":0,"publisher":{"@id":"https:\/\/www.vita-explorers.dk\/blog\/#organization"},"image":{"@id":"https:\/\/www.vita-explorers.dk\/blog\/6-januar-verdensdagen-for-krigsramte-boern\/#primaryimage"},"thumbnailUrl":"https:\/\/www.vita-explorers.dk\/blog\/wp-content\/uploads\/2015\/01\/orphelins_cambodge.jpg","keywords":["droits de l'homme","guerre","journ\u00e9e internationale","orphelins"],"articleSection":["Afrika","Asien","Humanit\u00e6rt frivilligt arbejde","No Name","Nyheder","Rejser - generelle oplysninger","VITA Explorers"],"inLanguage":"da-DK","potentialAction":[{"@type":"CommentAction","name":"Comment","target":["https:\/\/www.vita-explorers.dk\/blog\/6-januar-verdensdagen-for-krigsramte-boern\/#respond"]}]},{"@type":"WebPage","@id":"https:\/\/www.vita-explorers.dk\/blog\/6-januar-verdensdagen-for-krigsramte-boern\/","url":"https:\/\/www.vita-explorers.dk\/blog\/6-januar-verdensdagen-for-krigsramte-boern\/","name":"6. januar \u2013 Verdensdag for krigsfor\u00e6ldrel\u00f8se - VITA Explorers Blog","isPartOf":{"@id":"https:\/\/www.vita-explorers.dk\/blog\/#website"},"primaryImageOfPage":{"@id":"https:\/\/www.vita-explorers.dk\/blog\/6-januar-verdensdagen-for-krigsramte-boern\/#primaryimage"},"image":{"@id":"https:\/\/www.vita-explorers.dk\/blog\/6-januar-verdensdagen-for-krigsramte-boern\/#primaryimage"},"thumbnailUrl":"https:\/\/www.vita-explorers.dk\/blog\/wp-content\/uploads\/2015\/01\/orphelins_cambodge.jpg","datePublished":"2015-01-05T08:38:57+00:00","dateModified":"2016-03-20T13:33:39+00:00","breadcrumb":{"@id":"https:\/\/www.vita-explorers.dk\/blog\/6-januar-verdensdagen-for-krigsramte-boern\/#breadcrumb"},"inLanguage":"da-DK","potentialAction":[{"@type":"ReadAction","target":["https:\/\/www.vita-explorers.dk\/blog\/6-januar-verdensdagen-for-krigsramte-boern\/"]}]},{"@type":"ImageObject","inLanguage":"da-DK","@id":"https:\/\/www.vita-explorers.dk\/blog\/6-januar-verdensdagen-for-krigsramte-boern\/#primaryimage","url":"https:\/\/www.vita-explorers.dk\/blog\/wp-content\/uploads\/2015\/01\/orphelins_cambodge.jpg","contentUrl":"https:\/\/www.vita-explorers.dk\/blog\/wp-content\/uploads\/2015\/01\/orphelins_cambodge.jpg","width":190,"height":190,"caption":"enfants Cambodge"},{"@type":"BreadcrumbList","@id":"https:\/\/www.vita-explorers.dk\/blog\/6-januar-verdensdagen-for-krigsramte-boern\/#breadcrumb","itemListElement":[{"@type":"ListItem","position":1,"name":"Accueil","item":"https:\/\/www.vita-explorers.dk\/blog\/"},{"@type":"ListItem","position":2,"name":"6. januar \u2013 Verdensdag for krigsfor\u00e6ldrel\u00f8se"}]},{"@type":"WebSite","@id":"https:\/\/www.vita-explorers.dk\/blog\/#website","url":"https:\/\/www.vita-explorers.dk\/blog\/","name":"Association Globalong","description":"Frivilligt arbejde, sprogophold, praktik i udlandet og internationale oplevelser","publisher":{"@id":"https:\/\/www.vita-explorers.dk\/blog\/#organization"},"potentialAction":[{"@type":"SearchAction","target":{"@type":"EntryPoint","urlTemplate":"https:\/\/www.vita-explorers.dk\/blog\/?s={search_term_string}"},"query-input":{"@type":"PropertyValueSpecification","valueRequired":true,"valueName":"search_term_string"}}],"inLanguage":"da-DK"},{"@type":"Organization","@id":"https:\/\/www.vita-explorers.dk\/blog\/#organization","name":"Association Globalong","url":"https:\/\/www.vita-explorers.dk\/blog\/","logo":{"@type":"ImageObject","inLanguage":"da-DK","@id":"https:\/\/www.vita-explorers.dk\/blog\/#\/schema\/logo\/image\/","url":"https:\/\/www.globalong.com\/blog\/wp-content\/uploads\/2014\/11\/cropped-cropped-Logo-et-Afrique-Globalong-petite-taille-2.jpg","contentUrl":"https:\/\/www.globalong.com\/blog\/wp-content\/uploads\/2014\/11\/cropped-cropped-Logo-et-Afrique-Globalong-petite-taille-2.jpg","width":512,"height":512,"caption":"Association Globalong"},"image":{"@id":"https:\/\/www.vita-explorers.dk\/blog\/#\/schema\/logo\/image\/"},"sameAs":["https:\/\/www.facebook.com\/globalong"]},{"@type":"Person","@id":"https:\/\/www.vita-explorers.dk\/blog\/#\/schema\/person\/d7df267b64f23018d1dc519e78fb2735","name":"VITA Tribe","image":{"@type":"ImageObject","inLanguage":"da-DK","@id":"https:\/\/www.vita-explorers.dk\/blog\/#\/schema\/person\/image\/","url":"https:\/\/secure.gravatar.com\/avatar\/81461bcc213d0ff2bdc043d4206648f0?s=96&d=mm&r=g","contentUrl":"https:\/\/secure.gravatar.com\/avatar\/81461bcc213d0ff2bdc043d4206648f0?s=96&d=mm&r=g","caption":"VITA Tribe"},"sameAs":["https:\/\/www.globalong.com"],"url":"https:\/\/www.vita-explorers.dk\/blog\/author\/sophie\/"}]}},"_links":{"self":[{"href":"https:\/\/www.vita-explorers.dk\/blog\/wp-json\/wp\/v2\/posts\/465"}],"collection":[{"href":"https:\/\/www.vita-explorers.dk\/blog\/wp-json\/wp\/v2\/posts"}],"about":[{"href":"https:\/\/www.vita-explorers.dk\/blog\/wp-json\/wp\/v2\/types\/post"}],"author":[{"embeddable":true,"href":"https:\/\/www.vita-explorers.dk\/blog\/wp-json\/wp\/v2\/users\/1"}],"replies":[{"embeddable":true,"href":"https:\/\/www.vita-explorers.dk\/blog\/wp-json\/wp\/v2\/comments?post=465"}],"version-history":[{"count":10,"href":"https:\/\/www.vita-explorers.dk\/blog\/wp-json\/wp\/v2\/posts\/465\/revisions"}],"predecessor-version":[{"id":1585,"href":"https:\/\/www.vita-explorers.dk\/blog\/wp-json\/wp\/v2\/posts\/465\/revisions\/1585"}],"wp:featuredmedia":[{"embeddable":true,"href":"https:\/\/www.vita-explorers.dk\/blog\/wp-json\/wp\/v2\/media\/466"}],"wp:attachment":[{"href":"https:\/\/www.vita-explorers.dk\/blog\/wp-json\/wp\/v2\/media?parent=465"}],"wp:term":[{"taxonomy":"category","embeddable":true,"href":"https:\/\/www.vita-explorers.dk\/blog\/wp-json\/wp\/v2\/categories?post=465"},{"taxonomy":"post_tag","embeddable":true,"href":"https:\/\/www.vita-explorers.dk\/blog\/wp-json\/wp\/v2\/tags?post=465"}],"curies":[{"name":"wp","href":"https:\/\/api.w.org\/{rel}","templated":true}]}}