{"id":497,"date":"2015-03-02T15:13:14","date_gmt":"2015-03-02T14:13:14","guid":{"rendered":"https:\/\/www.globalong.com\/blog\/?p=497"},"modified":"2016-03-20T14:33:39","modified_gmt":"2016-03-20T13:33:39","slug":"en-verdensomspaendende-koncert-organiseret-for-at-stotte-paris-2015","status":"publish","type":"post","link":"https:\/\/www.vita-explorers.dk\/blog\/en-verdensomspaendende-koncert-organiseret-for-at-stotte-paris-2015\/","title":{"rendered":"En global koncert arrangeret for at st\u00f8tte Paris 2015"},"content":{"rendered":"<p class=\"normal\" style=\"text-align: justify;\"><img loading=\"lazy\" decoding=\"async\" class=\"alignright wp-image-498\" src=\"https:\/\/www.vita-explorers.dk\/blog\/wp-content\/uploads\/2015\/03\/Live-Earth-Alicia-Keys-300x207.jpg\" alt=\"Live Earth Alicia Keys\" width=\"400\" height=\"276\" srcset=\"https:\/\/www.vita-explorers.dk\/blog\/wp-content\/uploads\/2015\/03\/Live-Earth-Alicia-Keys-300x207.jpg 300w, https:\/\/www.vita-explorers.dk\/blog\/wp-content\/uploads\/2015\/03\/Live-Earth-Alicia-Keys.jpg 1024w, https:\/\/www.vita-explorers.dk\/blog\/wp-content\/uploads\/2015\/03\/Live-Earth-Alicia-Keys-150x103.jpg 150w\" sizes=\"(max-width: 400px) 100vw, 400px\" \/>P\u00e5 m\u00f8det i Davos annoncerede USA\u2019s tidligere vicepr\u00e6sident Al Gore, at der den 18. juni afholdes en verdensomsp\u00e6ndende koncert for at skabe opm\u00e6rksomhed om klimakonferencen, der finder sted i Paris i december 2015.<\/p>\n<p class=\"normal\" style=\"text-align: justify;\">\u201cVi kommer til at have et arrangement i hele verden \u2013 p\u00e5 alle syv kontinenter,\u201d udtalte medstifteren af NGO\u2019en Live Earth.<\/p>\n<p class=\"normal\" style=\"text-align: justify;\">Det globale arrangement, som har titlen \u201cLive Earth \u2013 Road to Paris\u201d, bliver st\u00f8ttet af FN og forventes fulgt af over 2 milliarder mennesker p\u00e5 tv\u00e6rs af forskellige medier.<\/p>\n<p class=\"normal\" style=\"text-align: justify;\">Vi kender endnu ikke navnene p\u00e5 de kunstnere, der deltager, men Pharrell Williams n\u00e6vnes i stigende grad. Med koncertens st\u00f8rrelse og betydning er der ingen tvivl om, at mange store navne vil v\u00e6re med.<br \/>\nLive Earth afholdt et lignende arrangement den 7. juli 2007. Dengang deltog flere byer \u2013 blandt andet Johannesburg, Shanghai, Tokyo, Sydney, London, Rio, Hamborg, New York og Washington \u2013 og der optr\u00e5dte, ud over Pharrell Williams, stjerner som Roger Waters (medstifter af Pink Floyd), sangerinderne Madonna og Shakira samt bands som Genesis og The Police\u2026<\/p>\n<p class=\"normal\"><span style=\"text-decoration: underline;\"><a href=\"https:\/\/m.youtube.com\/watch?v=dBUq6blxsUE\" target=\"_blank\">L\u00e6s mere<\/a><\/span> om arrangementet<\/p>\n<p class=\"normal\">Kilde: la croix.com<\/p>\n<p class=\"normal\"><span style=\"text-decoration: underline;\"><a href=\"mailto:info@globalong.com\">Kontakt os<\/a><\/span> for mere information om de internationale forl\u00f8b, vi tilbyder<\/p>\n<p class=\"normal\"><span style=\"text-decoration: underline;\"><a href=\"https:\/\/www.vita-explorers.dk\" target=\"_blank\">Bes\u00f8g vores website!<\/a><\/span><\/p>\n<p class=\"normal\"><span style=\"text-decoration: underline;\"><a href=\"https:\/\/www.flickr.com\/photos\/globalong\/albums\/\" target=\"_blank\">Se billederne<\/a> <\/span>fra deltagere, der har rejst ud med VITA<\/p>\n<p class=\"normal\">\n","protected":false},"excerpt":{"rendered":"<p>P\u00e5 m\u00f8det i Davos annoncerede USA\u2019s tidligere vicepr\u00e6sident Al Gore, at der den 18. juni afholdes en verdensomsp\u00e6ndende koncert for at skabe opm\u00e6rksomhed om\u2026<\/p>\n","protected":false},"author":1,"featured_media":498,"comment_status":"open","ping_status":"open","sticky":false,"template":"","format":"standard","meta":{"footnotes":""},"categories":[1,6,4],"tags":[109,160,161,159,162],"yoast_head":"<!-- This site is optimized with the Yoast SEO Premium plugin v23.4 (Yoast SEO v23.4) - https:\/\/yoast.com\/wordpress\/plugins\/seo\/ -->\n<title>En global koncert arrangeret for at st\u00f8tte Paris 2015 - VITA Explorers Blog<\/title>\n<meta name=\"robots\" content=\"index, follow, max-snippet:-1, max-image-preview:large, max-video-preview:-1\" \/>\n<link rel=\"canonical\" href=\"https:\/\/www.vita-explorers.dk\/blog\/en-verdensomspaendende-koncert-organiseret-for-at-stotte-paris-2015\/\" \/>\n<meta property=\"og:locale\" content=\"da_DK\" \/>\n<meta property=\"og:type\" content=\"article\" \/>\n<meta property=\"og:title\" content=\"En global koncert arrangeret for at st\u00f8tte Paris 2015\" \/>\n<meta property=\"og:description\" content=\"P\u00e5 m\u00f8det i Davos annoncerede USA\u2019s tidligere vicepr\u00e6sident Al Gore, at der den 18. juni afholdes en verdensomsp\u00e6ndende koncert for at skabe opm\u00e6rksomhed om\u2026\" \/>\n<meta property=\"og:url\" content=\"https:\/\/www.vita-explorers.dk\/blog\/en-verdensomspaendende-koncert-organiseret-for-at-stotte-paris-2015\/\" \/>\n<meta property=\"og:site_name\" content=\"VITA Explorers Blog\" \/>\n<meta property=\"article:publisher\" content=\"https:\/\/www.facebook.com\/globalong\" \/>\n<meta property=\"article:published_time\" content=\"2015-03-02T14:13:14+00:00\" \/>\n<meta property=\"article:modified_time\" content=\"2016-03-20T13:33:39+00:00\" \/>\n<meta property=\"og:image\" content=\"https:\/\/www.vita-explorers.dk\/blog\/wp-content\/uploads\/2015\/03\/Live-Earth-Alicia-Keys.jpg\" \/>\n\t<meta property=\"og:image:width\" content=\"1024\" \/>\n\t<meta property=\"og:image:height\" content=\"706\" \/>\n\t<meta property=\"og:image:type\" content=\"image\/jpeg\" \/>\n<meta name=\"author\" content=\"VITA Tribe\" \/>\n<meta name=\"twitter:card\" content=\"summary_large_image\" \/>\n<meta name=\"twitter:label1\" content=\"Skrevet af\" \/>\n\t<meta name=\"twitter:data1\" content=\"VITA Tribe\" \/>\n\t<meta name=\"twitter:label2\" content=\"Estimeret l\u00e6setid\" \/>\n\t<meta name=\"twitter:data2\" content=\"1 minut\" \/>\n<script type=\"application\/ld+json\" class=\"yoast-schema-graph\">{\"@context\":\"https:\/\/schema.org\",\"@graph\":[{\"@type\":\"Article\",\"@id\":\"https:\/\/www.vita-explorers.dk\/blog\/en-verdensomspaendende-koncert-organiseret-for-at-stotte-paris-2015\/#article\",\"isPartOf\":{\"@id\":\"https:\/\/www.vita-explorers.dk\/blog\/en-verdensomspaendende-koncert-organiseret-for-at-stotte-paris-2015\/\"},\"author\":{\"name\":\"VITA Tribe\",\"@id\":\"https:\/\/www.vita-explorers.dk\/blog\/#\/schema\/person\/d7df267b64f23018d1dc519e78fb2735\"},\"headline\":\"En global koncert arrangeret for at st\u00f8tte Paris 2015\",\"datePublished\":\"2015-03-02T14:13:14+00:00\",\"dateModified\":\"2016-03-20T13:33:39+00:00\",\"mainEntityOfPage\":{\"@id\":\"https:\/\/www.vita-explorers.dk\/blog\/en-verdensomspaendende-koncert-organiseret-for-at-stotte-paris-2015\/\"},\"wordCount\":219,\"commentCount\":0,\"publisher\":{\"@id\":\"https:\/\/www.vita-explorers.dk\/blog\/#organization\"},\"image\":{\"@id\":\"https:\/\/www.vita-explorers.dk\/blog\/en-verdensomspaendende-koncert-organiseret-for-at-stotte-paris-2015\/#primaryimage\"},\"thumbnailUrl\":\"https:\/\/www.vita-explorers.dk\/blog\/wp-content\/uploads\/2015\/03\/Live-Earth-Alicia-Keys.jpg\",\"keywords\":[\"climat\",\"concert\",\"conf\u00e9rence sur le climat\",\"Live Earth\",\"Paris 2015\"],\"articleSection\":[\"No Name\",\"Nyheder\",\"VITA Explorers\"],\"inLanguage\":\"da-DK\",\"potentialAction\":[{\"@type\":\"CommentAction\",\"name\":\"Comment\",\"target\":[\"https:\/\/www.vita-explorers.dk\/blog\/en-verdensomspaendende-koncert-organiseret-for-at-stotte-paris-2015\/#respond\"]}]},{\"@type\":\"WebPage\",\"@id\":\"https:\/\/www.vita-explorers.dk\/blog\/en-verdensomspaendende-koncert-organiseret-for-at-stotte-paris-2015\/\",\"url\":\"https:\/\/www.vita-explorers.dk\/blog\/en-verdensomspaendende-koncert-organiseret-for-at-stotte-paris-2015\/\",\"name\":\"En global koncert arrangeret for at st\u00f8tte Paris 2015 - VITA Explorers Blog\",\"isPartOf\":{\"@id\":\"https:\/\/www.vita-explorers.dk\/blog\/#website\"},\"primaryImageOfPage\":{\"@id\":\"https:\/\/www.vita-explorers.dk\/blog\/en-verdensomspaendende-koncert-organiseret-for-at-stotte-paris-2015\/#primaryimage\"},\"image\":{\"@id\":\"https:\/\/www.vita-explorers.dk\/blog\/en-verdensomspaendende-koncert-organiseret-for-at-stotte-paris-2015\/#primaryimage\"},\"thumbnailUrl\":\"https:\/\/www.vita-explorers.dk\/blog\/wp-content\/uploads\/2015\/03\/Live-Earth-Alicia-Keys.jpg\",\"datePublished\":\"2015-03-02T14:13:14+00:00\",\"dateModified\":\"2016-03-20T13:33:39+00:00\",\"breadcrumb\":{\"@id\":\"https:\/\/www.vita-explorers.dk\/blog\/en-verdensomspaendende-koncert-organiseret-for-at-stotte-paris-2015\/#breadcrumb\"},\"inLanguage\":\"da-DK\",\"potentialAction\":[{\"@type\":\"ReadAction\",\"target\":[\"https:\/\/www.vita-explorers.dk\/blog\/en-verdensomspaendende-koncert-organiseret-for-at-stotte-paris-2015\/\"]}]},{\"@type\":\"ImageObject\",\"inLanguage\":\"da-DK\",\"@id\":\"https:\/\/www.vita-explorers.dk\/blog\/en-verdensomspaendende-koncert-organiseret-for-at-stotte-paris-2015\/#primaryimage\",\"url\":\"https:\/\/www.vita-explorers.dk\/blog\/wp-content\/uploads\/2015\/03\/Live-Earth-Alicia-Keys.jpg\",\"contentUrl\":\"https:\/\/www.vita-explorers.dk\/blog\/wp-content\/uploads\/2015\/03\/Live-Earth-Alicia-Keys.jpg\",\"width\":1024,\"height\":706},{\"@type\":\"BreadcrumbList\",\"@id\":\"https:\/\/www.vita-explorers.dk\/blog\/en-verdensomspaendende-koncert-organiseret-for-at-stotte-paris-2015\/#breadcrumb\",\"itemListElement\":[{\"@type\":\"ListItem\",\"position\":1,\"name\":\"Accueil\",\"item\":\"https:\/\/www.vita-explorers.dk\/blog\/\"},{\"@type\":\"ListItem\",\"position\":2,\"name\":\"En global koncert arrangeret for at st\u00f8tte Paris 2015\"}]},{\"@type\":\"WebSite\",\"@id\":\"https:\/\/www.vita-explorers.dk\/blog\/#website\",\"url\":\"https:\/\/www.vita-explorers.dk\/blog\/\",\"name\":\"Association Globalong\",\"description\":\"Frivilligt arbejde, sprogophold, praktik i udlandet og internationale oplevelser\",\"publisher\":{\"@id\":\"https:\/\/www.vita-explorers.dk\/blog\/#organization\"},\"potentialAction\":[{\"@type\":\"SearchAction\",\"target\":{\"@type\":\"EntryPoint\",\"urlTemplate\":\"https:\/\/www.vita-explorers.dk\/blog\/?s={search_term_string}\"},\"query-input\":{\"@type\":\"PropertyValueSpecification\",\"valueRequired\":true,\"valueName\":\"search_term_string\"}}],\"inLanguage\":\"da-DK\"},{\"@type\":\"Organization\",\"@id\":\"https:\/\/www.vita-explorers.dk\/blog\/#organization\",\"name\":\"Association Globalong\",\"url\":\"https:\/\/www.vita-explorers.dk\/blog\/\",\"logo\":{\"@type\":\"ImageObject\",\"inLanguage\":\"da-DK\",\"@id\":\"https:\/\/www.vita-explorers.dk\/blog\/#\/schema\/logo\/image\/\",\"url\":\"https:\/\/www.globalong.com\/blog\/wp-content\/uploads\/2014\/11\/cropped-cropped-Logo-et-Afrique-Globalong-petite-taille-2.jpg\",\"contentUrl\":\"https:\/\/www.globalong.com\/blog\/wp-content\/uploads\/2014\/11\/cropped-cropped-Logo-et-Afrique-Globalong-petite-taille-2.jpg\",\"width\":512,\"height\":512,\"caption\":\"Association Globalong\"},\"image\":{\"@id\":\"https:\/\/www.vita-explorers.dk\/blog\/#\/schema\/logo\/image\/\"},\"sameAs\":[\"https:\/\/www.facebook.com\/globalong\"]},{\"@type\":\"Person\",\"@id\":\"https:\/\/www.vita-explorers.dk\/blog\/#\/schema\/person\/d7df267b64f23018d1dc519e78fb2735\",\"name\":\"VITA Tribe\",\"image\":{\"@type\":\"ImageObject\",\"inLanguage\":\"da-DK\",\"@id\":\"https:\/\/www.vita-explorers.dk\/blog\/#\/schema\/person\/image\/\",\"url\":\"https:\/\/secure.gravatar.com\/avatar\/81461bcc213d0ff2bdc043d4206648f0?s=96&d=mm&r=g\",\"contentUrl\":\"https:\/\/secure.gravatar.com\/avatar\/81461bcc213d0ff2bdc043d4206648f0?s=96&d=mm&r=g\",\"caption\":\"VITA Tribe\"},\"sameAs\":[\"https:\/\/www.globalong.com\"],\"url\":\"https:\/\/www.vita-explorers.dk\/blog\/author\/sophie\/\"}]}<\/script>\n<!-- \/ Yoast SEO Premium plugin. -->","yoast_head_json":{"title":"En global koncert arrangeret for at st\u00f8tte Paris 2015 - VITA Explorers Blog","robots":{"index":"index","follow":"follow","max-snippet":"max-snippet:-1","max-image-preview":"max-image-preview:large","max-video-preview":"max-video-preview:-1"},"canonical":"https:\/\/www.vita-explorers.dk\/blog\/en-verdensomspaendende-koncert-organiseret-for-at-stotte-paris-2015\/","og_locale":"da_DK","og_type":"article","og_title":"En global koncert arrangeret for at st\u00f8tte Paris 2015","og_description":"P\u00e5 m\u00f8det i Davos annoncerede USA\u2019s tidligere vicepr\u00e6sident Al Gore, at der den 18. juni afholdes en verdensomsp\u00e6ndende koncert for at skabe opm\u00e6rksomhed om\u2026","og_url":"https:\/\/www.vita-explorers.dk\/blog\/en-verdensomspaendende-koncert-organiseret-for-at-stotte-paris-2015\/","og_site_name":"VITA Explorers Blog","article_publisher":"https:\/\/www.facebook.com\/globalong","article_published_time":"2015-03-02T14:13:14+00:00","article_modified_time":"2016-03-20T13:33:39+00:00","og_image":[{"width":1024,"height":706,"url":"https:\/\/www.vita-explorers.dk\/blog\/wp-content\/uploads\/2015\/03\/Live-Earth-Alicia-Keys.jpg","type":"image\/jpeg"}],"author":"VITA Tribe","twitter_card":"summary_large_image","twitter_misc":{"Skrevet af":"VITA Tribe","Estimeret l\u00e6setid":"1 minut"},"schema":{"@context":"https:\/\/schema.org","@graph":[{"@type":"Article","@id":"https:\/\/www.vita-explorers.dk\/blog\/en-verdensomspaendende-koncert-organiseret-for-at-stotte-paris-2015\/#article","isPartOf":{"@id":"https:\/\/www.vita-explorers.dk\/blog\/en-verdensomspaendende-koncert-organiseret-for-at-stotte-paris-2015\/"},"author":{"name":"VITA Tribe","@id":"https:\/\/www.vita-explorers.dk\/blog\/#\/schema\/person\/d7df267b64f23018d1dc519e78fb2735"},"headline":"En global koncert arrangeret for at st\u00f8tte Paris 2015","datePublished":"2015-03-02T14:13:14+00:00","dateModified":"2016-03-20T13:33:39+00:00","mainEntityOfPage":{"@id":"https:\/\/www.vita-explorers.dk\/blog\/en-verdensomspaendende-koncert-organiseret-for-at-stotte-paris-2015\/"},"wordCount":219,"commentCount":0,"publisher":{"@id":"https:\/\/www.vita-explorers.dk\/blog\/#organization"},"image":{"@id":"https:\/\/www.vita-explorers.dk\/blog\/en-verdensomspaendende-koncert-organiseret-for-at-stotte-paris-2015\/#primaryimage"},"thumbnailUrl":"https:\/\/www.vita-explorers.dk\/blog\/wp-content\/uploads\/2015\/03\/Live-Earth-Alicia-Keys.jpg","keywords":["climat","concert","conf\u00e9rence sur le climat","Live Earth","Paris 2015"],"articleSection":["No Name","Nyheder","VITA Explorers"],"inLanguage":"da-DK","potentialAction":[{"@type":"CommentAction","name":"Comment","target":["https:\/\/www.vita-explorers.dk\/blog\/en-verdensomspaendende-koncert-organiseret-for-at-stotte-paris-2015\/#respond"]}]},{"@type":"WebPage","@id":"https:\/\/www.vita-explorers.dk\/blog\/en-verdensomspaendende-koncert-organiseret-for-at-stotte-paris-2015\/","url":"https:\/\/www.vita-explorers.dk\/blog\/en-verdensomspaendende-koncert-organiseret-for-at-stotte-paris-2015\/","name":"En global koncert arrangeret for at st\u00f8tte Paris 2015 - VITA Explorers Blog","isPartOf":{"@id":"https:\/\/www.vita-explorers.dk\/blog\/#website"},"primaryImageOfPage":{"@id":"https:\/\/www.vita-explorers.dk\/blog\/en-verdensomspaendende-koncert-organiseret-for-at-stotte-paris-2015\/#primaryimage"},"image":{"@id":"https:\/\/www.vita-explorers.dk\/blog\/en-verdensomspaendende-koncert-organiseret-for-at-stotte-paris-2015\/#primaryimage"},"thumbnailUrl":"https:\/\/www.vita-explorers.dk\/blog\/wp-content\/uploads\/2015\/03\/Live-Earth-Alicia-Keys.jpg","datePublished":"2015-03-02T14:13:14+00:00","dateModified":"2016-03-20T13:33:39+00:00","breadcrumb":{"@id":"https:\/\/www.vita-explorers.dk\/blog\/en-verdensomspaendende-koncert-organiseret-for-at-stotte-paris-2015\/#breadcrumb"},"inLanguage":"da-DK","potentialAction":[{"@type":"ReadAction","target":["https:\/\/www.vita-explorers.dk\/blog\/en-verdensomspaendende-koncert-organiseret-for-at-stotte-paris-2015\/"]}]},{"@type":"ImageObject","inLanguage":"da-DK","@id":"https:\/\/www.vita-explorers.dk\/blog\/en-verdensomspaendende-koncert-organiseret-for-at-stotte-paris-2015\/#primaryimage","url":"https:\/\/www.vita-explorers.dk\/blog\/wp-content\/uploads\/2015\/03\/Live-Earth-Alicia-Keys.jpg","contentUrl":"https:\/\/www.vita-explorers.dk\/blog\/wp-content\/uploads\/2015\/03\/Live-Earth-Alicia-Keys.jpg","width":1024,"height":706},{"@type":"BreadcrumbList","@id":"https:\/\/www.vita-explorers.dk\/blog\/en-verdensomspaendende-koncert-organiseret-for-at-stotte-paris-2015\/#breadcrumb","itemListElement":[{"@type":"ListItem","position":1,"name":"Accueil","item":"https:\/\/www.vita-explorers.dk\/blog\/"},{"@type":"ListItem","position":2,"name":"En global koncert arrangeret for at st\u00f8tte Paris 2015"}]},{"@type":"WebSite","@id":"https:\/\/www.vita-explorers.dk\/blog\/#website","url":"https:\/\/www.vita-explorers.dk\/blog\/","name":"Association Globalong","description":"Frivilligt arbejde, sprogophold, praktik i udlandet og internationale oplevelser","publisher":{"@id":"https:\/\/www.vita-explorers.dk\/blog\/#organization"},"potentialAction":[{"@type":"SearchAction","target":{"@type":"EntryPoint","urlTemplate":"https:\/\/www.vita-explorers.dk\/blog\/?s={search_term_string}"},"query-input":{"@type":"PropertyValueSpecification","valueRequired":true,"valueName":"search_term_string"}}],"inLanguage":"da-DK"},{"@type":"Organization","@id":"https:\/\/www.vita-explorers.dk\/blog\/#organization","name":"Association Globalong","url":"https:\/\/www.vita-explorers.dk\/blog\/","logo":{"@type":"ImageObject","inLanguage":"da-DK","@id":"https:\/\/www.vita-explorers.dk\/blog\/#\/schema\/logo\/image\/","url":"https:\/\/www.globalong.com\/blog\/wp-content\/uploads\/2014\/11\/cropped-cropped-Logo-et-Afrique-Globalong-petite-taille-2.jpg","contentUrl":"https:\/\/www.globalong.com\/blog\/wp-content\/uploads\/2014\/11\/cropped-cropped-Logo-et-Afrique-Globalong-petite-taille-2.jpg","width":512,"height":512,"caption":"Association Globalong"},"image":{"@id":"https:\/\/www.vita-explorers.dk\/blog\/#\/schema\/logo\/image\/"},"sameAs":["https:\/\/www.facebook.com\/globalong"]},{"@type":"Person","@id":"https:\/\/www.vita-explorers.dk\/blog\/#\/schema\/person\/d7df267b64f23018d1dc519e78fb2735","name":"VITA Tribe","image":{"@type":"ImageObject","inLanguage":"da-DK","@id":"https:\/\/www.vita-explorers.dk\/blog\/#\/schema\/person\/image\/","url":"https:\/\/secure.gravatar.com\/avatar\/81461bcc213d0ff2bdc043d4206648f0?s=96&d=mm&r=g","contentUrl":"https:\/\/secure.gravatar.com\/avatar\/81461bcc213d0ff2bdc043d4206648f0?s=96&d=mm&r=g","caption":"VITA Tribe"},"sameAs":["https:\/\/www.globalong.com"],"url":"https:\/\/www.vita-explorers.dk\/blog\/author\/sophie\/"}]}},"_links":{"self":[{"href":"https:\/\/www.vita-explorers.dk\/blog\/wp-json\/wp\/v2\/posts\/497"}],"collection":[{"href":"https:\/\/www.vita-explorers.dk\/blog\/wp-json\/wp\/v2\/posts"}],"about":[{"href":"https:\/\/www.vita-explorers.dk\/blog\/wp-json\/wp\/v2\/types\/post"}],"author":[{"embeddable":true,"href":"https:\/\/www.vita-explorers.dk\/blog\/wp-json\/wp\/v2\/users\/1"}],"replies":[{"embeddable":true,"href":"https:\/\/www.vita-explorers.dk\/blog\/wp-json\/wp\/v2\/comments?post=497"}],"version-history":[{"count":6,"href":"https:\/\/www.vita-explorers.dk\/blog\/wp-json\/wp\/v2\/posts\/497\/revisions"}],"predecessor-version":[{"id":1522,"href":"https:\/\/www.vita-explorers.dk\/blog\/wp-json\/wp\/v2\/posts\/497\/revisions\/1522"}],"wp:featuredmedia":[{"embeddable":true,"href":"https:\/\/www.vita-explorers.dk\/blog\/wp-json\/wp\/v2\/media\/498"}],"wp:attachment":[{"href":"https:\/\/www.vita-explorers.dk\/blog\/wp-json\/wp\/v2\/media?parent=497"}],"wp:term":[{"taxonomy":"category","embeddable":true,"href":"https:\/\/www.vita-explorers.dk\/blog\/wp-json\/wp\/v2\/categories?post=497"},{"taxonomy":"post_tag","embeddable":true,"href":"https:\/\/www.vita-explorers.dk\/blog\/wp-json\/wp\/v2\/tags?post=497"}],"curies":[{"name":"wp","href":"https:\/\/api.w.org\/{rel}","templated":true}]}}