{"id":5385,"date":"2016-08-19T08:40:23","date_gmt":"2016-08-19T06:40:23","guid":{"rendered":"https:\/\/www.globalong.com\/blog\/?p=5385"},"modified":"2022-03-14T20:02:06","modified_gmt":"2022-03-14T19:02:06","slug":"humanitaert-forloeb-vita-institute-verdensdag-solidaritet-frivilligt-arbejde-i-udlandet-internationalt-ophold","status":"publish","type":"post","link":"https:\/\/www.vita-explorers.dk\/blog\/humanitaert-forloeb-vita-institute-verdensdag-solidaritet-frivilligt-arbejde-i-udlandet-internationalt-ophold\/","title":{"rendered":"Verdensdagen for humanit\u00e6r hj\u00e6lp 2016"},"content":{"rendered":"<p class=\"p1\" style=\"text-align: center;\"><strong><span style=\"color: #b81657;\">Den 19. august er en international m\u00e6rkedag, hvor vi siger tak til alle dem, der engagerer sig og rejser ud for at st\u00f8tte mennesker i s\u00e5rbare situationer verden over. Frivilligt arbejde er solidaritet i praksis \u2013 handlinger frem for ord \u2013 og ofte b\u00e5ret af et \u00e6gte \u00f8nske om at g\u00f8re en forskel.<\/span><\/strong><\/p>\n<p class=\"p1\" style=\"text-align: justify;\"><a href=\"https:\/\/www.vita-explorers.dk\/blog\/wp-content\/uploads\/2016\/07\/Enseignement-aux-moines-bouddhistes-Sri-Lanka-Globalong.jpg\" rel=\"attachment wp-att-5024\"><img loading=\"lazy\" decoding=\"async\" class=\"wp-image-5024 size-medium aligncenter\" src=\"https:\/\/www.vita-explorers.dk\/blog\/wp-content\/uploads\/2016\/07\/Enseignement-aux-moines-bouddhistes-Sri-Lanka-Globalong-300x225.jpg\" alt=\"Mission de b\u00e9n\u00e9volat au Sri Lanka Globalong\" width=\"300\" height=\"225\" srcset=\"https:\/\/www.vita-explorers.dk\/blog\/wp-content\/uploads\/2016\/07\/Enseignement-aux-moines-bouddhistes-Sri-Lanka-Globalong-300x225.jpg 300w, https:\/\/www.vita-explorers.dk\/blog\/wp-content\/uploads\/2016\/07\/Enseignement-aux-moines-bouddhistes-Sri-Lanka-Globalong-768x576.jpg 768w, https:\/\/www.vita-explorers.dk\/blog\/wp-content\/uploads\/2016\/07\/Enseignement-aux-moines-bouddhistes-Sri-Lanka-Globalong-1024x768.jpg 1024w, https:\/\/www.vita-explorers.dk\/blog\/wp-content\/uploads\/2016\/07\/Enseignement-aux-moines-bouddhistes-Sri-Lanka-Globalong-150x113.jpg 150w, https:\/\/www.vita-explorers.dk\/blog\/wp-content\/uploads\/2016\/07\/Enseignement-aux-moines-bouddhistes-Sri-Lanka-Globalong.jpg 1280w\" sizes=\"(max-width: 300px) 100vw, 300px\" \/><\/a><br \/>\n<a href=\"https:\/\/www.vita-explorers.dk\/blog\/milj\u00f8frivillig-internationalt-ophold-for-b\u00f8rn-og-lokalsamfund-kultur-vita-information\/\" target=\"_blank\" rel=\"noopener\">Frivilligt arbejde<\/a> handler ogs\u00e5 om den f\u00e6lles motivation, der binder os sammen \u2013 og som minder os om, at vi ikke kun er enkeltpersoner, men en del af et f\u00e6llesskab p\u00e5 tv\u00e6rs af gr\u00e6nser.<\/p>\n<p class=\"p1\" style=\"text-align: justify;\">P\u00e5 et <a href=\"https:\/\/www.vita-explorers.dk\/frivilligt-arbejde\/inde-nord-delhi-jaipur.html\" target=\"_blank\" rel=\"noopener\">frivilligophold i Indien<\/a>, i <a href=\"https:\/\/www.vita-explorers.dk\/frivilligt-arbejde\/frivilligt-arbejde-kenya.html\" target=\"_blank\" rel=\"noopener\">Kenya <\/a>eller i <a href=\"https:\/\/www.vita-explorers.dk\/frivilligt-arbejde\/argentina-frivilligt-arbejde.html\" target=\"_blank\" rel=\"noopener\">Argentina<\/a> lever deltagerne ofte i t\u00e6t kontakt med hverdagslivet i lokalomr\u00e5det.<\/p>\n<p class=\"p1\" style=\"text-align: justify;\"><strong>De engagerer sig som deltagere<\/strong> p\u00e5 en skole, i et b\u00f8rnecenter, i et dyrecenter eller hos mange forskellige lokale organisationer.<\/p>\n<p class=\"p1\" style=\"text-align: justify;\"><a href=\"https:\/\/www.vita-explorers.dk\/blog\/wp-content\/uploads\/2016\/08\/photo-du-Centre-5.jpg\" rel=\"attachment wp-att-5387\"><img loading=\"lazy\" decoding=\"async\" class=\"wp-image-5387 size-medium aligncenter\" src=\"https:\/\/www.vita-explorers.dk\/blog\/wp-content\/uploads\/2016\/08\/photo-du-Centre-5-300x200.jpg\" alt=\"Globalong b\u00e9n\u00e9vole \u00e0 Madagascar\" width=\"300\" height=\"200\" srcset=\"https:\/\/www.vita-explorers.dk\/blog\/wp-content\/uploads\/2016\/08\/photo-du-Centre-5-300x200.jpg 300w, https:\/\/www.vita-explorers.dk\/blog\/wp-content\/uploads\/2016\/08\/photo-du-Centre-5-768x512.jpg 768w, https:\/\/www.vita-explorers.dk\/blog\/wp-content\/uploads\/2016\/08\/photo-du-Centre-5-1024x683.jpg 1024w, https:\/\/www.vita-explorers.dk\/blog\/wp-content\/uploads\/2016\/08\/photo-du-Centre-5-150x100.jpg 150w\" sizes=\"(max-width: 300px) 100vw, 300px\" \/><\/a>Hver dag tager mange mennesker beslutningen om at tage p\u00e5 <strong>internationalt frivilligt arbejde i Asien, Afrika, Nord- og Sydamerika eller Oceanien<\/strong> \u2013 som en meningsfuld pause, hvor de bidrager, l\u00e6rer nyt og f\u00e5r et klarere blik p\u00e5 sig selv. At rejse ud kan ogs\u00e5 v\u00e6re at blive klogere og udfordre sine egne vaner og perspektiver.<\/p>\n<p class=\"p1\" style=\"text-align: justify;\"><a href=\"https:\/\/www.vita-explorers.dk\/blog\/de-problemer-ved-humanitaert-frivilligt-arbejde-i-udlandet-svindel-serios-anmeldelser-vita\/\" target=\"_blank\" rel=\"noopener\">Et ansvarligt ophold<\/a> kan give ny forst\u00e5else for verden omkring os \u2013 og bygger p\u00e5 <strong>m\u00f8det og udvekslingen mellem mennesker i v\u00e6rtslandet og deltagerne.<\/strong><\/p>\n<p class=\"p1\" style=\"text-align: justify;\"><a href=\"https:\/\/www.vita-explorers.dk\/blog\/wp-content\/uploads\/2016\/08\/Queensland-Protection-de-lenvironnement.jpg\" rel=\"attachment wp-att-5389\"><img loading=\"lazy\" decoding=\"async\" class=\"wp-image-5389 size-medium aligncenter\" src=\"https:\/\/www.vita-explorers.dk\/blog\/wp-content\/uploads\/2016\/08\/Queensland-Protection-de-lenvironnement-300x225.jpg\" alt=\"Globalong Queensland Protection de l'environnement\" width=\"300\" height=\"225\" srcset=\"https:\/\/www.vita-explorers.dk\/blog\/wp-content\/uploads\/2016\/08\/Queensland-Protection-de-lenvironnement-300x225.jpg 300w, https:\/\/www.vita-explorers.dk\/blog\/wp-content\/uploads\/2016\/08\/Queensland-Protection-de-lenvironnement-768x576.jpg 768w, https:\/\/www.vita-explorers.dk\/blog\/wp-content\/uploads\/2016\/08\/Queensland-Protection-de-lenvironnement-150x113.jpg 150w, https:\/\/www.vita-explorers.dk\/blog\/wp-content\/uploads\/2016\/08\/Queensland-Protection-de-lenvironnement.jpg 960w\" sizes=\"(max-width: 300px) 100vw, 300px\" \/><\/a><strong>Frivilligt arbejde er en gener\u00f8s indsats,<\/strong> der kan st\u00f8tte kvinder, b\u00f8rn og m\u00e6nd mange steder i verden.<span style=\"line-height: 1.5;\">Det er et <strong>globalt engagement<\/strong> for mennesker, der er ramt af fattigdom, underern\u00e6ring, sygdom, manglende adgang til uddannelse og andre udfordringer, som h\u00e6nger sammen med udvikling og levevilk\u00e5r.<\/span><\/p>\n<p class=\"p1\" style=\"text-align: justify;\">Selvom <strong>tusindvis af deltagere<\/strong> rejser ud hver dag for at st\u00f8tte mennesker i udsatte situationer, er der fortsat store behov og meget arbejde, der skal l\u00f8ftes.<\/p>\n<p class=\"p1\" style=\"text-align: justify;\"><a href=\"https:\/\/www.vita-explorers.dk\/blog\/wp-content\/uploads\/2016\/08\/13669294_1076698225754354_2021740314710392335_o.jpg\" rel=\"attachment wp-att-5391\"><img loading=\"lazy\" decoding=\"async\" class=\"wp-image-5391 size-medium aligncenter\" src=\"https:\/\/www.vita-explorers.dk\/blog\/wp-content\/uploads\/2016\/08\/13669294_1076698225754354_2021740314710392335_o-300x225.jpg\" alt=\"Mission humanitaire Globalong Asie\" width=\"300\" height=\"225\" srcset=\"https:\/\/www.vita-explorers.dk\/blog\/wp-content\/uploads\/2016\/08\/13669294_1076698225754354_2021740314710392335_o-300x225.jpg 300w, https:\/\/www.vita-explorers.dk\/blog\/wp-content\/uploads\/2016\/08\/13669294_1076698225754354_2021740314710392335_o-768x576.jpg 768w, https:\/\/www.vita-explorers.dk\/blog\/wp-content\/uploads\/2016\/08\/13669294_1076698225754354_2021740314710392335_o-1024x768.jpg 1024w, https:\/\/www.vita-explorers.dk\/blog\/wp-content\/uploads\/2016\/08\/13669294_1076698225754354_2021740314710392335_o-150x113.jpg 150w, https:\/\/www.vita-explorers.dk\/blog\/wp-content\/uploads\/2016\/08\/13669294_1076698225754354_2021740314710392335_o.jpg 2048w\" sizes=\"(max-width: 300px) 100vw, 300px\" \/><\/a><strong>Deltagernes indsats<\/strong> er derfor ofte <strong>helt afg\u00f8rende.<\/strong> Sm\u00e5 ting som at organisere et klasselokale eller hj\u00e6lpe med at forberede m\u00e5ltider kan g\u00f8re en konkret forskel i hverdagen.<\/p>\n<p class=\"p1\" style=\"text-align: justify;\">Mange organisationer i lande med begr\u00e6nsede ressourcer har ikke \u00f8konomi til at ans\u00e6tte tilstr\u00e6kkeligt personale, og deltagerne bidrager derfor b\u00e5de med praktisk hj\u00e6lp og med st\u00f8tte, der kan m\u00e6rkes.<\/p>\n<p class=\"p1\" style=\"text-align: justify;\">VITA vil gerne sige tak til alle de mange deltagere, som engagerer sig og rejser ud i verden for at st\u00f8tte mennesker, dyr eller milj\u00f8et.<\/p>\n<p class=\"p1\" style=\"text-align: justify;\"><strong>En stor tak til vores VITA Explorers \u2013 og til alle andre, der hver dag indg\u00e5r i lokalsamfund og g\u00f8r en indsats for en mere b\u00e6redygtig og retf\u00e6rdig fremtid.<\/strong><\/p>\n<p class=\"p1\" style=\"text-align: justify;\"><strong>For mere information er du velkommen til at kontakte os p\u00e5<\/strong> <span style=\"text-decoration: underline;\"><span style=\"color: #b81657;\"><a style=\"color: #b81657; text-decoration: underline;\" href=\"mailto:info@globalong.com\">info@globalong.com<\/a><\/span><\/span><\/p>\n<p class=\"p1\" style=\"text-align: justify;\"><strong>Se alle vores frivilligforl\u00f8b<\/strong> <span style=\"text-decoration: underline;\"><span style=\"color: #b81657;\"><a style=\"color: #b81657; text-decoration: underline;\" href=\"https:\/\/www.vita-explorers.dk\" target=\"_blank\" rel=\"noopener\">her<\/a><\/span><\/span> !<\/p>\n<p class=\"p1\" style=\"text-align: justify;\"><strong>Endnu flere fotos<\/strong>, <span style=\"text-decoration: underline;\"><span style=\"color: #b81657; text-decoration: underline;\"><a style=\"color: #b81657; text-decoration: underline;\" href=\"https:\/\/www.flickr.com\/photos\/globalong\/albums\" target=\"_blank\" rel=\"noopener\">finder du her<\/a> <\/span><\/span>?<\/p>\n","protected":false},"excerpt":{"rendered":"<p>Den 19. august er en international m\u00e6rkedag, hvor vi siger tak til alle dem, der engagerer sig og rejser ud for at st\u00f8tte mennesker\u2026<\/p>\n","protected":false},"author":1,"featured_media":14155,"comment_status":"open","ping_status":"open","sticky":false,"template":"","format":"standard","meta":{"footnotes":""},"categories":[13,191,12,8,1,6,3,4],"tags":[277,51,370,365,91,367,369,38,55,185,149,364,190,368,366,371,327,325,15],"yoast_head":"<!-- This site is optimized with the Yoast SEO Premium plugin v23.4 (Yoast SEO v23.4) - https:\/\/yoast.com\/wordpress\/plugins\/seo\/ -->\n<title>Verdensdagen for humanit\u00e6r hj\u00e6lp 2016 - VITA Explorers Blog<\/title>\n<meta name=\"robots\" content=\"index, follow, max-snippet:-1, max-image-preview:large, max-video-preview:-1\" \/>\n<link rel=\"canonical\" href=\"https:\/\/www.vita-explorers.dk\/blog\/humanitaert-forloeb-vita-institute-verdensdag-solidaritet-frivilligt-arbejde-i-udlandet-internationalt-ophold\/\" \/>\n<meta property=\"og:locale\" content=\"da_DK\" \/>\n<meta property=\"og:type\" content=\"article\" \/>\n<meta property=\"og:title\" content=\"Verdensdagen for humanit\u00e6r hj\u00e6lp 2016\" \/>\n<meta property=\"og:description\" content=\"Den 19. august er en international m\u00e6rkedag, hvor vi siger tak til alle dem, der engagerer sig og rejser ud for at st\u00f8tte mennesker\u2026\" \/>\n<meta property=\"og:url\" content=\"https:\/\/www.vita-explorers.dk\/blog\/humanitaert-forloeb-vita-institute-verdensdag-solidaritet-frivilligt-arbejde-i-udlandet-internationalt-ophold\/\" \/>\n<meta property=\"og:site_name\" content=\"VITA Explorers Blog\" \/>\n<meta property=\"article:publisher\" content=\"https:\/\/www.facebook.com\/globalong\" \/>\n<meta property=\"article:published_time\" content=\"2016-08-19T06:40:23+00:00\" \/>\n<meta property=\"article:modified_time\" content=\"2022-03-14T19:02:06+00:00\" \/>\n<meta property=\"og:image\" content=\"https:\/\/www.vita-explorers.dk\/blog\/wp-content\/uploads\/2022\/03\/turista-en-la-selva.jpg\" \/>\n\t<meta property=\"og:image:width\" content=\"600\" \/>\n\t<meta property=\"og:image:height\" content=\"400\" \/>\n\t<meta property=\"og:image:type\" content=\"image\/jpeg\" \/>\n<meta name=\"author\" content=\"VITA Tribe\" \/>\n<meta name=\"twitter:card\" content=\"summary_large_image\" \/>\n<meta name=\"twitter:label1\" content=\"Skrevet af\" \/>\n\t<meta name=\"twitter:data1\" content=\"VITA Tribe\" \/>\n\t<meta name=\"twitter:label2\" content=\"Estimeret l\u00e6setid\" \/>\n\t<meta name=\"twitter:data2\" content=\"2 minutter\" \/>\n<script type=\"application\/ld+json\" class=\"yoast-schema-graph\">{\"@context\":\"https:\/\/schema.org\",\"@graph\":[{\"@type\":\"Article\",\"@id\":\"https:\/\/www.vita-explorers.dk\/blog\/humanitaert-forloeb-vita-institute-verdensdag-solidaritet-frivilligt-arbejde-i-udlandet-internationalt-ophold\/#article\",\"isPartOf\":{\"@id\":\"https:\/\/www.vita-explorers.dk\/blog\/humanitaert-forloeb-vita-institute-verdensdag-solidaritet-frivilligt-arbejde-i-udlandet-internationalt-ophold\/\"},\"author\":{\"name\":\"VITA Tribe\",\"@id\":\"https:\/\/www.vita-explorers.dk\/blog\/#\/schema\/person\/d7df267b64f23018d1dc519e78fb2735\"},\"headline\":\"Verdensdagen for humanit\u00e6r hj\u00e6lp 2016\",\"datePublished\":\"2016-08-19T06:40:23+00:00\",\"dateModified\":\"2022-03-14T19:02:06+00:00\",\"mainEntityOfPage\":{\"@id\":\"https:\/\/www.vita-explorers.dk\/blog\/humanitaert-forloeb-vita-institute-verdensdag-solidaritet-frivilligt-arbejde-i-udlandet-internationalt-ophold\/\"},\"wordCount\":456,\"commentCount\":0,\"publisher\":{\"@id\":\"https:\/\/www.vita-explorers.dk\/blog\/#organization\"},\"image\":{\"@id\":\"https:\/\/www.vita-explorers.dk\/blog\/humanitaert-forloeb-vita-institute-verdensdag-solidaritet-frivilligt-arbejde-i-udlandet-internationalt-ophold\/#primaryimage\"},\"thumbnailUrl\":\"https:\/\/www.vita-explorers.dk\/blog\/wp-content\/uploads\/2022\/03\/turista-en-la-selva.jpg\",\"keywords\":[\"aide\",\"Animaux\",\"b\u00e9n\u00e9volat m\u00e9dical\",\"communaut\u00e9s\",\"d\u00e9veloppement durable\",\"droits\",\"\u00e9coles\",\"enfants\",\"femmes\",\"globalong\",\"humanitaire\",\"journ\u00e9e mondiale\",\"mission\",\"orphelinats\",\"peuple\",\"programme de volontariat\",\"soutien\",\"stage\",\"voyage\"],\"articleSection\":[\"Afrika\",\"Amerika\",\"Asien\",\"Humanit\u00e6rt frivilligt arbejde\",\"No Name\",\"Nyheder\",\"Rejser - generelle oplysninger\",\"VITA Explorers\"],\"inLanguage\":\"da-DK\",\"potentialAction\":[{\"@type\":\"CommentAction\",\"name\":\"Comment\",\"target\":[\"https:\/\/www.vita-explorers.dk\/blog\/humanitaert-forloeb-vita-institute-verdensdag-solidaritet-frivilligt-arbejde-i-udlandet-internationalt-ophold\/#respond\"]}]},{\"@type\":\"WebPage\",\"@id\":\"https:\/\/www.vita-explorers.dk\/blog\/humanitaert-forloeb-vita-institute-verdensdag-solidaritet-frivilligt-arbejde-i-udlandet-internationalt-ophold\/\",\"url\":\"https:\/\/www.vita-explorers.dk\/blog\/humanitaert-forloeb-vita-institute-verdensdag-solidaritet-frivilligt-arbejde-i-udlandet-internationalt-ophold\/\",\"name\":\"Verdensdagen for humanit\u00e6r hj\u00e6lp 2016 - VITA Explorers Blog\",\"isPartOf\":{\"@id\":\"https:\/\/www.vita-explorers.dk\/blog\/#website\"},\"primaryImageOfPage\":{\"@id\":\"https:\/\/www.vita-explorers.dk\/blog\/humanitaert-forloeb-vita-institute-verdensdag-solidaritet-frivilligt-arbejde-i-udlandet-internationalt-ophold\/#primaryimage\"},\"image\":{\"@id\":\"https:\/\/www.vita-explorers.dk\/blog\/humanitaert-forloeb-vita-institute-verdensdag-solidaritet-frivilligt-arbejde-i-udlandet-internationalt-ophold\/#primaryimage\"},\"thumbnailUrl\":\"https:\/\/www.vita-explorers.dk\/blog\/wp-content\/uploads\/2022\/03\/turista-en-la-selva.jpg\",\"datePublished\":\"2016-08-19T06:40:23+00:00\",\"dateModified\":\"2022-03-14T19:02:06+00:00\",\"breadcrumb\":{\"@id\":\"https:\/\/www.vita-explorers.dk\/blog\/humanitaert-forloeb-vita-institute-verdensdag-solidaritet-frivilligt-arbejde-i-udlandet-internationalt-ophold\/#breadcrumb\"},\"inLanguage\":\"da-DK\",\"potentialAction\":[{\"@type\":\"ReadAction\",\"target\":[\"https:\/\/www.vita-explorers.dk\/blog\/humanitaert-forloeb-vita-institute-verdensdag-solidaritet-frivilligt-arbejde-i-udlandet-internationalt-ophold\/\"]}]},{\"@type\":\"ImageObject\",\"inLanguage\":\"da-DK\",\"@id\":\"https:\/\/www.vita-explorers.dk\/blog\/humanitaert-forloeb-vita-institute-verdensdag-solidaritet-frivilligt-arbejde-i-udlandet-internationalt-ophold\/#primaryimage\",\"url\":\"https:\/\/www.vita-explorers.dk\/blog\/wp-content\/uploads\/2022\/03\/turista-en-la-selva.jpg\",\"contentUrl\":\"https:\/\/www.vita-explorers.dk\/blog\/wp-content\/uploads\/2022\/03\/turista-en-la-selva.jpg\",\"width\":600,\"height\":400},{\"@type\":\"BreadcrumbList\",\"@id\":\"https:\/\/www.vita-explorers.dk\/blog\/humanitaert-forloeb-vita-institute-verdensdag-solidaritet-frivilligt-arbejde-i-udlandet-internationalt-ophold\/#breadcrumb\",\"itemListElement\":[{\"@type\":\"ListItem\",\"position\":1,\"name\":\"Accueil\",\"item\":\"https:\/\/www.vita-explorers.dk\/blog\/\"},{\"@type\":\"ListItem\",\"position\":2,\"name\":\"Verdensdagen for humanit\u00e6r hj\u00e6lp 2016\"}]},{\"@type\":\"WebSite\",\"@id\":\"https:\/\/www.vita-explorers.dk\/blog\/#website\",\"url\":\"https:\/\/www.vita-explorers.dk\/blog\/\",\"name\":\"Association Globalong\",\"description\":\"Frivilligt arbejde, sprogophold, praktik i udlandet og internationale oplevelser\",\"publisher\":{\"@id\":\"https:\/\/www.vita-explorers.dk\/blog\/#organization\"},\"potentialAction\":[{\"@type\":\"SearchAction\",\"target\":{\"@type\":\"EntryPoint\",\"urlTemplate\":\"https:\/\/www.vita-explorers.dk\/blog\/?s={search_term_string}\"},\"query-input\":{\"@type\":\"PropertyValueSpecification\",\"valueRequired\":true,\"valueName\":\"search_term_string\"}}],\"inLanguage\":\"da-DK\"},{\"@type\":\"Organization\",\"@id\":\"https:\/\/www.vita-explorers.dk\/blog\/#organization\",\"name\":\"Association Globalong\",\"url\":\"https:\/\/www.vita-explorers.dk\/blog\/\",\"logo\":{\"@type\":\"ImageObject\",\"inLanguage\":\"da-DK\",\"@id\":\"https:\/\/www.vita-explorers.dk\/blog\/#\/schema\/logo\/image\/\",\"url\":\"https:\/\/www.globalong.com\/blog\/wp-content\/uploads\/2014\/11\/cropped-cropped-Logo-et-Afrique-Globalong-petite-taille-2.jpg\",\"contentUrl\":\"https:\/\/www.globalong.com\/blog\/wp-content\/uploads\/2014\/11\/cropped-cropped-Logo-et-Afrique-Globalong-petite-taille-2.jpg\",\"width\":512,\"height\":512,\"caption\":\"Association Globalong\"},\"image\":{\"@id\":\"https:\/\/www.vita-explorers.dk\/blog\/#\/schema\/logo\/image\/\"},\"sameAs\":[\"https:\/\/www.facebook.com\/globalong\"]},{\"@type\":\"Person\",\"@id\":\"https:\/\/www.vita-explorers.dk\/blog\/#\/schema\/person\/d7df267b64f23018d1dc519e78fb2735\",\"name\":\"VITA Tribe\",\"image\":{\"@type\":\"ImageObject\",\"inLanguage\":\"da-DK\",\"@id\":\"https:\/\/www.vita-explorers.dk\/blog\/#\/schema\/person\/image\/\",\"url\":\"https:\/\/secure.gravatar.com\/avatar\/81461bcc213d0ff2bdc043d4206648f0?s=96&d=mm&r=g\",\"contentUrl\":\"https:\/\/secure.gravatar.com\/avatar\/81461bcc213d0ff2bdc043d4206648f0?s=96&d=mm&r=g\",\"caption\":\"VITA Tribe\"},\"sameAs\":[\"https:\/\/www.globalong.com\"],\"url\":\"https:\/\/www.vita-explorers.dk\/blog\/author\/sophie\/\"}]}<\/script>\n<!-- \/ Yoast SEO Premium plugin. -->","yoast_head_json":{"title":"Verdensdagen for humanit\u00e6r hj\u00e6lp 2016 - VITA Explorers Blog","robots":{"index":"index","follow":"follow","max-snippet":"max-snippet:-1","max-image-preview":"max-image-preview:large","max-video-preview":"max-video-preview:-1"},"canonical":"https:\/\/www.vita-explorers.dk\/blog\/humanitaert-forloeb-vita-institute-verdensdag-solidaritet-frivilligt-arbejde-i-udlandet-internationalt-ophold\/","og_locale":"da_DK","og_type":"article","og_title":"Verdensdagen for humanit\u00e6r hj\u00e6lp 2016","og_description":"Den 19. august er en international m\u00e6rkedag, hvor vi siger tak til alle dem, der engagerer sig og rejser ud for at st\u00f8tte mennesker\u2026","og_url":"https:\/\/www.vita-explorers.dk\/blog\/humanitaert-forloeb-vita-institute-verdensdag-solidaritet-frivilligt-arbejde-i-udlandet-internationalt-ophold\/","og_site_name":"VITA Explorers Blog","article_publisher":"https:\/\/www.facebook.com\/globalong","article_published_time":"2016-08-19T06:40:23+00:00","article_modified_time":"2022-03-14T19:02:06+00:00","og_image":[{"width":600,"height":400,"url":"https:\/\/www.vita-explorers.dk\/blog\/wp-content\/uploads\/2022\/03\/turista-en-la-selva.jpg","type":"image\/jpeg"}],"author":"VITA Tribe","twitter_card":"summary_large_image","twitter_misc":{"Skrevet af":"VITA Tribe","Estimeret l\u00e6setid":"2 minutter"},"schema":{"@context":"https:\/\/schema.org","@graph":[{"@type":"Article","@id":"https:\/\/www.vita-explorers.dk\/blog\/humanitaert-forloeb-vita-institute-verdensdag-solidaritet-frivilligt-arbejde-i-udlandet-internationalt-ophold\/#article","isPartOf":{"@id":"https:\/\/www.vita-explorers.dk\/blog\/humanitaert-forloeb-vita-institute-verdensdag-solidaritet-frivilligt-arbejde-i-udlandet-internationalt-ophold\/"},"author":{"name":"VITA Tribe","@id":"https:\/\/www.vita-explorers.dk\/blog\/#\/schema\/person\/d7df267b64f23018d1dc519e78fb2735"},"headline":"Verdensdagen for humanit\u00e6r hj\u00e6lp 2016","datePublished":"2016-08-19T06:40:23+00:00","dateModified":"2022-03-14T19:02:06+00:00","mainEntityOfPage":{"@id":"https:\/\/www.vita-explorers.dk\/blog\/humanitaert-forloeb-vita-institute-verdensdag-solidaritet-frivilligt-arbejde-i-udlandet-internationalt-ophold\/"},"wordCount":456,"commentCount":0,"publisher":{"@id":"https:\/\/www.vita-explorers.dk\/blog\/#organization"},"image":{"@id":"https:\/\/www.vita-explorers.dk\/blog\/humanitaert-forloeb-vita-institute-verdensdag-solidaritet-frivilligt-arbejde-i-udlandet-internationalt-ophold\/#primaryimage"},"thumbnailUrl":"https:\/\/www.vita-explorers.dk\/blog\/wp-content\/uploads\/2022\/03\/turista-en-la-selva.jpg","keywords":["aide","Animaux","b\u00e9n\u00e9volat m\u00e9dical","communaut\u00e9s","d\u00e9veloppement durable","droits","\u00e9coles","enfants","femmes","globalong","humanitaire","journ\u00e9e mondiale","mission","orphelinats","peuple","programme de volontariat","soutien","stage","voyage"],"articleSection":["Afrika","Amerika","Asien","Humanit\u00e6rt frivilligt arbejde","No Name","Nyheder","Rejser - generelle oplysninger","VITA Explorers"],"inLanguage":"da-DK","potentialAction":[{"@type":"CommentAction","name":"Comment","target":["https:\/\/www.vita-explorers.dk\/blog\/humanitaert-forloeb-vita-institute-verdensdag-solidaritet-frivilligt-arbejde-i-udlandet-internationalt-ophold\/#respond"]}]},{"@type":"WebPage","@id":"https:\/\/www.vita-explorers.dk\/blog\/humanitaert-forloeb-vita-institute-verdensdag-solidaritet-frivilligt-arbejde-i-udlandet-internationalt-ophold\/","url":"https:\/\/www.vita-explorers.dk\/blog\/humanitaert-forloeb-vita-institute-verdensdag-solidaritet-frivilligt-arbejde-i-udlandet-internationalt-ophold\/","name":"Verdensdagen for humanit\u00e6r hj\u00e6lp 2016 - VITA Explorers Blog","isPartOf":{"@id":"https:\/\/www.vita-explorers.dk\/blog\/#website"},"primaryImageOfPage":{"@id":"https:\/\/www.vita-explorers.dk\/blog\/humanitaert-forloeb-vita-institute-verdensdag-solidaritet-frivilligt-arbejde-i-udlandet-internationalt-ophold\/#primaryimage"},"image":{"@id":"https:\/\/www.vita-explorers.dk\/blog\/humanitaert-forloeb-vita-institute-verdensdag-solidaritet-frivilligt-arbejde-i-udlandet-internationalt-ophold\/#primaryimage"},"thumbnailUrl":"https:\/\/www.vita-explorers.dk\/blog\/wp-content\/uploads\/2022\/03\/turista-en-la-selva.jpg","datePublished":"2016-08-19T06:40:23+00:00","dateModified":"2022-03-14T19:02:06+00:00","breadcrumb":{"@id":"https:\/\/www.vita-explorers.dk\/blog\/humanitaert-forloeb-vita-institute-verdensdag-solidaritet-frivilligt-arbejde-i-udlandet-internationalt-ophold\/#breadcrumb"},"inLanguage":"da-DK","potentialAction":[{"@type":"ReadAction","target":["https:\/\/www.vita-explorers.dk\/blog\/humanitaert-forloeb-vita-institute-verdensdag-solidaritet-frivilligt-arbejde-i-udlandet-internationalt-ophold\/"]}]},{"@type":"ImageObject","inLanguage":"da-DK","@id":"https:\/\/www.vita-explorers.dk\/blog\/humanitaert-forloeb-vita-institute-verdensdag-solidaritet-frivilligt-arbejde-i-udlandet-internationalt-ophold\/#primaryimage","url":"https:\/\/www.vita-explorers.dk\/blog\/wp-content\/uploads\/2022\/03\/turista-en-la-selva.jpg","contentUrl":"https:\/\/www.vita-explorers.dk\/blog\/wp-content\/uploads\/2022\/03\/turista-en-la-selva.jpg","width":600,"height":400},{"@type":"BreadcrumbList","@id":"https:\/\/www.vita-explorers.dk\/blog\/humanitaert-forloeb-vita-institute-verdensdag-solidaritet-frivilligt-arbejde-i-udlandet-internationalt-ophold\/#breadcrumb","itemListElement":[{"@type":"ListItem","position":1,"name":"Accueil","item":"https:\/\/www.vita-explorers.dk\/blog\/"},{"@type":"ListItem","position":2,"name":"Verdensdagen for humanit\u00e6r hj\u00e6lp 2016"}]},{"@type":"WebSite","@id":"https:\/\/www.vita-explorers.dk\/blog\/#website","url":"https:\/\/www.vita-explorers.dk\/blog\/","name":"Association Globalong","description":"Frivilligt arbejde, sprogophold, praktik i udlandet og internationale oplevelser","publisher":{"@id":"https:\/\/www.vita-explorers.dk\/blog\/#organization"},"potentialAction":[{"@type":"SearchAction","target":{"@type":"EntryPoint","urlTemplate":"https:\/\/www.vita-explorers.dk\/blog\/?s={search_term_string}"},"query-input":{"@type":"PropertyValueSpecification","valueRequired":true,"valueName":"search_term_string"}}],"inLanguage":"da-DK"},{"@type":"Organization","@id":"https:\/\/www.vita-explorers.dk\/blog\/#organization","name":"Association Globalong","url":"https:\/\/www.vita-explorers.dk\/blog\/","logo":{"@type":"ImageObject","inLanguage":"da-DK","@id":"https:\/\/www.vita-explorers.dk\/blog\/#\/schema\/logo\/image\/","url":"https:\/\/www.globalong.com\/blog\/wp-content\/uploads\/2014\/11\/cropped-cropped-Logo-et-Afrique-Globalong-petite-taille-2.jpg","contentUrl":"https:\/\/www.globalong.com\/blog\/wp-content\/uploads\/2014\/11\/cropped-cropped-Logo-et-Afrique-Globalong-petite-taille-2.jpg","width":512,"height":512,"caption":"Association Globalong"},"image":{"@id":"https:\/\/www.vita-explorers.dk\/blog\/#\/schema\/logo\/image\/"},"sameAs":["https:\/\/www.facebook.com\/globalong"]},{"@type":"Person","@id":"https:\/\/www.vita-explorers.dk\/blog\/#\/schema\/person\/d7df267b64f23018d1dc519e78fb2735","name":"VITA Tribe","image":{"@type":"ImageObject","inLanguage":"da-DK","@id":"https:\/\/www.vita-explorers.dk\/blog\/#\/schema\/person\/image\/","url":"https:\/\/secure.gravatar.com\/avatar\/81461bcc213d0ff2bdc043d4206648f0?s=96&d=mm&r=g","contentUrl":"https:\/\/secure.gravatar.com\/avatar\/81461bcc213d0ff2bdc043d4206648f0?s=96&d=mm&r=g","caption":"VITA Tribe"},"sameAs":["https:\/\/www.globalong.com"],"url":"https:\/\/www.vita-explorers.dk\/blog\/author\/sophie\/"}]}},"_links":{"self":[{"href":"https:\/\/www.vita-explorers.dk\/blog\/wp-json\/wp\/v2\/posts\/5385"}],"collection":[{"href":"https:\/\/www.vita-explorers.dk\/blog\/wp-json\/wp\/v2\/posts"}],"about":[{"href":"https:\/\/www.vita-explorers.dk\/blog\/wp-json\/wp\/v2\/types\/post"}],"author":[{"embeddable":true,"href":"https:\/\/www.vita-explorers.dk\/blog\/wp-json\/wp\/v2\/users\/1"}],"replies":[{"embeddable":true,"href":"https:\/\/www.vita-explorers.dk\/blog\/wp-json\/wp\/v2\/comments?post=5385"}],"version-history":[{"count":15,"href":"https:\/\/www.vita-explorers.dk\/blog\/wp-json\/wp\/v2\/posts\/5385\/revisions"}],"predecessor-version":[{"id":14267,"href":"https:\/\/www.vita-explorers.dk\/blog\/wp-json\/wp\/v2\/posts\/5385\/revisions\/14267"}],"wp:featuredmedia":[{"embeddable":true,"href":"https:\/\/www.vita-explorers.dk\/blog\/wp-json\/wp\/v2\/media\/14155"}],"wp:attachment":[{"href":"https:\/\/www.vita-explorers.dk\/blog\/wp-json\/wp\/v2\/media?parent=5385"}],"wp:term":[{"taxonomy":"category","embeddable":true,"href":"https:\/\/www.vita-explorers.dk\/blog\/wp-json\/wp\/v2\/categories?post=5385"},{"taxonomy":"post_tag","embeddable":true,"href":"https:\/\/www.vita-explorers.dk\/blog\/wp-json\/wp\/v2\/tags?post=5385"}],"curies":[{"name":"wp","href":"https:\/\/api.w.org\/{rel}","templated":true}]}}