{"id":542,"date":"2015-07-14T15:53:49","date_gmt":"2015-07-14T13:53:49","guid":{"rendered":"https:\/\/www.globalong.com\/blog\/?p=542"},"modified":"2024-09-18T17:44:23","modified_gmt":"2024-09-18T15:44:23","slug":"frivilligt-humanitaert-arbejde-med-en-deltager-i-vietnam","status":"publish","type":"post","link":"https:\/\/www.vita-explorers.dk\/blog\/frivilligt-humanitaert-arbejde-med-en-deltager-i-vietnam\/","title":{"rendered":"En dag med Alban"},"content":{"rendered":"<p style=\"text-align: justify;\"><a href=\"https:\/\/www.vita-explorers.dk\/blog\/wp-content\/uploads\/2015\/07\/20150610_160213.jpg\"><img loading=\"lazy\" decoding=\"async\" class=\"wp-image-543 size-medium aligncenter\" src=\"https:\/\/www.vita-explorers.dk\/blog\/wp-content\/uploads\/2015\/07\/20150610_160213-300x169.jpg\" alt=\"20150610_160213\" width=\"300\" height=\"169\" srcset=\"https:\/\/www.vita-explorers.dk\/blog\/wp-content\/uploads\/2015\/07\/20150610_160213-300x169.jpg 300w, https:\/\/www.vita-explorers.dk\/blog\/wp-content\/uploads\/2015\/07\/20150610_160213-1024x576.jpg 1024w, https:\/\/www.vita-explorers.dk\/blog\/wp-content\/uploads\/2015\/07\/20150610_160213-150x84.jpg 150w\" sizes=\"(max-width: 300px) 100vw, 300px\" \/><\/a>Den 11. juni 2015 bes\u00f8gte jeg PT-centret, hvor Alban, en af deltagerne, var tilknyttet. Centret ligger i Hanoi, men er omgivet af gr\u00f8nne og rolige omgivelser, s\u00e5 det n\u00e6sten f\u00f8les som en fredelig lille g\u00e5rd \u2013 pr\u00e6cis som Alban havde beskrevet det. Han var den eneste internationale deltager p\u00e5 stedet, men han fortalte, at vietnamesiske frivillige indimellem kiggede forbi centeret for mennesker med handicap for at komme med frugt eller lege med b\u00f8rnene. Jeg spurgte, om han havde f\u00f8lt sig alene i de m\u00e5neder, han havde v\u00e6ret der, men han sagde klart nej. Jeg forstod hurtigt hvorfor.<\/p>\n<p style=\"text-align: justify;\">\n<p><img loading=\"lazy\" decoding=\"async\" class=\"wp-image-544 aligncenter\" style=\"text-align: justify;\" src=\"https:\/\/www.vita-explorers.dk\/blog\/wp-content\/uploads\/2015\/07\/image-1-225x300.jpg\" alt=\"image (1)\" width=\"300\" height=\"400\" srcset=\"https:\/\/www.vita-explorers.dk\/blog\/wp-content\/uploads\/2015\/07\/image-1-225x300.jpg 225w, https:\/\/www.vita-explorers.dk\/blog\/wp-content\/uploads\/2015\/07\/image-1-113x150.jpg 113w, https:\/\/www.vita-explorers.dk\/blog\/wp-content\/uploads\/2015\/07\/image-1.jpg 750w\" sizes=\"(max-width: 300px) 100vw, 300px\" \/><\/p>\n<p style=\"text-align: justify;\">Da vi ankom, kom alle beboerne os i m\u00f8de med \u00e5bne arme og store smil. De var virkelig sk\u00f8nne, og deres gl\u00e6de gav tydeligt Alban endnu mere energi. Man kunne m\u00e6rke, at de holdt af ham \u2013 og at han holdt af dem. Senere startede Alban et engelskkursus for beboerne i et lille lokale. Dagens tema var tal. Nogle kunne tale, mens andre ikke kunne, men med hj\u00e6lp fra den vietnamesiske underviser lykkedes det Alban at gennemf\u00f8re undervisningen uden de store udfordringer. Alle deltog og svarede p\u00e5 sp\u00f8rgsm\u00e5l. N\u00e5r Alban spurgte om noget, rejste en af dem sig, rakte h\u00e5nden op og gav svaret med et stolt blik og et stort smil. Efter timen gik vi ind i et andet rum for at lege med b\u00f8rnene. En af dem gav aldrig slip p\u00e5 Albans h\u00e5nd og krammede ham hele tiden.<\/p>\n<p><img loading=\"lazy\" decoding=\"async\" class=\"wp-image-545 size-medium aligncenter\" src=\"https:\/\/www.vita-explorers.dk\/blog\/wp-content\/uploads\/2015\/07\/image-2-300x225.jpg\" alt=\"image (2)\" width=\"300\" height=\"225\" srcset=\"https:\/\/www.vita-explorers.dk\/blog\/wp-content\/uploads\/2015\/07\/image-2-300x225.jpg 300w, https:\/\/www.vita-explorers.dk\/blog\/wp-content\/uploads\/2015\/07\/image-2-1024x768.jpg 1024w, https:\/\/www.vita-explorers.dk\/blog\/wp-content\/uploads\/2015\/07\/image-2-150x113.jpg 150w\" sizes=\"(max-width: 300px) 100vw, 300px\" \/>Han var utrolig kvik: Da Alban sang en sang, skulle de kun synge den to gange, f\u00f8r den lille havde l\u00e6rt hele teksten og sang med.<\/p>\n<p style=\"text-align: justify;\">Ved frokosttid spiste de fleste beboere f\u00f8rst, og bagefter spiste personalet og Alban. Personalet hjalp ikke beboerne under m\u00e5ltidet \u2013 de holdt mest \u00f8je. De er vant til at lade dem g\u00f8re en del ting selv, s\u00e5 de kan gentage det, n\u00e5r de bes\u00f8ger deres familier i weekenden. Efter frokost holdt vi en pause, og beboerne redte selv deres senge, f\u00f8r de tog en lur. Hvis du tror, at mennesker med handicap altid har brug for meget hj\u00e6lp, vil jeg virkelig anbefale at m\u00f8de dem \u2013 det er imponerende, hvor meget de kan klare helt selv.<\/p>\n<p><img loading=\"lazy\" decoding=\"async\" class=\"wp-image-546 aligncenter\" style=\"text-align: justify;\" src=\"https:\/\/www.vita-explorers.dk\/blog\/wp-content\/uploads\/2015\/07\/image-3-225x300.jpg\" alt=\"image (3)\" width=\"300\" height=\"400\" srcset=\"https:\/\/www.vita-explorers.dk\/blog\/wp-content\/uploads\/2015\/07\/image-3-225x300.jpg 225w, https:\/\/www.vita-explorers.dk\/blog\/wp-content\/uploads\/2015\/07\/image-3-113x150.jpg 113w, https:\/\/www.vita-explorers.dk\/blog\/wp-content\/uploads\/2015\/07\/image-3.jpg 750w\" sizes=\"(max-width: 300px) 100vw, 300px\" \/><\/p>\n<p style=\"text-align: justify;\">Det, jeg is\u00e6r tog med mig fra dagen, var en f\u00f8lelse af ro \u2013 b\u00e5de stedet og menneskene. Der var ingen stress. Alle var venlige, aktive og engagerede. De holder af mennesker og g\u00f8r sig umage for, at andre har det godt. Jeg havde aldrig m\u00f8dt mennesker med handicap f\u00f8r bes\u00f8get p\u00e5 centret, og jeg var lidt nerv\u00f8s, men efter at have m\u00f8dt dem gik det op for mig, at der ikke var noget at v\u00e6re bekymret for. De var som en familie, og det var tydeligt, at Alban var en del af den. Han fortalte, at han havde l\u00e6rt enormt meget af sit ophold, og at han var oprigtigt glad, n\u00e5r han var sammen med dem. Da det var tid til at tage af sted, krammede de os farvel. Jeg kunne se, at Alban var tilfreds \u2013 og at han ikke havde v\u00e6ret alene.<\/p>\n<p style=\"text-align: justify;\"><a href=\"mailto:info@globalong.com\" target=\"_blank\" rel=\"noopener\">Du er altid velkommen til at kontakte os<\/a><\/p>\n<p style=\"text-align: justify;\"><a href=\"https:\/\/www.flickr.com\/photos\/globalong\/albums\/72157639806172666\" target=\"_blank\" rel=\"noopener\">Se alle vores billeder fra Vietnam<\/a><\/p>\n<p style=\"text-align: justify;\"><a href=\"https:\/\/www.vita-explorers.dk\/frivilligt-arbejde\/frivilligt-arbejde-vietnam.html\" target=\"_blank\" rel=\"noopener\">Tag afsted p\u00e5 et frivilligt forl\u00f8b i Nepal<\/a><\/p>\n","protected":false},"excerpt":{"rendered":"<p>Den 11. juni 2015 bes\u00f8gte jeg PT-centret, hvor Alban, en af deltagerne, var tilknyttet. Centret ligger i Hanoi, men er omgivet af gr\u00f8nne og\u2026<\/p>\n","protected":false},"author":1,"featured_media":1427,"comment_status":"open","ping_status":"open","sticky":false,"template":"","format":"standard","meta":{"footnotes":""},"categories":[12,8,1,6,3,4],"tags":[178,179],"yoast_head":"<!-- This site is optimized with the Yoast SEO Premium plugin v23.4 (Yoast SEO v23.4) - https:\/\/yoast.com\/wordpress\/plugins\/seo\/ -->\n<title>En dag med Alban - VITA Explorers Blog<\/title>\n<meta name=\"robots\" content=\"index, follow, max-snippet:-1, max-image-preview:large, max-video-preview:-1\" \/>\n<link rel=\"canonical\" href=\"https:\/\/www.vita-explorers.dk\/blog\/frivilligt-humanitaert-arbejde-med-en-deltager-i-vietnam\/\" \/>\n<meta property=\"og:locale\" content=\"da_DK\" \/>\n<meta property=\"og:type\" content=\"article\" \/>\n<meta property=\"og:title\" content=\"En dag med Alban\" \/>\n<meta property=\"og:description\" content=\"Den 11. juni 2015 bes\u00f8gte jeg PT-centret, hvor Alban, en af deltagerne, var tilknyttet. Centret ligger i Hanoi, men er omgivet af gr\u00f8nne og\u2026\" \/>\n<meta property=\"og:url\" content=\"https:\/\/www.vita-explorers.dk\/blog\/frivilligt-humanitaert-arbejde-med-en-deltager-i-vietnam\/\" \/>\n<meta property=\"og:site_name\" content=\"VITA Explorers Blog\" \/>\n<meta property=\"article:publisher\" content=\"https:\/\/www.facebook.com\/globalong\" \/>\n<meta property=\"article:published_time\" content=\"2015-07-14T13:53:49+00:00\" \/>\n<meta property=\"article:modified_time\" content=\"2024-09-18T15:44:23+00:00\" \/>\n<meta property=\"og:image\" content=\"https:\/\/www.vita-explorers.dk\/blog\/wp-content\/uploads\/2015\/07\/Vietnam-Hanoi-Pays.jpg\" \/>\n\t<meta property=\"og:image:width\" content=\"1200\" \/>\n\t<meta property=\"og:image:height\" content=\"1200\" \/>\n\t<meta property=\"og:image:type\" content=\"image\/jpeg\" \/>\n<meta name=\"author\" content=\"VITA Tribe\" \/>\n<meta name=\"twitter:card\" content=\"summary_large_image\" \/>\n<meta name=\"twitter:label1\" content=\"Skrevet af\" \/>\n\t<meta name=\"twitter:data1\" content=\"VITA Tribe\" \/>\n\t<meta name=\"twitter:label2\" content=\"Estimeret l\u00e6setid\" \/>\n\t<meta name=\"twitter:data2\" content=\"3 minutter\" \/>\n<script type=\"application\/ld+json\" class=\"yoast-schema-graph\">{\"@context\":\"https:\/\/schema.org\",\"@graph\":[{\"@type\":\"Article\",\"@id\":\"https:\/\/www.vita-explorers.dk\/blog\/frivilligt-humanitaert-arbejde-med-en-deltager-i-vietnam\/#article\",\"isPartOf\":{\"@id\":\"https:\/\/www.vita-explorers.dk\/blog\/frivilligt-humanitaert-arbejde-med-en-deltager-i-vietnam\/\"},\"author\":{\"name\":\"VITA Tribe\",\"@id\":\"https:\/\/www.vita-explorers.dk\/blog\/#\/schema\/person\/d7df267b64f23018d1dc519e78fb2735\"},\"headline\":\"En dag med Alban\",\"datePublished\":\"2015-07-14T13:53:49+00:00\",\"dateModified\":\"2024-09-18T15:44:23+00:00\",\"mainEntityOfPage\":{\"@id\":\"https:\/\/www.vita-explorers.dk\/blog\/frivilligt-humanitaert-arbejde-med-en-deltager-i-vietnam\/\"},\"wordCount\":568,\"commentCount\":0,\"publisher\":{\"@id\":\"https:\/\/www.vita-explorers.dk\/blog\/#organization\"},\"image\":{\"@id\":\"https:\/\/www.vita-explorers.dk\/blog\/frivilligt-humanitaert-arbejde-med-en-deltager-i-vietnam\/#primaryimage\"},\"thumbnailUrl\":\"https:\/\/www.vita-explorers.dk\/blog\/wp-content\/uploads\/2015\/07\/Vietnam-Hanoi-Pays.jpg\",\"keywords\":[\"b\u00e9n\u00e9volat au vietnam\",\"t\u00e9moignage\"],\"articleSection\":[\"Asien\",\"Humanit\u00e6rt frivilligt arbejde\",\"No Name\",\"Nyheder\",\"Rejser - generelle oplysninger\",\"VITA Explorers\"],\"inLanguage\":\"da-DK\",\"potentialAction\":[{\"@type\":\"CommentAction\",\"name\":\"Comment\",\"target\":[\"https:\/\/www.vita-explorers.dk\/blog\/frivilligt-humanitaert-arbejde-med-en-deltager-i-vietnam\/#respond\"]}]},{\"@type\":\"WebPage\",\"@id\":\"https:\/\/www.vita-explorers.dk\/blog\/frivilligt-humanitaert-arbejde-med-en-deltager-i-vietnam\/\",\"url\":\"https:\/\/www.vita-explorers.dk\/blog\/frivilligt-humanitaert-arbejde-med-en-deltager-i-vietnam\/\",\"name\":\"En dag med Alban - VITA Explorers Blog\",\"isPartOf\":{\"@id\":\"https:\/\/www.vita-explorers.dk\/blog\/#website\"},\"primaryImageOfPage\":{\"@id\":\"https:\/\/www.vita-explorers.dk\/blog\/frivilligt-humanitaert-arbejde-med-en-deltager-i-vietnam\/#primaryimage\"},\"image\":{\"@id\":\"https:\/\/www.vita-explorers.dk\/blog\/frivilligt-humanitaert-arbejde-med-en-deltager-i-vietnam\/#primaryimage\"},\"thumbnailUrl\":\"https:\/\/www.vita-explorers.dk\/blog\/wp-content\/uploads\/2015\/07\/Vietnam-Hanoi-Pays.jpg\",\"datePublished\":\"2015-07-14T13:53:49+00:00\",\"dateModified\":\"2024-09-18T15:44:23+00:00\",\"breadcrumb\":{\"@id\":\"https:\/\/www.vita-explorers.dk\/blog\/frivilligt-humanitaert-arbejde-med-en-deltager-i-vietnam\/#breadcrumb\"},\"inLanguage\":\"da-DK\",\"potentialAction\":[{\"@type\":\"ReadAction\",\"target\":[\"https:\/\/www.vita-explorers.dk\/blog\/frivilligt-humanitaert-arbejde-med-en-deltager-i-vietnam\/\"]}]},{\"@type\":\"ImageObject\",\"inLanguage\":\"da-DK\",\"@id\":\"https:\/\/www.vita-explorers.dk\/blog\/frivilligt-humanitaert-arbejde-med-en-deltager-i-vietnam\/#primaryimage\",\"url\":\"https:\/\/www.vita-explorers.dk\/blog\/wp-content\/uploads\/2015\/07\/Vietnam-Hanoi-Pays.jpg\",\"contentUrl\":\"https:\/\/www.vita-explorers.dk\/blog\/wp-content\/uploads\/2015\/07\/Vietnam-Hanoi-Pays.jpg\",\"width\":1200,\"height\":1200,\"caption\":\"Mission au Vietnam avec Globalong\"},{\"@type\":\"BreadcrumbList\",\"@id\":\"https:\/\/www.vita-explorers.dk\/blog\/frivilligt-humanitaert-arbejde-med-en-deltager-i-vietnam\/#breadcrumb\",\"itemListElement\":[{\"@type\":\"ListItem\",\"position\":1,\"name\":\"Accueil\",\"item\":\"https:\/\/www.vita-explorers.dk\/blog\/\"},{\"@type\":\"ListItem\",\"position\":2,\"name\":\"En dag med Alban\"}]},{\"@type\":\"WebSite\",\"@id\":\"https:\/\/www.vita-explorers.dk\/blog\/#website\",\"url\":\"https:\/\/www.vita-explorers.dk\/blog\/\",\"name\":\"Association Globalong\",\"description\":\"Frivilligt arbejde, sprogophold, praktik i udlandet og internationale oplevelser\",\"publisher\":{\"@id\":\"https:\/\/www.vita-explorers.dk\/blog\/#organization\"},\"potentialAction\":[{\"@type\":\"SearchAction\",\"target\":{\"@type\":\"EntryPoint\",\"urlTemplate\":\"https:\/\/www.vita-explorers.dk\/blog\/?s={search_term_string}\"},\"query-input\":{\"@type\":\"PropertyValueSpecification\",\"valueRequired\":true,\"valueName\":\"search_term_string\"}}],\"inLanguage\":\"da-DK\"},{\"@type\":\"Organization\",\"@id\":\"https:\/\/www.vita-explorers.dk\/blog\/#organization\",\"name\":\"Association Globalong\",\"url\":\"https:\/\/www.vita-explorers.dk\/blog\/\",\"logo\":{\"@type\":\"ImageObject\",\"inLanguage\":\"da-DK\",\"@id\":\"https:\/\/www.vita-explorers.dk\/blog\/#\/schema\/logo\/image\/\",\"url\":\"https:\/\/www.globalong.com\/blog\/wp-content\/uploads\/2014\/11\/cropped-cropped-Logo-et-Afrique-Globalong-petite-taille-2.jpg\",\"contentUrl\":\"https:\/\/www.globalong.com\/blog\/wp-content\/uploads\/2014\/11\/cropped-cropped-Logo-et-Afrique-Globalong-petite-taille-2.jpg\",\"width\":512,\"height\":512,\"caption\":\"Association Globalong\"},\"image\":{\"@id\":\"https:\/\/www.vita-explorers.dk\/blog\/#\/schema\/logo\/image\/\"},\"sameAs\":[\"https:\/\/www.facebook.com\/globalong\"]},{\"@type\":\"Person\",\"@id\":\"https:\/\/www.vita-explorers.dk\/blog\/#\/schema\/person\/d7df267b64f23018d1dc519e78fb2735\",\"name\":\"VITA Tribe\",\"image\":{\"@type\":\"ImageObject\",\"inLanguage\":\"da-DK\",\"@id\":\"https:\/\/www.vita-explorers.dk\/blog\/#\/schema\/person\/image\/\",\"url\":\"https:\/\/secure.gravatar.com\/avatar\/81461bcc213d0ff2bdc043d4206648f0?s=96&d=mm&r=g\",\"contentUrl\":\"https:\/\/secure.gravatar.com\/avatar\/81461bcc213d0ff2bdc043d4206648f0?s=96&d=mm&r=g\",\"caption\":\"VITA Tribe\"},\"sameAs\":[\"https:\/\/www.globalong.com\"],\"url\":\"https:\/\/www.vita-explorers.dk\/blog\/author\/sophie\/\"}]}<\/script>\n<!-- \/ Yoast SEO Premium plugin. -->","yoast_head_json":{"title":"En dag med Alban - VITA Explorers Blog","robots":{"index":"index","follow":"follow","max-snippet":"max-snippet:-1","max-image-preview":"max-image-preview:large","max-video-preview":"max-video-preview:-1"},"canonical":"https:\/\/www.vita-explorers.dk\/blog\/frivilligt-humanitaert-arbejde-med-en-deltager-i-vietnam\/","og_locale":"da_DK","og_type":"article","og_title":"En dag med Alban","og_description":"Den 11. juni 2015 bes\u00f8gte jeg PT-centret, hvor Alban, en af deltagerne, var tilknyttet. Centret ligger i Hanoi, men er omgivet af gr\u00f8nne og\u2026","og_url":"https:\/\/www.vita-explorers.dk\/blog\/frivilligt-humanitaert-arbejde-med-en-deltager-i-vietnam\/","og_site_name":"VITA Explorers Blog","article_publisher":"https:\/\/www.facebook.com\/globalong","article_published_time":"2015-07-14T13:53:49+00:00","article_modified_time":"2024-09-18T15:44:23+00:00","og_image":[{"width":1200,"height":1200,"url":"https:\/\/www.vita-explorers.dk\/blog\/wp-content\/uploads\/2015\/07\/Vietnam-Hanoi-Pays.jpg","type":"image\/jpeg"}],"author":"VITA Tribe","twitter_card":"summary_large_image","twitter_misc":{"Skrevet af":"VITA Tribe","Estimeret l\u00e6setid":"3 minutter"},"schema":{"@context":"https:\/\/schema.org","@graph":[{"@type":"Article","@id":"https:\/\/www.vita-explorers.dk\/blog\/frivilligt-humanitaert-arbejde-med-en-deltager-i-vietnam\/#article","isPartOf":{"@id":"https:\/\/www.vita-explorers.dk\/blog\/frivilligt-humanitaert-arbejde-med-en-deltager-i-vietnam\/"},"author":{"name":"VITA Tribe","@id":"https:\/\/www.vita-explorers.dk\/blog\/#\/schema\/person\/d7df267b64f23018d1dc519e78fb2735"},"headline":"En dag med Alban","datePublished":"2015-07-14T13:53:49+00:00","dateModified":"2024-09-18T15:44:23+00:00","mainEntityOfPage":{"@id":"https:\/\/www.vita-explorers.dk\/blog\/frivilligt-humanitaert-arbejde-med-en-deltager-i-vietnam\/"},"wordCount":568,"commentCount":0,"publisher":{"@id":"https:\/\/www.vita-explorers.dk\/blog\/#organization"},"image":{"@id":"https:\/\/www.vita-explorers.dk\/blog\/frivilligt-humanitaert-arbejde-med-en-deltager-i-vietnam\/#primaryimage"},"thumbnailUrl":"https:\/\/www.vita-explorers.dk\/blog\/wp-content\/uploads\/2015\/07\/Vietnam-Hanoi-Pays.jpg","keywords":["b\u00e9n\u00e9volat au vietnam","t\u00e9moignage"],"articleSection":["Asien","Humanit\u00e6rt frivilligt arbejde","No Name","Nyheder","Rejser - generelle oplysninger","VITA Explorers"],"inLanguage":"da-DK","potentialAction":[{"@type":"CommentAction","name":"Comment","target":["https:\/\/www.vita-explorers.dk\/blog\/frivilligt-humanitaert-arbejde-med-en-deltager-i-vietnam\/#respond"]}]},{"@type":"WebPage","@id":"https:\/\/www.vita-explorers.dk\/blog\/frivilligt-humanitaert-arbejde-med-en-deltager-i-vietnam\/","url":"https:\/\/www.vita-explorers.dk\/blog\/frivilligt-humanitaert-arbejde-med-en-deltager-i-vietnam\/","name":"En dag med Alban - VITA Explorers Blog","isPartOf":{"@id":"https:\/\/www.vita-explorers.dk\/blog\/#website"},"primaryImageOfPage":{"@id":"https:\/\/www.vita-explorers.dk\/blog\/frivilligt-humanitaert-arbejde-med-en-deltager-i-vietnam\/#primaryimage"},"image":{"@id":"https:\/\/www.vita-explorers.dk\/blog\/frivilligt-humanitaert-arbejde-med-en-deltager-i-vietnam\/#primaryimage"},"thumbnailUrl":"https:\/\/www.vita-explorers.dk\/blog\/wp-content\/uploads\/2015\/07\/Vietnam-Hanoi-Pays.jpg","datePublished":"2015-07-14T13:53:49+00:00","dateModified":"2024-09-18T15:44:23+00:00","breadcrumb":{"@id":"https:\/\/www.vita-explorers.dk\/blog\/frivilligt-humanitaert-arbejde-med-en-deltager-i-vietnam\/#breadcrumb"},"inLanguage":"da-DK","potentialAction":[{"@type":"ReadAction","target":["https:\/\/www.vita-explorers.dk\/blog\/frivilligt-humanitaert-arbejde-med-en-deltager-i-vietnam\/"]}]},{"@type":"ImageObject","inLanguage":"da-DK","@id":"https:\/\/www.vita-explorers.dk\/blog\/frivilligt-humanitaert-arbejde-med-en-deltager-i-vietnam\/#primaryimage","url":"https:\/\/www.vita-explorers.dk\/blog\/wp-content\/uploads\/2015\/07\/Vietnam-Hanoi-Pays.jpg","contentUrl":"https:\/\/www.vita-explorers.dk\/blog\/wp-content\/uploads\/2015\/07\/Vietnam-Hanoi-Pays.jpg","width":1200,"height":1200,"caption":"Mission au Vietnam avec Globalong"},{"@type":"BreadcrumbList","@id":"https:\/\/www.vita-explorers.dk\/blog\/frivilligt-humanitaert-arbejde-med-en-deltager-i-vietnam\/#breadcrumb","itemListElement":[{"@type":"ListItem","position":1,"name":"Accueil","item":"https:\/\/www.vita-explorers.dk\/blog\/"},{"@type":"ListItem","position":2,"name":"En dag med Alban"}]},{"@type":"WebSite","@id":"https:\/\/www.vita-explorers.dk\/blog\/#website","url":"https:\/\/www.vita-explorers.dk\/blog\/","name":"Association Globalong","description":"Frivilligt arbejde, sprogophold, praktik i udlandet og internationale oplevelser","publisher":{"@id":"https:\/\/www.vita-explorers.dk\/blog\/#organization"},"potentialAction":[{"@type":"SearchAction","target":{"@type":"EntryPoint","urlTemplate":"https:\/\/www.vita-explorers.dk\/blog\/?s={search_term_string}"},"query-input":{"@type":"PropertyValueSpecification","valueRequired":true,"valueName":"search_term_string"}}],"inLanguage":"da-DK"},{"@type":"Organization","@id":"https:\/\/www.vita-explorers.dk\/blog\/#organization","name":"Association Globalong","url":"https:\/\/www.vita-explorers.dk\/blog\/","logo":{"@type":"ImageObject","inLanguage":"da-DK","@id":"https:\/\/www.vita-explorers.dk\/blog\/#\/schema\/logo\/image\/","url":"https:\/\/www.globalong.com\/blog\/wp-content\/uploads\/2014\/11\/cropped-cropped-Logo-et-Afrique-Globalong-petite-taille-2.jpg","contentUrl":"https:\/\/www.globalong.com\/blog\/wp-content\/uploads\/2014\/11\/cropped-cropped-Logo-et-Afrique-Globalong-petite-taille-2.jpg","width":512,"height":512,"caption":"Association Globalong"},"image":{"@id":"https:\/\/www.vita-explorers.dk\/blog\/#\/schema\/logo\/image\/"},"sameAs":["https:\/\/www.facebook.com\/globalong"]},{"@type":"Person","@id":"https:\/\/www.vita-explorers.dk\/blog\/#\/schema\/person\/d7df267b64f23018d1dc519e78fb2735","name":"VITA Tribe","image":{"@type":"ImageObject","inLanguage":"da-DK","@id":"https:\/\/www.vita-explorers.dk\/blog\/#\/schema\/person\/image\/","url":"https:\/\/secure.gravatar.com\/avatar\/81461bcc213d0ff2bdc043d4206648f0?s=96&d=mm&r=g","contentUrl":"https:\/\/secure.gravatar.com\/avatar\/81461bcc213d0ff2bdc043d4206648f0?s=96&d=mm&r=g","caption":"VITA Tribe"},"sameAs":["https:\/\/www.globalong.com"],"url":"https:\/\/www.vita-explorers.dk\/blog\/author\/sophie\/"}]}},"_links":{"self":[{"href":"https:\/\/www.vita-explorers.dk\/blog\/wp-json\/wp\/v2\/posts\/542"}],"collection":[{"href":"https:\/\/www.vita-explorers.dk\/blog\/wp-json\/wp\/v2\/posts"}],"about":[{"href":"https:\/\/www.vita-explorers.dk\/blog\/wp-json\/wp\/v2\/types\/post"}],"author":[{"embeddable":true,"href":"https:\/\/www.vita-explorers.dk\/blog\/wp-json\/wp\/v2\/users\/1"}],"replies":[{"embeddable":true,"href":"https:\/\/www.vita-explorers.dk\/blog\/wp-json\/wp\/v2\/comments?post=542"}],"version-history":[{"count":21,"href":"https:\/\/www.vita-explorers.dk\/blog\/wp-json\/wp\/v2\/posts\/542\/revisions"}],"predecessor-version":[{"id":17310,"href":"https:\/\/www.vita-explorers.dk\/blog\/wp-json\/wp\/v2\/posts\/542\/revisions\/17310"}],"wp:featuredmedia":[{"embeddable":true,"href":"https:\/\/www.vita-explorers.dk\/blog\/wp-json\/wp\/v2\/media\/1427"}],"wp:attachment":[{"href":"https:\/\/www.vita-explorers.dk\/blog\/wp-json\/wp\/v2\/media?parent=542"}],"wp:term":[{"taxonomy":"category","embeddable":true,"href":"https:\/\/www.vita-explorers.dk\/blog\/wp-json\/wp\/v2\/categories?post=542"},{"taxonomy":"post_tag","embeddable":true,"href":"https:\/\/www.vita-explorers.dk\/blog\/wp-json\/wp\/v2\/tags?post=542"}],"curies":[{"name":"wp","href":"https:\/\/api.w.org\/{rel}","templated":true}]}}