{"id":5444,"date":"2016-09-05T16:30:34","date_gmt":"2016-09-05T14:30:34","guid":{"rendered":"https:\/\/www.globalong.com\/blog\/?p=5444"},"modified":"2024-10-13T15:20:25","modified_gmt":"2024-10-13T13:20:25","slug":"velgorenhedsdag-forlob-frivilligt-arbejde-asien-afrika-amerika-internationalt-praktik-i-udlandet-vita-boern-sundhed","status":"publish","type":"post","link":"https:\/\/www.vita-explorers.dk\/blog\/velgorenhedsdag-forlob-frivilligt-arbejde-asien-afrika-amerika-internationalt-praktik-i-udlandet-vita-boern-sundhed\/","title":{"rendered":"Den internationale velg\u00f8renhedsdag"},"content":{"rendered":"<h1 class=\"p1\" style=\"text-align: center;\"><span style=\"color: #b81657; font-size: 18pt;\">Den 5. september s\u00e6tter fokus p\u00e5 international n\u00e6stek\u00e6rlighed \u2013 en v\u00e6rdi, der i stigende grad deles p\u00e5 tv\u00e6rs af lande, og som i dag kommer til udtryk ved, at flere og flere engagerer sig og hj\u00e6lper mennesker i s\u00e5rbare situationer.<\/span><\/h1>\n<h2 class=\"p1\" style=\"text-align: justify;\"><a href=\"https:\/\/www.vita-explorers.dk\/blog\/wp-content\/uploads\/2016\/09\/20140514_171649.jpg\" rel=\"attachment wp-att-5445\"><img loading=\"lazy\" decoding=\"async\" class=\"wp-image-5445 size-medium aligncenter\" src=\"https:\/\/www.vita-explorers.dk\/blog\/wp-content\/uploads\/2016\/09\/20140514_171649-300x225.jpg\" alt=\"B\u00e9n\u00e9volat international avec Globalong\" width=\"300\" height=\"225\" srcset=\"https:\/\/www.vita-explorers.dk\/blog\/wp-content\/uploads\/2016\/09\/20140514_171649-300x225.jpg 300w, https:\/\/www.vita-explorers.dk\/blog\/wp-content\/uploads\/2016\/09\/20140514_171649-768x576.jpg 768w, https:\/\/www.vita-explorers.dk\/blog\/wp-content\/uploads\/2016\/09\/20140514_171649-150x113.jpg 150w, https:\/\/www.vita-explorers.dk\/blog\/wp-content\/uploads\/2016\/09\/20140514_171649.jpg 1000w\" sizes=\"(max-width: 300px) 100vw, 300px\" \/><\/a>N\u00e6stek\u00e6rlighed handler om at r\u00e6kke ud til mennesker omkring os \u2013 uanset om vi kender dem eller ej.<\/h2>\n<p class=\"p1\" style=\"text-align: justify;\"><strong>Den bringer mennesker t\u00e6ttere p\u00e5 hinanden og styrker udveksling mellem lande, befolkninger og kulturer \u2013 og kan give en dybere forst\u00e5else for hinandens levevis og skabe en mere global solidaritet.<\/strong><\/p>\n<p class=\"p1\" style=\"text-align: justify;\">Hver dag giver enkeltpersoner, virksomheder, sm\u00e5 organisationer og foreninger noget af deres tid \u2013 og deres n\u00e6rv\u00e6r \u2013 for at give st\u00f8tte og tryghed til dem, der har brug for det.<\/p>\n<p class=\"p1\" style=\"text-align: justify;\"><a href=\"https:\/\/www.vita-explorers.dk\/blog\/wp-content\/uploads\/2016\/09\/64-canyon-San-Miguel-Rurrenabaque-15.38-07.avr_.2015.jpg\" rel=\"attachment wp-att-5458\"><img loading=\"lazy\" decoding=\"async\" class=\"wp-image-5458 aligncenter\" src=\"https:\/\/www.vita-explorers.dk\/blog\/wp-content\/uploads\/2016\/09\/64-canyon-San-Miguel-Rurrenabaque-15.38-07.avr_.2015.jpg\" alt=\"Mission volontaire international avec Globalong \" width=\"300\" height=\"450\" srcset=\"https:\/\/www.vita-explorers.dk\/blog\/wp-content\/uploads\/2016\/09\/64-canyon-San-Miguel-Rurrenabaque-15.38-07.avr_.2015.jpg 1067w, https:\/\/www.vita-explorers.dk\/blog\/wp-content\/uploads\/2016\/09\/64-canyon-San-Miguel-Rurrenabaque-15.38-07.avr_.2015-200x300.jpg 200w, https:\/\/www.vita-explorers.dk\/blog\/wp-content\/uploads\/2016\/09\/64-canyon-San-Miguel-Rurrenabaque-15.38-07.avr_.2015-768x1152.jpg 768w, https:\/\/www.vita-explorers.dk\/blog\/wp-content\/uploads\/2016\/09\/64-canyon-San-Miguel-Rurrenabaque-15.38-07.avr_.2015-683x1024.jpg 683w, https:\/\/www.vita-explorers.dk\/blog\/wp-content\/uploads\/2016\/09\/64-canyon-San-Miguel-Rurrenabaque-15.38-07.avr_.2015-100x150.jpg 100w\" sizes=\"(max-width: 300px) 100vw, 300px\" \/><\/a><strong>Det er vigtigt at st\u00f8tte den positive udvikling,<\/strong> der g\u00f8r en reel forskel for mennesker med f\u00e6rre muligheder \u2013 og dermed ogs\u00e5 for deres lokalsamfund og land.<\/p>\n<p class=\"p1\" style=\"text-align: justify;\"><strong>FN\u2019s Generalforsamling<\/strong> har udpeget <strong>den 5. september som den internationale dag for <a href=\"https:\/\/www.vita-explorers.dk\/blog\/velg\u00f8renhed-forening-frivilligt-arbejde-internationalt-forl\u00f8b-hj\u00e6lpe-solidaritet\/\" target=\"_blank\" rel=\"noopener\">n\u00e6stek\u00e6rlighed<\/a><\/strong> til minde om Moder Teresa, som satte et varigt pr\u00e6g p\u00e5 humanit\u00e6rt arbejde.<\/p>\n<p class=\"p1\" style=\"text-align: justify;\"><strong>Nelson Mandela<\/strong> sagde i sin tale den <strong>3. februar 2005<\/strong> p\u00e5 Trafalgar Square disse markante ord til verdens magthavere:<\/p>\n<p class=\"p1\" style=\"text-align: justify;\"><strong><em>\u201dAt bek\u00e6mpe fattigdom er ikke en handling af n\u00e6stek\u00e6rlighed. Det er en retf\u00e6rdighedshandling. Det handler om at beskytte grundl\u00e6ggende menneskerettigheder \u2013 retten til at leve v\u00e6rdigt, frit og under ordentlige forhold. S\u00e5 l\u00e6nge fattigdom best\u00e5r, kan der ikke v\u00e6re virkelig frihed.\u201d<\/em><\/strong><\/p>\n<p class=\"p1\" style=\"text-align: justify;\">Blandt de 7 milliarder mennesker p\u00e5 Jorden lever mange i fattigdom.<\/p>\n<p class=\"p1\" style=\"text-align: justify;\">Gennem n\u00e6stek\u00e6rlighed kan mennesker, der har mulighed for at g\u00f8re en forskel, <strong>st\u00f8tte udviklingslande<\/strong> i at h\u00e5ndtere denne store udfordring.<\/p>\n<p class=\"p1\" style=\"text-align: justify;\"><a href=\"https:\/\/www.vita-explorers.dk\/blog\/wp-content\/uploads\/2016\/09\/Hindu-au-Ne\u0301pal.jpg\" rel=\"attachment wp-att-5447\"><img loading=\"lazy\" decoding=\"async\" class=\"wp-image-5447 size-medium aligncenter\" src=\"https:\/\/www.vita-explorers.dk\/blog\/wp-content\/uploads\/2016\/09\/Hindu-au-Ne\u0301pal-300x225.jpg\" alt=\"Mission de b\u00e9n\u00e9volat au N\u00e9pal Globalong\" width=\"300\" height=\"225\" srcset=\"https:\/\/www.vita-explorers.dk\/blog\/wp-content\/uploads\/2016\/09\/Hindu-au-Ne\u0301pal-300x225.jpg 300w, https:\/\/www.vita-explorers.dk\/blog\/wp-content\/uploads\/2016\/09\/Hindu-au-Ne\u0301pal-768x576.jpg 768w, https:\/\/www.vita-explorers.dk\/blog\/wp-content\/uploads\/2016\/09\/Hindu-au-Ne\u0301pal-150x113.jpg 150w, https:\/\/www.vita-explorers.dk\/blog\/wp-content\/uploads\/2016\/09\/Hindu-au-Ne\u0301pal.jpg 960w\" sizes=\"(max-width: 300px) 100vw, 300px\" \/><\/a>Gennem forskellige <a href=\"https:\/\/www.vita-explorers.dk\/blog\/avis-globalong\/benevolat-madagascar-humanitaire-alphabetisation\/\" target=\"_blank\" rel=\"noopener\">forl\u00f8b med frivilligt arbejde,<\/a> kan <strong>deltagere<\/strong> give af deres tid og bidrage til at styrke lokalsamfunds levevilk\u00e5r \u2013 blandt andet ved at undervise b\u00f8rn, st\u00f8tte deres l\u00e6ring og arbejde med sundhedsoplysning.<\/p>\n<p class=\"p1\" style=\"text-align: justify;\">Lokalsamfund kan vokse sig st\u00e6rkere og fors\u00f8ge at bremse fattigdom \u2013 og det er i den proces, at nye muligheder opst\u00e5r.<\/p>\n<p class=\"p1\" style=\"text-align: justify;\"><strong>N\u00e5r du engagerer dig, bliver du ogs\u00e5 en del af en udvikling, der bygger p\u00e5 menneskelig st\u00f8tte og f\u00e6llesskab.<\/strong><\/p>\n<p class=\"p1\" style=\"text-align: justify;\"><a href=\"https:\/\/www.vita-explorers.dk\/blog\/wp-content\/uploads\/2016\/09\/Be\u0301ne\u0301volat-international-avec-des-enfants-en-Inde-du-Sud-Globalong.jpg\" rel=\"attachment wp-att-5465\"><img loading=\"lazy\" decoding=\"async\" class=\"wp-image-5465 size-medium aligncenter\" src=\"https:\/\/www.vita-explorers.dk\/blog\/wp-content\/uploads\/2016\/09\/Be\u0301ne\u0301volat-international-avec-des-enfants-en-Inde-du-Sud-Globalong-300x169.jpg\" alt=\"Mission de b\u00e9n\u00e9volat international avec Globalong en Inde du Sud\" width=\"300\" height=\"169\" srcset=\"https:\/\/www.vita-explorers.dk\/blog\/wp-content\/uploads\/2016\/09\/Be\u0301ne\u0301volat-international-avec-des-enfants-en-Inde-du-Sud-Globalong-300x169.jpg 300w, https:\/\/www.vita-explorers.dk\/blog\/wp-content\/uploads\/2016\/09\/Be\u0301ne\u0301volat-international-avec-des-enfants-en-Inde-du-Sud-Globalong-768x432.jpg 768w, https:\/\/www.vita-explorers.dk\/blog\/wp-content\/uploads\/2016\/09\/Be\u0301ne\u0301volat-international-avec-des-enfants-en-Inde-du-Sud-Globalong-1024x576.jpg 1024w, https:\/\/www.vita-explorers.dk\/blog\/wp-content\/uploads\/2016\/09\/Be\u0301ne\u0301volat-international-avec-des-enfants-en-Inde-du-Sud-Globalong-150x84.jpg 150w, https:\/\/www.vita-explorers.dk\/blog\/wp-content\/uploads\/2016\/09\/Be\u0301ne\u0301volat-international-avec-des-enfants-en-Inde-du-Sud-Globalong.jpg 1280w\" sizes=\"(max-width: 300px) 100vw, 300px\" \/><\/a><strong>VITA<\/strong> takker alle <strong>deltagere<\/strong> og alle dem, der hver dag g\u00f8r en indsats for mennesker i en sv\u00e6r situation \u2013 ved at give tid, opm\u00e6rksomhed og omsorg.<\/p>\n<p class=\"p1\" style=\"text-align: justify;\"><strong>Du kan ogs\u00e5 engagere dig ved at blive en del af et<\/strong> <span style=\"text-decoration: underline;\"><span style=\"color: #b81657;\"><a style=\"color: #b81657; text-decoration: underline;\" href=\"https:\/\/www.vita-explorers.dk\" target=\"_blank\" rel=\"noopener\">frivilligforl\u00f8b<\/a><\/span><\/span> <strong>hos VITA.<\/strong><\/p>\n<p class=\"p1\" style=\"text-align: justify;\">Vil du h\u00f8re mere, er du velkommen til at kontakte os p\u00e5 <span style=\"text-decoration: underline; color: #b81657;\"><span style=\"text-decoration: underline;\"><a style=\"color: #b81657; text-decoration: underline;\" href=\"mailto:info@globalong.com\">info@globalong.com<\/a><\/span><\/span><\/p>\n<p class=\"p1\" style=\"text-align: justify;\">Se endnu flere billeder, <span style=\"text-decoration: underline;\"><span style=\"color: #b81657; text-decoration: underline;\"><a style=\"color: #b81657; text-decoration: underline;\" href=\"https:\/\/www.flickr.com\/photos\/globalong\/albums\" target=\"_blank\" rel=\"noopener\">lige her<\/a> <\/span><\/span>?<\/p>\n","protected":false},"excerpt":{"rendered":"<p>Den 5. september s\u00e6tter fokus p\u00e5 international n\u00e6stek\u00e6rlighed \u2013 en v\u00e6rdi, der i stigende grad deles p\u00e5 tv\u00e6rs af lande, og som i dag\u2026<\/p>\n","protected":false},"author":1,"featured_media":5425,"comment_status":"open","ping_status":"open","sticky":false,"template":"","format":"standard","meta":{"footnotes":""},"categories":[13,191,12,8,1,6,3,4],"tags":[57,277,232,177,17,373,37,38,255,185,149,243,364,351,190,372,325,312],"yoast_head":"<!-- This site is optimized with the Yoast SEO Premium plugin v23.4 (Yoast SEO v23.4) - https:\/\/yoast.com\/wordpress\/plugins\/seo\/ -->\n<title>Hvorfor markere International Charity Day - VITA Explorers Blog<\/title>\n<meta name=\"description\" content=\"Sensibilisez-vous \u00e0 la Journ\u00e9e internationale de la charit\u00e9 et rejoignez le mouvement mondial pour aider les personnes dans le besoin.\" \/>\n<meta name=\"robots\" content=\"index, follow, max-snippet:-1, max-image-preview:large, max-video-preview:-1\" \/>\n<link rel=\"canonical\" href=\"https:\/\/www.vita-explorers.dk\/blog\/velgorenhedsdag-forlob-frivilligt-arbejde-asien-afrika-amerika-internationalt-praktik-i-udlandet-vita-boern-sundhed\/\" \/>\n<meta property=\"og:locale\" content=\"da_DK\" \/>\n<meta property=\"og:type\" content=\"article\" \/>\n<meta property=\"og:title\" content=\"Den internationale velg\u00f8renhedsdag\" \/>\n<meta property=\"og:description\" content=\"Sensibilisez-vous \u00e0 la Journ\u00e9e internationale de la charit\u00e9 et rejoignez le mouvement mondial pour aider les personnes dans le besoin.\" \/>\n<meta property=\"og:url\" content=\"https:\/\/www.vita-explorers.dk\/blog\/velgorenhedsdag-forlob-frivilligt-arbejde-asien-afrika-amerika-internationalt-praktik-i-udlandet-vita-boern-sundhed\/\" \/>\n<meta property=\"og:site_name\" content=\"VITA Explorers Blog\" \/>\n<meta property=\"article:publisher\" content=\"https:\/\/www.facebook.com\/globalong\" \/>\n<meta property=\"article:published_time\" content=\"2016-09-05T14:30:34+00:00\" \/>\n<meta property=\"article:modified_time\" content=\"2024-10-13T13:20:25+00:00\" \/>\n<meta property=\"og:image\" content=\"https:\/\/www.vita-explorers.dk\/blog\/wp-content\/uploads\/2016\/09\/Mission-de-be\u0301ne\u0301volat-avec-les-enfants-Globalong.jpg\" \/>\n\t<meta property=\"og:image:width\" content=\"1024\" \/>\n\t<meta property=\"og:image:height\" content=\"768\" \/>\n\t<meta property=\"og:image:type\" content=\"image\/jpeg\" \/>\n<meta name=\"author\" content=\"VITA Tribe\" \/>\n<meta name=\"twitter:card\" content=\"summary_large_image\" \/>\n<meta name=\"twitter:label1\" content=\"Skrevet af\" \/>\n\t<meta name=\"twitter:data1\" content=\"VITA Tribe\" \/>\n\t<meta name=\"twitter:label2\" content=\"Estimeret l\u00e6setid\" \/>\n\t<meta name=\"twitter:data2\" content=\"4 minutter\" \/>\n<script type=\"application\/ld+json\" class=\"yoast-schema-graph\">{\"@context\":\"https:\/\/schema.org\",\"@graph\":[{\"@type\":\"Article\",\"@id\":\"https:\/\/www.vita-explorers.dk\/blog\/velgorenhedsdag-forlob-frivilligt-arbejde-asien-afrika-amerika-internationalt-praktik-i-udlandet-vita-boern-sundhed\/#article\",\"isPartOf\":{\"@id\":\"https:\/\/www.vita-explorers.dk\/blog\/velgorenhedsdag-forlob-frivilligt-arbejde-asien-afrika-amerika-internationalt-praktik-i-udlandet-vita-boern-sundhed\/\"},\"author\":{\"name\":\"VITA Tribe\",\"@id\":\"https:\/\/www.vita-explorers.dk\/blog\/#\/schema\/person\/d7df267b64f23018d1dc519e78fb2735\"},\"headline\":\"Den internationale velg\u00f8renhedsdag\",\"datePublished\":\"2016-09-05T14:30:34+00:00\",\"dateModified\":\"2024-10-13T13:20:25+00:00\",\"mainEntityOfPage\":{\"@id\":\"https:\/\/www.vita-explorers.dk\/blog\/velgorenhedsdag-forlob-frivilligt-arbejde-asien-afrika-amerika-internationalt-praktik-i-udlandet-vita-boern-sundhed\/\"},\"wordCount\":441,\"commentCount\":0,\"publisher\":{\"@id\":\"https:\/\/www.vita-explorers.dk\/blog\/#organization\"},\"image\":{\"@id\":\"https:\/\/www.vita-explorers.dk\/blog\/velgorenhedsdag-forlob-frivilligt-arbejde-asien-afrika-amerika-internationalt-praktik-i-udlandet-vita-boern-sundhed\/#primaryimage\"},\"thumbnailUrl\":\"https:\/\/www.vita-explorers.dk\/blog\/wp-content\/uploads\/2016\/09\/Mission-de-be\u0301ne\u0301volat-avec-les-enfants-Globalong.jpg\",\"keywords\":[\"afrique\",\"aide\",\"Am\u00e9riques\",\"asie\",\"b\u00e9n\u00e9volat\",\"charit\u00e9\",\"don\",\"enfants\",\"etranger\",\"globalong\",\"humanitaire\",\"international\",\"journ\u00e9e mondiale\",\"m\u00e9dical\",\"mission\",\"projet\",\"stage\",\"volontaires\"],\"articleSection\":[\"Afrika\",\"Amerika\",\"Asien\",\"Humanit\u00e6rt frivilligt arbejde\",\"No Name\",\"Nyheder\",\"Rejser - generelle oplysninger\",\"VITA Explorers\"],\"inLanguage\":\"da-DK\",\"potentialAction\":[{\"@type\":\"CommentAction\",\"name\":\"Comment\",\"target\":[\"https:\/\/www.vita-explorers.dk\/blog\/velgorenhedsdag-forlob-frivilligt-arbejde-asien-afrika-amerika-internationalt-praktik-i-udlandet-vita-boern-sundhed\/#respond\"]}]},{\"@type\":\"WebPage\",\"@id\":\"https:\/\/www.vita-explorers.dk\/blog\/velgorenhedsdag-forlob-frivilligt-arbejde-asien-afrika-amerika-internationalt-praktik-i-udlandet-vita-boern-sundhed\/\",\"url\":\"https:\/\/www.vita-explorers.dk\/blog\/velgorenhedsdag-forlob-frivilligt-arbejde-asien-afrika-amerika-internationalt-praktik-i-udlandet-vita-boern-sundhed\/\",\"name\":\"Hvorfor markere International Charity Day - VITA Explorers Blog\",\"isPartOf\":{\"@id\":\"https:\/\/www.vita-explorers.dk\/blog\/#website\"},\"primaryImageOfPage\":{\"@id\":\"https:\/\/www.vita-explorers.dk\/blog\/velgorenhedsdag-forlob-frivilligt-arbejde-asien-afrika-amerika-internationalt-praktik-i-udlandet-vita-boern-sundhed\/#primaryimage\"},\"image\":{\"@id\":\"https:\/\/www.vita-explorers.dk\/blog\/velgorenhedsdag-forlob-frivilligt-arbejde-asien-afrika-amerika-internationalt-praktik-i-udlandet-vita-boern-sundhed\/#primaryimage\"},\"thumbnailUrl\":\"https:\/\/www.vita-explorers.dk\/blog\/wp-content\/uploads\/2016\/09\/Mission-de-be\u0301ne\u0301volat-avec-les-enfants-Globalong.jpg\",\"datePublished\":\"2016-09-05T14:30:34+00:00\",\"dateModified\":\"2024-10-13T13:20:25+00:00\",\"description\":\"Sensibilisez-vous \u00e0 la Journ\u00e9e internationale de la charit\u00e9 et rejoignez le mouvement mondial pour aider les personnes dans le besoin.\",\"breadcrumb\":{\"@id\":\"https:\/\/www.vita-explorers.dk\/blog\/velgorenhedsdag-forlob-frivilligt-arbejde-asien-afrika-amerika-internationalt-praktik-i-udlandet-vita-boern-sundhed\/#breadcrumb\"},\"inLanguage\":\"da-DK\",\"potentialAction\":[{\"@type\":\"ReadAction\",\"target\":[\"https:\/\/www.vita-explorers.dk\/blog\/velgorenhedsdag-forlob-frivilligt-arbejde-asien-afrika-amerika-internationalt-praktik-i-udlandet-vita-boern-sundhed\/\"]}]},{\"@type\":\"ImageObject\",\"inLanguage\":\"da-DK\",\"@id\":\"https:\/\/www.vita-explorers.dk\/blog\/velgorenhedsdag-forlob-frivilligt-arbejde-asien-afrika-amerika-internationalt-praktik-i-udlandet-vita-boern-sundhed\/#primaryimage\",\"url\":\"https:\/\/www.vita-explorers.dk\/blog\/wp-content\/uploads\/2016\/09\/Mission-de-be\u0301ne\u0301volat-avec-les-enfants-Globalong.jpg\",\"contentUrl\":\"https:\/\/www.vita-explorers.dk\/blog\/wp-content\/uploads\/2016\/09\/Mission-de-be\u0301ne\u0301volat-avec-les-enfants-Globalong.jpg\",\"width\":1024,\"height\":768,\"caption\":\"Journ\u00e9e internationale de la charit\u00e9\"},{\"@type\":\"BreadcrumbList\",\"@id\":\"https:\/\/www.vita-explorers.dk\/blog\/velgorenhedsdag-forlob-frivilligt-arbejde-asien-afrika-amerika-internationalt-praktik-i-udlandet-vita-boern-sundhed\/#breadcrumb\",\"itemListElement\":[{\"@type\":\"ListItem\",\"position\":1,\"name\":\"Accueil\",\"item\":\"https:\/\/www.vita-explorers.dk\/blog\/\"},{\"@type\":\"ListItem\",\"position\":2,\"name\":\"Den internationale velg\u00f8renhedsdag\"}]},{\"@type\":\"WebSite\",\"@id\":\"https:\/\/www.vita-explorers.dk\/blog\/#website\",\"url\":\"https:\/\/www.vita-explorers.dk\/blog\/\",\"name\":\"Association Globalong\",\"description\":\"Frivilligt arbejde, sprogophold, praktik i udlandet og internationale oplevelser\",\"publisher\":{\"@id\":\"https:\/\/www.vita-explorers.dk\/blog\/#organization\"},\"potentialAction\":[{\"@type\":\"SearchAction\",\"target\":{\"@type\":\"EntryPoint\",\"urlTemplate\":\"https:\/\/www.vita-explorers.dk\/blog\/?s={search_term_string}\"},\"query-input\":{\"@type\":\"PropertyValueSpecification\",\"valueRequired\":true,\"valueName\":\"search_term_string\"}}],\"inLanguage\":\"da-DK\"},{\"@type\":\"Organization\",\"@id\":\"https:\/\/www.vita-explorers.dk\/blog\/#organization\",\"name\":\"Association Globalong\",\"url\":\"https:\/\/www.vita-explorers.dk\/blog\/\",\"logo\":{\"@type\":\"ImageObject\",\"inLanguage\":\"da-DK\",\"@id\":\"https:\/\/www.vita-explorers.dk\/blog\/#\/schema\/logo\/image\/\",\"url\":\"https:\/\/www.globalong.com\/blog\/wp-content\/uploads\/2014\/11\/cropped-cropped-Logo-et-Afrique-Globalong-petite-taille-2.jpg\",\"contentUrl\":\"https:\/\/www.globalong.com\/blog\/wp-content\/uploads\/2014\/11\/cropped-cropped-Logo-et-Afrique-Globalong-petite-taille-2.jpg\",\"width\":512,\"height\":512,\"caption\":\"Association Globalong\"},\"image\":{\"@id\":\"https:\/\/www.vita-explorers.dk\/blog\/#\/schema\/logo\/image\/\"},\"sameAs\":[\"https:\/\/www.facebook.com\/globalong\"]},{\"@type\":\"Person\",\"@id\":\"https:\/\/www.vita-explorers.dk\/blog\/#\/schema\/person\/d7df267b64f23018d1dc519e78fb2735\",\"name\":\"VITA Tribe\",\"image\":{\"@type\":\"ImageObject\",\"inLanguage\":\"da-DK\",\"@id\":\"https:\/\/www.vita-explorers.dk\/blog\/#\/schema\/person\/image\/\",\"url\":\"https:\/\/secure.gravatar.com\/avatar\/81461bcc213d0ff2bdc043d4206648f0?s=96&d=mm&r=g\",\"contentUrl\":\"https:\/\/secure.gravatar.com\/avatar\/81461bcc213d0ff2bdc043d4206648f0?s=96&d=mm&r=g\",\"caption\":\"VITA Tribe\"},\"sameAs\":[\"https:\/\/www.globalong.com\"],\"url\":\"https:\/\/www.vita-explorers.dk\/blog\/author\/sophie\/\"}]}<\/script>\n<!-- \/ Yoast SEO Premium plugin. -->","yoast_head_json":{"title":"Hvorfor markere International Charity Day - VITA Explorers Blog","description":"Sensibilisez-vous \u00e0 la Journ\u00e9e internationale de la charit\u00e9 et rejoignez le mouvement mondial pour aider les personnes dans le besoin.","robots":{"index":"index","follow":"follow","max-snippet":"max-snippet:-1","max-image-preview":"max-image-preview:large","max-video-preview":"max-video-preview:-1"},"canonical":"https:\/\/www.vita-explorers.dk\/blog\/velgorenhedsdag-forlob-frivilligt-arbejde-asien-afrika-amerika-internationalt-praktik-i-udlandet-vita-boern-sundhed\/","og_locale":"da_DK","og_type":"article","og_title":"Den internationale velg\u00f8renhedsdag","og_description":"Sensibilisez-vous \u00e0 la Journ\u00e9e internationale de la charit\u00e9 et rejoignez le mouvement mondial pour aider les personnes dans le besoin.","og_url":"https:\/\/www.vita-explorers.dk\/blog\/velgorenhedsdag-forlob-frivilligt-arbejde-asien-afrika-amerika-internationalt-praktik-i-udlandet-vita-boern-sundhed\/","og_site_name":"VITA Explorers Blog","article_publisher":"https:\/\/www.facebook.com\/globalong","article_published_time":"2016-09-05T14:30:34+00:00","article_modified_time":"2024-10-13T13:20:25+00:00","og_image":[{"width":1024,"height":768,"url":"https:\/\/www.vita-explorers.dk\/blog\/wp-content\/uploads\/2016\/09\/Mission-de-be\u0301ne\u0301volat-avec-les-enfants-Globalong.jpg","type":"image\/jpeg"}],"author":"VITA Tribe","twitter_card":"summary_large_image","twitter_misc":{"Skrevet af":"VITA Tribe","Estimeret l\u00e6setid":"4 minutter"},"schema":{"@context":"https:\/\/schema.org","@graph":[{"@type":"Article","@id":"https:\/\/www.vita-explorers.dk\/blog\/velgorenhedsdag-forlob-frivilligt-arbejde-asien-afrika-amerika-internationalt-praktik-i-udlandet-vita-boern-sundhed\/#article","isPartOf":{"@id":"https:\/\/www.vita-explorers.dk\/blog\/velgorenhedsdag-forlob-frivilligt-arbejde-asien-afrika-amerika-internationalt-praktik-i-udlandet-vita-boern-sundhed\/"},"author":{"name":"VITA Tribe","@id":"https:\/\/www.vita-explorers.dk\/blog\/#\/schema\/person\/d7df267b64f23018d1dc519e78fb2735"},"headline":"Den internationale velg\u00f8renhedsdag","datePublished":"2016-09-05T14:30:34+00:00","dateModified":"2024-10-13T13:20:25+00:00","mainEntityOfPage":{"@id":"https:\/\/www.vita-explorers.dk\/blog\/velgorenhedsdag-forlob-frivilligt-arbejde-asien-afrika-amerika-internationalt-praktik-i-udlandet-vita-boern-sundhed\/"},"wordCount":441,"commentCount":0,"publisher":{"@id":"https:\/\/www.vita-explorers.dk\/blog\/#organization"},"image":{"@id":"https:\/\/www.vita-explorers.dk\/blog\/velgorenhedsdag-forlob-frivilligt-arbejde-asien-afrika-amerika-internationalt-praktik-i-udlandet-vita-boern-sundhed\/#primaryimage"},"thumbnailUrl":"https:\/\/www.vita-explorers.dk\/blog\/wp-content\/uploads\/2016\/09\/Mission-de-be\u0301ne\u0301volat-avec-les-enfants-Globalong.jpg","keywords":["afrique","aide","Am\u00e9riques","asie","b\u00e9n\u00e9volat","charit\u00e9","don","enfants","etranger","globalong","humanitaire","international","journ\u00e9e mondiale","m\u00e9dical","mission","projet","stage","volontaires"],"articleSection":["Afrika","Amerika","Asien","Humanit\u00e6rt frivilligt arbejde","No Name","Nyheder","Rejser - generelle oplysninger","VITA Explorers"],"inLanguage":"da-DK","potentialAction":[{"@type":"CommentAction","name":"Comment","target":["https:\/\/www.vita-explorers.dk\/blog\/velgorenhedsdag-forlob-frivilligt-arbejde-asien-afrika-amerika-internationalt-praktik-i-udlandet-vita-boern-sundhed\/#respond"]}]},{"@type":"WebPage","@id":"https:\/\/www.vita-explorers.dk\/blog\/velgorenhedsdag-forlob-frivilligt-arbejde-asien-afrika-amerika-internationalt-praktik-i-udlandet-vita-boern-sundhed\/","url":"https:\/\/www.vita-explorers.dk\/blog\/velgorenhedsdag-forlob-frivilligt-arbejde-asien-afrika-amerika-internationalt-praktik-i-udlandet-vita-boern-sundhed\/","name":"Hvorfor markere International Charity Day - VITA Explorers Blog","isPartOf":{"@id":"https:\/\/www.vita-explorers.dk\/blog\/#website"},"primaryImageOfPage":{"@id":"https:\/\/www.vita-explorers.dk\/blog\/velgorenhedsdag-forlob-frivilligt-arbejde-asien-afrika-amerika-internationalt-praktik-i-udlandet-vita-boern-sundhed\/#primaryimage"},"image":{"@id":"https:\/\/www.vita-explorers.dk\/blog\/velgorenhedsdag-forlob-frivilligt-arbejde-asien-afrika-amerika-internationalt-praktik-i-udlandet-vita-boern-sundhed\/#primaryimage"},"thumbnailUrl":"https:\/\/www.vita-explorers.dk\/blog\/wp-content\/uploads\/2016\/09\/Mission-de-be\u0301ne\u0301volat-avec-les-enfants-Globalong.jpg","datePublished":"2016-09-05T14:30:34+00:00","dateModified":"2024-10-13T13:20:25+00:00","description":"Sensibilisez-vous \u00e0 la Journ\u00e9e internationale de la charit\u00e9 et rejoignez le mouvement mondial pour aider les personnes dans le besoin.","breadcrumb":{"@id":"https:\/\/www.vita-explorers.dk\/blog\/velgorenhedsdag-forlob-frivilligt-arbejde-asien-afrika-amerika-internationalt-praktik-i-udlandet-vita-boern-sundhed\/#breadcrumb"},"inLanguage":"da-DK","potentialAction":[{"@type":"ReadAction","target":["https:\/\/www.vita-explorers.dk\/blog\/velgorenhedsdag-forlob-frivilligt-arbejde-asien-afrika-amerika-internationalt-praktik-i-udlandet-vita-boern-sundhed\/"]}]},{"@type":"ImageObject","inLanguage":"da-DK","@id":"https:\/\/www.vita-explorers.dk\/blog\/velgorenhedsdag-forlob-frivilligt-arbejde-asien-afrika-amerika-internationalt-praktik-i-udlandet-vita-boern-sundhed\/#primaryimage","url":"https:\/\/www.vita-explorers.dk\/blog\/wp-content\/uploads\/2016\/09\/Mission-de-be\u0301ne\u0301volat-avec-les-enfants-Globalong.jpg","contentUrl":"https:\/\/www.vita-explorers.dk\/blog\/wp-content\/uploads\/2016\/09\/Mission-de-be\u0301ne\u0301volat-avec-les-enfants-Globalong.jpg","width":1024,"height":768,"caption":"Journ\u00e9e internationale de la charit\u00e9"},{"@type":"BreadcrumbList","@id":"https:\/\/www.vita-explorers.dk\/blog\/velgorenhedsdag-forlob-frivilligt-arbejde-asien-afrika-amerika-internationalt-praktik-i-udlandet-vita-boern-sundhed\/#breadcrumb","itemListElement":[{"@type":"ListItem","position":1,"name":"Accueil","item":"https:\/\/www.vita-explorers.dk\/blog\/"},{"@type":"ListItem","position":2,"name":"Den internationale velg\u00f8renhedsdag"}]},{"@type":"WebSite","@id":"https:\/\/www.vita-explorers.dk\/blog\/#website","url":"https:\/\/www.vita-explorers.dk\/blog\/","name":"Association Globalong","description":"Frivilligt arbejde, sprogophold, praktik i udlandet og internationale oplevelser","publisher":{"@id":"https:\/\/www.vita-explorers.dk\/blog\/#organization"},"potentialAction":[{"@type":"SearchAction","target":{"@type":"EntryPoint","urlTemplate":"https:\/\/www.vita-explorers.dk\/blog\/?s={search_term_string}"},"query-input":{"@type":"PropertyValueSpecification","valueRequired":true,"valueName":"search_term_string"}}],"inLanguage":"da-DK"},{"@type":"Organization","@id":"https:\/\/www.vita-explorers.dk\/blog\/#organization","name":"Association Globalong","url":"https:\/\/www.vita-explorers.dk\/blog\/","logo":{"@type":"ImageObject","inLanguage":"da-DK","@id":"https:\/\/www.vita-explorers.dk\/blog\/#\/schema\/logo\/image\/","url":"https:\/\/www.globalong.com\/blog\/wp-content\/uploads\/2014\/11\/cropped-cropped-Logo-et-Afrique-Globalong-petite-taille-2.jpg","contentUrl":"https:\/\/www.globalong.com\/blog\/wp-content\/uploads\/2014\/11\/cropped-cropped-Logo-et-Afrique-Globalong-petite-taille-2.jpg","width":512,"height":512,"caption":"Association Globalong"},"image":{"@id":"https:\/\/www.vita-explorers.dk\/blog\/#\/schema\/logo\/image\/"},"sameAs":["https:\/\/www.facebook.com\/globalong"]},{"@type":"Person","@id":"https:\/\/www.vita-explorers.dk\/blog\/#\/schema\/person\/d7df267b64f23018d1dc519e78fb2735","name":"VITA Tribe","image":{"@type":"ImageObject","inLanguage":"da-DK","@id":"https:\/\/www.vita-explorers.dk\/blog\/#\/schema\/person\/image\/","url":"https:\/\/secure.gravatar.com\/avatar\/81461bcc213d0ff2bdc043d4206648f0?s=96&d=mm&r=g","contentUrl":"https:\/\/secure.gravatar.com\/avatar\/81461bcc213d0ff2bdc043d4206648f0?s=96&d=mm&r=g","caption":"VITA Tribe"},"sameAs":["https:\/\/www.globalong.com"],"url":"https:\/\/www.vita-explorers.dk\/blog\/author\/sophie\/"}]}},"_links":{"self":[{"href":"https:\/\/www.vita-explorers.dk\/blog\/wp-json\/wp\/v2\/posts\/5444"}],"collection":[{"href":"https:\/\/www.vita-explorers.dk\/blog\/wp-json\/wp\/v2\/posts"}],"about":[{"href":"https:\/\/www.vita-explorers.dk\/blog\/wp-json\/wp\/v2\/types\/post"}],"author":[{"embeddable":true,"href":"https:\/\/www.vita-explorers.dk\/blog\/wp-json\/wp\/v2\/users\/1"}],"replies":[{"embeddable":true,"href":"https:\/\/www.vita-explorers.dk\/blog\/wp-json\/wp\/v2\/comments?post=5444"}],"version-history":[{"count":27,"href":"https:\/\/www.vita-explorers.dk\/blog\/wp-json\/wp\/v2\/posts\/5444\/revisions"}],"predecessor-version":[{"id":17827,"href":"https:\/\/www.vita-explorers.dk\/blog\/wp-json\/wp\/v2\/posts\/5444\/revisions\/17827"}],"wp:featuredmedia":[{"embeddable":true,"href":"https:\/\/www.vita-explorers.dk\/blog\/wp-json\/wp\/v2\/media\/5425"}],"wp:attachment":[{"href":"https:\/\/www.vita-explorers.dk\/blog\/wp-json\/wp\/v2\/media?parent=5444"}],"wp:term":[{"taxonomy":"category","embeddable":true,"href":"https:\/\/www.vita-explorers.dk\/blog\/wp-json\/wp\/v2\/categories?post=5444"},{"taxonomy":"post_tag","embeddable":true,"href":"https:\/\/www.vita-explorers.dk\/blog\/wp-json\/wp\/v2\/tags?post=5444"}],"curies":[{"name":"wp","href":"https:\/\/api.w.org\/{rel}","templated":true}]}}