{"id":557,"date":"2015-08-25T14:43:57","date_gmt":"2015-08-25T12:43:57","guid":{"rendered":"https:\/\/www.globalong.com\/blog\/?p=557"},"modified":"2024-09-18T18:00:00","modified_gmt":"2024-09-18T16:00:00","slug":"costa-rica-engageret-i-miljoebeskyttelse","status":"publish","type":"post","link":"https:\/\/www.vita-explorers.dk\/blog\/costa-rica-engageret-i-miljoebeskyttelse\/","title":{"rendered":"Costa Rica \u2013 et land med st\u00e6rkt fokus p\u00e5 milj\u00f8beskyttelse"},"content":{"rendered":"<h1 style=\"text-align: justify;\">Tag til Costa Rica og v\u00e6r med til at beskytte dyreliv og natur<\/h1>\n<p style=\"text-align: justify;\"><a href=\"https:\/\/www.vita-explorers.dk\/sprog-og-frivilligt-arbejde\/frivilligt-arbejde-spansk-costa-rica.html\" target=\"_blank\" rel=\"noopener\">Costa Rica<\/a> er en perle i Mellemamerika mellem Stillehavet og Det Caribiske Hav \u2013 kendt for frodige landskaber, lyse sandstrande og imponerende bjergomr\u00e5der. <strong>Landet fik tidligt tilnavnet \u00abden rige kyst\u00bb af Christoffer Columbus<\/strong> og er i dag et st\u00e6rkt eksempel p\u00e5, hvordan naturbeskyttelse kan prioriteres i praksis. Costa Rica rummer nemlig omkring <strong>5 % af verdens biodiversitet<\/strong> og er derfor et oplagt valg for <a href=\"https:\/\/www.vita-explorers.dk\/blog\/ansvarlig-og-solidarisk-turisme-frivilligt-arbejde-humanitaere-forloeb-og-studiepraktik-vita\/\" target=\"_blank\" rel=\"noopener\">ansvarlige ophold, frivilligt arbejde og b\u00e6redygtig turisme.<\/a><\/p>\n<p style=\"text-align: justify;\">Med m\u00e5lrettede indsatser for at passe p\u00e5 dyre- og planteliv kommer deltagere fra hele verden for at bidrage til beskyttelsen af truede arter. Blandt forl\u00f8bene kan man blandt andet v\u00e6re med i et sanctuary, hvor man kommer t\u00e6t p\u00e5 dovendyr \u2013 et fascinerende og ikonisk dyr i regionen. Og det er kun \u00e9t af flere mulige projekter.<\/p>\n<h3 style=\"text-align: justify;\">Sanctuary: Et fristed for dovendyr<\/h3>\n<p style=\"text-align: justify;\">Sanctuaryet blev etableret i 1997 og er et s\u00e6rligt redningscenter for for\u00e6ldrel\u00f8se og tilskadekomne dovendyr. Drevet af to ildsj\u00e6le har stedet udviklet sig til en frontl\u00f8ber inden for rehabilitering af dovendyr \u2013 en art, der ofte p\u00e5virkes af skovrydning og tab af levesteder. Siden opstarten er mere end 150 dovendyr blevet taget ind, behandlet og sat ud i naturen igen.<\/p>\n<p style=\"text-align: justify;\"><a href=\"https:\/\/www.vita-explorers.dk\/volontariat-international.html\">Internationale deltagere<\/a> p\u00e5 sanctuaryet har en vigtig rolle i pleje og rehabilitering. De hj\u00e6lper blandt andet med at forberede foder, reng\u00f8re omr\u00e5derne og observere dyrenes adf\u00e6rd. N\u00e5r dovendyrene er raske, gennemg\u00e5r de en periode, hvor de genl\u00e6rer naturlige f\u00e6rdigheder, f\u00f8r de igen kan blive sat ud i regnskoven.<\/p>\n<p style=\"text-align: justify;\">En oplevelse, mange husker l\u00e6nge, er n\u00e5r dovendyrene f\u00e5r et s\u00e6rligt bad med teblade \u2013 en lokal tradition, der hj\u00e6lper med at holde pelsen ren og mindske risikoen for parasitter. Plejesituationer som disse giver ro omkring dyrene og skaber samtidig en tryg ramme for arbejdet.<\/p>\n<h3 style=\"text-align: justify;\">L\u00e6r spansk i praksis og deltag i et forl\u00f8b med naturbeskyttelse<\/h3>\n<p style=\"text-align: justify;\">VITA Institute tilbyder forl\u00f8b i samarbejde med sprogskoler og lokale akt\u00f8rer i Costa Rica, hvor spanskundervisning kombineres med frivilligt arbejde. Det giver deltagerne mulighed for b\u00e5de at bidrage til beskyttelsen af det lokale dyreliv, l\u00e6re sproget og komme t\u00e6ttere p\u00e5 den costaricanske kultur i hverdagen.<\/p>\n<p style=\"text-align: justify;\">Forl\u00f8bet med fokus p\u00e5 naturbeskyttelse giver is\u00e6r mulighed for at arbejde i nationalparker med en us\u00e6dvanligt stor artsrigdom. Opgaverne kan blandt andet omfatte vedligeholdelse af stier i regnskoven, forbedring af parkens faciliteter samt overv\u00e5gning af truede arter som l\u00e6derskildpadder og Olive Ridley-skildpadder.<\/p>\n<p style=\"text-align: justify;\">Disse <a href=\"https:\/\/www.vita-explorers.dk\/sprog-og-frivilligt-arbejde\/frivilligt-arbejde-spansk-costa-rica\/costa-rica-nationalpark.html\">havskildpadder<\/a>, der kommer ind for at l\u00e6gge \u00e6g p\u00e5 <strong>Costa Ricas strande<\/strong>, er kritisk truede. Deltagere kan v\u00e6re med til at beskytte reder mod rovdyr og til at holde opsyn med strandene i \u00e6gl\u00e6gningss\u00e6sonen \u2013 en vigtig del af arbejdet for at bevare disse s\u00e6rlige dyr.<\/p>\n<h3 style=\"text-align: justify;\">En deltagers oplevelse: Et l\u00e6rerigt ophold i Costa Rica<\/h3>\n<p style=\"text-align: justify;\">Martin, som var i Costa Rica i ni uger med Globalong, deler sine erfaringer fra programmet. Ligesom mange andre \u00f8nskede han at kombinere et ophold i udlandet med noget, der gav ekstra mening \u2013 hvor sprog, kulturudveksling og konkret naturindsats g\u00e5r h\u00e5nd i h\u00e5nd.<\/p>\n<p style=\"text-align: justify;\"><strong>\u00abJeg ville opleve Latinamerika, l\u00e6re spansk og engagere mig i at passe p\u00e5 milj\u00f8et. Frivilligt arbejde virkede som et virkelig godt alternativ\u00bb, fort\u00e6ller han. Under opholdet var han b\u00e5de med til at beskytte havskildpadder og indgik i et milj\u00f8, hvor hj\u00e6lpsomhed og f\u00e6llesskab var i centrum.<\/strong><\/p>\n<p style=\"text-align: justify;\"><strong>\u00abHverdagen var ikke altid nem. Nogle af faciliteterne var slidte, men f\u00e6llesskabet mellem deltagerne og dem, der stod for forl\u00f8bet, gjorde en stor forskel. Jeg l\u00e6rte at give uden at forvente noget tilbage. Det var en st\u00e6rk menneskelig oplevelse, og jeg er glad for at have bidraget til at beskytte truede arter.\u00bb<\/strong><\/p>\n<p style=\"text-align: justify;\">Martin peger ogs\u00e5 p\u00e5, hvordan menneskelig aktivitet p\u00e5virker milj\u00f8et, og hvorfor frivilligt arbejde kan spille en rolle i beskyttelsen af s\u00e5rbare \u00f8kosystemer. \u00abMan ser tydeligt, hvor meget naturen er under pres \u2013 og hvor vigtigt det er at tage ansvar.\u00bb<\/p>\n<h3 style=\"text-align: justify;\">Hvad indeb\u00e6rer frivilligt arbejde i Costa Rica?<\/h3>\n<p style=\"text-align: justify;\"><strong>At deltage i et forl\u00f8b med frivilligt arbejde i Costa Rica<\/strong> giver b\u00e5de mulighed for at v\u00e6re med i vigtige naturprojekter og for at opleve et land med en enest\u00e5ende biodiversitet og kultur. Her er nogle af de typiske aktiviteter, du kan forvente som deltager:<\/p>\n<ul style=\"text-align: justify;\">\n<li><strong>Beskyttelse af truede arter<\/strong> : samarbejde med lokale biologer om at overv\u00e5ge og beskytte arter i fare, fx dovendyr, skildpadder og tropiske fugle.<\/li>\n<li><strong>Praktisk arbejde i nationalparker<\/strong> : hj\u00e6lp med vedligeholdelse af stier, reparation af faciliteter og formidling til bes\u00f8gende om naturbeskyttelse.<\/li>\n<li><strong>Lokalt engagement<\/strong> : dialog og oplysning i lokalomr\u00e5der om milj\u00f8beskyttelse og betydningen af biodiversitet.<\/li>\n<li><strong>Interkulturel l\u00e6ring<\/strong> : t\u00e6t kontakt med costaricansk kultur gennem spansk, m\u00f8der med lokale og deltagelse i lokale aktiviteter.<\/li>\n<\/ul>\n<p style=\"text-align: justify;\">Deltagere bor ofte hos v\u00e6rtsfamilier, hvilket giver en <strong>t\u00e6t og autentisk hverdag<\/strong> i landet. Det styrker samtidig sprogkompetencerne og giver et mere nuanceret indblik i kultur og samfund.<\/p>\n<h3 style=\"text-align: justify;\">Hvorfor v\u00e6lge Costa Rica til et forl\u00f8b med frivilligt arbejde?<\/h3>\n<p style=\"text-align: justify;\">Costa Rica er<strong> et popul\u00e6rt valg for b\u00e5de naturrejsende og deltagere fra hele verden,<\/strong> og det er ikke uden grund. Landet er kendt for sin prioritering af naturbeskyttelse og har opbygget et st\u00e6rkt netv\u00e6rk af nationalparker og naturreservater, der d\u00e6kker omkring 25 % af territoriet. Det g\u00f8r Costa Rica s\u00e6rligt interessant for dig, der gerne vil v\u00e6re t\u00e6t p\u00e5 naturen og samtidig bidrage til noget meningsfuldt.<\/p>\n<p style=\"text-align: justify;\">Derudover er Costa Rica anerkendt for sin ambiti\u00f8se tilgang til b\u00e6redygtig udvikling. Landet har sat klare m\u00e5l for at reducere sit klimaaftryk og samtidig bevare regnskove og biodiversitet gennem langsigtede initiativer.<\/p>\n<h3 style=\"text-align: justify;\">Hvordan bliver man deltager i Costa Rica?<\/h3>\n<p style=\"text-align: justify;\">At deltage i et forl\u00f8b med frivilligt arbejde i Costa Rica er enkelt og \u00e5bent for mange. Programmerne kan rumme deltagere i forskellige aldre og med forskellige baggrunde, og der kr\u00e6ves som udgangspunkt ikke s\u00e6rlige faglige foruds\u00e6tninger. Det vigtigste er lysten til at bidrage til et naturprojekt og interessen for dyreliv og milj\u00f8.<\/p>\n<p style=\"text-align: justify;\">Der er flere m\u00e5der at tilmelde sig p\u00e5. Du kan for eksempel g\u00e5 gennem organisationer som <a href=\"http:\/\/globalong.com\">Globalong<\/a>, der tilbyder strukturerede forl\u00f8b med indkvartering, introduktion og st\u00f8tte p\u00e5 stedet. Ofte indg\u00e5r ogs\u00e5 sprogundervisning, som g\u00f8r det lettere at falde til og f\u00e5 mere ud af opholdet.<\/p>\n<p style=\"text-align: justify;\"><strong>FAQ<\/strong><\/p>\n<p style=\"text-align: justify;\"><strong>Hvorfor deltage i frivilligt arbejde i Costa Rica?<br \/>\n<\/strong><br \/>\nCosta Rica har en helt s\u00e6rlig biodiversitet og mange muligheder for frivilligt arbejde, hvor du kan bidrage til at beskytte truede arter og bevare naturen.<\/p>\n<p style=\"text-align: justify;\"><strong>Hvilke typer forl\u00f8b findes der?<br \/>\n<\/strong><br \/>\nForl\u00f8b kan handle om artsbeskyttelse, naturindsats i nationalparker, beskyttelse af havskildpadder og rehabilitering af dovendyr.<\/p>\n<p style=\"text-align: justify;\"><strong>Skal man kunne spansk for at deltage?<br \/>\n<\/strong><br \/>\nSpansk er en fordel, men mange programmer tilbyder sprogkurser, som hj\u00e6lper deltagerne med at falde til.<\/p>\n<p style=\"text-align: justify;\"><strong>Hvor lang tid b\u00f8r et forl\u00f8b vare?<br \/>\n<\/strong><br \/>\nForl\u00f8b kan vare fra f\u00e5 uger til flere m\u00e5neder. Varigheden afh\u00e6nger af din tid og af, hvor dybt du \u00f8nsker at engagere dig.<\/p>\n<p style=\"text-align: justify;\"><strong>Hvor bor deltagerne?<br \/>\n<\/strong><br \/>\nMange bor hos v\u00e6rtsfamilier eller i f\u00e6lles indkvartering t\u00e6t p\u00e5 projektstederne, hvilket giver gode rammer for kulturudveksling.<\/p>\n<p style=\"text-align: justify;\"><strong>Hvilke dyr beskyttes i Costa Rica?<br \/>\n<\/strong><br \/>\nCosta Rica huser mange arter \u2013 blandt andet dovendyr, havskildpadder, tropiske fugle, aber og meget mere.<\/p>\n<p style=\"text-align: justify;\">Afslutningsvis giver Costa Rica en s\u00e6rlig mulighed for at kombinere rejseoplevelser med et ansvarligt forl\u00f8b, hvor du bidrager til at passe p\u00e5 naturarven. Uanset om du arbejder med rehabilitering af dovendyr eller beskyttelse af havskildpadder, er du med til at st\u00f8tte bevaringen af biodiversitet \u2013 og f\u00e5r samtidig erfaringer, der typisk s\u00e6tter sig som varige perspektiver.<\/p>\n<p class=\"p4\" style=\"text-align: center;\"><strong>For mere information er du velkommen til at kontakte os p\u00e5 <a href=\"mailto:info@globalong.com\"><span class=\"s2\">info@globalong.com<\/span><\/a><\/strong><\/p>\n<p class=\"p4\" style=\"text-align: center;\"><strong>Vil du vide mere om VITA Institute og vores community, s\u00e5 f\u00f8lg med p\u00e5 <a href=\"https:\/\/www.instagram.com\/globalongofficiel\/\"><span class=\"s2\">Instagram<\/span><\/a>, <a href=\"https:\/\/www.facebook.com\/globalong\"><span class=\"s2\">Facebook<\/span><\/a>, <a href=\"https:\/\/www.linkedin.com\/company\/5113177\/admin\/feed\/posts\/\"><span class=\"s2\">LinkedIn<\/span><\/a> og <a href=\"https:\/\/www.youtube.com\/c\/globalong\/videos\"><span class=\"s2\">Youtube<\/span><\/a> ! <\/strong><\/p>\n","protected":false},"excerpt":{"rendered":"<p>Tag til Costa Rica og v\u00e6r med til at beskytte dyreliv og natur Costa Rica er en perle i Mellemamerika mellem Stillehavet og Det\u2026<\/p>\n","protected":false},"author":1,"featured_media":558,"comment_status":"open","ping_status":"open","sticky":false,"template":"","format":"standard","meta":{"footnotes":""},"categories":[191,11,8,6,5,4],"tags":[49,99,16,15],"yoast_head":"<!-- This site is optimized with the Yoast SEO Premium plugin v23.4 (Yoast SEO v23.4) - https:\/\/yoast.com\/wordpress\/plugins\/seo\/ -->\n<title>Costa Rica \u2013 et land med st\u00e6rkt fokus p\u00e5 milj\u00f8beskyttelse - VITA Explorers Blog<\/title>\n<meta name=\"robots\" content=\"index, follow, max-snippet:-1, max-image-preview:large, max-video-preview:-1\" \/>\n<link rel=\"canonical\" href=\"https:\/\/www.vita-explorers.dk\/blog\/costa-rica-engageret-i-miljoebeskyttelse\/\" \/>\n<meta property=\"og:locale\" content=\"da_DK\" \/>\n<meta property=\"og:type\" content=\"article\" \/>\n<meta property=\"og:title\" content=\"Costa Rica \u2013 et land med st\u00e6rkt fokus p\u00e5 milj\u00f8beskyttelse\" \/>\n<meta property=\"og:description\" content=\"Tag til Costa Rica og v\u00e6r med til at beskytte dyreliv og natur Costa Rica er en perle i Mellemamerika mellem Stillehavet og Det\u2026\" \/>\n<meta property=\"og:url\" content=\"https:\/\/www.vita-explorers.dk\/blog\/costa-rica-engageret-i-miljoebeskyttelse\/\" \/>\n<meta property=\"og:site_name\" content=\"VITA Explorers Blog\" \/>\n<meta property=\"article:publisher\" content=\"https:\/\/www.facebook.com\/globalong\" \/>\n<meta property=\"article:published_time\" content=\"2015-08-25T12:43:57+00:00\" \/>\n<meta property=\"article:modified_time\" content=\"2024-09-18T16:00:00+00:00\" \/>\n<meta property=\"og:image\" content=\"https:\/\/www.vita-explorers.dk\/blog\/wp-content\/uploads\/2015\/08\/198365_3574176152897_1107177850_n.jpg\" \/>\n\t<meta property=\"og:image:width\" content=\"960\" \/>\n\t<meta property=\"og:image:height\" content=\"720\" \/>\n\t<meta property=\"og:image:type\" content=\"image\/jpeg\" \/>\n<meta name=\"author\" content=\"VITA Tribe\" \/>\n<meta name=\"twitter:card\" content=\"summary_large_image\" \/>\n<meta name=\"twitter:label1\" content=\"Skrevet af\" \/>\n\t<meta name=\"twitter:data1\" content=\"VITA Tribe\" \/>\n\t<meta name=\"twitter:label2\" content=\"Estimeret l\u00e6setid\" \/>\n\t<meta name=\"twitter:data2\" content=\"7 minutter\" \/>\n<script type=\"application\/ld+json\" class=\"yoast-schema-graph\">{\"@context\":\"https:\/\/schema.org\",\"@graph\":[{\"@type\":\"Article\",\"@id\":\"https:\/\/www.vita-explorers.dk\/blog\/costa-rica-engageret-i-miljoebeskyttelse\/#article\",\"isPartOf\":{\"@id\":\"https:\/\/www.vita-explorers.dk\/blog\/costa-rica-engageret-i-miljoebeskyttelse\/\"},\"author\":{\"name\":\"VITA Tribe\",\"@id\":\"https:\/\/www.vita-explorers.dk\/blog\/#\/schema\/person\/d7df267b64f23018d1dc519e78fb2735\"},\"headline\":\"Costa Rica \u2013 et land med st\u00e6rkt fokus p\u00e5 milj\u00f8beskyttelse\",\"datePublished\":\"2015-08-25T12:43:57+00:00\",\"dateModified\":\"2024-09-18T16:00:00+00:00\",\"mainEntityOfPage\":{\"@id\":\"https:\/\/www.vita-explorers.dk\/blog\/costa-rica-engageret-i-miljoebeskyttelse\/\"},\"wordCount\":1349,\"commentCount\":0,\"publisher\":{\"@id\":\"https:\/\/www.vita-explorers.dk\/blog\/#organization\"},\"image\":{\"@id\":\"https:\/\/www.vita-explorers.dk\/blog\/costa-rica-engageret-i-miljoebeskyttelse\/#primaryimage\"},\"thumbnailUrl\":\"https:\/\/www.vita-explorers.dk\/blog\/wp-content\/uploads\/2015\/08\/198365_3574176152897_1107177850_n.jpg\",\"keywords\":[\"Costa Rica\",\"protection de l'environnement\",\"volontariat\",\"voyage\"],\"articleSection\":[\"Amerika\",\"Amerika\",\"Humanit\u00e6rt frivilligt arbejde\",\"Nyheder\",\"Sprogophold\",\"VITA Explorers\"],\"inLanguage\":\"da-DK\",\"potentialAction\":[{\"@type\":\"CommentAction\",\"name\":\"Comment\",\"target\":[\"https:\/\/www.vita-explorers.dk\/blog\/costa-rica-engageret-i-miljoebeskyttelse\/#respond\"]}]},{\"@type\":\"WebPage\",\"@id\":\"https:\/\/www.vita-explorers.dk\/blog\/costa-rica-engageret-i-miljoebeskyttelse\/\",\"url\":\"https:\/\/www.vita-explorers.dk\/blog\/costa-rica-engageret-i-miljoebeskyttelse\/\",\"name\":\"Costa Rica \u2013 et land med st\u00e6rkt fokus p\u00e5 milj\u00f8beskyttelse - VITA Explorers Blog\",\"isPartOf\":{\"@id\":\"https:\/\/www.vita-explorers.dk\/blog\/#website\"},\"primaryImageOfPage\":{\"@id\":\"https:\/\/www.vita-explorers.dk\/blog\/costa-rica-engageret-i-miljoebeskyttelse\/#primaryimage\"},\"image\":{\"@id\":\"https:\/\/www.vita-explorers.dk\/blog\/costa-rica-engageret-i-miljoebeskyttelse\/#primaryimage\"},\"thumbnailUrl\":\"https:\/\/www.vita-explorers.dk\/blog\/wp-content\/uploads\/2015\/08\/198365_3574176152897_1107177850_n.jpg\",\"datePublished\":\"2015-08-25T12:43:57+00:00\",\"dateModified\":\"2024-09-18T16:00:00+00:00\",\"breadcrumb\":{\"@id\":\"https:\/\/www.vita-explorers.dk\/blog\/costa-rica-engageret-i-miljoebeskyttelse\/#breadcrumb\"},\"inLanguage\":\"da-DK\",\"potentialAction\":[{\"@type\":\"ReadAction\",\"target\":[\"https:\/\/www.vita-explorers.dk\/blog\/costa-rica-engageret-i-miljoebeskyttelse\/\"]}]},{\"@type\":\"ImageObject\",\"inLanguage\":\"da-DK\",\"@id\":\"https:\/\/www.vita-explorers.dk\/blog\/costa-rica-engageret-i-miljoebeskyttelse\/#primaryimage\",\"url\":\"https:\/\/www.vita-explorers.dk\/blog\/wp-content\/uploads\/2015\/08\/198365_3574176152897_1107177850_n.jpg\",\"contentUrl\":\"https:\/\/www.vita-explorers.dk\/blog\/wp-content\/uploads\/2015\/08\/198365_3574176152897_1107177850_n.jpg\",\"width\":960,\"height\":720},{\"@type\":\"BreadcrumbList\",\"@id\":\"https:\/\/www.vita-explorers.dk\/blog\/costa-rica-engageret-i-miljoebeskyttelse\/#breadcrumb\",\"itemListElement\":[{\"@type\":\"ListItem\",\"position\":1,\"name\":\"Accueil\",\"item\":\"https:\/\/www.vita-explorers.dk\/blog\/\"},{\"@type\":\"ListItem\",\"position\":2,\"name\":\"Costa Rica \u2013 et land med st\u00e6rkt fokus p\u00e5 milj\u00f8beskyttelse\"}]},{\"@type\":\"WebSite\",\"@id\":\"https:\/\/www.vita-explorers.dk\/blog\/#website\",\"url\":\"https:\/\/www.vita-explorers.dk\/blog\/\",\"name\":\"Association Globalong\",\"description\":\"Frivilligt arbejde, sprogophold, praktik i udlandet og internationale oplevelser\",\"publisher\":{\"@id\":\"https:\/\/www.vita-explorers.dk\/blog\/#organization\"},\"potentialAction\":[{\"@type\":\"SearchAction\",\"target\":{\"@type\":\"EntryPoint\",\"urlTemplate\":\"https:\/\/www.vita-explorers.dk\/blog\/?s={search_term_string}\"},\"query-input\":{\"@type\":\"PropertyValueSpecification\",\"valueRequired\":true,\"valueName\":\"search_term_string\"}}],\"inLanguage\":\"da-DK\"},{\"@type\":\"Organization\",\"@id\":\"https:\/\/www.vita-explorers.dk\/blog\/#organization\",\"name\":\"Association Globalong\",\"url\":\"https:\/\/www.vita-explorers.dk\/blog\/\",\"logo\":{\"@type\":\"ImageObject\",\"inLanguage\":\"da-DK\",\"@id\":\"https:\/\/www.vita-explorers.dk\/blog\/#\/schema\/logo\/image\/\",\"url\":\"https:\/\/www.globalong.com\/blog\/wp-content\/uploads\/2014\/11\/cropped-cropped-Logo-et-Afrique-Globalong-petite-taille-2.jpg\",\"contentUrl\":\"https:\/\/www.globalong.com\/blog\/wp-content\/uploads\/2014\/11\/cropped-cropped-Logo-et-Afrique-Globalong-petite-taille-2.jpg\",\"width\":512,\"height\":512,\"caption\":\"Association Globalong\"},\"image\":{\"@id\":\"https:\/\/www.vita-explorers.dk\/blog\/#\/schema\/logo\/image\/\"},\"sameAs\":[\"https:\/\/www.facebook.com\/globalong\"]},{\"@type\":\"Person\",\"@id\":\"https:\/\/www.vita-explorers.dk\/blog\/#\/schema\/person\/d7df267b64f23018d1dc519e78fb2735\",\"name\":\"VITA Tribe\",\"image\":{\"@type\":\"ImageObject\",\"inLanguage\":\"da-DK\",\"@id\":\"https:\/\/www.vita-explorers.dk\/blog\/#\/schema\/person\/image\/\",\"url\":\"https:\/\/secure.gravatar.com\/avatar\/81461bcc213d0ff2bdc043d4206648f0?s=96&d=mm&r=g\",\"contentUrl\":\"https:\/\/secure.gravatar.com\/avatar\/81461bcc213d0ff2bdc043d4206648f0?s=96&d=mm&r=g\",\"caption\":\"VITA Tribe\"},\"sameAs\":[\"https:\/\/www.globalong.com\"],\"url\":\"https:\/\/www.vita-explorers.dk\/blog\/author\/sophie\/\"}]}<\/script>\n<!-- \/ Yoast SEO Premium plugin. -->","yoast_head_json":{"title":"Costa Rica \u2013 et land med st\u00e6rkt fokus p\u00e5 milj\u00f8beskyttelse - VITA Explorers Blog","robots":{"index":"index","follow":"follow","max-snippet":"max-snippet:-1","max-image-preview":"max-image-preview:large","max-video-preview":"max-video-preview:-1"},"canonical":"https:\/\/www.vita-explorers.dk\/blog\/costa-rica-engageret-i-miljoebeskyttelse\/","og_locale":"da_DK","og_type":"article","og_title":"Costa Rica \u2013 et land med st\u00e6rkt fokus p\u00e5 milj\u00f8beskyttelse","og_description":"Tag til Costa Rica og v\u00e6r med til at beskytte dyreliv og natur Costa Rica er en perle i Mellemamerika mellem Stillehavet og Det\u2026","og_url":"https:\/\/www.vita-explorers.dk\/blog\/costa-rica-engageret-i-miljoebeskyttelse\/","og_site_name":"VITA Explorers Blog","article_publisher":"https:\/\/www.facebook.com\/globalong","article_published_time":"2015-08-25T12:43:57+00:00","article_modified_time":"2024-09-18T16:00:00+00:00","og_image":[{"width":960,"height":720,"url":"https:\/\/www.vita-explorers.dk\/blog\/wp-content\/uploads\/2015\/08\/198365_3574176152897_1107177850_n.jpg","type":"image\/jpeg"}],"author":"VITA Tribe","twitter_card":"summary_large_image","twitter_misc":{"Skrevet af":"VITA Tribe","Estimeret l\u00e6setid":"7 minutter"},"schema":{"@context":"https:\/\/schema.org","@graph":[{"@type":"Article","@id":"https:\/\/www.vita-explorers.dk\/blog\/costa-rica-engageret-i-miljoebeskyttelse\/#article","isPartOf":{"@id":"https:\/\/www.vita-explorers.dk\/blog\/costa-rica-engageret-i-miljoebeskyttelse\/"},"author":{"name":"VITA Tribe","@id":"https:\/\/www.vita-explorers.dk\/blog\/#\/schema\/person\/d7df267b64f23018d1dc519e78fb2735"},"headline":"Costa Rica \u2013 et land med st\u00e6rkt fokus p\u00e5 milj\u00f8beskyttelse","datePublished":"2015-08-25T12:43:57+00:00","dateModified":"2024-09-18T16:00:00+00:00","mainEntityOfPage":{"@id":"https:\/\/www.vita-explorers.dk\/blog\/costa-rica-engageret-i-miljoebeskyttelse\/"},"wordCount":1349,"commentCount":0,"publisher":{"@id":"https:\/\/www.vita-explorers.dk\/blog\/#organization"},"image":{"@id":"https:\/\/www.vita-explorers.dk\/blog\/costa-rica-engageret-i-miljoebeskyttelse\/#primaryimage"},"thumbnailUrl":"https:\/\/www.vita-explorers.dk\/blog\/wp-content\/uploads\/2015\/08\/198365_3574176152897_1107177850_n.jpg","keywords":["Costa Rica","protection de l'environnement","volontariat","voyage"],"articleSection":["Amerika","Amerika","Humanit\u00e6rt frivilligt arbejde","Nyheder","Sprogophold","VITA Explorers"],"inLanguage":"da-DK","potentialAction":[{"@type":"CommentAction","name":"Comment","target":["https:\/\/www.vita-explorers.dk\/blog\/costa-rica-engageret-i-miljoebeskyttelse\/#respond"]}]},{"@type":"WebPage","@id":"https:\/\/www.vita-explorers.dk\/blog\/costa-rica-engageret-i-miljoebeskyttelse\/","url":"https:\/\/www.vita-explorers.dk\/blog\/costa-rica-engageret-i-miljoebeskyttelse\/","name":"Costa Rica \u2013 et land med st\u00e6rkt fokus p\u00e5 milj\u00f8beskyttelse - VITA Explorers Blog","isPartOf":{"@id":"https:\/\/www.vita-explorers.dk\/blog\/#website"},"primaryImageOfPage":{"@id":"https:\/\/www.vita-explorers.dk\/blog\/costa-rica-engageret-i-miljoebeskyttelse\/#primaryimage"},"image":{"@id":"https:\/\/www.vita-explorers.dk\/blog\/costa-rica-engageret-i-miljoebeskyttelse\/#primaryimage"},"thumbnailUrl":"https:\/\/www.vita-explorers.dk\/blog\/wp-content\/uploads\/2015\/08\/198365_3574176152897_1107177850_n.jpg","datePublished":"2015-08-25T12:43:57+00:00","dateModified":"2024-09-18T16:00:00+00:00","breadcrumb":{"@id":"https:\/\/www.vita-explorers.dk\/blog\/costa-rica-engageret-i-miljoebeskyttelse\/#breadcrumb"},"inLanguage":"da-DK","potentialAction":[{"@type":"ReadAction","target":["https:\/\/www.vita-explorers.dk\/blog\/costa-rica-engageret-i-miljoebeskyttelse\/"]}]},{"@type":"ImageObject","inLanguage":"da-DK","@id":"https:\/\/www.vita-explorers.dk\/blog\/costa-rica-engageret-i-miljoebeskyttelse\/#primaryimage","url":"https:\/\/www.vita-explorers.dk\/blog\/wp-content\/uploads\/2015\/08\/198365_3574176152897_1107177850_n.jpg","contentUrl":"https:\/\/www.vita-explorers.dk\/blog\/wp-content\/uploads\/2015\/08\/198365_3574176152897_1107177850_n.jpg","width":960,"height":720},{"@type":"BreadcrumbList","@id":"https:\/\/www.vita-explorers.dk\/blog\/costa-rica-engageret-i-miljoebeskyttelse\/#breadcrumb","itemListElement":[{"@type":"ListItem","position":1,"name":"Accueil","item":"https:\/\/www.vita-explorers.dk\/blog\/"},{"@type":"ListItem","position":2,"name":"Costa Rica \u2013 et land med st\u00e6rkt fokus p\u00e5 milj\u00f8beskyttelse"}]},{"@type":"WebSite","@id":"https:\/\/www.vita-explorers.dk\/blog\/#website","url":"https:\/\/www.vita-explorers.dk\/blog\/","name":"Association Globalong","description":"Frivilligt arbejde, sprogophold, praktik i udlandet og internationale oplevelser","publisher":{"@id":"https:\/\/www.vita-explorers.dk\/blog\/#organization"},"potentialAction":[{"@type":"SearchAction","target":{"@type":"EntryPoint","urlTemplate":"https:\/\/www.vita-explorers.dk\/blog\/?s={search_term_string}"},"query-input":{"@type":"PropertyValueSpecification","valueRequired":true,"valueName":"search_term_string"}}],"inLanguage":"da-DK"},{"@type":"Organization","@id":"https:\/\/www.vita-explorers.dk\/blog\/#organization","name":"Association Globalong","url":"https:\/\/www.vita-explorers.dk\/blog\/","logo":{"@type":"ImageObject","inLanguage":"da-DK","@id":"https:\/\/www.vita-explorers.dk\/blog\/#\/schema\/logo\/image\/","url":"https:\/\/www.globalong.com\/blog\/wp-content\/uploads\/2014\/11\/cropped-cropped-Logo-et-Afrique-Globalong-petite-taille-2.jpg","contentUrl":"https:\/\/www.globalong.com\/blog\/wp-content\/uploads\/2014\/11\/cropped-cropped-Logo-et-Afrique-Globalong-petite-taille-2.jpg","width":512,"height":512,"caption":"Association Globalong"},"image":{"@id":"https:\/\/www.vita-explorers.dk\/blog\/#\/schema\/logo\/image\/"},"sameAs":["https:\/\/www.facebook.com\/globalong"]},{"@type":"Person","@id":"https:\/\/www.vita-explorers.dk\/blog\/#\/schema\/person\/d7df267b64f23018d1dc519e78fb2735","name":"VITA Tribe","image":{"@type":"ImageObject","inLanguage":"da-DK","@id":"https:\/\/www.vita-explorers.dk\/blog\/#\/schema\/person\/image\/","url":"https:\/\/secure.gravatar.com\/avatar\/81461bcc213d0ff2bdc043d4206648f0?s=96&d=mm&r=g","contentUrl":"https:\/\/secure.gravatar.com\/avatar\/81461bcc213d0ff2bdc043d4206648f0?s=96&d=mm&r=g","caption":"VITA Tribe"},"sameAs":["https:\/\/www.globalong.com"],"url":"https:\/\/www.vita-explorers.dk\/blog\/author\/sophie\/"}]}},"_links":{"self":[{"href":"https:\/\/www.vita-explorers.dk\/blog\/wp-json\/wp\/v2\/posts\/557"}],"collection":[{"href":"https:\/\/www.vita-explorers.dk\/blog\/wp-json\/wp\/v2\/posts"}],"about":[{"href":"https:\/\/www.vita-explorers.dk\/blog\/wp-json\/wp\/v2\/types\/post"}],"author":[{"embeddable":true,"href":"https:\/\/www.vita-explorers.dk\/blog\/wp-json\/wp\/v2\/users\/1"}],"replies":[{"embeddable":true,"href":"https:\/\/www.vita-explorers.dk\/blog\/wp-json\/wp\/v2\/comments?post=557"}],"version-history":[{"count":14,"href":"https:\/\/www.vita-explorers.dk\/blog\/wp-json\/wp\/v2\/posts\/557\/revisions"}],"predecessor-version":[{"id":17311,"href":"https:\/\/www.vita-explorers.dk\/blog\/wp-json\/wp\/v2\/posts\/557\/revisions\/17311"}],"wp:featuredmedia":[{"embeddable":true,"href":"https:\/\/www.vita-explorers.dk\/blog\/wp-json\/wp\/v2\/media\/558"}],"wp:attachment":[{"href":"https:\/\/www.vita-explorers.dk\/blog\/wp-json\/wp\/v2\/media?parent=557"}],"wp:term":[{"taxonomy":"category","embeddable":true,"href":"https:\/\/www.vita-explorers.dk\/blog\/wp-json\/wp\/v2\/categories?post=557"},{"taxonomy":"post_tag","embeddable":true,"href":"https:\/\/www.vita-explorers.dk\/blog\/wp-json\/wp\/v2\/tags?post=557"}],"curies":[{"name":"wp","href":"https:\/\/api.w.org\/{rel}","templated":true}]}}