{"id":5597,"date":"2016-10-05T12:26:04","date_gmt":"2016-10-05T10:26:04","guid":{"rendered":"https:\/\/www.globalong.com\/blog\/?p=5597"},"modified":"2022-03-14T20:00:07","modified_gmt":"2022-03-14T19:00:07","slug":"opdagelsesrejse-og-moeder-med-lokale-faellesskaber-stammer-folk-og-landskaber-i-afrika-senegal-vita","status":"publish","type":"post","link":"https:\/\/www.vita-explorers.dk\/blog\/opdagelsesrejse-og-moeder-med-lokale-faellesskaber-stammer-folk-og-landskaber-i-afrika-senegal-vita\/","title":{"rendered":"Vincent deler sine oplevelser fra Senegal med os!"},"content":{"rendered":"<h4 class=\"p1\" style=\"text-align: center;\"><span class=\"s1\"><span style=\"color: #b81657;\">Da jeg var 13 \u00e5r, rejste min mor, min s\u00f8ster og jeg til Senegal.<\/span><\/span><\/h4>\n<p><img loading=\"lazy\" decoding=\"async\" class=\"size-medium wp-image-5598 aligncenter\" src=\"https:\/\/www.vita-explorers.dk\/blog\/wp-content\/uploads\/2016\/10\/Se\u0301ne\u0301gal-sourires-au-zoo-300x225.jpg\" alt=\"internationalt frivilligt arbejde - VITA\" width=\"300\" height=\"225\" srcset=\"https:\/\/www.vita-explorers.dk\/blog\/wp-content\/uploads\/2016\/10\/Se\u0301ne\u0301gal-sourires-au-zoo-300x225.jpg 300w, https:\/\/www.vita-explorers.dk\/blog\/wp-content\/uploads\/2016\/10\/Se\u0301ne\u0301gal-sourires-au-zoo-150x113.jpg 150w, https:\/\/www.vita-explorers.dk\/blog\/wp-content\/uploads\/2016\/10\/Se\u0301ne\u0301gal-sourires-au-zoo.jpg 720w\" sizes=\"(max-width: 300px) 100vw, 300px\" \/><\/p>\n<p class=\"p1\" style=\"text-align: left;\"><span class=\"s1\" style=\"color: #000000;\">Det var en af mine f\u00f8rste rejser uden for Europa \u2013 og is\u00e6r en rejse, der satte sig i mig, b\u00e5de p\u00e5 grund af kulturm\u00f8det og de smukke landskaber, jeg fik lov at opleve.<\/span><\/p>\n<p class=\"p1\" style=\"text-align: justify;\"><span class=\"s1\">Det var i juli 2004. Vi landede i Dakar i L\u00e9opold S\u00e9dar Senghor Lufthavn, og rejsen skulle vare i to uger.<\/span><\/p>\n<p class=\"p1\" style=\"text-align: justify;\"><span class=\"s1\">Opholdet var delt i to: Den f\u00f8rste uge var sat af til at se en stor del af landet i jeep.<\/span><\/p>\n<p class=\"p1\" style=\"text-align: justify;\"><span class=\"s1\">Den anden uge tilbragte vi p\u00e5 Club Med i Dakar.<\/span><\/p>\n<p class=\"p1\" style=\"text-align: justify;\"><span class=\"s1\"><a href=\"https:\/\/www.vita-explorers.dk\/blog\/wp-content\/uploads\/2016\/10\/Visite-au-parc.jpg\" rel=\"attachment wp-att-5602\"><img loading=\"lazy\" decoding=\"async\" class=\"size-medium wp-image-5602 aligncenter\" src=\"https:\/\/www.vita-explorers.dk\/blog\/wp-content\/uploads\/2016\/10\/Visite-au-parc-300x189.jpg\" alt=\"Internationalt ophold i Afrika \u2013 VITA\" width=\"300\" height=\"189\" srcset=\"https:\/\/www.vita-explorers.dk\/blog\/wp-content\/uploads\/2016\/10\/Visite-au-parc-300x189.jpg 300w, https:\/\/www.vita-explorers.dk\/blog\/wp-content\/uploads\/2016\/10\/Visite-au-parc-150x95.jpg 150w, https:\/\/www.vita-explorers.dk\/blog\/wp-content\/uploads\/2016\/10\/Visite-au-parc.jpg 716w\" sizes=\"(max-width: 300px) 100vw, 300px\" \/><\/a>Det er vist fair at sige, at uge to var mindre interessant end uge et \u2013 p\u00e5 alle m\u00e5der.<\/span>S\u00e5 vi drog afsted for at opleve landet i jeep, sammen med to senegalesere, som var vores guider hele ugen.<\/p>\n<p class=\"p1\" style=\"text-align: justify;\">Vi var ikke kun os tre p\u00e5 turen; vi rejste i en hel fransktalende gruppe p\u00e5 omkring 15 personer fordelt p\u00e5 tre biler. <span class=\"s1\">M\u00e5let med denne \u201crundrejse\u201d i Senegal var at m\u00f8de forskellige folk og grupper rundt om i landet.<\/span><\/p>\n<p class=\"p1\" style=\"text-align: justify;\"><span class=\"s1\"><a href=\"https:\/\/www.vita-explorers.dk\/blog\/wp-content\/uploads\/2016\/10\/Repas-au-parc.jpg\" rel=\"attachment wp-att-5605\"><img loading=\"lazy\" decoding=\"async\" class=\"size-medium wp-image-5605 aligncenter\" src=\"https:\/\/www.vita-explorers.dk\/blog\/wp-content\/uploads\/2016\/10\/Repas-au-parc-300x189.jpg\" alt=\"VITA \u2013 internationalt frivilligt arbejde i Afrika i Senegal\" width=\"300\" height=\"189\" srcset=\"https:\/\/www.vita-explorers.dk\/blog\/wp-content\/uploads\/2016\/10\/Repas-au-parc-300x189.jpg 300w, https:\/\/www.vita-explorers.dk\/blog\/wp-content\/uploads\/2016\/10\/Repas-au-parc-150x94.jpg 150w, https:\/\/www.vita-explorers.dk\/blog\/wp-content\/uploads\/2016\/10\/Repas-au-parc.jpg 720w\" sizes=\"(max-width: 300px) 100vw, 300px\" \/><\/a>Vi m\u00f8dte fiskere i Saly syd for Dakar \u2013 og oplevede det lokale fiskemarked.<\/span><\/p>\n<p class=\"p1\" style=\"text-align: justify;\"><span class=\"s1\">Selvom lugten fra markedet var helt forf\u00e6rdelig, har energien og venligheden hos de lokale mennesker sat sig som et uforglemmeligt minde.<\/span><\/p>\n<p class=\"p1\" style=\"text-align: justify;\"><span class=\"s1\">Derefter fortsatte vi sydp\u00e5 til Saloum-deltaet, som er p\u00e5 UNESCOs verdensarvsliste p\u00e5 grund af sin mangrove, der is\u00e6r best\u00e5r af mangrovetr\u00e6er.<\/span><\/p>\n<p class=\"p1\" style=\"text-align: justify;\"><span class=\"s1\"><a href=\"https:\/\/www.vita-explorers.dk\/blog\/wp-content\/uploads\/2016\/10\/sourire.png\" rel=\"attachment wp-att-5614\"><img loading=\"lazy\" decoding=\"async\" class=\"wp-image-5614 aligncenter\" src=\"https:\/\/www.vita-explorers.dk\/blog\/wp-content\/uploads\/2016\/10\/sourire-225x300.png\" alt=\"VITA Explorer-forl\u00f8b i Afrika\" width=\"300\" height=\"400\" srcset=\"https:\/\/www.vita-explorers.dk\/blog\/wp-content\/uploads\/2016\/10\/sourire-225x300.png 225w, https:\/\/www.vita-explorers.dk\/blog\/wp-content\/uploads\/2016\/10\/sourire-112x150.png 112w, https:\/\/www.vita-explorers.dk\/blog\/wp-content\/uploads\/2016\/10\/sourire.png 395w\" sizes=\"(max-width: 300px) 100vw, 300px\" \/><\/a>Efter en tur i pirog gennem mangroven overnattede vi i en hytte med myggenet (helt afg\u00f8rende, hvis man vil sove ordentligt).<\/span><\/p>\n<p class=\"p1\" style=\"text-align: justify;\"><span class=\"s1\">Vi fortsatte videre ind i landet og rejste fra landsby til landsby.<\/span><\/p>\n<p class=\"p1\" style=\"text-align: justify;\"><span class=\"s1\">Vi m\u00f8dte Peul-folket, som er mindre repr\u00e6senteret end wolof-folket i Senegal og blandt andet ofte har lysere hud. Vi s\u00e5 Senegals st\u00f8rste baobabtr\u00e6, st\u00f8dte hirse sammen med kvinderne i landsbyen og talte med b\u00f8rnene, hvis smil for altid vil st\u00e5 klart i min hukommelse.<\/span><\/p>\n<p class=\"p1\" style=\"text-align: justify;\"><span class=\"s1\">Selvom mine minder om det pr\u00e6cise forl\u00f8b er blevet lidt uklare (det er jo 12 \u00e5r siden), er landets sk\u00f8nhed stadig helt uforglemmelig.<\/span><\/p>\n<p class=\"p1\" style=\"text-align: justify;\"><span class=\"s1\">Hvis jeg fik chancen for at tage tilbage, ville jeg g\u00f8re det uden t\u00f8ven. En uge g\u00e5r hurtigt, og der er s\u00e5 meget at opleve i Senegal.<\/span><\/p>\n<p class=\"p1\" style=\"text-align: justify;\"><span class=\"s1\">Vincent.<\/span><\/p>\n<p style=\"text-align: center;\">Rejs til Senegal med VITA p\u00e5 et internationalt forl\u00f8b med frivilligt arbejde. <span style=\"text-decoration: underline;\"><a href=\"https:\/\/www.vita-explorers.dk\/frivilligt-arbejde\/senegal-frivilligt-arbejde-internationalt-ophold.html\" target=\"_blank\" rel=\"noopener\">Se mulighederne her!<\/a><\/span><\/p>\n<p style=\"text-align: center;\">Har du sp\u00f8rgsm\u00e5l, er du velkommen til at kontakte os p\u00e5 <span style=\"text-decoration: underline;\"><a href=\"mailto:info@globalong.com\">info@globalong.com<\/a><\/span><\/p>\n<p style=\"text-align: center;\">Indtil da kan du se billeder fra deltagere, der allerede har v\u00e6ret afsted i Senegal <span style=\"text-decoration: underline;\"><a href=\"https:\/\/www.flickr.com\/photos\/globalong\/albums\/72157656286530240\" target=\"_blank\" rel=\"noopener\">her<\/a><\/span> !<\/p>\n","protected":false},"excerpt":{"rendered":"<p>Da jeg var 13 \u00e5r, rejste min mor, min s\u00f8ster og jeg til Senegal. Det var en af mine f\u00f8rste rejser uden for Europa\u2026<\/p>\n","protected":false},"author":1,"featured_media":5605,"comment_status":"open","ping_status":"open","sticky":false,"template":"","format":"standard","meta":{"footnotes":""},"categories":[13,8,1,6,3,4],"tags":[205,57,24,109,58,197,38,95,185,111,170,16,15],"yoast_head":"<!-- This site is optimized with the Yoast SEO Premium plugin v23.4 (Yoast SEO v23.4) - https:\/\/yoast.com\/wordpress\/plugins\/seo\/ -->\n<title>Vincent deler sine oplevelser fra Senegal med os! - VITA Explorers Blog<\/title>\n<meta name=\"robots\" content=\"index, follow, max-snippet:-1, max-image-preview:large, max-video-preview:-1\" \/>\n<link rel=\"canonical\" href=\"https:\/\/www.vita-explorers.dk\/blog\/opdagelsesrejse-og-moeder-med-lokale-faellesskaber-stammer-folk-og-landskaber-i-afrika-senegal-vita\/\" \/>\n<meta property=\"og:locale\" content=\"da_DK\" \/>\n<meta property=\"og:type\" content=\"article\" \/>\n<meta property=\"og:title\" content=\"Vincent deler sine oplevelser fra Senegal med os!\" \/>\n<meta property=\"og:description\" content=\"Da jeg var 13 \u00e5r, rejste min mor, min s\u00f8ster og jeg til Senegal. Det var en af mine f\u00f8rste rejser uden for Europa\u2026\" \/>\n<meta property=\"og:url\" content=\"https:\/\/www.vita-explorers.dk\/blog\/opdagelsesrejse-og-moeder-med-lokale-faellesskaber-stammer-folk-og-landskaber-i-afrika-senegal-vita\/\" \/>\n<meta property=\"og:site_name\" content=\"VITA Explorers Blog\" \/>\n<meta property=\"article:publisher\" content=\"https:\/\/www.facebook.com\/globalong\" \/>\n<meta property=\"article:published_time\" content=\"2016-10-05T10:26:04+00:00\" \/>\n<meta property=\"article:modified_time\" content=\"2022-03-14T19:00:07+00:00\" \/>\n<meta property=\"og:image\" content=\"https:\/\/www.vita-explorers.dk\/blog\/wp-content\/uploads\/2016\/10\/Repas-au-parc.jpg\" \/>\n\t<meta property=\"og:image:width\" content=\"720\" \/>\n\t<meta property=\"og:image:height\" content=\"453\" \/>\n\t<meta property=\"og:image:type\" content=\"image\/jpeg\" \/>\n<meta name=\"author\" content=\"VITA Tribe\" \/>\n<meta name=\"twitter:card\" content=\"summary_large_image\" \/>\n<meta name=\"twitter:label1\" content=\"Skrevet af\" \/>\n\t<meta name=\"twitter:data1\" content=\"VITA Tribe\" \/>\n\t<meta name=\"twitter:label2\" content=\"Estimeret l\u00e6setid\" \/>\n\t<meta name=\"twitter:data2\" content=\"2 minutter\" \/>\n<script type=\"application\/ld+json\" class=\"yoast-schema-graph\">{\"@context\":\"https:\/\/schema.org\",\"@graph\":[{\"@type\":\"Article\",\"@id\":\"https:\/\/www.vita-explorers.dk\/blog\/opdagelsesrejse-og-moeder-med-lokale-faellesskaber-stammer-folk-og-landskaber-i-afrika-senegal-vita\/#article\",\"isPartOf\":{\"@id\":\"https:\/\/www.vita-explorers.dk\/blog\/opdagelsesrejse-og-moeder-med-lokale-faellesskaber-stammer-folk-og-landskaber-i-afrika-senegal-vita\/\"},\"author\":{\"name\":\"VITA Tribe\",\"@id\":\"https:\/\/www.vita-explorers.dk\/blog\/#\/schema\/person\/d7df267b64f23018d1dc519e78fb2735\"},\"headline\":\"Vincent deler sine oplevelser fra Senegal med os!\",\"datePublished\":\"2016-10-05T10:26:04+00:00\",\"dateModified\":\"2022-03-14T19:00:07+00:00\",\"mainEntityOfPage\":{\"@id\":\"https:\/\/www.vita-explorers.dk\/blog\/opdagelsesrejse-og-moeder-med-lokale-faellesskaber-stammer-folk-og-landskaber-i-afrika-senegal-vita\/\"},\"wordCount\":441,\"commentCount\":0,\"publisher\":{\"@id\":\"https:\/\/www.vita-explorers.dk\/blog\/#organization\"},\"image\":{\"@id\":\"https:\/\/www.vita-explorers.dk\/blog\/opdagelsesrejse-og-moeder-med-lokale-faellesskaber-stammer-folk-og-landskaber-i-afrika-senegal-vita\/#primaryimage\"},\"thumbnailUrl\":\"https:\/\/www.vita-explorers.dk\/blog\/wp-content\/uploads\/2016\/10\/Repas-au-parc.jpg\",\"keywords\":[\"#voyagerautrement\",\"afrique\",\"apprendre\",\"climat\",\"culture\",\"d\u00e9couverte\",\"enfants\",\"environnement\",\"globalong\",\"monde\",\"tourisme\",\"volontariat\",\"voyage\"],\"articleSection\":[\"Afrika\",\"Humanit\u00e6rt frivilligt arbejde\",\"No Name\",\"Nyheder\",\"Rejser - generelle oplysninger\",\"VITA Explorers\"],\"inLanguage\":\"da-DK\",\"potentialAction\":[{\"@type\":\"CommentAction\",\"name\":\"Comment\",\"target\":[\"https:\/\/www.vita-explorers.dk\/blog\/opdagelsesrejse-og-moeder-med-lokale-faellesskaber-stammer-folk-og-landskaber-i-afrika-senegal-vita\/#respond\"]}]},{\"@type\":\"WebPage\",\"@id\":\"https:\/\/www.vita-explorers.dk\/blog\/opdagelsesrejse-og-moeder-med-lokale-faellesskaber-stammer-folk-og-landskaber-i-afrika-senegal-vita\/\",\"url\":\"https:\/\/www.vita-explorers.dk\/blog\/opdagelsesrejse-og-moeder-med-lokale-faellesskaber-stammer-folk-og-landskaber-i-afrika-senegal-vita\/\",\"name\":\"Vincent deler sine oplevelser fra Senegal med os! - VITA Explorers Blog\",\"isPartOf\":{\"@id\":\"https:\/\/www.vita-explorers.dk\/blog\/#website\"},\"primaryImageOfPage\":{\"@id\":\"https:\/\/www.vita-explorers.dk\/blog\/opdagelsesrejse-og-moeder-med-lokale-faellesskaber-stammer-folk-og-landskaber-i-afrika-senegal-vita\/#primaryimage\"},\"image\":{\"@id\":\"https:\/\/www.vita-explorers.dk\/blog\/opdagelsesrejse-og-moeder-med-lokale-faellesskaber-stammer-folk-og-landskaber-i-afrika-senegal-vita\/#primaryimage\"},\"thumbnailUrl\":\"https:\/\/www.vita-explorers.dk\/blog\/wp-content\/uploads\/2016\/10\/Repas-au-parc.jpg\",\"datePublished\":\"2016-10-05T10:26:04+00:00\",\"dateModified\":\"2022-03-14T19:00:07+00:00\",\"breadcrumb\":{\"@id\":\"https:\/\/www.vita-explorers.dk\/blog\/opdagelsesrejse-og-moeder-med-lokale-faellesskaber-stammer-folk-og-landskaber-i-afrika-senegal-vita\/#breadcrumb\"},\"inLanguage\":\"da-DK\",\"potentialAction\":[{\"@type\":\"ReadAction\",\"target\":[\"https:\/\/www.vita-explorers.dk\/blog\/opdagelsesrejse-og-moeder-med-lokale-faellesskaber-stammer-folk-og-landskaber-i-afrika-senegal-vita\/\"]}]},{\"@type\":\"ImageObject\",\"inLanguage\":\"da-DK\",\"@id\":\"https:\/\/www.vita-explorers.dk\/blog\/opdagelsesrejse-og-moeder-med-lokale-faellesskaber-stammer-folk-og-landskaber-i-afrika-senegal-vita\/#primaryimage\",\"url\":\"https:\/\/www.vita-explorers.dk\/blog\/wp-content\/uploads\/2016\/10\/Repas-au-parc.jpg\",\"contentUrl\":\"https:\/\/www.vita-explorers.dk\/blog\/wp-content\/uploads\/2016\/10\/Repas-au-parc.jpg\",\"width\":720,\"height\":453,\"caption\":\"globalong b\u00e9n\u00e9volat international en afrique au S\u00e9n\u00e9gal\"},{\"@type\":\"BreadcrumbList\",\"@id\":\"https:\/\/www.vita-explorers.dk\/blog\/opdagelsesrejse-og-moeder-med-lokale-faellesskaber-stammer-folk-og-landskaber-i-afrika-senegal-vita\/#breadcrumb\",\"itemListElement\":[{\"@type\":\"ListItem\",\"position\":1,\"name\":\"Accueil\",\"item\":\"https:\/\/www.vita-explorers.dk\/blog\/\"},{\"@type\":\"ListItem\",\"position\":2,\"name\":\"Vincent deler sine oplevelser fra Senegal med os!\"}]},{\"@type\":\"WebSite\",\"@id\":\"https:\/\/www.vita-explorers.dk\/blog\/#website\",\"url\":\"https:\/\/www.vita-explorers.dk\/blog\/\",\"name\":\"Association Globalong\",\"description\":\"Frivilligt arbejde, sprogophold, praktik i udlandet og internationale oplevelser\",\"publisher\":{\"@id\":\"https:\/\/www.vita-explorers.dk\/blog\/#organization\"},\"potentialAction\":[{\"@type\":\"SearchAction\",\"target\":{\"@type\":\"EntryPoint\",\"urlTemplate\":\"https:\/\/www.vita-explorers.dk\/blog\/?s={search_term_string}\"},\"query-input\":{\"@type\":\"PropertyValueSpecification\",\"valueRequired\":true,\"valueName\":\"search_term_string\"}}],\"inLanguage\":\"da-DK\"},{\"@type\":\"Organization\",\"@id\":\"https:\/\/www.vita-explorers.dk\/blog\/#organization\",\"name\":\"Association Globalong\",\"url\":\"https:\/\/www.vita-explorers.dk\/blog\/\",\"logo\":{\"@type\":\"ImageObject\",\"inLanguage\":\"da-DK\",\"@id\":\"https:\/\/www.vita-explorers.dk\/blog\/#\/schema\/logo\/image\/\",\"url\":\"https:\/\/www.globalong.com\/blog\/wp-content\/uploads\/2014\/11\/cropped-cropped-Logo-et-Afrique-Globalong-petite-taille-2.jpg\",\"contentUrl\":\"https:\/\/www.globalong.com\/blog\/wp-content\/uploads\/2014\/11\/cropped-cropped-Logo-et-Afrique-Globalong-petite-taille-2.jpg\",\"width\":512,\"height\":512,\"caption\":\"Association Globalong\"},\"image\":{\"@id\":\"https:\/\/www.vita-explorers.dk\/blog\/#\/schema\/logo\/image\/\"},\"sameAs\":[\"https:\/\/www.facebook.com\/globalong\"]},{\"@type\":\"Person\",\"@id\":\"https:\/\/www.vita-explorers.dk\/blog\/#\/schema\/person\/d7df267b64f23018d1dc519e78fb2735\",\"name\":\"VITA Tribe\",\"image\":{\"@type\":\"ImageObject\",\"inLanguage\":\"da-DK\",\"@id\":\"https:\/\/www.vita-explorers.dk\/blog\/#\/schema\/person\/image\/\",\"url\":\"https:\/\/secure.gravatar.com\/avatar\/81461bcc213d0ff2bdc043d4206648f0?s=96&d=mm&r=g\",\"contentUrl\":\"https:\/\/secure.gravatar.com\/avatar\/81461bcc213d0ff2bdc043d4206648f0?s=96&d=mm&r=g\",\"caption\":\"VITA Tribe\"},\"sameAs\":[\"https:\/\/www.globalong.com\"],\"url\":\"https:\/\/www.vita-explorers.dk\/blog\/author\/sophie\/\"}]}<\/script>\n<!-- \/ Yoast SEO Premium plugin. -->","yoast_head_json":{"title":"Vincent deler sine oplevelser fra Senegal med os! - VITA Explorers Blog","robots":{"index":"index","follow":"follow","max-snippet":"max-snippet:-1","max-image-preview":"max-image-preview:large","max-video-preview":"max-video-preview:-1"},"canonical":"https:\/\/www.vita-explorers.dk\/blog\/opdagelsesrejse-og-moeder-med-lokale-faellesskaber-stammer-folk-og-landskaber-i-afrika-senegal-vita\/","og_locale":"da_DK","og_type":"article","og_title":"Vincent deler sine oplevelser fra Senegal med os!","og_description":"Da jeg var 13 \u00e5r, rejste min mor, min s\u00f8ster og jeg til Senegal. Det var en af mine f\u00f8rste rejser uden for Europa\u2026","og_url":"https:\/\/www.vita-explorers.dk\/blog\/opdagelsesrejse-og-moeder-med-lokale-faellesskaber-stammer-folk-og-landskaber-i-afrika-senegal-vita\/","og_site_name":"VITA Explorers Blog","article_publisher":"https:\/\/www.facebook.com\/globalong","article_published_time":"2016-10-05T10:26:04+00:00","article_modified_time":"2022-03-14T19:00:07+00:00","og_image":[{"width":720,"height":453,"url":"https:\/\/www.vita-explorers.dk\/blog\/wp-content\/uploads\/2016\/10\/Repas-au-parc.jpg","type":"image\/jpeg"}],"author":"VITA Tribe","twitter_card":"summary_large_image","twitter_misc":{"Skrevet af":"VITA Tribe","Estimeret l\u00e6setid":"2 minutter"},"schema":{"@context":"https:\/\/schema.org","@graph":[{"@type":"Article","@id":"https:\/\/www.vita-explorers.dk\/blog\/opdagelsesrejse-og-moeder-med-lokale-faellesskaber-stammer-folk-og-landskaber-i-afrika-senegal-vita\/#article","isPartOf":{"@id":"https:\/\/www.vita-explorers.dk\/blog\/opdagelsesrejse-og-moeder-med-lokale-faellesskaber-stammer-folk-og-landskaber-i-afrika-senegal-vita\/"},"author":{"name":"VITA Tribe","@id":"https:\/\/www.vita-explorers.dk\/blog\/#\/schema\/person\/d7df267b64f23018d1dc519e78fb2735"},"headline":"Vincent deler sine oplevelser fra Senegal med os!","datePublished":"2016-10-05T10:26:04+00:00","dateModified":"2022-03-14T19:00:07+00:00","mainEntityOfPage":{"@id":"https:\/\/www.vita-explorers.dk\/blog\/opdagelsesrejse-og-moeder-med-lokale-faellesskaber-stammer-folk-og-landskaber-i-afrika-senegal-vita\/"},"wordCount":441,"commentCount":0,"publisher":{"@id":"https:\/\/www.vita-explorers.dk\/blog\/#organization"},"image":{"@id":"https:\/\/www.vita-explorers.dk\/blog\/opdagelsesrejse-og-moeder-med-lokale-faellesskaber-stammer-folk-og-landskaber-i-afrika-senegal-vita\/#primaryimage"},"thumbnailUrl":"https:\/\/www.vita-explorers.dk\/blog\/wp-content\/uploads\/2016\/10\/Repas-au-parc.jpg","keywords":["#voyagerautrement","afrique","apprendre","climat","culture","d\u00e9couverte","enfants","environnement","globalong","monde","tourisme","volontariat","voyage"],"articleSection":["Afrika","Humanit\u00e6rt frivilligt arbejde","No Name","Nyheder","Rejser - generelle oplysninger","VITA Explorers"],"inLanguage":"da-DK","potentialAction":[{"@type":"CommentAction","name":"Comment","target":["https:\/\/www.vita-explorers.dk\/blog\/opdagelsesrejse-og-moeder-med-lokale-faellesskaber-stammer-folk-og-landskaber-i-afrika-senegal-vita\/#respond"]}]},{"@type":"WebPage","@id":"https:\/\/www.vita-explorers.dk\/blog\/opdagelsesrejse-og-moeder-med-lokale-faellesskaber-stammer-folk-og-landskaber-i-afrika-senegal-vita\/","url":"https:\/\/www.vita-explorers.dk\/blog\/opdagelsesrejse-og-moeder-med-lokale-faellesskaber-stammer-folk-og-landskaber-i-afrika-senegal-vita\/","name":"Vincent deler sine oplevelser fra Senegal med os! - VITA Explorers Blog","isPartOf":{"@id":"https:\/\/www.vita-explorers.dk\/blog\/#website"},"primaryImageOfPage":{"@id":"https:\/\/www.vita-explorers.dk\/blog\/opdagelsesrejse-og-moeder-med-lokale-faellesskaber-stammer-folk-og-landskaber-i-afrika-senegal-vita\/#primaryimage"},"image":{"@id":"https:\/\/www.vita-explorers.dk\/blog\/opdagelsesrejse-og-moeder-med-lokale-faellesskaber-stammer-folk-og-landskaber-i-afrika-senegal-vita\/#primaryimage"},"thumbnailUrl":"https:\/\/www.vita-explorers.dk\/blog\/wp-content\/uploads\/2016\/10\/Repas-au-parc.jpg","datePublished":"2016-10-05T10:26:04+00:00","dateModified":"2022-03-14T19:00:07+00:00","breadcrumb":{"@id":"https:\/\/www.vita-explorers.dk\/blog\/opdagelsesrejse-og-moeder-med-lokale-faellesskaber-stammer-folk-og-landskaber-i-afrika-senegal-vita\/#breadcrumb"},"inLanguage":"da-DK","potentialAction":[{"@type":"ReadAction","target":["https:\/\/www.vita-explorers.dk\/blog\/opdagelsesrejse-og-moeder-med-lokale-faellesskaber-stammer-folk-og-landskaber-i-afrika-senegal-vita\/"]}]},{"@type":"ImageObject","inLanguage":"da-DK","@id":"https:\/\/www.vita-explorers.dk\/blog\/opdagelsesrejse-og-moeder-med-lokale-faellesskaber-stammer-folk-og-landskaber-i-afrika-senegal-vita\/#primaryimage","url":"https:\/\/www.vita-explorers.dk\/blog\/wp-content\/uploads\/2016\/10\/Repas-au-parc.jpg","contentUrl":"https:\/\/www.vita-explorers.dk\/blog\/wp-content\/uploads\/2016\/10\/Repas-au-parc.jpg","width":720,"height":453,"caption":"globalong b\u00e9n\u00e9volat international en afrique au S\u00e9n\u00e9gal"},{"@type":"BreadcrumbList","@id":"https:\/\/www.vita-explorers.dk\/blog\/opdagelsesrejse-og-moeder-med-lokale-faellesskaber-stammer-folk-og-landskaber-i-afrika-senegal-vita\/#breadcrumb","itemListElement":[{"@type":"ListItem","position":1,"name":"Accueil","item":"https:\/\/www.vita-explorers.dk\/blog\/"},{"@type":"ListItem","position":2,"name":"Vincent deler sine oplevelser fra Senegal med os!"}]},{"@type":"WebSite","@id":"https:\/\/www.vita-explorers.dk\/blog\/#website","url":"https:\/\/www.vita-explorers.dk\/blog\/","name":"Association Globalong","description":"Frivilligt arbejde, sprogophold, praktik i udlandet og internationale oplevelser","publisher":{"@id":"https:\/\/www.vita-explorers.dk\/blog\/#organization"},"potentialAction":[{"@type":"SearchAction","target":{"@type":"EntryPoint","urlTemplate":"https:\/\/www.vita-explorers.dk\/blog\/?s={search_term_string}"},"query-input":{"@type":"PropertyValueSpecification","valueRequired":true,"valueName":"search_term_string"}}],"inLanguage":"da-DK"},{"@type":"Organization","@id":"https:\/\/www.vita-explorers.dk\/blog\/#organization","name":"Association Globalong","url":"https:\/\/www.vita-explorers.dk\/blog\/","logo":{"@type":"ImageObject","inLanguage":"da-DK","@id":"https:\/\/www.vita-explorers.dk\/blog\/#\/schema\/logo\/image\/","url":"https:\/\/www.globalong.com\/blog\/wp-content\/uploads\/2014\/11\/cropped-cropped-Logo-et-Afrique-Globalong-petite-taille-2.jpg","contentUrl":"https:\/\/www.globalong.com\/blog\/wp-content\/uploads\/2014\/11\/cropped-cropped-Logo-et-Afrique-Globalong-petite-taille-2.jpg","width":512,"height":512,"caption":"Association Globalong"},"image":{"@id":"https:\/\/www.vita-explorers.dk\/blog\/#\/schema\/logo\/image\/"},"sameAs":["https:\/\/www.facebook.com\/globalong"]},{"@type":"Person","@id":"https:\/\/www.vita-explorers.dk\/blog\/#\/schema\/person\/d7df267b64f23018d1dc519e78fb2735","name":"VITA Tribe","image":{"@type":"ImageObject","inLanguage":"da-DK","@id":"https:\/\/www.vita-explorers.dk\/blog\/#\/schema\/person\/image\/","url":"https:\/\/secure.gravatar.com\/avatar\/81461bcc213d0ff2bdc043d4206648f0?s=96&d=mm&r=g","contentUrl":"https:\/\/secure.gravatar.com\/avatar\/81461bcc213d0ff2bdc043d4206648f0?s=96&d=mm&r=g","caption":"VITA Tribe"},"sameAs":["https:\/\/www.globalong.com"],"url":"https:\/\/www.vita-explorers.dk\/blog\/author\/sophie\/"}]}},"_links":{"self":[{"href":"https:\/\/www.vita-explorers.dk\/blog\/wp-json\/wp\/v2\/posts\/5597"}],"collection":[{"href":"https:\/\/www.vita-explorers.dk\/blog\/wp-json\/wp\/v2\/posts"}],"about":[{"href":"https:\/\/www.vita-explorers.dk\/blog\/wp-json\/wp\/v2\/types\/post"}],"author":[{"embeddable":true,"href":"https:\/\/www.vita-explorers.dk\/blog\/wp-json\/wp\/v2\/users\/1"}],"replies":[{"embeddable":true,"href":"https:\/\/www.vita-explorers.dk\/blog\/wp-json\/wp\/v2\/comments?post=5597"}],"version-history":[{"count":24,"href":"https:\/\/www.vita-explorers.dk\/blog\/wp-json\/wp\/v2\/posts\/5597\/revisions"}],"predecessor-version":[{"id":14264,"href":"https:\/\/www.vita-explorers.dk\/blog\/wp-json\/wp\/v2\/posts\/5597\/revisions\/14264"}],"wp:featuredmedia":[{"embeddable":true,"href":"https:\/\/www.vita-explorers.dk\/blog\/wp-json\/wp\/v2\/media\/5605"}],"wp:attachment":[{"href":"https:\/\/www.vita-explorers.dk\/blog\/wp-json\/wp\/v2\/media?parent=5597"}],"wp:term":[{"taxonomy":"category","embeddable":true,"href":"https:\/\/www.vita-explorers.dk\/blog\/wp-json\/wp\/v2\/categories?post=5597"},{"taxonomy":"post_tag","embeddable":true,"href":"https:\/\/www.vita-explorers.dk\/blog\/wp-json\/wp\/v2\/tags?post=5597"}],"curies":[{"name":"wp","href":"https:\/\/api.w.org\/{rel}","templated":true}]}}