{"id":5642,"date":"2016-10-21T10:38:35","date_gmt":"2016-10-21T08:38:35","guid":{"rendered":"https:\/\/www.globalong.com\/blog\/?p=5642"},"modified":"2022-03-14T19:59:24","modified_gmt":"2022-03-14T18:59:24","slug":"humanitaert-ophold-i-marokko-socialt-engagement-kultur-oplevelser-rejse-frivilligt-arbejde-maghreb-fransk","status":"publish","type":"post","link":"https:\/\/www.vita-explorers.dk\/blog\/humanitaert-ophold-i-marokko-socialt-engagement-kultur-oplevelser-rejse-frivilligt-arbejde-maghreb-fransk\/","title":{"rendered":"Vincent fort\u00e6ller om sine rejser til Marokko!"},"content":{"rendered":"<p class=\"p1\" style=\"text-align: justify;\"><a href=\"https:\/\/www.vita-explorers.dk\/blog\/wp-content\/uploads\/2016\/10\/berbere-flute-globalong-maroc.jpg\" rel=\"attachment wp-att-5643\"><img loading=\"lazy\" decoding=\"async\" class=\"size-medium wp-image-5643 aligncenter\" src=\"https:\/\/www.vita-explorers.dk\/blog\/wp-content\/uploads\/2016\/10\/berbere-flute-globalong-maroc-300x178.jpg\" alt=\"Internationalt frivilligt arbejde - VITA \" width=\"300\" height=\"178\" srcset=\"https:\/\/www.vita-explorers.dk\/blog\/wp-content\/uploads\/2016\/10\/berbere-flute-globalong-maroc-300x178.jpg 300w, https:\/\/www.vita-explorers.dk\/blog\/wp-content\/uploads\/2016\/10\/berbere-flute-globalong-maroc-768x455.jpg 768w, https:\/\/www.vita-explorers.dk\/blog\/wp-content\/uploads\/2016\/10\/berbere-flute-globalong-maroc-1024x607.jpg 1024w, https:\/\/www.vita-explorers.dk\/blog\/wp-content\/uploads\/2016\/10\/berbere-flute-globalong-maroc-150x89.jpg 150w, https:\/\/www.vita-explorers.dk\/blog\/wp-content\/uploads\/2016\/10\/berbere-flute-globalong-maroc.jpg 1693w\" sizes=\"(max-width: 300px) 100vw, 300px\" \/><\/a><a href=\"https:\/\/www.vita-explorers.dk\/frivilligt-arbejde\/marokko-humanitaert-forloeb-praktik-i-udlandet-afrika.html\" target=\"_blank\" rel=\"noopener\">Marokko<\/a> er det ikke-europ\u00e6iske land, jeg nok kender bedst.<br \/>\nMin f\u00f8rste kontakt med landet var, da jeg var omkring ti \u00e5r.<\/p>\n<p class=\"p1\" style=\"text-align: justify;\">Jeg rejste afsted med min mor, min s\u00f8ster og min mors k\u00e6reste i juleferien&#8230;<\/p>\n<p class=\"p1\" style=\"text-align: justify;\">Vi rejste fra <strong>Montpellier Lufthavn<\/strong> og landede i <strong>Marrakech-Menara Lufthavn<\/strong> p\u00e5 en 10-dages tur.<\/p>\n<p class=\"p1\" style=\"text-align: justify;\"><a href=\"https:\/\/www.vita-explorers.dk\/blog\/wp-content\/uploads\/2016\/10\/enfants-au-Maroc-avec-Globalong.jpg\" rel=\"attachment wp-att-5649\"><img loading=\"lazy\" decoding=\"async\" class=\"size-medium wp-image-5649 aligncenter\" src=\"https:\/\/www.vita-explorers.dk\/blog\/wp-content\/uploads\/2016\/10\/enfants-au-Maroc-avec-Globalong-300x169.jpg\" alt=\"Frivilligt arbejde i Marokko - VITA \" width=\"300\" height=\"169\" srcset=\"https:\/\/www.vita-explorers.dk\/blog\/wp-content\/uploads\/2016\/10\/enfants-au-Maroc-avec-Globalong-300x169.jpg 300w, https:\/\/www.vita-explorers.dk\/blog\/wp-content\/uploads\/2016\/10\/enfants-au-Maroc-avec-Globalong-768x433.jpg 768w, https:\/\/www.vita-explorers.dk\/blog\/wp-content\/uploads\/2016\/10\/enfants-au-Maroc-avec-Globalong-1024x577.jpg 1024w, https:\/\/www.vita-explorers.dk\/blog\/wp-content\/uploads\/2016\/10\/enfants-au-Maroc-avec-Globalong-150x85.jpg 150w\" sizes=\"(max-width: 300px) 100vw, 300px\" \/><\/a>Vi boede p\u00e5 et hotel ikke langt fra <strong>Koutoubia-mosk\u00e9en,<\/strong> og rejsen blev et k\u00e6mpe kulturchok for mig.<\/p>\n<p style=\"text-align: justify;\">For mig var det f\u00f8rste gang, jeg bes\u00f8gte et land uden for den vestlige verden.<\/p>\n<p style=\"text-align: justify;\"><strong>Arkitekturen og marokkanernes venlighed tiltalte mig med det samme,<\/strong> men samtidig gjorde ulighed og fattigdom, som nogle lever med, ogs\u00e5 et stort indtryk.<\/p>\n<p style=\"text-align: justify;\"><a href=\"https:\/\/www.vita-explorers.dk\/blog\/wp-content\/uploads\/2016\/10\/Atlas-marocain-avec-Globalong.jpg\" rel=\"attachment wp-att-5645\"><img loading=\"lazy\" decoding=\"async\" class=\"size-medium wp-image-5645 aligncenter\" src=\"https:\/\/www.vita-explorers.dk\/blog\/wp-content\/uploads\/2016\/10\/Atlas-marocain-avec-Globalong-300x169.jpg\" alt=\"Frivilligt arbejde i Marokko - VITA \" width=\"300\" height=\"169\" srcset=\"https:\/\/www.vita-explorers.dk\/blog\/wp-content\/uploads\/2016\/10\/Atlas-marocain-avec-Globalong-300x169.jpg 300w, https:\/\/www.vita-explorers.dk\/blog\/wp-content\/uploads\/2016\/10\/Atlas-marocain-avec-Globalong-768x433.jpg 768w, https:\/\/www.vita-explorers.dk\/blog\/wp-content\/uploads\/2016\/10\/Atlas-marocain-avec-Globalong-1024x577.jpg 1024w, https:\/\/www.vita-explorers.dk\/blog\/wp-content\/uploads\/2016\/10\/Atlas-marocain-avec-Globalong-150x85.jpg 150w\" sizes=\"(max-width: 300px) 100vw, 300px\" \/><\/a>Derudover bes\u00f8gte vi <strong>Jardin Majorelle<\/strong> med sine farver og is\u00e6r den smukke bl\u00e5 tone; vi tilbragte ogs\u00e5 rigtig meget tid i <strong>Medinaen,<\/strong> den historiske bydel, hvor pladsen J\u00e2mma el Fnaa ligger \u2013 et af Marrakechs mest kendte steder med markedsfolk, boder og gadekunstnere.<\/p>\n<p style=\"text-align: justify;\">Vi afsluttede rejsen ved at forlade <strong>Marrakech<\/strong> og tage til <strong>Ouarzazate<\/strong>, som ligger l\u00e6ngere mod syd og ofte kaldes <strong>\u201cporten til \u00f8rkenen\u201d<\/strong>.<\/p>\n<p style=\"text-align: justify;\"><a href=\"https:\/\/www.vita-explorers.dk\/blog\/wp-content\/uploads\/2016\/10\/enfants-sourire-globalong-maroc.jpg\" rel=\"attachment wp-att-5653\"><img loading=\"lazy\" decoding=\"async\" class=\"size-medium wp-image-5653 aligncenter\" src=\"https:\/\/www.vita-explorers.dk\/blog\/wp-content\/uploads\/2016\/10\/enfants-sourire-globalong-maroc-300x162.jpg\" alt=\"Frivilligt arbejde i Marokko - VITA \" width=\"300\" height=\"162\" srcset=\"https:\/\/www.vita-explorers.dk\/blog\/wp-content\/uploads\/2016\/10\/enfants-sourire-globalong-maroc-300x162.jpg 300w, https:\/\/www.vita-explorers.dk\/blog\/wp-content\/uploads\/2016\/10\/enfants-sourire-globalong-maroc-768x416.jpg 768w, https:\/\/www.vita-explorers.dk\/blog\/wp-content\/uploads\/2016\/10\/enfants-sourire-globalong-maroc-1024x555.jpg 1024w, https:\/\/www.vita-explorers.dk\/blog\/wp-content\/uploads\/2016\/10\/enfants-sourire-globalong-maroc-150x81.jpg 150w, https:\/\/www.vita-explorers.dk\/blog\/wp-content\/uploads\/2016\/10\/enfants-sourire-globalong-maroc.jpg 1686w\" sizes=\"(max-width: 300px) 100vw, 300px\" \/><\/a>Et helt fantastisk sted! Jeg husker det, som var det i g\u00e5r: byen er r\u00f8dlig okker med flotte kasbaher (berber-citadel), og vigtigst af alt \u2013 \u00f8rkenen!<\/p>\n<p style=\"text-align: justify;\"><strong>Jeg havde aldrig set et landskab som det.<\/strong><\/p>\n<p style=\"text-align: justify;\">Efter 10 dage rejste vi tilbage til Montpellier fra et land, jeg skulle komme til at opleve igen nogle \u00e5r senere.<\/p>\n<p><img loading=\"lazy\" decoding=\"async\" class=\"size-medium wp-image-5657 aligncenter\" src=\"https:\/\/www.vita-explorers.dk\/blog\/wp-content\/uploads\/2016\/10\/enfants-dans-latlas-globalong-300x169.jpg\" alt=\"b\u00f8rn i Marokko - VITA \" width=\"300\" height=\"169\" srcset=\"https:\/\/www.vita-explorers.dk\/blog\/wp-content\/uploads\/2016\/10\/enfants-dans-latlas-globalong-300x169.jpg 300w, https:\/\/www.vita-explorers.dk\/blog\/wp-content\/uploads\/2016\/10\/enfants-dans-latlas-globalong-768x433.jpg 768w, https:\/\/www.vita-explorers.dk\/blog\/wp-content\/uploads\/2016\/10\/enfants-dans-latlas-globalong-1024x577.jpg 1024w, https:\/\/www.vita-explorers.dk\/blog\/wp-content\/uploads\/2016\/10\/enfants-dans-latlas-globalong-150x85.jpg 150w\" sizes=\"(max-width: 300px) 100vw, 300px\" \/><\/p>\n<p style=\"text-align: justify;\">I december 2008 besluttede min mor, min s\u00f8ster, mine bedstefor\u00e6ldre og jeg at tage til Marrakech igen. Men denne gang skulle vi ikke bo p\u00e5 hotel \u2013 vi boede i en riad i 10 dage. Hvad er en riad? Det er et hus i <strong>hjertet af Medinaen<\/strong>, bygget op omkring en indre g\u00e5rd, hvor v\u00e6relserne ligger rundt om p\u00e5 flere etager, ofte med en tagterrasse. Stemningsfuldt og komfortabelt, og derfor et popul\u00e6rt valg for mange rejsende \u2013 samtidig med at man er t\u00e6t p\u00e5 bylivet, fordi man bor midt i det hele.<br \/>\nP\u00e5 denne anden tur bes\u00f8gte vi ogs\u00e5 <strong>Essaouira,<\/strong> en hyggelig by med sin bef\u00e6stede havn og gamle kanoner. Vi var ogs\u00e5 ude ved en arganplantage, hvor man producerer arganolie (bruges b\u00e5de i kosmetik og madlavning).<\/p>\n<p style=\"text-align: justify;\"><strong>Tag til Marokko p\u00e5 et internationalt frivilligt forl\u00f8b<\/strong>. <span style=\"text-decoration: underline;\"><a href=\"https:\/\/www.vita-explorers.dk\/frivilligt-arbejde\/marokko-humanitaert-forloeb-praktik-i-udlandet-afrika.html\" target=\"_blank\" rel=\"noopener\">Se mulighederne her!<\/a><\/span><\/p>\n<p style=\"text-align: justify;\"><strong>Vil du vide mere, er du velkommen til at kontakte os p\u00e5<\/strong> <span style=\"text-decoration: underline;\"><a href=\"mailto:info@globalong.com\">info@globalong.com<\/a><\/span><\/p>\n<p style=\"text-align: justify;\"><strong>Indtil da kan du se billeder fra VITA Explorers, der allerede har v\u00e6ret afsted p\u00e5 et forl\u00f8b i Marokko<\/strong><span style=\"text-decoration: underline;\"><a href=\"https:\/\/www.flickr.com\/photos\/globalong\/albums\/72157671283279754\" target=\"_blank\" rel=\"noopener\">her<\/a><\/span> !<\/p>\n","protected":false},"excerpt":{"rendered":"<p>Marokko er det ikke-europ\u00e6iske land, jeg nok kender bedst. Min f\u00f8rste kontakt med landet var, da jeg var omkring ti \u00e5r. Jeg rejste afsted\u2026<\/p>\n","protected":false},"author":1,"featured_media":5643,"comment_status":"open","ping_status":"open","sticky":false,"template":"","format":"standard","meta":{"footnotes":""},"categories":[13,8,1,6,3,4],"tags":[205,57,24,109,58,197,95,185,214,374,111,170,21],"yoast_head":"<!-- This site is optimized with the Yoast SEO Premium plugin v23.4 (Yoast SEO v23.4) - https:\/\/yoast.com\/wordpress\/plugins\/seo\/ -->\n<title>Vincent fort\u00e6ller om sine rejser til Marokko! - VITA Explorers Blog<\/title>\n<meta name=\"robots\" content=\"index, follow, max-snippet:-1, max-image-preview:large, max-video-preview:-1\" \/>\n<link rel=\"canonical\" href=\"https:\/\/www.vita-explorers.dk\/blog\/humanitaert-ophold-i-marokko-socialt-engagement-kultur-oplevelser-rejse-frivilligt-arbejde-maghreb-fransk\/\" \/>\n<meta property=\"og:locale\" content=\"da_DK\" \/>\n<meta property=\"og:type\" content=\"article\" \/>\n<meta property=\"og:title\" content=\"Vincent fort\u00e6ller om sine rejser til Marokko!\" \/>\n<meta property=\"og:description\" content=\"Marokko er det ikke-europ\u00e6iske land, jeg nok kender bedst. Min f\u00f8rste kontakt med landet var, da jeg var omkring ti \u00e5r. Jeg rejste afsted\u2026\" \/>\n<meta property=\"og:url\" content=\"https:\/\/www.vita-explorers.dk\/blog\/humanitaert-ophold-i-marokko-socialt-engagement-kultur-oplevelser-rejse-frivilligt-arbejde-maghreb-fransk\/\" \/>\n<meta property=\"og:site_name\" content=\"VITA Explorers Blog\" \/>\n<meta property=\"article:publisher\" content=\"https:\/\/www.facebook.com\/globalong\" \/>\n<meta property=\"article:published_time\" content=\"2016-10-21T08:38:35+00:00\" \/>\n<meta property=\"article:modified_time\" content=\"2022-03-14T18:59:24+00:00\" \/>\n<meta property=\"og:image\" content=\"https:\/\/www.vita-explorers.dk\/blog\/wp-content\/uploads\/2016\/10\/berbere-flute-globalong-maroc.jpg\" \/>\n\t<meta property=\"og:image:width\" content=\"1693\" \/>\n\t<meta property=\"og:image:height\" content=\"1003\" \/>\n\t<meta property=\"og:image:type\" content=\"image\/jpeg\" \/>\n<meta name=\"author\" content=\"VITA Tribe\" \/>\n<meta name=\"twitter:card\" content=\"summary_large_image\" \/>\n<meta name=\"twitter:label1\" content=\"Skrevet af\" \/>\n\t<meta name=\"twitter:data1\" content=\"VITA Tribe\" \/>\n\t<meta name=\"twitter:label2\" content=\"Estimeret l\u00e6setid\" \/>\n\t<meta name=\"twitter:data2\" content=\"2 minutter\" \/>\n<script type=\"application\/ld+json\" class=\"yoast-schema-graph\">{\"@context\":\"https:\/\/schema.org\",\"@graph\":[{\"@type\":\"Article\",\"@id\":\"https:\/\/www.vita-explorers.dk\/blog\/humanitaert-ophold-i-marokko-socialt-engagement-kultur-oplevelser-rejse-frivilligt-arbejde-maghreb-fransk\/#article\",\"isPartOf\":{\"@id\":\"https:\/\/www.vita-explorers.dk\/blog\/humanitaert-ophold-i-marokko-socialt-engagement-kultur-oplevelser-rejse-frivilligt-arbejde-maghreb-fransk\/\"},\"author\":{\"name\":\"VITA Tribe\",\"@id\":\"https:\/\/www.vita-explorers.dk\/blog\/#\/schema\/person\/d7df267b64f23018d1dc519e78fb2735\"},\"headline\":\"Vincent fort\u00e6ller om sine rejser til Marokko!\",\"datePublished\":\"2016-10-21T08:38:35+00:00\",\"dateModified\":\"2022-03-14T18:59:24+00:00\",\"mainEntityOfPage\":{\"@id\":\"https:\/\/www.vita-explorers.dk\/blog\/humanitaert-ophold-i-marokko-socialt-engagement-kultur-oplevelser-rejse-frivilligt-arbejde-maghreb-fransk\/\"},\"wordCount\":424,\"commentCount\":0,\"publisher\":{\"@id\":\"https:\/\/www.vita-explorers.dk\/blog\/#organization\"},\"image\":{\"@id\":\"https:\/\/www.vita-explorers.dk\/blog\/humanitaert-ophold-i-marokko-socialt-engagement-kultur-oplevelser-rejse-frivilligt-arbejde-maghreb-fransk\/#primaryimage\"},\"thumbnailUrl\":\"https:\/\/www.vita-explorers.dk\/blog\/wp-content\/uploads\/2016\/10\/berbere-flute-globalong-maroc.jpg\",\"keywords\":[\"#voyagerautrement\",\"afrique\",\"apprendre\",\"climat\",\"culture\",\"d\u00e9couverte\",\"environnement\",\"globalong\",\"Humanitariat\",\"Maroc\",\"monde\",\"tourisme\",\"valeurs\"],\"articleSection\":[\"Afrika\",\"Humanit\u00e6rt frivilligt arbejde\",\"No Name\",\"Nyheder\",\"Rejser - generelle oplysninger\",\"VITA Explorers\"],\"inLanguage\":\"da-DK\",\"potentialAction\":[{\"@type\":\"CommentAction\",\"name\":\"Comment\",\"target\":[\"https:\/\/www.vita-explorers.dk\/blog\/humanitaert-ophold-i-marokko-socialt-engagement-kultur-oplevelser-rejse-frivilligt-arbejde-maghreb-fransk\/#respond\"]}]},{\"@type\":\"WebPage\",\"@id\":\"https:\/\/www.vita-explorers.dk\/blog\/humanitaert-ophold-i-marokko-socialt-engagement-kultur-oplevelser-rejse-frivilligt-arbejde-maghreb-fransk\/\",\"url\":\"https:\/\/www.vita-explorers.dk\/blog\/humanitaert-ophold-i-marokko-socialt-engagement-kultur-oplevelser-rejse-frivilligt-arbejde-maghreb-fransk\/\",\"name\":\"Vincent fort\u00e6ller om sine rejser til Marokko! - VITA Explorers Blog\",\"isPartOf\":{\"@id\":\"https:\/\/www.vita-explorers.dk\/blog\/#website\"},\"primaryImageOfPage\":{\"@id\":\"https:\/\/www.vita-explorers.dk\/blog\/humanitaert-ophold-i-marokko-socialt-engagement-kultur-oplevelser-rejse-frivilligt-arbejde-maghreb-fransk\/#primaryimage\"},\"image\":{\"@id\":\"https:\/\/www.vita-explorers.dk\/blog\/humanitaert-ophold-i-marokko-socialt-engagement-kultur-oplevelser-rejse-frivilligt-arbejde-maghreb-fransk\/#primaryimage\"},\"thumbnailUrl\":\"https:\/\/www.vita-explorers.dk\/blog\/wp-content\/uploads\/2016\/10\/berbere-flute-globalong-maroc.jpg\",\"datePublished\":\"2016-10-21T08:38:35+00:00\",\"dateModified\":\"2022-03-14T18:59:24+00:00\",\"breadcrumb\":{\"@id\":\"https:\/\/www.vita-explorers.dk\/blog\/humanitaert-ophold-i-marokko-socialt-engagement-kultur-oplevelser-rejse-frivilligt-arbejde-maghreb-fransk\/#breadcrumb\"},\"inLanguage\":\"da-DK\",\"potentialAction\":[{\"@type\":\"ReadAction\",\"target\":[\"https:\/\/www.vita-explorers.dk\/blog\/humanitaert-ophold-i-marokko-socialt-engagement-kultur-oplevelser-rejse-frivilligt-arbejde-maghreb-fransk\/\"]}]},{\"@type\":\"ImageObject\",\"inLanguage\":\"da-DK\",\"@id\":\"https:\/\/www.vita-explorers.dk\/blog\/humanitaert-ophold-i-marokko-socialt-engagement-kultur-oplevelser-rejse-frivilligt-arbejde-maghreb-fransk\/#primaryimage\",\"url\":\"https:\/\/www.vita-explorers.dk\/blog\/wp-content\/uploads\/2016\/10\/berbere-flute-globalong-maroc.jpg\",\"contentUrl\":\"https:\/\/www.vita-explorers.dk\/blog\/wp-content\/uploads\/2016\/10\/berbere-flute-globalong-maroc.jpg\",\"width\":1693,\"height\":1003,\"caption\":\"B\u00e9n\u00e9volat international - Globalong\"},{\"@type\":\"BreadcrumbList\",\"@id\":\"https:\/\/www.vita-explorers.dk\/blog\/humanitaert-ophold-i-marokko-socialt-engagement-kultur-oplevelser-rejse-frivilligt-arbejde-maghreb-fransk\/#breadcrumb\",\"itemListElement\":[{\"@type\":\"ListItem\",\"position\":1,\"name\":\"Accueil\",\"item\":\"https:\/\/www.vita-explorers.dk\/blog\/\"},{\"@type\":\"ListItem\",\"position\":2,\"name\":\"Vincent fort\u00e6ller om sine rejser til Marokko!\"}]},{\"@type\":\"WebSite\",\"@id\":\"https:\/\/www.vita-explorers.dk\/blog\/#website\",\"url\":\"https:\/\/www.vita-explorers.dk\/blog\/\",\"name\":\"Association Globalong\",\"description\":\"Frivilligt arbejde, sprogophold, praktik i udlandet og internationale oplevelser\",\"publisher\":{\"@id\":\"https:\/\/www.vita-explorers.dk\/blog\/#organization\"},\"potentialAction\":[{\"@type\":\"SearchAction\",\"target\":{\"@type\":\"EntryPoint\",\"urlTemplate\":\"https:\/\/www.vita-explorers.dk\/blog\/?s={search_term_string}\"},\"query-input\":{\"@type\":\"PropertyValueSpecification\",\"valueRequired\":true,\"valueName\":\"search_term_string\"}}],\"inLanguage\":\"da-DK\"},{\"@type\":\"Organization\",\"@id\":\"https:\/\/www.vita-explorers.dk\/blog\/#organization\",\"name\":\"Association Globalong\",\"url\":\"https:\/\/www.vita-explorers.dk\/blog\/\",\"logo\":{\"@type\":\"ImageObject\",\"inLanguage\":\"da-DK\",\"@id\":\"https:\/\/www.vita-explorers.dk\/blog\/#\/schema\/logo\/image\/\",\"url\":\"https:\/\/www.globalong.com\/blog\/wp-content\/uploads\/2014\/11\/cropped-cropped-Logo-et-Afrique-Globalong-petite-taille-2.jpg\",\"contentUrl\":\"https:\/\/www.globalong.com\/blog\/wp-content\/uploads\/2014\/11\/cropped-cropped-Logo-et-Afrique-Globalong-petite-taille-2.jpg\",\"width\":512,\"height\":512,\"caption\":\"Association Globalong\"},\"image\":{\"@id\":\"https:\/\/www.vita-explorers.dk\/blog\/#\/schema\/logo\/image\/\"},\"sameAs\":[\"https:\/\/www.facebook.com\/globalong\"]},{\"@type\":\"Person\",\"@id\":\"https:\/\/www.vita-explorers.dk\/blog\/#\/schema\/person\/d7df267b64f23018d1dc519e78fb2735\",\"name\":\"VITA Tribe\",\"image\":{\"@type\":\"ImageObject\",\"inLanguage\":\"da-DK\",\"@id\":\"https:\/\/www.vita-explorers.dk\/blog\/#\/schema\/person\/image\/\",\"url\":\"https:\/\/secure.gravatar.com\/avatar\/81461bcc213d0ff2bdc043d4206648f0?s=96&d=mm&r=g\",\"contentUrl\":\"https:\/\/secure.gravatar.com\/avatar\/81461bcc213d0ff2bdc043d4206648f0?s=96&d=mm&r=g\",\"caption\":\"VITA Tribe\"},\"sameAs\":[\"https:\/\/www.globalong.com\"],\"url\":\"https:\/\/www.vita-explorers.dk\/blog\/author\/sophie\/\"}]}<\/script>\n<!-- \/ Yoast SEO Premium plugin. -->","yoast_head_json":{"title":"Vincent fort\u00e6ller om sine rejser til Marokko! - VITA Explorers Blog","robots":{"index":"index","follow":"follow","max-snippet":"max-snippet:-1","max-image-preview":"max-image-preview:large","max-video-preview":"max-video-preview:-1"},"canonical":"https:\/\/www.vita-explorers.dk\/blog\/humanitaert-ophold-i-marokko-socialt-engagement-kultur-oplevelser-rejse-frivilligt-arbejde-maghreb-fransk\/","og_locale":"da_DK","og_type":"article","og_title":"Vincent fort\u00e6ller om sine rejser til Marokko!","og_description":"Marokko er det ikke-europ\u00e6iske land, jeg nok kender bedst. Min f\u00f8rste kontakt med landet var, da jeg var omkring ti \u00e5r. Jeg rejste afsted\u2026","og_url":"https:\/\/www.vita-explorers.dk\/blog\/humanitaert-ophold-i-marokko-socialt-engagement-kultur-oplevelser-rejse-frivilligt-arbejde-maghreb-fransk\/","og_site_name":"VITA Explorers Blog","article_publisher":"https:\/\/www.facebook.com\/globalong","article_published_time":"2016-10-21T08:38:35+00:00","article_modified_time":"2022-03-14T18:59:24+00:00","og_image":[{"width":1693,"height":1003,"url":"https:\/\/www.vita-explorers.dk\/blog\/wp-content\/uploads\/2016\/10\/berbere-flute-globalong-maroc.jpg","type":"image\/jpeg"}],"author":"VITA Tribe","twitter_card":"summary_large_image","twitter_misc":{"Skrevet af":"VITA Tribe","Estimeret l\u00e6setid":"2 minutter"},"schema":{"@context":"https:\/\/schema.org","@graph":[{"@type":"Article","@id":"https:\/\/www.vita-explorers.dk\/blog\/humanitaert-ophold-i-marokko-socialt-engagement-kultur-oplevelser-rejse-frivilligt-arbejde-maghreb-fransk\/#article","isPartOf":{"@id":"https:\/\/www.vita-explorers.dk\/blog\/humanitaert-ophold-i-marokko-socialt-engagement-kultur-oplevelser-rejse-frivilligt-arbejde-maghreb-fransk\/"},"author":{"name":"VITA Tribe","@id":"https:\/\/www.vita-explorers.dk\/blog\/#\/schema\/person\/d7df267b64f23018d1dc519e78fb2735"},"headline":"Vincent fort\u00e6ller om sine rejser til Marokko!","datePublished":"2016-10-21T08:38:35+00:00","dateModified":"2022-03-14T18:59:24+00:00","mainEntityOfPage":{"@id":"https:\/\/www.vita-explorers.dk\/blog\/humanitaert-ophold-i-marokko-socialt-engagement-kultur-oplevelser-rejse-frivilligt-arbejde-maghreb-fransk\/"},"wordCount":424,"commentCount":0,"publisher":{"@id":"https:\/\/www.vita-explorers.dk\/blog\/#organization"},"image":{"@id":"https:\/\/www.vita-explorers.dk\/blog\/humanitaert-ophold-i-marokko-socialt-engagement-kultur-oplevelser-rejse-frivilligt-arbejde-maghreb-fransk\/#primaryimage"},"thumbnailUrl":"https:\/\/www.vita-explorers.dk\/blog\/wp-content\/uploads\/2016\/10\/berbere-flute-globalong-maroc.jpg","keywords":["#voyagerautrement","afrique","apprendre","climat","culture","d\u00e9couverte","environnement","globalong","Humanitariat","Maroc","monde","tourisme","valeurs"],"articleSection":["Afrika","Humanit\u00e6rt frivilligt arbejde","No Name","Nyheder","Rejser - generelle oplysninger","VITA Explorers"],"inLanguage":"da-DK","potentialAction":[{"@type":"CommentAction","name":"Comment","target":["https:\/\/www.vita-explorers.dk\/blog\/humanitaert-ophold-i-marokko-socialt-engagement-kultur-oplevelser-rejse-frivilligt-arbejde-maghreb-fransk\/#respond"]}]},{"@type":"WebPage","@id":"https:\/\/www.vita-explorers.dk\/blog\/humanitaert-ophold-i-marokko-socialt-engagement-kultur-oplevelser-rejse-frivilligt-arbejde-maghreb-fransk\/","url":"https:\/\/www.vita-explorers.dk\/blog\/humanitaert-ophold-i-marokko-socialt-engagement-kultur-oplevelser-rejse-frivilligt-arbejde-maghreb-fransk\/","name":"Vincent fort\u00e6ller om sine rejser til Marokko! - VITA Explorers Blog","isPartOf":{"@id":"https:\/\/www.vita-explorers.dk\/blog\/#website"},"primaryImageOfPage":{"@id":"https:\/\/www.vita-explorers.dk\/blog\/humanitaert-ophold-i-marokko-socialt-engagement-kultur-oplevelser-rejse-frivilligt-arbejde-maghreb-fransk\/#primaryimage"},"image":{"@id":"https:\/\/www.vita-explorers.dk\/blog\/humanitaert-ophold-i-marokko-socialt-engagement-kultur-oplevelser-rejse-frivilligt-arbejde-maghreb-fransk\/#primaryimage"},"thumbnailUrl":"https:\/\/www.vita-explorers.dk\/blog\/wp-content\/uploads\/2016\/10\/berbere-flute-globalong-maroc.jpg","datePublished":"2016-10-21T08:38:35+00:00","dateModified":"2022-03-14T18:59:24+00:00","breadcrumb":{"@id":"https:\/\/www.vita-explorers.dk\/blog\/humanitaert-ophold-i-marokko-socialt-engagement-kultur-oplevelser-rejse-frivilligt-arbejde-maghreb-fransk\/#breadcrumb"},"inLanguage":"da-DK","potentialAction":[{"@type":"ReadAction","target":["https:\/\/www.vita-explorers.dk\/blog\/humanitaert-ophold-i-marokko-socialt-engagement-kultur-oplevelser-rejse-frivilligt-arbejde-maghreb-fransk\/"]}]},{"@type":"ImageObject","inLanguage":"da-DK","@id":"https:\/\/www.vita-explorers.dk\/blog\/humanitaert-ophold-i-marokko-socialt-engagement-kultur-oplevelser-rejse-frivilligt-arbejde-maghreb-fransk\/#primaryimage","url":"https:\/\/www.vita-explorers.dk\/blog\/wp-content\/uploads\/2016\/10\/berbere-flute-globalong-maroc.jpg","contentUrl":"https:\/\/www.vita-explorers.dk\/blog\/wp-content\/uploads\/2016\/10\/berbere-flute-globalong-maroc.jpg","width":1693,"height":1003,"caption":"B\u00e9n\u00e9volat international - Globalong"},{"@type":"BreadcrumbList","@id":"https:\/\/www.vita-explorers.dk\/blog\/humanitaert-ophold-i-marokko-socialt-engagement-kultur-oplevelser-rejse-frivilligt-arbejde-maghreb-fransk\/#breadcrumb","itemListElement":[{"@type":"ListItem","position":1,"name":"Accueil","item":"https:\/\/www.vita-explorers.dk\/blog\/"},{"@type":"ListItem","position":2,"name":"Vincent fort\u00e6ller om sine rejser til Marokko!"}]},{"@type":"WebSite","@id":"https:\/\/www.vita-explorers.dk\/blog\/#website","url":"https:\/\/www.vita-explorers.dk\/blog\/","name":"Association Globalong","description":"Frivilligt arbejde, sprogophold, praktik i udlandet og internationale oplevelser","publisher":{"@id":"https:\/\/www.vita-explorers.dk\/blog\/#organization"},"potentialAction":[{"@type":"SearchAction","target":{"@type":"EntryPoint","urlTemplate":"https:\/\/www.vita-explorers.dk\/blog\/?s={search_term_string}"},"query-input":{"@type":"PropertyValueSpecification","valueRequired":true,"valueName":"search_term_string"}}],"inLanguage":"da-DK"},{"@type":"Organization","@id":"https:\/\/www.vita-explorers.dk\/blog\/#organization","name":"Association Globalong","url":"https:\/\/www.vita-explorers.dk\/blog\/","logo":{"@type":"ImageObject","inLanguage":"da-DK","@id":"https:\/\/www.vita-explorers.dk\/blog\/#\/schema\/logo\/image\/","url":"https:\/\/www.globalong.com\/blog\/wp-content\/uploads\/2014\/11\/cropped-cropped-Logo-et-Afrique-Globalong-petite-taille-2.jpg","contentUrl":"https:\/\/www.globalong.com\/blog\/wp-content\/uploads\/2014\/11\/cropped-cropped-Logo-et-Afrique-Globalong-petite-taille-2.jpg","width":512,"height":512,"caption":"Association Globalong"},"image":{"@id":"https:\/\/www.vita-explorers.dk\/blog\/#\/schema\/logo\/image\/"},"sameAs":["https:\/\/www.facebook.com\/globalong"]},{"@type":"Person","@id":"https:\/\/www.vita-explorers.dk\/blog\/#\/schema\/person\/d7df267b64f23018d1dc519e78fb2735","name":"VITA Tribe","image":{"@type":"ImageObject","inLanguage":"da-DK","@id":"https:\/\/www.vita-explorers.dk\/blog\/#\/schema\/person\/image\/","url":"https:\/\/secure.gravatar.com\/avatar\/81461bcc213d0ff2bdc043d4206648f0?s=96&d=mm&r=g","contentUrl":"https:\/\/secure.gravatar.com\/avatar\/81461bcc213d0ff2bdc043d4206648f0?s=96&d=mm&r=g","caption":"VITA Tribe"},"sameAs":["https:\/\/www.globalong.com"],"url":"https:\/\/www.vita-explorers.dk\/blog\/author\/sophie\/"}]}},"_links":{"self":[{"href":"https:\/\/www.vita-explorers.dk\/blog\/wp-json\/wp\/v2\/posts\/5642"}],"collection":[{"href":"https:\/\/www.vita-explorers.dk\/blog\/wp-json\/wp\/v2\/posts"}],"about":[{"href":"https:\/\/www.vita-explorers.dk\/blog\/wp-json\/wp\/v2\/types\/post"}],"author":[{"embeddable":true,"href":"https:\/\/www.vita-explorers.dk\/blog\/wp-json\/wp\/v2\/users\/1"}],"replies":[{"embeddable":true,"href":"https:\/\/www.vita-explorers.dk\/blog\/wp-json\/wp\/v2\/comments?post=5642"}],"version-history":[{"count":29,"href":"https:\/\/www.vita-explorers.dk\/blog\/wp-json\/wp\/v2\/posts\/5642\/revisions"}],"predecessor-version":[{"id":14263,"href":"https:\/\/www.vita-explorers.dk\/blog\/wp-json\/wp\/v2\/posts\/5642\/revisions\/14263"}],"wp:featuredmedia":[{"embeddable":true,"href":"https:\/\/www.vita-explorers.dk\/blog\/wp-json\/wp\/v2\/media\/5643"}],"wp:attachment":[{"href":"https:\/\/www.vita-explorers.dk\/blog\/wp-json\/wp\/v2\/media?parent=5642"}],"wp:term":[{"taxonomy":"category","embeddable":true,"href":"https:\/\/www.vita-explorers.dk\/blog\/wp-json\/wp\/v2\/categories?post=5642"},{"taxonomy":"post_tag","embeddable":true,"href":"https:\/\/www.vita-explorers.dk\/blog\/wp-json\/wp\/v2\/tags?post=5642"}],"curies":[{"name":"wp","href":"https:\/\/api.w.org\/{rel}","templated":true}]}}