{"id":570,"date":"2015-09-05T06:30:38","date_gmt":"2015-09-05T04:30:38","guid":{"rendered":"https:\/\/www.globalong.com\/blog\/?p=570"},"modified":"2024-10-19T19:17:21","modified_gmt":"2024-10-19T17:17:21","slug":"5-september-international-velgoerenhedsdag","status":"publish","type":"post","link":"https:\/\/www.vita-explorers.dk\/blog\/5-september-international-velgoerenhedsdag\/","title":{"rendered":"5. september: Den Internationale Velg\u00f8renhedsdag"},"content":{"rendered":"<h2 style=\"text-align: center;\"><span style=\"color: #b81657; font-size: 18pt;\">\u00ab\u00a0Lad ingen komme til dig uden at g\u00e5 herfra som et bedre og gladere menneske.\u00a0\u00bb Moder Teresa<\/span><a href=\"https:\/\/www.vita-explorers.dk\/blog\/wp-content\/uploads\/2015\/10\/NomadDunePeopleLine.jpg\"><img loading=\"lazy\" decoding=\"async\" class=\"aligncenter wp-image-629 size-medium\" src=\"https:\/\/www.vita-explorers.dk\/blog\/wp-content\/uploads\/2015\/10\/NomadDunePeopleLine-300x197.jpg\" alt=\"5. september: International velg\u00f8renhedsdag\" width=\"300\" height=\"197\" srcset=\"https:\/\/www.vita-explorers.dk\/blog\/wp-content\/uploads\/2015\/10\/NomadDunePeopleLine-300x197.jpg 300w, https:\/\/www.vita-explorers.dk\/blog\/wp-content\/uploads\/2015\/10\/NomadDunePeopleLine-150x99.jpg 150w, https:\/\/www.vita-explorers.dk\/blog\/wp-content\/uploads\/2015\/10\/NomadDunePeopleLine.jpg 310w\" sizes=\"(max-width: 300px) 100vw, 300px\" \/><\/a>FN\u2019s Generalforsamling m\u00f8dtes den 5. september 2012 for at beslutte, at datoen fremover skulle markere International Velg\u00f8renhedsdag.<\/h2>\n<p style=\"text-align: justify;\">Til dem, der spekulerer p\u00e5, hvorfor netop 5. september blev valgt, er det v\u00e6rd at huske, at det er \u00e5rsdagen for Moder Teresas d\u00f8d i 1997.<\/p>\n<p style=\"text-align: justify;\">\u00abLad os anerkende velg\u00f8renhed for, hvad det grundl\u00e6ggende er: en nobel indsats for at forbedre menneskers livsvilk\u00e5r.\u00bb sagde Ban Ki-moon, FN\u2019s generalsekret\u00e6r, p\u00e5 den f\u00f8rste internationale velg\u00f8renhedsdag.<\/p>\n<p><img loading=\"lazy\" decoding=\"async\" class=\"aligncenter wp-image-700\" src=\"https:\/\/www.vita-explorers.dk\/blog\/wp-content\/uploads\/2015\/10\/sa_04.jpg\" alt=\"5. september: International velg\u00f8renhedsdag\" width=\"300\" height=\"300\" srcset=\"https:\/\/www.vita-explorers.dk\/blog\/wp-content\/uploads\/2015\/10\/sa_04.jpg 190w, https:\/\/www.vita-explorers.dk\/blog\/wp-content\/uploads\/2015\/10\/sa_04-150x150.jpg 150w\" sizes=\"(max-width: 300px) 100vw, 300px\" \/><\/p>\n<p style=\"text-align: justify;\"><strong>International Velg\u00f8renhedsdag<\/strong> blev skabt for at \u00f8ge opm\u00e6rksomheden og mobilisere mennesker, NGO\u2019er og andre akt\u00f8rer verden over til at hj\u00e6lpe andre gennem frivilligt arbejde. Velg\u00f8renhed kan afb\u00f8de nogle af de v\u00e6rste konsekvenser af humanit\u00e6re kriser og supplere offentlige indsatser inden for sundhed, uddannelse, bolig og beskyttelse af b\u00f8rn. Den kan ogs\u00e5 styrke kultur, videnskab og sport, v\u00e6rne om kultur- og naturarv og bidrage til at fremme rettigheder for mennesker, der lever i udsatte positioner \u2013 samt sprede et budskab om medmenneskelighed i konfliktsituationer.<\/p>\n<p style=\"text-align: justify;\"><a href=\"https:\/\/www.vita-explorers.dk\">VITA Institute<\/a> bakker op om dagen og tilbyder <a href=\"https:\/\/www.vita-explorers.dk\/frivilligt-arbejde\/\">internationale forl\u00f8b inden for frivilligt arbejde og natur- og milj\u00f8indsatser<\/a>\u00a0for at st\u00f8tte lokalsamfund og deres udvikling.<\/p>\n<p style=\"text-align: center;\">Kilder: journee-mondiale.com \/ reliefweb.int<\/p>\n<p style=\"text-align: center;\"><a href=\"https:\/\/www.vita-explorers.dk\/\" target=\"_blank\" rel=\"noopener\">Tag afsted p\u00e5 et frivilligforl\u00f8b eller et sprogophold<\/a><\/p>\n<p style=\"text-align: center;\"><a href=\"mailto:info@globalong.com\">Kontakt os\u00a0<\/a><\/p>\n<p style=\"text-align: center;\"><a href=\"https:\/\/www.flickr.com\/photos\/globalong\/albums\/\" target=\"_blank\" rel=\"noopener\">Se vores billeder<\/a><\/p>\n<div class=\"entry-content\">\n<p class=\"p4\" style=\"text-align: center;\"><strong>For mere information er du velkommen til at kontakte os p\u00e5\u00a0<a href=\"mailto:info@globalong.com\"><span class=\"s2\">info@globalong.com<\/span><\/a><\/strong><\/p>\n<p class=\"p4\" style=\"text-align: center;\"><strong>Hvis du vil vide<\/strong><\/p>\n<p class=\"p4\" style=\"text-align: center;\"><strong>mere om VITA Institute og vores community, s\u00e5 bes\u00f8g os p\u00e5\u00a0<a href=\"https:\/\/www.instagram.com\/globalongofficiel\/\"><span class=\"s2\">Instagram<\/span><\/a>,\u00a0<a href=\"https:\/\/www.facebook.com\/globalong\"><span class=\"s2\">Facebook<\/span><\/a>,\u00a0<a href=\"https:\/\/www.linkedin.com\/company\/5113177\/admin\/feed\/posts\/\"><span class=\"s2\">LinkedIn<\/span><\/a>\u00a0og\u00a0<a href=\"https:\/\/www.youtube.com\/c\/globalong\/videos\"><span class=\"s2\">Youtube<\/span><\/a>\u00a0!\u00a0<\/strong><\/p>\n<div class=\"getsocial gs-inline-group\" style=\"text-align: center;\"><\/div>\n<\/div>\n<nav class=\"navigation post-navigation\" aria-label=\"Publications\">\n<h2 class=\"screen-reader-text\">Navigation i artiklen<\/h2>\n<div class=\"nav-links\"><\/div>\n<\/nav>\n","protected":false},"excerpt":{"rendered":"<p>\u00ab\u00a0Lad ingen komme til dig uden at g\u00e5 herfra som et bedre og gladere menneske.\u00a0\u00bb Moder TeresaFN\u2019s Generalforsamling m\u00f8dtes den 5. september 2012 for\u2026<\/p>\n","protected":false},"author":1,"featured_media":572,"comment_status":"open","ping_status":"open","sticky":false,"template":"","format":"standard","meta":{"footnotes":""},"categories":[6,4],"tags":[17,52,94,38,149,59,181,25,16,15],"yoast_head":"<!-- This site is optimized with the Yoast SEO Premium plugin v23.4 (Yoast SEO v23.4) - https:\/\/yoast.com\/wordpress\/plugins\/seo\/ -->\n<title>5. september: Den Internationale Velg\u00f8renhedsdag - VITA Explorers Blog<\/title>\n<meta name=\"description\" content=\"Sensibilisez-vous \u00e0 la Journ\u00e9e internationale de la charit\u00e9 et mobilisez-vous pour aider les autres \u00e0 travers des actions b\u00e9n\u00e9voles.\" \/>\n<meta name=\"robots\" content=\"index, follow, max-snippet:-1, max-image-preview:large, max-video-preview:-1\" \/>\n<link rel=\"canonical\" href=\"https:\/\/www.vita-explorers.dk\/blog\/5-september-international-velgoerenhedsdag\/\" \/>\n<meta property=\"og:locale\" content=\"da_DK\" \/>\n<meta property=\"og:type\" content=\"article\" \/>\n<meta property=\"og:title\" content=\"5. september: Den Internationale Velg\u00f8renhedsdag\" \/>\n<meta property=\"og:description\" content=\"Sensibilisez-vous \u00e0 la Journ\u00e9e internationale de la charit\u00e9 et mobilisez-vous pour aider les autres \u00e0 travers des actions b\u00e9n\u00e9voles.\" \/>\n<meta property=\"og:url\" content=\"https:\/\/www.vita-explorers.dk\/blog\/5-september-international-velgoerenhedsdag\/\" \/>\n<meta property=\"og:site_name\" content=\"VITA Explorers Blog\" \/>\n<meta property=\"article:publisher\" content=\"https:\/\/www.facebook.com\/globalong\" \/>\n<meta property=\"article:published_time\" content=\"2015-09-05T04:30:38+00:00\" \/>\n<meta property=\"article:modified_time\" content=\"2024-10-19T17:17:21+00:00\" \/>\n<meta property=\"og:image\" content=\"https:\/\/www.vita-explorers.dk\/blog\/wp-content\/uploads\/2015\/09\/14554867259_91f9bd9936_o-copy.jpg\" \/>\n\t<meta property=\"og:image:width\" content=\"960\" \/>\n\t<meta property=\"og:image:height\" content=\"720\" \/>\n\t<meta property=\"og:image:type\" content=\"image\/jpeg\" \/>\n<meta name=\"author\" content=\"VITA Tribe\" \/>\n<meta name=\"twitter:card\" content=\"summary_large_image\" \/>\n<meta name=\"twitter:label1\" content=\"Skrevet af\" \/>\n\t<meta name=\"twitter:data1\" content=\"VITA Tribe\" \/>\n\t<meta name=\"twitter:label2\" content=\"Estimeret l\u00e6setid\" \/>\n\t<meta name=\"twitter:data2\" content=\"3 minutter\" \/>\n<script type=\"application\/ld+json\" class=\"yoast-schema-graph\">{\"@context\":\"https:\/\/schema.org\",\"@graph\":[{\"@type\":\"Article\",\"@id\":\"https:\/\/www.vita-explorers.dk\/blog\/5-september-international-velgoerenhedsdag\/#article\",\"isPartOf\":{\"@id\":\"https:\/\/www.vita-explorers.dk\/blog\/5-september-international-velgoerenhedsdag\/\"},\"author\":{\"name\":\"VITA Tribe\",\"@id\":\"https:\/\/www.vita-explorers.dk\/blog\/#\/schema\/person\/d7df267b64f23018d1dc519e78fb2735\"},\"headline\":\"5. september: Den Internationale Velg\u00f8renhedsdag\",\"datePublished\":\"2015-09-05T04:30:38+00:00\",\"dateModified\":\"2024-10-19T17:17:21+00:00\",\"mainEntityOfPage\":{\"@id\":\"https:\/\/www.vita-explorers.dk\/blog\/5-september-international-velgoerenhedsdag\/\"},\"wordCount\":278,\"commentCount\":0,\"publisher\":{\"@id\":\"https:\/\/www.vita-explorers.dk\/blog\/#organization\"},\"image\":{\"@id\":\"https:\/\/www.vita-explorers.dk\/blog\/5-september-international-velgoerenhedsdag\/#primaryimage\"},\"thumbnailUrl\":\"https:\/\/www.vita-explorers.dk\/blog\/wp-content\/uploads\/2015\/09\/14554867259_91f9bd9936_o-copy.jpg\",\"keywords\":[\"b\u00e9n\u00e9volat\",\"Eco-volontariat\",\"Ecovolontariat\",\"enfants\",\"humanitaire\",\"journ\u00e9e internationale\",\"M\u00e8re Teresa\",\"solidarit\u00e9\",\"volontariat\",\"voyage\"],\"articleSection\":[\"Nyheder\",\"VITA Explorers\"],\"inLanguage\":\"da-DK\",\"potentialAction\":[{\"@type\":\"CommentAction\",\"name\":\"Comment\",\"target\":[\"https:\/\/www.vita-explorers.dk\/blog\/5-september-international-velgoerenhedsdag\/#respond\"]}]},{\"@type\":\"WebPage\",\"@id\":\"https:\/\/www.vita-explorers.dk\/blog\/5-september-international-velgoerenhedsdag\/\",\"url\":\"https:\/\/www.vita-explorers.dk\/blog\/5-september-international-velgoerenhedsdag\/\",\"name\":\"5. september: Den Internationale Velg\u00f8renhedsdag - VITA Explorers Blog\",\"isPartOf\":{\"@id\":\"https:\/\/www.vita-explorers.dk\/blog\/#website\"},\"primaryImageOfPage\":{\"@id\":\"https:\/\/www.vita-explorers.dk\/blog\/5-september-international-velgoerenhedsdag\/#primaryimage\"},\"image\":{\"@id\":\"https:\/\/www.vita-explorers.dk\/blog\/5-september-international-velgoerenhedsdag\/#primaryimage\"},\"thumbnailUrl\":\"https:\/\/www.vita-explorers.dk\/blog\/wp-content\/uploads\/2015\/09\/14554867259_91f9bd9936_o-copy.jpg\",\"datePublished\":\"2015-09-05T04:30:38+00:00\",\"dateModified\":\"2024-10-19T17:17:21+00:00\",\"description\":\"Sensibilisez-vous \u00e0 la Journ\u00e9e internationale de la charit\u00e9 et mobilisez-vous pour aider les autres \u00e0 travers des actions b\u00e9n\u00e9voles.\",\"breadcrumb\":{\"@id\":\"https:\/\/www.vita-explorers.dk\/blog\/5-september-international-velgoerenhedsdag\/#breadcrumb\"},\"inLanguage\":\"da-DK\",\"potentialAction\":[{\"@type\":\"ReadAction\",\"target\":[\"https:\/\/www.vita-explorers.dk\/blog\/5-september-international-velgoerenhedsdag\/\"]}]},{\"@type\":\"ImageObject\",\"inLanguage\":\"da-DK\",\"@id\":\"https:\/\/www.vita-explorers.dk\/blog\/5-september-international-velgoerenhedsdag\/#primaryimage\",\"url\":\"https:\/\/www.vita-explorers.dk\/blog\/wp-content\/uploads\/2015\/09\/14554867259_91f9bd9936_o-copy.jpg\",\"contentUrl\":\"https:\/\/www.vita-explorers.dk\/blog\/wp-content\/uploads\/2015\/09\/14554867259_91f9bd9936_o-copy.jpg\",\"width\":960,\"height\":720,\"caption\":\"5 Septembre : Journ\u00e9e Internationale de la Charit\u00e9\"},{\"@type\":\"BreadcrumbList\",\"@id\":\"https:\/\/www.vita-explorers.dk\/blog\/5-september-international-velgoerenhedsdag\/#breadcrumb\",\"itemListElement\":[{\"@type\":\"ListItem\",\"position\":1,\"name\":\"Accueil\",\"item\":\"https:\/\/www.vita-explorers.dk\/blog\/\"},{\"@type\":\"ListItem\",\"position\":2,\"name\":\"5. september: Den Internationale Velg\u00f8renhedsdag\"}]},{\"@type\":\"WebSite\",\"@id\":\"https:\/\/www.vita-explorers.dk\/blog\/#website\",\"url\":\"https:\/\/www.vita-explorers.dk\/blog\/\",\"name\":\"Association Globalong\",\"description\":\"Frivilligt arbejde, sprogophold, praktik i udlandet og internationale oplevelser\",\"publisher\":{\"@id\":\"https:\/\/www.vita-explorers.dk\/blog\/#organization\"},\"potentialAction\":[{\"@type\":\"SearchAction\",\"target\":{\"@type\":\"EntryPoint\",\"urlTemplate\":\"https:\/\/www.vita-explorers.dk\/blog\/?s={search_term_string}\"},\"query-input\":{\"@type\":\"PropertyValueSpecification\",\"valueRequired\":true,\"valueName\":\"search_term_string\"}}],\"inLanguage\":\"da-DK\"},{\"@type\":\"Organization\",\"@id\":\"https:\/\/www.vita-explorers.dk\/blog\/#organization\",\"name\":\"Association Globalong\",\"url\":\"https:\/\/www.vita-explorers.dk\/blog\/\",\"logo\":{\"@type\":\"ImageObject\",\"inLanguage\":\"da-DK\",\"@id\":\"https:\/\/www.vita-explorers.dk\/blog\/#\/schema\/logo\/image\/\",\"url\":\"https:\/\/www.globalong.com\/blog\/wp-content\/uploads\/2014\/11\/cropped-cropped-Logo-et-Afrique-Globalong-petite-taille-2.jpg\",\"contentUrl\":\"https:\/\/www.globalong.com\/blog\/wp-content\/uploads\/2014\/11\/cropped-cropped-Logo-et-Afrique-Globalong-petite-taille-2.jpg\",\"width\":512,\"height\":512,\"caption\":\"Association Globalong\"},\"image\":{\"@id\":\"https:\/\/www.vita-explorers.dk\/blog\/#\/schema\/logo\/image\/\"},\"sameAs\":[\"https:\/\/www.facebook.com\/globalong\"]},{\"@type\":\"Person\",\"@id\":\"https:\/\/www.vita-explorers.dk\/blog\/#\/schema\/person\/d7df267b64f23018d1dc519e78fb2735\",\"name\":\"VITA Tribe\",\"image\":{\"@type\":\"ImageObject\",\"inLanguage\":\"da-DK\",\"@id\":\"https:\/\/www.vita-explorers.dk\/blog\/#\/schema\/person\/image\/\",\"url\":\"https:\/\/secure.gravatar.com\/avatar\/81461bcc213d0ff2bdc043d4206648f0?s=96&d=mm&r=g\",\"contentUrl\":\"https:\/\/secure.gravatar.com\/avatar\/81461bcc213d0ff2bdc043d4206648f0?s=96&d=mm&r=g\",\"caption\":\"VITA Tribe\"},\"sameAs\":[\"https:\/\/www.globalong.com\"],\"url\":\"https:\/\/www.vita-explorers.dk\/blog\/author\/sophie\/\"}]}<\/script>\n<!-- \/ Yoast SEO Premium plugin. -->","yoast_head_json":{"title":"5. september: Den Internationale Velg\u00f8renhedsdag - VITA Explorers Blog","description":"Sensibilisez-vous \u00e0 la Journ\u00e9e internationale de la charit\u00e9 et mobilisez-vous pour aider les autres \u00e0 travers des actions b\u00e9n\u00e9voles.","robots":{"index":"index","follow":"follow","max-snippet":"max-snippet:-1","max-image-preview":"max-image-preview:large","max-video-preview":"max-video-preview:-1"},"canonical":"https:\/\/www.vita-explorers.dk\/blog\/5-september-international-velgoerenhedsdag\/","og_locale":"da_DK","og_type":"article","og_title":"5. september: Den Internationale Velg\u00f8renhedsdag","og_description":"Sensibilisez-vous \u00e0 la Journ\u00e9e internationale de la charit\u00e9 et mobilisez-vous pour aider les autres \u00e0 travers des actions b\u00e9n\u00e9voles.","og_url":"https:\/\/www.vita-explorers.dk\/blog\/5-september-international-velgoerenhedsdag\/","og_site_name":"VITA Explorers Blog","article_publisher":"https:\/\/www.facebook.com\/globalong","article_published_time":"2015-09-05T04:30:38+00:00","article_modified_time":"2024-10-19T17:17:21+00:00","og_image":[{"width":960,"height":720,"url":"https:\/\/www.vita-explorers.dk\/blog\/wp-content\/uploads\/2015\/09\/14554867259_91f9bd9936_o-copy.jpg","type":"image\/jpeg"}],"author":"VITA Tribe","twitter_card":"summary_large_image","twitter_misc":{"Skrevet af":"VITA Tribe","Estimeret l\u00e6setid":"3 minutter"},"schema":{"@context":"https:\/\/schema.org","@graph":[{"@type":"Article","@id":"https:\/\/www.vita-explorers.dk\/blog\/5-september-international-velgoerenhedsdag\/#article","isPartOf":{"@id":"https:\/\/www.vita-explorers.dk\/blog\/5-september-international-velgoerenhedsdag\/"},"author":{"name":"VITA Tribe","@id":"https:\/\/www.vita-explorers.dk\/blog\/#\/schema\/person\/d7df267b64f23018d1dc519e78fb2735"},"headline":"5. september: Den Internationale Velg\u00f8renhedsdag","datePublished":"2015-09-05T04:30:38+00:00","dateModified":"2024-10-19T17:17:21+00:00","mainEntityOfPage":{"@id":"https:\/\/www.vita-explorers.dk\/blog\/5-september-international-velgoerenhedsdag\/"},"wordCount":278,"commentCount":0,"publisher":{"@id":"https:\/\/www.vita-explorers.dk\/blog\/#organization"},"image":{"@id":"https:\/\/www.vita-explorers.dk\/blog\/5-september-international-velgoerenhedsdag\/#primaryimage"},"thumbnailUrl":"https:\/\/www.vita-explorers.dk\/blog\/wp-content\/uploads\/2015\/09\/14554867259_91f9bd9936_o-copy.jpg","keywords":["b\u00e9n\u00e9volat","Eco-volontariat","Ecovolontariat","enfants","humanitaire","journ\u00e9e internationale","M\u00e8re Teresa","solidarit\u00e9","volontariat","voyage"],"articleSection":["Nyheder","VITA Explorers"],"inLanguage":"da-DK","potentialAction":[{"@type":"CommentAction","name":"Comment","target":["https:\/\/www.vita-explorers.dk\/blog\/5-september-international-velgoerenhedsdag\/#respond"]}]},{"@type":"WebPage","@id":"https:\/\/www.vita-explorers.dk\/blog\/5-september-international-velgoerenhedsdag\/","url":"https:\/\/www.vita-explorers.dk\/blog\/5-september-international-velgoerenhedsdag\/","name":"5. september: Den Internationale Velg\u00f8renhedsdag - VITA Explorers Blog","isPartOf":{"@id":"https:\/\/www.vita-explorers.dk\/blog\/#website"},"primaryImageOfPage":{"@id":"https:\/\/www.vita-explorers.dk\/blog\/5-september-international-velgoerenhedsdag\/#primaryimage"},"image":{"@id":"https:\/\/www.vita-explorers.dk\/blog\/5-september-international-velgoerenhedsdag\/#primaryimage"},"thumbnailUrl":"https:\/\/www.vita-explorers.dk\/blog\/wp-content\/uploads\/2015\/09\/14554867259_91f9bd9936_o-copy.jpg","datePublished":"2015-09-05T04:30:38+00:00","dateModified":"2024-10-19T17:17:21+00:00","description":"Sensibilisez-vous \u00e0 la Journ\u00e9e internationale de la charit\u00e9 et mobilisez-vous pour aider les autres \u00e0 travers des actions b\u00e9n\u00e9voles.","breadcrumb":{"@id":"https:\/\/www.vita-explorers.dk\/blog\/5-september-international-velgoerenhedsdag\/#breadcrumb"},"inLanguage":"da-DK","potentialAction":[{"@type":"ReadAction","target":["https:\/\/www.vita-explorers.dk\/blog\/5-september-international-velgoerenhedsdag\/"]}]},{"@type":"ImageObject","inLanguage":"da-DK","@id":"https:\/\/www.vita-explorers.dk\/blog\/5-september-international-velgoerenhedsdag\/#primaryimage","url":"https:\/\/www.vita-explorers.dk\/blog\/wp-content\/uploads\/2015\/09\/14554867259_91f9bd9936_o-copy.jpg","contentUrl":"https:\/\/www.vita-explorers.dk\/blog\/wp-content\/uploads\/2015\/09\/14554867259_91f9bd9936_o-copy.jpg","width":960,"height":720,"caption":"5 Septembre : Journ\u00e9e Internationale de la Charit\u00e9"},{"@type":"BreadcrumbList","@id":"https:\/\/www.vita-explorers.dk\/blog\/5-september-international-velgoerenhedsdag\/#breadcrumb","itemListElement":[{"@type":"ListItem","position":1,"name":"Accueil","item":"https:\/\/www.vita-explorers.dk\/blog\/"},{"@type":"ListItem","position":2,"name":"5. september: Den Internationale Velg\u00f8renhedsdag"}]},{"@type":"WebSite","@id":"https:\/\/www.vita-explorers.dk\/blog\/#website","url":"https:\/\/www.vita-explorers.dk\/blog\/","name":"Association Globalong","description":"Frivilligt arbejde, sprogophold, praktik i udlandet og internationale oplevelser","publisher":{"@id":"https:\/\/www.vita-explorers.dk\/blog\/#organization"},"potentialAction":[{"@type":"SearchAction","target":{"@type":"EntryPoint","urlTemplate":"https:\/\/www.vita-explorers.dk\/blog\/?s={search_term_string}"},"query-input":{"@type":"PropertyValueSpecification","valueRequired":true,"valueName":"search_term_string"}}],"inLanguage":"da-DK"},{"@type":"Organization","@id":"https:\/\/www.vita-explorers.dk\/blog\/#organization","name":"Association Globalong","url":"https:\/\/www.vita-explorers.dk\/blog\/","logo":{"@type":"ImageObject","inLanguage":"da-DK","@id":"https:\/\/www.vita-explorers.dk\/blog\/#\/schema\/logo\/image\/","url":"https:\/\/www.globalong.com\/blog\/wp-content\/uploads\/2014\/11\/cropped-cropped-Logo-et-Afrique-Globalong-petite-taille-2.jpg","contentUrl":"https:\/\/www.globalong.com\/blog\/wp-content\/uploads\/2014\/11\/cropped-cropped-Logo-et-Afrique-Globalong-petite-taille-2.jpg","width":512,"height":512,"caption":"Association Globalong"},"image":{"@id":"https:\/\/www.vita-explorers.dk\/blog\/#\/schema\/logo\/image\/"},"sameAs":["https:\/\/www.facebook.com\/globalong"]},{"@type":"Person","@id":"https:\/\/www.vita-explorers.dk\/blog\/#\/schema\/person\/d7df267b64f23018d1dc519e78fb2735","name":"VITA Tribe","image":{"@type":"ImageObject","inLanguage":"da-DK","@id":"https:\/\/www.vita-explorers.dk\/blog\/#\/schema\/person\/image\/","url":"https:\/\/secure.gravatar.com\/avatar\/81461bcc213d0ff2bdc043d4206648f0?s=96&d=mm&r=g","contentUrl":"https:\/\/secure.gravatar.com\/avatar\/81461bcc213d0ff2bdc043d4206648f0?s=96&d=mm&r=g","caption":"VITA Tribe"},"sameAs":["https:\/\/www.globalong.com"],"url":"https:\/\/www.vita-explorers.dk\/blog\/author\/sophie\/"}]}},"_links":{"self":[{"href":"https:\/\/www.vita-explorers.dk\/blog\/wp-json\/wp\/v2\/posts\/570"}],"collection":[{"href":"https:\/\/www.vita-explorers.dk\/blog\/wp-json\/wp\/v2\/posts"}],"about":[{"href":"https:\/\/www.vita-explorers.dk\/blog\/wp-json\/wp\/v2\/types\/post"}],"author":[{"embeddable":true,"href":"https:\/\/www.vita-explorers.dk\/blog\/wp-json\/wp\/v2\/users\/1"}],"replies":[{"embeddable":true,"href":"https:\/\/www.vita-explorers.dk\/blog\/wp-json\/wp\/v2\/comments?post=570"}],"version-history":[{"count":10,"href":"https:\/\/www.vita-explorers.dk\/blog\/wp-json\/wp\/v2\/posts\/570\/revisions"}],"predecessor-version":[{"id":17942,"href":"https:\/\/www.vita-explorers.dk\/blog\/wp-json\/wp\/v2\/posts\/570\/revisions\/17942"}],"wp:featuredmedia":[{"embeddable":true,"href":"https:\/\/www.vita-explorers.dk\/blog\/wp-json\/wp\/v2\/media\/572"}],"wp:attachment":[{"href":"https:\/\/www.vita-explorers.dk\/blog\/wp-json\/wp\/v2\/media?parent=570"}],"wp:term":[{"taxonomy":"category","embeddable":true,"href":"https:\/\/www.vita-explorers.dk\/blog\/wp-json\/wp\/v2\/categories?post=570"},{"taxonomy":"post_tag","embeddable":true,"href":"https:\/\/www.vita-explorers.dk\/blog\/wp-json\/wp\/v2\/tags?post=570"}],"curies":[{"name":"wp","href":"https:\/\/api.w.org\/{rel}","templated":true}]}}