{"id":574,"date":"2015-09-08T06:30:04","date_gmt":"2015-09-08T04:30:04","guid":{"rendered":"https:\/\/www.globalong.com\/blog\/?p=574"},"modified":"2025-10-29T17:13:15","modified_gmt":"2025-10-29T16:13:15","slug":"international-alfabetiseringsdag","status":"publish","type":"post","link":"https:\/\/www.vita-explorers.dk\/blog\/international-alfabetiseringsdag\/","title":{"rendered":"International dag for l\u00e6sef\u00e6rdighed"},"content":{"rendered":"<p style=\"text-align: justify;\"><del><\/del><img loading=\"lazy\" decoding=\"async\" class=\"alignright wp-image-580 size-medium\" src=\"https:\/\/www.vita-explorers.dk\/blog\/wp-content\/uploads\/2015\/09\/alphab\u00e9tisation-300x225.jpg\" alt=\"www.vita-explorers.dk\" width=\"300\" height=\"225\" srcset=\"https:\/\/www.vita-explorers.dk\/blog\/wp-content\/uploads\/2015\/09\/alphab\u00e9tisation-300x225.jpg 300w, https:\/\/www.vita-explorers.dk\/blog\/wp-content\/uploads\/2015\/09\/alphab\u00e9tisation-150x113.jpg 150w, https:\/\/www.vita-explorers.dk\/blog\/wp-content\/uploads\/2015\/09\/alphab\u00e9tisation.jpg 500w\" sizes=\"(max-width: 300px) 100vw, 300px\" \/>Den Internationale L\u00e6sedag 2015 har temaet &#8220;L\u00e6sef\u00e6rdigheder og b\u00e6redygtige samfund&#8221;. L\u00e6sef\u00e6rdigheder er en vigtig drivkraft for b\u00e6redygtig udvikling. Evnen til at l\u00e6se og skrive er en foruds\u00e6tning for at kunne tilegne sig et bredere s\u00e6t af viden, kompetencer, holdninger og v\u00e6rdier, som er n\u00f8dvendige for at skabe samfund, der kan holde p\u00e5 lang sigt. Samtidig kan fremskridt inden for b\u00e6redygtig udvikling \u2013 for eksempel i sundhed og landbrug \u2013 v\u00e6re med til at styrke l\u00e6sef\u00e6rdigheder og skabe milj\u00f8er, hvor flere f\u00e5r mulighed for at l\u00e6re.<\/p>\n<p style=\"text-align: justify;\"><a href=\"https:\/\/www.vita-explorers.dk\/blog\/wp-content\/uploads\/2015\/09\/cours-2.png\"><img loading=\"lazy\" decoding=\"async\" class=\"alignright wp-image-1377\" src=\"https:\/\/www.vita-explorers.dk\/blog\/wp-content\/uploads\/2015\/09\/cours-2-225x300.png\" alt=\"Partez en missiona vec Globalong pour enseigner\" width=\"300\" height=\"401\" srcset=\"https:\/\/www.vita-explorers.dk\/blog\/wp-content\/uploads\/2015\/09\/cours-2-225x300.png 225w, https:\/\/www.vita-explorers.dk\/blog\/wp-content\/uploads\/2015\/09\/cours-2-112x150.png 112w, https:\/\/www.vita-explorers.dk\/blog\/wp-content\/uploads\/2015\/09\/cours-2.png 394w\" sizes=\"(max-width: 300px) 100vw, 300px\" \/><\/a>Der afholdes en stor global markering i UNESCO\u2019s hovedkvarter, hvor et todages arrangement om l\u00e6sef\u00e6rdigheder og b\u00e6redygtige samfund (8.-9. september 2015) s\u00e6tter fokus p\u00e5 at styrke landes og partneres engagement i l\u00e6sef\u00e6rdigheder efter 2015. Den 8. september 2015 afholdes en ceremoni, hvor UNESCO\u2019s internationale priser for l\u00e6sef\u00e6rdigheder 2015 bliver uddelt.<\/p>\n<p style=\"text-align: justify;\">VITA bakker op om dagen og tilbyder ansvarlige internationale forl\u00f8b og projekter, hvor du kan bidrage til lokale indsatser og samtidig l\u00e6re gennem kulturudveksling.<\/p>\n<p style=\"text-align: justify;\">Se for eksempel vores undervisningsforl\u00f8b med lektiehj\u00e6lp og l\u00e6se- og skriveindsatser i Senegal.<\/p>\n<p style=\"text-align: justify;\">Kilde: www.unesco.org<\/p>\n<p style=\"text-align: justify;\"><a href=\"mailto:info@globalong.com\">Kontakt os<\/a><\/p>\n<p style=\"text-align: justify;\"><a href=\"https:\/\/www.vita-explorers.dk\" target=\"_blank\" rel=\"noopener\">www.vita-explorers.dk<\/a><\/p>\n<p style=\"text-align: justify;\"><a href=\"https:\/\/www.flickr.com\/photos\/globalong\/albums\/72157656286530240\" target=\"_blank\" rel=\"noopener\">Se flere billeder fra Senegal<\/a><\/p>\n","protected":false},"excerpt":{"rendered":"<p>Den Internationale L\u00e6sedag 2015 har temaet &#8220;L\u00e6sef\u00e6rdigheder og b\u00e6redygtige samfund&#8221;. L\u00e6sef\u00e6rdigheder er en vigtig drivkraft for b\u00e6redygtig udvikling. Evnen til at l\u00e6se og skrive\u2026<\/p>\n","protected":false},"author":1,"featured_media":580,"comment_status":"open","ping_status":"open","sticky":false,"template":"","format":"standard","meta":{"footnotes":""},"categories":[8,6,4],"tags":[182,24,17,94,38,116,149,59,25],"yoast_head":"<!-- This site is optimized with the Yoast SEO Premium plugin v23.4 (Yoast SEO v23.4) - https:\/\/yoast.com\/wordpress\/plugins\/seo\/ -->\n<title>L\u00e6sedag og b\u00e6redygtig udvikling - VITA Explorers Blog<\/title>\n<meta name=\"description\" content=\"D\u00e9couvrez la journ\u00e9e de l&#039;alphab\u00e9tisation et son th\u00e8me sur les soci\u00e9t\u00e9s durables. Explorez l&#039;importance de l&#039;alphab\u00e9tisation.\" \/>\n<meta name=\"robots\" content=\"index, follow, max-snippet:-1, max-image-preview:large, max-video-preview:-1\" \/>\n<link rel=\"canonical\" href=\"https:\/\/www.vita-explorers.dk\/blog\/international-alfabetiseringsdag\/\" \/>\n<meta property=\"og:locale\" content=\"da_DK\" \/>\n<meta property=\"og:type\" content=\"article\" \/>\n<meta property=\"og:title\" content=\"International dag for l\u00e6sef\u00e6rdighed\" \/>\n<meta property=\"og:description\" content=\"D\u00e9couvrez la journ\u00e9e de l&#039;alphab\u00e9tisation et son th\u00e8me sur les soci\u00e9t\u00e9s durables. Explorez l&#039;importance de l&#039;alphab\u00e9tisation.\" \/>\n<meta property=\"og:url\" content=\"https:\/\/www.vita-explorers.dk\/blog\/international-alfabetiseringsdag\/\" \/>\n<meta property=\"og:site_name\" content=\"VITA Explorers Blog\" \/>\n<meta property=\"article:publisher\" content=\"https:\/\/www.facebook.com\/globalong\" \/>\n<meta property=\"article:published_time\" content=\"2015-09-08T04:30:04+00:00\" \/>\n<meta property=\"article:modified_time\" content=\"2025-10-29T16:13:15+00:00\" \/>\n<meta property=\"og:image\" content=\"https:\/\/www.vita-explorers.dk\/blog\/wp-content\/uploads\/2015\/09\/alphab\u00e9tisation.jpg\" \/>\n\t<meta property=\"og:image:width\" content=\"500\" \/>\n\t<meta property=\"og:image:height\" content=\"375\" \/>\n\t<meta property=\"og:image:type\" content=\"image\/jpeg\" \/>\n<meta name=\"author\" content=\"VITA Tribe\" \/>\n<meta name=\"twitter:card\" content=\"summary_large_image\" \/>\n<meta name=\"twitter:label1\" content=\"Skrevet af\" \/>\n\t<meta name=\"twitter:data1\" content=\"VITA Tribe\" \/>\n\t<meta name=\"twitter:label2\" content=\"Estimeret l\u00e6setid\" \/>\n\t<meta name=\"twitter:data2\" content=\"2 minutter\" \/>\n<script type=\"application\/ld+json\" class=\"yoast-schema-graph\">{\"@context\":\"https:\/\/schema.org\",\"@graph\":[{\"@type\":\"Article\",\"@id\":\"https:\/\/www.vita-explorers.dk\/blog\/international-alfabetiseringsdag\/#article\",\"isPartOf\":{\"@id\":\"https:\/\/www.vita-explorers.dk\/blog\/international-alfabetiseringsdag\/\"},\"author\":{\"name\":\"VITA Tribe\",\"@id\":\"https:\/\/www.vita-explorers.dk\/blog\/#\/schema\/person\/d7df267b64f23018d1dc519e78fb2735\"},\"headline\":\"International dag for l\u00e6sef\u00e6rdighed\",\"datePublished\":\"2015-09-08T04:30:04+00:00\",\"dateModified\":\"2025-10-29T16:13:15+00:00\",\"mainEntityOfPage\":{\"@id\":\"https:\/\/www.vita-explorers.dk\/blog\/international-alfabetiseringsdag\/\"},\"wordCount\":218,\"commentCount\":0,\"publisher\":{\"@id\":\"https:\/\/www.vita-explorers.dk\/blog\/#organization\"},\"image\":{\"@id\":\"https:\/\/www.vita-explorers.dk\/blog\/international-alfabetiseringsdag\/#primaryimage\"},\"thumbnailUrl\":\"https:\/\/www.vita-explorers.dk\/blog\/wp-content\/uploads\/2015\/09\/alphab\u00e9tisation.jpg\",\"keywords\":[\"alphab\u00e9tisation\",\"apprendre\",\"b\u00e9n\u00e9volat\",\"Ecovolontariat\",\"enfants\",\"faire du b\u00e9n\u00e9volat\",\"humanitaire\",\"journ\u00e9e internationale\",\"solidarit\u00e9\"],\"articleSection\":[\"Humanit\u00e6rt frivilligt arbejde\",\"Nyheder\",\"VITA Explorers\"],\"inLanguage\":\"da-DK\",\"potentialAction\":[{\"@type\":\"CommentAction\",\"name\":\"Comment\",\"target\":[\"https:\/\/www.vita-explorers.dk\/blog\/international-alfabetiseringsdag\/#respond\"]}]},{\"@type\":\"WebPage\",\"@id\":\"https:\/\/www.vita-explorers.dk\/blog\/international-alfabetiseringsdag\/\",\"url\":\"https:\/\/www.vita-explorers.dk\/blog\/international-alfabetiseringsdag\/\",\"name\":\"L\u00e6sedag og b\u00e6redygtig udvikling - VITA Explorers Blog\",\"isPartOf\":{\"@id\":\"https:\/\/www.vita-explorers.dk\/blog\/#website\"},\"primaryImageOfPage\":{\"@id\":\"https:\/\/www.vita-explorers.dk\/blog\/international-alfabetiseringsdag\/#primaryimage\"},\"image\":{\"@id\":\"https:\/\/www.vita-explorers.dk\/blog\/international-alfabetiseringsdag\/#primaryimage\"},\"thumbnailUrl\":\"https:\/\/www.vita-explorers.dk\/blog\/wp-content\/uploads\/2015\/09\/alphab\u00e9tisation.jpg\",\"datePublished\":\"2015-09-08T04:30:04+00:00\",\"dateModified\":\"2025-10-29T16:13:15+00:00\",\"description\":\"D\u00e9couvrez la journ\u00e9e de l'alphab\u00e9tisation et son th\u00e8me sur les soci\u00e9t\u00e9s durables. Explorez l'importance de l'alphab\u00e9tisation.\",\"breadcrumb\":{\"@id\":\"https:\/\/www.vita-explorers.dk\/blog\/international-alfabetiseringsdag\/#breadcrumb\"},\"inLanguage\":\"da-DK\",\"potentialAction\":[{\"@type\":\"ReadAction\",\"target\":[\"https:\/\/www.vita-explorers.dk\/blog\/international-alfabetiseringsdag\/\"]}]},{\"@type\":\"ImageObject\",\"inLanguage\":\"da-DK\",\"@id\":\"https:\/\/www.vita-explorers.dk\/blog\/international-alfabetiseringsdag\/#primaryimage\",\"url\":\"https:\/\/www.vita-explorers.dk\/blog\/wp-content\/uploads\/2015\/09\/alphab\u00e9tisation.jpg\",\"contentUrl\":\"https:\/\/www.vita-explorers.dk\/blog\/wp-content\/uploads\/2015\/09\/alphab\u00e9tisation.jpg\",\"width\":500,\"height\":375,\"caption\":\"www.globalong.com\"},{\"@type\":\"BreadcrumbList\",\"@id\":\"https:\/\/www.vita-explorers.dk\/blog\/international-alfabetiseringsdag\/#breadcrumb\",\"itemListElement\":[{\"@type\":\"ListItem\",\"position\":1,\"name\":\"Accueil\",\"item\":\"https:\/\/www.vita-explorers.dk\/blog\/\"},{\"@type\":\"ListItem\",\"position\":2,\"name\":\"International dag for l\u00e6sef\u00e6rdighed\"}]},{\"@type\":\"WebSite\",\"@id\":\"https:\/\/www.vita-explorers.dk\/blog\/#website\",\"url\":\"https:\/\/www.vita-explorers.dk\/blog\/\",\"name\":\"Association Globalong\",\"description\":\"Frivilligt arbejde, sprogophold, praktik i udlandet og internationale oplevelser\",\"publisher\":{\"@id\":\"https:\/\/www.vita-explorers.dk\/blog\/#organization\"},\"potentialAction\":[{\"@type\":\"SearchAction\",\"target\":{\"@type\":\"EntryPoint\",\"urlTemplate\":\"https:\/\/www.vita-explorers.dk\/blog\/?s={search_term_string}\"},\"query-input\":{\"@type\":\"PropertyValueSpecification\",\"valueRequired\":true,\"valueName\":\"search_term_string\"}}],\"inLanguage\":\"da-DK\"},{\"@type\":\"Organization\",\"@id\":\"https:\/\/www.vita-explorers.dk\/blog\/#organization\",\"name\":\"Association Globalong\",\"url\":\"https:\/\/www.vita-explorers.dk\/blog\/\",\"logo\":{\"@type\":\"ImageObject\",\"inLanguage\":\"da-DK\",\"@id\":\"https:\/\/www.vita-explorers.dk\/blog\/#\/schema\/logo\/image\/\",\"url\":\"https:\/\/www.globalong.com\/blog\/wp-content\/uploads\/2014\/11\/cropped-cropped-Logo-et-Afrique-Globalong-petite-taille-2.jpg\",\"contentUrl\":\"https:\/\/www.globalong.com\/blog\/wp-content\/uploads\/2014\/11\/cropped-cropped-Logo-et-Afrique-Globalong-petite-taille-2.jpg\",\"width\":512,\"height\":512,\"caption\":\"Association Globalong\"},\"image\":{\"@id\":\"https:\/\/www.vita-explorers.dk\/blog\/#\/schema\/logo\/image\/\"},\"sameAs\":[\"https:\/\/www.facebook.com\/globalong\"]},{\"@type\":\"Person\",\"@id\":\"https:\/\/www.vita-explorers.dk\/blog\/#\/schema\/person\/d7df267b64f23018d1dc519e78fb2735\",\"name\":\"VITA Tribe\",\"image\":{\"@type\":\"ImageObject\",\"inLanguage\":\"da-DK\",\"@id\":\"https:\/\/www.vita-explorers.dk\/blog\/#\/schema\/person\/image\/\",\"url\":\"https:\/\/secure.gravatar.com\/avatar\/81461bcc213d0ff2bdc043d4206648f0?s=96&d=mm&r=g\",\"contentUrl\":\"https:\/\/secure.gravatar.com\/avatar\/81461bcc213d0ff2bdc043d4206648f0?s=96&d=mm&r=g\",\"caption\":\"VITA Tribe\"},\"sameAs\":[\"https:\/\/www.globalong.com\"],\"url\":\"https:\/\/www.vita-explorers.dk\/blog\/author\/sophie\/\"}]}<\/script>\n<!-- \/ Yoast SEO Premium plugin. -->","yoast_head_json":{"title":"L\u00e6sedag og b\u00e6redygtig udvikling - VITA Explorers Blog","description":"D\u00e9couvrez la journ\u00e9e de l'alphab\u00e9tisation et son th\u00e8me sur les soci\u00e9t\u00e9s durables. Explorez l'importance de l'alphab\u00e9tisation.","robots":{"index":"index","follow":"follow","max-snippet":"max-snippet:-1","max-image-preview":"max-image-preview:large","max-video-preview":"max-video-preview:-1"},"canonical":"https:\/\/www.vita-explorers.dk\/blog\/international-alfabetiseringsdag\/","og_locale":"da_DK","og_type":"article","og_title":"International dag for l\u00e6sef\u00e6rdighed","og_description":"D\u00e9couvrez la journ\u00e9e de l'alphab\u00e9tisation et son th\u00e8me sur les soci\u00e9t\u00e9s durables. Explorez l'importance de l'alphab\u00e9tisation.","og_url":"https:\/\/www.vita-explorers.dk\/blog\/international-alfabetiseringsdag\/","og_site_name":"VITA Explorers Blog","article_publisher":"https:\/\/www.facebook.com\/globalong","article_published_time":"2015-09-08T04:30:04+00:00","article_modified_time":"2025-10-29T16:13:15+00:00","og_image":[{"width":500,"height":375,"url":"https:\/\/www.vita-explorers.dk\/blog\/wp-content\/uploads\/2015\/09\/alphab\u00e9tisation.jpg","type":"image\/jpeg"}],"author":"VITA Tribe","twitter_card":"summary_large_image","twitter_misc":{"Skrevet af":"VITA Tribe","Estimeret l\u00e6setid":"2 minutter"},"schema":{"@context":"https:\/\/schema.org","@graph":[{"@type":"Article","@id":"https:\/\/www.vita-explorers.dk\/blog\/international-alfabetiseringsdag\/#article","isPartOf":{"@id":"https:\/\/www.vita-explorers.dk\/blog\/international-alfabetiseringsdag\/"},"author":{"name":"VITA Tribe","@id":"https:\/\/www.vita-explorers.dk\/blog\/#\/schema\/person\/d7df267b64f23018d1dc519e78fb2735"},"headline":"International dag for l\u00e6sef\u00e6rdighed","datePublished":"2015-09-08T04:30:04+00:00","dateModified":"2025-10-29T16:13:15+00:00","mainEntityOfPage":{"@id":"https:\/\/www.vita-explorers.dk\/blog\/international-alfabetiseringsdag\/"},"wordCount":218,"commentCount":0,"publisher":{"@id":"https:\/\/www.vita-explorers.dk\/blog\/#organization"},"image":{"@id":"https:\/\/www.vita-explorers.dk\/blog\/international-alfabetiseringsdag\/#primaryimage"},"thumbnailUrl":"https:\/\/www.vita-explorers.dk\/blog\/wp-content\/uploads\/2015\/09\/alphab\u00e9tisation.jpg","keywords":["alphab\u00e9tisation","apprendre","b\u00e9n\u00e9volat","Ecovolontariat","enfants","faire du b\u00e9n\u00e9volat","humanitaire","journ\u00e9e internationale","solidarit\u00e9"],"articleSection":["Humanit\u00e6rt frivilligt arbejde","Nyheder","VITA Explorers"],"inLanguage":"da-DK","potentialAction":[{"@type":"CommentAction","name":"Comment","target":["https:\/\/www.vita-explorers.dk\/blog\/international-alfabetiseringsdag\/#respond"]}]},{"@type":"WebPage","@id":"https:\/\/www.vita-explorers.dk\/blog\/international-alfabetiseringsdag\/","url":"https:\/\/www.vita-explorers.dk\/blog\/international-alfabetiseringsdag\/","name":"L\u00e6sedag og b\u00e6redygtig udvikling - VITA Explorers Blog","isPartOf":{"@id":"https:\/\/www.vita-explorers.dk\/blog\/#website"},"primaryImageOfPage":{"@id":"https:\/\/www.vita-explorers.dk\/blog\/international-alfabetiseringsdag\/#primaryimage"},"image":{"@id":"https:\/\/www.vita-explorers.dk\/blog\/international-alfabetiseringsdag\/#primaryimage"},"thumbnailUrl":"https:\/\/www.vita-explorers.dk\/blog\/wp-content\/uploads\/2015\/09\/alphab\u00e9tisation.jpg","datePublished":"2015-09-08T04:30:04+00:00","dateModified":"2025-10-29T16:13:15+00:00","description":"D\u00e9couvrez la journ\u00e9e de l'alphab\u00e9tisation et son th\u00e8me sur les soci\u00e9t\u00e9s durables. Explorez l'importance de l'alphab\u00e9tisation.","breadcrumb":{"@id":"https:\/\/www.vita-explorers.dk\/blog\/international-alfabetiseringsdag\/#breadcrumb"},"inLanguage":"da-DK","potentialAction":[{"@type":"ReadAction","target":["https:\/\/www.vita-explorers.dk\/blog\/international-alfabetiseringsdag\/"]}]},{"@type":"ImageObject","inLanguage":"da-DK","@id":"https:\/\/www.vita-explorers.dk\/blog\/international-alfabetiseringsdag\/#primaryimage","url":"https:\/\/www.vita-explorers.dk\/blog\/wp-content\/uploads\/2015\/09\/alphab\u00e9tisation.jpg","contentUrl":"https:\/\/www.vita-explorers.dk\/blog\/wp-content\/uploads\/2015\/09\/alphab\u00e9tisation.jpg","width":500,"height":375,"caption":"www.globalong.com"},{"@type":"BreadcrumbList","@id":"https:\/\/www.vita-explorers.dk\/blog\/international-alfabetiseringsdag\/#breadcrumb","itemListElement":[{"@type":"ListItem","position":1,"name":"Accueil","item":"https:\/\/www.vita-explorers.dk\/blog\/"},{"@type":"ListItem","position":2,"name":"International dag for l\u00e6sef\u00e6rdighed"}]},{"@type":"WebSite","@id":"https:\/\/www.vita-explorers.dk\/blog\/#website","url":"https:\/\/www.vita-explorers.dk\/blog\/","name":"Association Globalong","description":"Frivilligt arbejde, sprogophold, praktik i udlandet og internationale oplevelser","publisher":{"@id":"https:\/\/www.vita-explorers.dk\/blog\/#organization"},"potentialAction":[{"@type":"SearchAction","target":{"@type":"EntryPoint","urlTemplate":"https:\/\/www.vita-explorers.dk\/blog\/?s={search_term_string}"},"query-input":{"@type":"PropertyValueSpecification","valueRequired":true,"valueName":"search_term_string"}}],"inLanguage":"da-DK"},{"@type":"Organization","@id":"https:\/\/www.vita-explorers.dk\/blog\/#organization","name":"Association Globalong","url":"https:\/\/www.vita-explorers.dk\/blog\/","logo":{"@type":"ImageObject","inLanguage":"da-DK","@id":"https:\/\/www.vita-explorers.dk\/blog\/#\/schema\/logo\/image\/","url":"https:\/\/www.globalong.com\/blog\/wp-content\/uploads\/2014\/11\/cropped-cropped-Logo-et-Afrique-Globalong-petite-taille-2.jpg","contentUrl":"https:\/\/www.globalong.com\/blog\/wp-content\/uploads\/2014\/11\/cropped-cropped-Logo-et-Afrique-Globalong-petite-taille-2.jpg","width":512,"height":512,"caption":"Association Globalong"},"image":{"@id":"https:\/\/www.vita-explorers.dk\/blog\/#\/schema\/logo\/image\/"},"sameAs":["https:\/\/www.facebook.com\/globalong"]},{"@type":"Person","@id":"https:\/\/www.vita-explorers.dk\/blog\/#\/schema\/person\/d7df267b64f23018d1dc519e78fb2735","name":"VITA Tribe","image":{"@type":"ImageObject","inLanguage":"da-DK","@id":"https:\/\/www.vita-explorers.dk\/blog\/#\/schema\/person\/image\/","url":"https:\/\/secure.gravatar.com\/avatar\/81461bcc213d0ff2bdc043d4206648f0?s=96&d=mm&r=g","contentUrl":"https:\/\/secure.gravatar.com\/avatar\/81461bcc213d0ff2bdc043d4206648f0?s=96&d=mm&r=g","caption":"VITA Tribe"},"sameAs":["https:\/\/www.globalong.com"],"url":"https:\/\/www.vita-explorers.dk\/blog\/author\/sophie\/"}]}},"_links":{"self":[{"href":"https:\/\/www.vita-explorers.dk\/blog\/wp-json\/wp\/v2\/posts\/574"}],"collection":[{"href":"https:\/\/www.vita-explorers.dk\/blog\/wp-json\/wp\/v2\/posts"}],"about":[{"href":"https:\/\/www.vita-explorers.dk\/blog\/wp-json\/wp\/v2\/types\/post"}],"author":[{"embeddable":true,"href":"https:\/\/www.vita-explorers.dk\/blog\/wp-json\/wp\/v2\/users\/1"}],"replies":[{"embeddable":true,"href":"https:\/\/www.vita-explorers.dk\/blog\/wp-json\/wp\/v2\/comments?post=574"}],"version-history":[{"count":12,"href":"https:\/\/www.vita-explorers.dk\/blog\/wp-json\/wp\/v2\/posts\/574\/revisions"}],"predecessor-version":[{"id":22187,"href":"https:\/\/www.vita-explorers.dk\/blog\/wp-json\/wp\/v2\/posts\/574\/revisions\/22187"}],"wp:featuredmedia":[{"embeddable":true,"href":"https:\/\/www.vita-explorers.dk\/blog\/wp-json\/wp\/v2\/media\/580"}],"wp:attachment":[{"href":"https:\/\/www.vita-explorers.dk\/blog\/wp-json\/wp\/v2\/media?parent=574"}],"wp:term":[{"taxonomy":"category","embeddable":true,"href":"https:\/\/www.vita-explorers.dk\/blog\/wp-json\/wp\/v2\/categories?post=574"},{"taxonomy":"post_tag","embeddable":true,"href":"https:\/\/www.vita-explorers.dk\/blog\/wp-json\/wp\/v2\/tags?post=574"}],"curies":[{"name":"wp","href":"https:\/\/api.w.org\/{rel}","templated":true}]}}