{"id":5746,"date":"2016-11-08T12:12:55","date_gmt":"2016-11-08T11:12:55","guid":{"rendered":"https:\/\/www.globalong.com\/blog\/?p=5746"},"modified":"2025-01-19T16:54:09","modified_gmt":"2025-01-19T15:54:09","slug":"engagement-frivilligt-arbejde-international-solidaritet-frivillig-indsats-i-udlandet-professionelt-praktikforloeb","status":"publish","type":"post","link":"https:\/\/www.vita-explorers.dk\/blog\/engagement-frivilligt-arbejde-international-solidaritet-frivillig-indsats-i-udlandet-professionelt-praktikforloeb\/","title":{"rendered":"Unge engagerer sig i stigende grad i frivilligt arbejde!"},"content":{"rendered":"<h4 style=\"text-align: center;\"><span style=\"color: #b81657;\">If\u00f8lge en unders\u00f8gelse fra januar 2016 bruger 35% af de unge i Frankrig tid p\u00e5 frivilligt arbejde i en organisation. Andelen er tydeligt stigende, og nogle peger p\u00e5, at den \u00f8gede samfundsengagement efter angrebene i november 2015 kan have v\u00e6ret en udl\u00f8sende faktor.<\/span><\/h4>\n<p style=\"text-align: justify;\"><a href=\"https:\/\/www.vita-explorers.dk\/blog\/wp-content\/uploads\/2016\/11\/En-classe-avec-globalong-en-Jamaique.jpg\" rel=\"attachment wp-att-5753\"><img loading=\"lazy\" decoding=\"async\" class=\"wp-image-5753 size-medium aligncenter\" src=\"https:\/\/www.vita-explorers.dk\/blog\/wp-content\/uploads\/2016\/11\/En-classe-avec-globalong-en-Jamaique-300x201.jpg\" alt=\"B\u00e9n\u00e9volat international - GlobAlong\" width=\"300\" height=\"201\" srcset=\"https:\/\/www.vita-explorers.dk\/blog\/wp-content\/uploads\/2016\/11\/En-classe-avec-globalong-en-Jamaique-300x201.jpg 300w, https:\/\/www.vita-explorers.dk\/blog\/wp-content\/uploads\/2016\/11\/En-classe-avec-globalong-en-Jamaique-768x514.jpg 768w, https:\/\/www.vita-explorers.dk\/blog\/wp-content\/uploads\/2016\/11\/En-classe-avec-globalong-en-Jamaique-1024x685.jpg 1024w, https:\/\/www.vita-explorers.dk\/blog\/wp-content\/uploads\/2016\/11\/En-classe-avec-globalong-en-Jamaique-150x100.jpg 150w, https:\/\/www.vita-explorers.dk\/blog\/wp-content\/uploads\/2016\/11\/En-classe-avec-globalong-en-Jamaique.jpg 2048w\" sizes=\"(max-width: 300px) 100vw, 300px\" \/><\/a>Mens \u00e5rsdagen for angrebene den 13. november n\u00e6rmer sig, er der samtidig noget, der giver h\u00e5b. Ud over at tragedien har \u00f8get utrygheden i store dele af landet, har den ogs\u00e5 f\u00e5et flere til at <strong>engagere sig frivilligt<\/strong> \u2013 enten i en forening eller <strong>i internationale solidaritetsinitiativer.<\/strong> P\u00e5 opfordring fra det franske ungdomsministerium gennemf\u00f8rte CREDOC (et forskningscenter, der unders\u00f8ger levevilk\u00e5r) unders\u00f8gelsen i perioden december 2015 til januar 2016 blandt 4.000 unge i alderen 18\u201330 \u00e5r.<\/p>\n<p><a href=\"https:\/\/www.vita-explorers.dk\/blog\/wp-content\/uploads\/2016\/11\/Flo-et-globalong-au-cambodge.jpg\" rel=\"attachment wp-att-5756\"><img loading=\"lazy\" decoding=\"async\" class=\"size-medium wp-image-5756 aligncenter\" src=\"https:\/\/www.vita-explorers.dk\/blog\/wp-content\/uploads\/2016\/11\/Flo-et-globalong-au-cambodge-300x275.jpg\" alt=\"B\u00e9n\u00e9volat au Cambodge avec GlobAlong \" width=\"300\" height=\"275\" srcset=\"https:\/\/www.vita-explorers.dk\/blog\/wp-content\/uploads\/2016\/11\/Flo-et-globalong-au-cambodge-300x275.jpg 300w, https:\/\/www.vita-explorers.dk\/blog\/wp-content\/uploads\/2016\/11\/Flo-et-globalong-au-cambodge-768x705.jpg 768w, https:\/\/www.vita-explorers.dk\/blog\/wp-content\/uploads\/2016\/11\/Flo-et-globalong-au-cambodge-150x138.jpg 150w, https:\/\/www.vita-explorers.dk\/blog\/wp-content\/uploads\/2016\/11\/Flo-et-globalong-au-cambodge.jpg 960w\" sizes=\"(max-width: 300px) 100vw, 300px\" \/><\/a><strong>Hver femte ung (19%)<\/strong> siger, at lysten til at engagere sig er en konsekvens af angrebene i november 2015!<\/p>\n<p style=\"text-align: justify;\">Unders\u00f8gelsen viser, at andelen af <a href=\"https:\/\/www.vita-explorers.dk\/blog\/frivilligt-arbejde-for-unge\/\" target=\"_blank\" rel=\"noopener\">unge<\/a>, der <strong>giver tid som frivillig<\/strong> i en forening eller en anden <strong>socialt engageret organisation<\/strong> i l\u00f8bet af \u00e5ret, er <strong>steget fra 26% i 2015 til 35% i 2016.<\/strong> Det mest markante er dog den ugentlige indsats, som er vokset mest: 14% i 2016 mod 9% i 2015. Det er ogs\u00e5 v\u00e6rd at bem\u00e6rke, at 19% af de adspurgte (alts\u00e5 hver femte) fort\u00e6ller, at deres engagement er en af konsekvenserne af angrebene i november 2015. Jo mere de f\u00f8ler sig p\u00e5virket af begivenheden, desto flere siger, at de f\u00e5r lyst til at engagere sig i <strong>frivillig samfundstjeneste.<\/strong><\/p>\n<p style=\"text-align: justify;\"><a href=\"https:\/\/www.vita-explorers.dk\/blog\/wp-content\/uploads\/2016\/11\/graphique-GlobAlong-Engagement-be\u0301ne\u0301vole.jpg\" rel=\"attachment wp-att-5747\"><img loading=\"lazy\" decoding=\"async\" class=\"aligncenter wp-image-5747 size-full\" src=\"https:\/\/www.vita-explorers.dk\/blog\/wp-content\/uploads\/2016\/11\/graphique-GlobAlong-Engagement-be\u0301ne\u0301vole.jpg\" alt=\"B\u00e9n\u00e9volat international dans le monde - GlobAlong\" width=\"602\" height=\"480\" srcset=\"https:\/\/www.vita-explorers.dk\/blog\/wp-content\/uploads\/2016\/11\/graphique-GlobAlong-Engagement-be\u0301ne\u0301vole.jpg 602w, https:\/\/www.vita-explorers.dk\/blog\/wp-content\/uploads\/2016\/11\/graphique-GlobAlong-Engagement-be\u0301ne\u0301vole-300x239.jpg 300w, https:\/\/www.vita-explorers.dk\/blog\/wp-content\/uploads\/2016\/11\/graphique-GlobAlong-Engagement-be\u0301ne\u0301vole-150x120.jpg 150w\" sizes=\"(max-width: 602px) 100vw, 602px\" \/><\/a><\/p>\n<p style=\"text-align: justify;\"><strong><span style=\"color: #b81657;\">De unge engagerer sig oftest!<\/span><\/strong><br \/>\n<a href=\"https:\/\/www.vita-explorers.dk\/blog\/wp-content\/uploads\/2016\/11\/enfnat-guatemala-Globalong.jpg\" rel=\"attachment wp-att-5759\"><img loading=\"lazy\" decoding=\"async\" class=\"wp-image-5759 aligncenter\" src=\"https:\/\/www.vita-explorers.dk\/blog\/wp-content\/uploads\/2016\/11\/enfnat-guatemala-Globalong-225x300.jpg\" alt=\"Programme de b\u00e9n\u00e9volat au Guatemala\" width=\"300\" height=\"400\" srcset=\"https:\/\/www.vita-explorers.dk\/blog\/wp-content\/uploads\/2016\/11\/enfnat-guatemala-Globalong-225x300.jpg 225w, https:\/\/www.vita-explorers.dk\/blog\/wp-content\/uploads\/2016\/11\/enfnat-guatemala-Globalong.jpg 768w, https:\/\/www.vita-explorers.dk\/blog\/wp-content\/uploads\/2016\/11\/enfnat-guatemala-Globalong-113x150.jpg 113w\" sizes=\"(max-width: 300px) 100vw, 300px\" \/><\/a><a href=\"https:\/\/www.vita-explorers.dk\/blog\/humanitaer-rejse-etudiant\/\" target=\"_blank\" rel=\"noopener\">Studerende<\/a> og nyuddannede v\u00e6lger oftere internationale forl\u00f8b, nogle gennemf\u00f8rer en <strong>samfundstjeneste<\/strong>, mens andre tager del i et <strong>frivilligt forl\u00f8b<\/strong>. Form\u00e5let med <strong>det enkelte projekt afh\u00e6nger af deltagerens profil<\/strong>: Nogle bruger en periode med internationalt engagement som en del af deres uddannelse, fx gennem et <strong>praktikophold i udlandet<\/strong>. Andre har ikke en bestemt faglig baggrund \u2013 men <strong>f\u00e6lles for dem alle er \u00f8nsket om at bidrage.<\/strong><br \/>\n<strong> Det er vigtigt at forst\u00e5, at unge ikke motiveres ens af internationalt frivilligt arbejde.<\/strong> CREDOC-unders\u00f8gelsen bekr\u00e6fter, at det s\u00e6rligt er <strong>studerende (17%)<\/strong>, der oftest engagerer sig i frivillige aktiviteter.<\/p>\n<p style=\"text-align: justify;\"><strong><span style=\"color: #b81657;\">At engagere sig \u2013 men hvorfor, og for hvilken sag?<\/span><\/strong><br \/>\nCREDOC-unders\u00f8gelsen fors\u00f8ger ogs\u00e5 at afd\u00e6kke, hvad der motiverer unges engagement.<\/p>\n<p style=\"text-align: justify;\"><strong><span style=\"color: #b81657;\"><a href=\"https:\/\/www.vita-explorers.dk\/blog\/wp-content\/uploads\/2016\/11\/Programme-reconstruction-au-Nepal-avec-Globalong.jpg\" rel=\"attachment wp-att-5757\"><img loading=\"lazy\" decoding=\"async\" class=\"size-medium wp-image-5757 aligncenter\" src=\"https:\/\/www.vita-explorers.dk\/blog\/wp-content\/uploads\/2016\/11\/Programme-reconstruction-au-Nepal-avec-Globalong-300x169.jpg\" alt=\"Reconstruction au N\u00e9pal - GlobAlong \" width=\"300\" height=\"169\" srcset=\"https:\/\/www.vita-explorers.dk\/blog\/wp-content\/uploads\/2016\/11\/Programme-reconstruction-au-Nepal-avec-Globalong-300x169.jpg 300w, https:\/\/www.vita-explorers.dk\/blog\/wp-content\/uploads\/2016\/11\/Programme-reconstruction-au-Nepal-avec-Globalong-768x432.jpg 768w, https:\/\/www.vita-explorers.dk\/blog\/wp-content\/uploads\/2016\/11\/Programme-reconstruction-au-Nepal-avec-Globalong-150x84.jpg 150w, https:\/\/www.vita-explorers.dk\/blog\/wp-content\/uploads\/2016\/11\/Programme-reconstruction-au-Nepal-avec-Globalong.jpg 974w\" sizes=\"(max-width: 300px) 100vw, 300px\" \/><\/a><\/span><\/strong>For at blive klogere p\u00e5 det spurgte man, hvilke omr\u00e5der der kunne f\u00e5 dem til at engagere sig. Og det positive er, at kun<strong> 9% ikke kan pege p\u00e5 noget.<\/strong> Alle andre kan n\u00e6vne mindst \u00e9n grund til at deltage. Det mest popul\u00e6re i unders\u00f8gelsen er<strong> frivilligt arbejde i sport<\/strong>, som 22% n\u00e6vner. Herefter f\u00f8lger <strong>sundhed og milj\u00f8<\/strong> (20%), <strong>uddannelse<\/strong> (19%), <strong>fred i verden<\/strong> (15%), <strong>solidaritet<\/strong> (15%), <strong>kamp mod diskrimination<\/strong> (13%), <strong>humanit\u00e6rt arbejde<\/strong> (13%) og til sidst <strong>akut indsats<\/strong> i krisesituationer (13%).<\/p>\n<p style=\"text-align: justify;\"><a href=\"https:\/\/www.vita-explorers.dk\/blog\/wp-content\/uploads\/2016\/11\/Graphique-engagement-solidaire-GlobAlong-.jpg\" rel=\"attachment wp-att-5748\"><img loading=\"lazy\" decoding=\"async\" class=\"aligncenter wp-image-5748 size-full\" src=\"https:\/\/www.vita-explorers.dk\/blog\/wp-content\/uploads\/2016\/11\/Graphique-engagement-solidaire-GlobAlong-.jpg\" alt=\"B\u00e9n\u00e9volat international - GlobAlong\" width=\"600\" height=\"629\" srcset=\"https:\/\/www.vita-explorers.dk\/blog\/wp-content\/uploads\/2016\/11\/Graphique-engagement-solidaire-GlobAlong-.jpg 600w, https:\/\/www.vita-explorers.dk\/blog\/wp-content\/uploads\/2016\/11\/Graphique-engagement-solidaire-GlobAlong--286x300.jpg 286w, https:\/\/www.vita-explorers.dk\/blog\/wp-content\/uploads\/2016\/11\/Graphique-engagement-solidaire-GlobAlong--143x150.jpg 143w\" sizes=\"(max-width: 600px) 100vw, 600px\" \/><\/a><\/p>\n<p style=\"text-align: justify;\"><a href=\"https:\/\/www.vita-explorers.dk\/blog\/wp-content\/uploads\/2016\/10\/Madagascar-globalong.jpg\" rel=\"attachment wp-att-5589\"><img loading=\"lazy\" decoding=\"async\" class=\"size-medium wp-image-5589 aligncenter\" src=\"https:\/\/www.vita-explorers.dk\/blog\/wp-content\/uploads\/2016\/10\/Madagascar-globalong-300x225.jpg\" alt=\"Globalong b\u00e9n\u00e9volat Madagascar\" width=\"300\" height=\"225\" srcset=\"https:\/\/www.vita-explorers.dk\/blog\/wp-content\/uploads\/2016\/10\/Madagascar-globalong-300x225.jpg 300w, https:\/\/www.vita-explorers.dk\/blog\/wp-content\/uploads\/2016\/10\/Madagascar-globalong-768x576.jpg 768w, https:\/\/www.vita-explorers.dk\/blog\/wp-content\/uploads\/2016\/10\/Madagascar-globalong-150x113.jpg 150w, https:\/\/www.vita-explorers.dk\/blog\/wp-content\/uploads\/2016\/10\/Madagascar-globalong.jpg 960w\" sizes=\"(max-width: 300px) 100vw, 300px\" \/><\/a><strong>Frivilligt engagement i sport<\/strong> n\u00e6vnes oftere af m\u00e6nd (33% mod 11% blandt kvinder) og af <strong>studerende<\/strong> (27%), mens <strong>kvinder i h\u00f8jere grad fremh\u00e6ver sundhed, medicinsk forskning og st\u00f8tte til syge (27% mod 20% i gennemsnit).<\/strong> If\u00f8lge CREDOC viser kvinder generelt st\u00f8rre interesse for sundhedsrelaterede emner, hvilket kan v\u00e6re med til at forklare forskellen.<br \/>\nUnge uden uddannelse, som ikke er i job, eller som har et lavere uddannelsesniveau, er mere tiltrukket af fred i verden: cirka 19% mod 15% i gennemsnit.<\/p>\n<p style=\"text-align: center;\"><strong>Vil du vide mere, er du velkommen til at kontakte os p\u00e5<\/strong> <span style=\"text-decoration: underline; color: #b81657;\"><a style=\"color: #b81657; text-decoration: underline;\" href=\"mailto:info@globalong.com\">info@globalong.com<\/a><\/span><\/p>\n<p style=\"text-align: center;\"><strong>Se alle<\/strong> <span style=\"text-decoration: underline;\"><span style=\"color: #b81657;\"><a style=\"color: #b81657; text-decoration: underline;\" href=\"https:\/\/www.vita-explorers.dk\" target=\"_blank\" rel=\"noopener\">tilg\u00e6ngelige forl\u00f8b her<\/a><\/span><\/span>!<\/p>\n<p style=\"text-align: center;\"><strong>Oplev VITA i<\/strong> <span style=\"text-decoration: underline;\"><span style=\"color: #b81657;\"><a style=\"color: #b81657; text-decoration: underline;\" href=\"https:\/\/www.flickr.com\/photos\/globalong\/albums\" target=\"_blank\" rel=\"noopener\">billeder<\/a><\/span><\/span> <strong>og<\/strong> <span style=\"text-decoration: underline;\"><span style=\"color: #b81657;\"><a style=\"color: #b81657; text-decoration: underline;\" href=\"https:\/\/www.vita-explorers.dk\/blog\/videoer-fra-vores-destinationer-frivilligt-arbejde-internationale-forloeb\/\" target=\"_blank\" rel=\"noopener\">videoer<\/a><\/span><\/span>!<\/p>\n<p><strong style=\"text-align: justify;\"> <\/strong><\/p>\n","protected":false},"excerpt":{"rendered":"<p>If\u00f8lge en unders\u00f8gelse fra januar 2016 bruger 35% af de unge i Frankrig tid p\u00e5 frivilligt arbejde i en organisation. Andelen er tydeligt stigende,\u2026<\/p>\n","protected":false},"author":1,"featured_media":5750,"comment_status":"open","ping_status":"open","sticky":false,"template":"","format":"standard","meta":{"footnotes":""},"categories":[13,191,12,8,1,6,3,4],"tags":[379,57,232,177,17,382,276,95,185,149,243,81,309,20,383,381,380,16],"yoast_head":"<!-- This site is optimized with the Yoast SEO Premium plugin v23.4 (Yoast SEO v23.4) - https:\/\/yoast.com\/wordpress\/plugins\/seo\/ -->\n<title>Unge engagerer sig i stigende grad i frivilligt arbejde! - VITA Explorers Blog<\/title>\n<meta name=\"robots\" content=\"index, follow, max-snippet:-1, max-image-preview:large, max-video-preview:-1\" \/>\n<link rel=\"canonical\" href=\"https:\/\/www.vita-explorers.dk\/blog\/engagement-frivilligt-arbejde-international-solidaritet-frivillig-indsats-i-udlandet-professionelt-praktikforloeb\/\" \/>\n<meta property=\"og:locale\" content=\"da_DK\" \/>\n<meta property=\"og:type\" content=\"article\" \/>\n<meta property=\"og:title\" content=\"Unge engagerer sig i stigende grad i frivilligt arbejde!\" \/>\n<meta property=\"og:description\" content=\"If\u00f8lge en unders\u00f8gelse fra januar 2016 bruger 35% af de unge i Frankrig tid p\u00e5 frivilligt arbejde i en organisation. Andelen er tydeligt stigende,\u2026\" \/>\n<meta property=\"og:url\" content=\"https:\/\/www.vita-explorers.dk\/blog\/engagement-frivilligt-arbejde-international-solidaritet-frivillig-indsats-i-udlandet-professionelt-praktikforloeb\/\" \/>\n<meta property=\"og:site_name\" content=\"VITA Explorers Blog\" \/>\n<meta property=\"article:publisher\" content=\"https:\/\/www.facebook.com\/globalong\" \/>\n<meta property=\"article:published_time\" content=\"2016-11-08T11:12:55+00:00\" \/>\n<meta property=\"article:modified_time\" content=\"2025-01-19T15:54:09+00:00\" \/>\n<meta property=\"og:image\" content=\"https:\/\/www.vita-explorers.dk\/blog\/wp-content\/uploads\/2016\/11\/Attention-au-ciseaux-avec-globalong-en-jamaique.jpg\" \/>\n\t<meta property=\"og:image:width\" content=\"960\" \/>\n\t<meta property=\"og:image:height\" content=\"720\" \/>\n\t<meta property=\"og:image:type\" content=\"image\/jpeg\" \/>\n<meta name=\"author\" content=\"VITA Tribe\" \/>\n<meta name=\"twitter:card\" content=\"summary_large_image\" \/>\n<meta name=\"twitter:label1\" content=\"Skrevet af\" \/>\n\t<meta name=\"twitter:data1\" content=\"VITA Tribe\" \/>\n\t<meta name=\"twitter:label2\" content=\"Estimeret l\u00e6setid\" \/>\n\t<meta name=\"twitter:data2\" content=\"5 minutter\" \/>\n<script type=\"application\/ld+json\" class=\"yoast-schema-graph\">{\"@context\":\"https:\/\/schema.org\",\"@graph\":[{\"@type\":\"Article\",\"@id\":\"https:\/\/www.vita-explorers.dk\/blog\/engagement-frivilligt-arbejde-international-solidaritet-frivillig-indsats-i-udlandet-professionelt-praktikforloeb\/#article\",\"isPartOf\":{\"@id\":\"https:\/\/www.vita-explorers.dk\/blog\/engagement-frivilligt-arbejde-international-solidaritet-frivillig-indsats-i-udlandet-professionelt-praktikforloeb\/\"},\"author\":{\"name\":\"VITA Tribe\",\"@id\":\"https:\/\/www.vita-explorers.dk\/blog\/#\/schema\/person\/d7df267b64f23018d1dc519e78fb2735\"},\"headline\":\"Unge engagerer sig i stigende grad i frivilligt arbejde!\",\"datePublished\":\"2016-11-08T11:12:55+00:00\",\"dateModified\":\"2025-01-19T15:54:09+00:00\",\"mainEntityOfPage\":{\"@id\":\"https:\/\/www.vita-explorers.dk\/blog\/engagement-frivilligt-arbejde-international-solidaritet-frivillig-indsats-i-udlandet-professionelt-praktikforloeb\/\"},\"wordCount\":564,\"commentCount\":0,\"publisher\":{\"@id\":\"https:\/\/www.vita-explorers.dk\/blog\/#organization\"},\"image\":{\"@id\":\"https:\/\/www.vita-explorers.dk\/blog\/engagement-frivilligt-arbejde-international-solidaritet-frivillig-indsats-i-udlandet-professionelt-praktikforloeb\/#primaryimage\"},\"thumbnailUrl\":\"https:\/\/www.vita-explorers.dk\/blog\/wp-content\/uploads\/2016\/11\/Attention-au-ciseaux-avec-globalong-en-jamaique.jpg\",\"keywords\":[\"action\",\"afrique\",\"Am\u00e9riques\",\"asie\",\"b\u00e9n\u00e9volat\",\"droit\",\"enseignement\",\"environnement\",\"globalong\",\"humanitaire\",\"international\",\"jeunes\",\"journalisme\",\"sant\u00e9\",\"service volontaire\",\"sociale\",\"solidaire\",\"volontariat\"],\"articleSection\":[\"Afrika\",\"Amerika\",\"Asien\",\"Humanit\u00e6rt frivilligt arbejde\",\"No Name\",\"Nyheder\",\"Rejser - generelle oplysninger\",\"VITA Explorers\"],\"inLanguage\":\"da-DK\",\"potentialAction\":[{\"@type\":\"CommentAction\",\"name\":\"Comment\",\"target\":[\"https:\/\/www.vita-explorers.dk\/blog\/engagement-frivilligt-arbejde-international-solidaritet-frivillig-indsats-i-udlandet-professionelt-praktikforloeb\/#respond\"]}]},{\"@type\":\"WebPage\",\"@id\":\"https:\/\/www.vita-explorers.dk\/blog\/engagement-frivilligt-arbejde-international-solidaritet-frivillig-indsats-i-udlandet-professionelt-praktikforloeb\/\",\"url\":\"https:\/\/www.vita-explorers.dk\/blog\/engagement-frivilligt-arbejde-international-solidaritet-frivillig-indsats-i-udlandet-professionelt-praktikforloeb\/\",\"name\":\"Unge engagerer sig i stigende grad i frivilligt arbejde! - VITA Explorers Blog\",\"isPartOf\":{\"@id\":\"https:\/\/www.vita-explorers.dk\/blog\/#website\"},\"primaryImageOfPage\":{\"@id\":\"https:\/\/www.vita-explorers.dk\/blog\/engagement-frivilligt-arbejde-international-solidaritet-frivillig-indsats-i-udlandet-professionelt-praktikforloeb\/#primaryimage\"},\"image\":{\"@id\":\"https:\/\/www.vita-explorers.dk\/blog\/engagement-frivilligt-arbejde-international-solidaritet-frivillig-indsats-i-udlandet-professionelt-praktikforloeb\/#primaryimage\"},\"thumbnailUrl\":\"https:\/\/www.vita-explorers.dk\/blog\/wp-content\/uploads\/2016\/11\/Attention-au-ciseaux-avec-globalong-en-jamaique.jpg\",\"datePublished\":\"2016-11-08T11:12:55+00:00\",\"dateModified\":\"2025-01-19T15:54:09+00:00\",\"breadcrumb\":{\"@id\":\"https:\/\/www.vita-explorers.dk\/blog\/engagement-frivilligt-arbejde-international-solidaritet-frivillig-indsats-i-udlandet-professionelt-praktikforloeb\/#breadcrumb\"},\"inLanguage\":\"da-DK\",\"potentialAction\":[{\"@type\":\"ReadAction\",\"target\":[\"https:\/\/www.vita-explorers.dk\/blog\/engagement-frivilligt-arbejde-international-solidaritet-frivillig-indsats-i-udlandet-professionelt-praktikforloeb\/\"]}]},{\"@type\":\"ImageObject\",\"inLanguage\":\"da-DK\",\"@id\":\"https:\/\/www.vita-explorers.dk\/blog\/engagement-frivilligt-arbejde-international-solidaritet-frivillig-indsats-i-udlandet-professionelt-praktikforloeb\/#primaryimage\",\"url\":\"https:\/\/www.vita-explorers.dk\/blog\/wp-content\/uploads\/2016\/11\/Attention-au-ciseaux-avec-globalong-en-jamaique.jpg\",\"contentUrl\":\"https:\/\/www.vita-explorers.dk\/blog\/wp-content\/uploads\/2016\/11\/Attention-au-ciseaux-avec-globalong-en-jamaique.jpg\",\"width\":960,\"height\":720,\"caption\":\"B\u00e9n\u00e9voles an Jama\u00efque - GlobAlong\"},{\"@type\":\"BreadcrumbList\",\"@id\":\"https:\/\/www.vita-explorers.dk\/blog\/engagement-frivilligt-arbejde-international-solidaritet-frivillig-indsats-i-udlandet-professionelt-praktikforloeb\/#breadcrumb\",\"itemListElement\":[{\"@type\":\"ListItem\",\"position\":1,\"name\":\"Accueil\",\"item\":\"https:\/\/www.vita-explorers.dk\/blog\/\"},{\"@type\":\"ListItem\",\"position\":2,\"name\":\"Unge engagerer sig i stigende grad i frivilligt arbejde!\"}]},{\"@type\":\"WebSite\",\"@id\":\"https:\/\/www.vita-explorers.dk\/blog\/#website\",\"url\":\"https:\/\/www.vita-explorers.dk\/blog\/\",\"name\":\"Association Globalong\",\"description\":\"Frivilligt arbejde, sprogophold, praktik i udlandet og internationale oplevelser\",\"publisher\":{\"@id\":\"https:\/\/www.vita-explorers.dk\/blog\/#organization\"},\"potentialAction\":[{\"@type\":\"SearchAction\",\"target\":{\"@type\":\"EntryPoint\",\"urlTemplate\":\"https:\/\/www.vita-explorers.dk\/blog\/?s={search_term_string}\"},\"query-input\":{\"@type\":\"PropertyValueSpecification\",\"valueRequired\":true,\"valueName\":\"search_term_string\"}}],\"inLanguage\":\"da-DK\"},{\"@type\":\"Organization\",\"@id\":\"https:\/\/www.vita-explorers.dk\/blog\/#organization\",\"name\":\"Association Globalong\",\"url\":\"https:\/\/www.vita-explorers.dk\/blog\/\",\"logo\":{\"@type\":\"ImageObject\",\"inLanguage\":\"da-DK\",\"@id\":\"https:\/\/www.vita-explorers.dk\/blog\/#\/schema\/logo\/image\/\",\"url\":\"https:\/\/www.globalong.com\/blog\/wp-content\/uploads\/2014\/11\/cropped-cropped-Logo-et-Afrique-Globalong-petite-taille-2.jpg\",\"contentUrl\":\"https:\/\/www.globalong.com\/blog\/wp-content\/uploads\/2014\/11\/cropped-cropped-Logo-et-Afrique-Globalong-petite-taille-2.jpg\",\"width\":512,\"height\":512,\"caption\":\"Association Globalong\"},\"image\":{\"@id\":\"https:\/\/www.vita-explorers.dk\/blog\/#\/schema\/logo\/image\/\"},\"sameAs\":[\"https:\/\/www.facebook.com\/globalong\"]},{\"@type\":\"Person\",\"@id\":\"https:\/\/www.vita-explorers.dk\/blog\/#\/schema\/person\/d7df267b64f23018d1dc519e78fb2735\",\"name\":\"VITA Tribe\",\"image\":{\"@type\":\"ImageObject\",\"inLanguage\":\"da-DK\",\"@id\":\"https:\/\/www.vita-explorers.dk\/blog\/#\/schema\/person\/image\/\",\"url\":\"https:\/\/secure.gravatar.com\/avatar\/81461bcc213d0ff2bdc043d4206648f0?s=96&d=mm&r=g\",\"contentUrl\":\"https:\/\/secure.gravatar.com\/avatar\/81461bcc213d0ff2bdc043d4206648f0?s=96&d=mm&r=g\",\"caption\":\"VITA Tribe\"},\"sameAs\":[\"https:\/\/www.globalong.com\"],\"url\":\"https:\/\/www.vita-explorers.dk\/blog\/author\/sophie\/\"}]}<\/script>\n<!-- \/ Yoast SEO Premium plugin. -->","yoast_head_json":{"title":"Unge engagerer sig i stigende grad i frivilligt arbejde! - VITA Explorers Blog","robots":{"index":"index","follow":"follow","max-snippet":"max-snippet:-1","max-image-preview":"max-image-preview:large","max-video-preview":"max-video-preview:-1"},"canonical":"https:\/\/www.vita-explorers.dk\/blog\/engagement-frivilligt-arbejde-international-solidaritet-frivillig-indsats-i-udlandet-professionelt-praktikforloeb\/","og_locale":"da_DK","og_type":"article","og_title":"Unge engagerer sig i stigende grad i frivilligt arbejde!","og_description":"If\u00f8lge en unders\u00f8gelse fra januar 2016 bruger 35% af de unge i Frankrig tid p\u00e5 frivilligt arbejde i en organisation. Andelen er tydeligt stigende,\u2026","og_url":"https:\/\/www.vita-explorers.dk\/blog\/engagement-frivilligt-arbejde-international-solidaritet-frivillig-indsats-i-udlandet-professionelt-praktikforloeb\/","og_site_name":"VITA Explorers Blog","article_publisher":"https:\/\/www.facebook.com\/globalong","article_published_time":"2016-11-08T11:12:55+00:00","article_modified_time":"2025-01-19T15:54:09+00:00","og_image":[{"width":960,"height":720,"url":"https:\/\/www.vita-explorers.dk\/blog\/wp-content\/uploads\/2016\/11\/Attention-au-ciseaux-avec-globalong-en-jamaique.jpg","type":"image\/jpeg"}],"author":"VITA Tribe","twitter_card":"summary_large_image","twitter_misc":{"Skrevet af":"VITA Tribe","Estimeret l\u00e6setid":"5 minutter"},"schema":{"@context":"https:\/\/schema.org","@graph":[{"@type":"Article","@id":"https:\/\/www.vita-explorers.dk\/blog\/engagement-frivilligt-arbejde-international-solidaritet-frivillig-indsats-i-udlandet-professionelt-praktikforloeb\/#article","isPartOf":{"@id":"https:\/\/www.vita-explorers.dk\/blog\/engagement-frivilligt-arbejde-international-solidaritet-frivillig-indsats-i-udlandet-professionelt-praktikforloeb\/"},"author":{"name":"VITA Tribe","@id":"https:\/\/www.vita-explorers.dk\/blog\/#\/schema\/person\/d7df267b64f23018d1dc519e78fb2735"},"headline":"Unge engagerer sig i stigende grad i frivilligt arbejde!","datePublished":"2016-11-08T11:12:55+00:00","dateModified":"2025-01-19T15:54:09+00:00","mainEntityOfPage":{"@id":"https:\/\/www.vita-explorers.dk\/blog\/engagement-frivilligt-arbejde-international-solidaritet-frivillig-indsats-i-udlandet-professionelt-praktikforloeb\/"},"wordCount":564,"commentCount":0,"publisher":{"@id":"https:\/\/www.vita-explorers.dk\/blog\/#organization"},"image":{"@id":"https:\/\/www.vita-explorers.dk\/blog\/engagement-frivilligt-arbejde-international-solidaritet-frivillig-indsats-i-udlandet-professionelt-praktikforloeb\/#primaryimage"},"thumbnailUrl":"https:\/\/www.vita-explorers.dk\/blog\/wp-content\/uploads\/2016\/11\/Attention-au-ciseaux-avec-globalong-en-jamaique.jpg","keywords":["action","afrique","Am\u00e9riques","asie","b\u00e9n\u00e9volat","droit","enseignement","environnement","globalong","humanitaire","international","jeunes","journalisme","sant\u00e9","service volontaire","sociale","solidaire","volontariat"],"articleSection":["Afrika","Amerika","Asien","Humanit\u00e6rt frivilligt arbejde","No Name","Nyheder","Rejser - generelle oplysninger","VITA Explorers"],"inLanguage":"da-DK","potentialAction":[{"@type":"CommentAction","name":"Comment","target":["https:\/\/www.vita-explorers.dk\/blog\/engagement-frivilligt-arbejde-international-solidaritet-frivillig-indsats-i-udlandet-professionelt-praktikforloeb\/#respond"]}]},{"@type":"WebPage","@id":"https:\/\/www.vita-explorers.dk\/blog\/engagement-frivilligt-arbejde-international-solidaritet-frivillig-indsats-i-udlandet-professionelt-praktikforloeb\/","url":"https:\/\/www.vita-explorers.dk\/blog\/engagement-frivilligt-arbejde-international-solidaritet-frivillig-indsats-i-udlandet-professionelt-praktikforloeb\/","name":"Unge engagerer sig i stigende grad i frivilligt arbejde! - VITA Explorers Blog","isPartOf":{"@id":"https:\/\/www.vita-explorers.dk\/blog\/#website"},"primaryImageOfPage":{"@id":"https:\/\/www.vita-explorers.dk\/blog\/engagement-frivilligt-arbejde-international-solidaritet-frivillig-indsats-i-udlandet-professionelt-praktikforloeb\/#primaryimage"},"image":{"@id":"https:\/\/www.vita-explorers.dk\/blog\/engagement-frivilligt-arbejde-international-solidaritet-frivillig-indsats-i-udlandet-professionelt-praktikforloeb\/#primaryimage"},"thumbnailUrl":"https:\/\/www.vita-explorers.dk\/blog\/wp-content\/uploads\/2016\/11\/Attention-au-ciseaux-avec-globalong-en-jamaique.jpg","datePublished":"2016-11-08T11:12:55+00:00","dateModified":"2025-01-19T15:54:09+00:00","breadcrumb":{"@id":"https:\/\/www.vita-explorers.dk\/blog\/engagement-frivilligt-arbejde-international-solidaritet-frivillig-indsats-i-udlandet-professionelt-praktikforloeb\/#breadcrumb"},"inLanguage":"da-DK","potentialAction":[{"@type":"ReadAction","target":["https:\/\/www.vita-explorers.dk\/blog\/engagement-frivilligt-arbejde-international-solidaritet-frivillig-indsats-i-udlandet-professionelt-praktikforloeb\/"]}]},{"@type":"ImageObject","inLanguage":"da-DK","@id":"https:\/\/www.vita-explorers.dk\/blog\/engagement-frivilligt-arbejde-international-solidaritet-frivillig-indsats-i-udlandet-professionelt-praktikforloeb\/#primaryimage","url":"https:\/\/www.vita-explorers.dk\/blog\/wp-content\/uploads\/2016\/11\/Attention-au-ciseaux-avec-globalong-en-jamaique.jpg","contentUrl":"https:\/\/www.vita-explorers.dk\/blog\/wp-content\/uploads\/2016\/11\/Attention-au-ciseaux-avec-globalong-en-jamaique.jpg","width":960,"height":720,"caption":"B\u00e9n\u00e9voles an Jama\u00efque - GlobAlong"},{"@type":"BreadcrumbList","@id":"https:\/\/www.vita-explorers.dk\/blog\/engagement-frivilligt-arbejde-international-solidaritet-frivillig-indsats-i-udlandet-professionelt-praktikforloeb\/#breadcrumb","itemListElement":[{"@type":"ListItem","position":1,"name":"Accueil","item":"https:\/\/www.vita-explorers.dk\/blog\/"},{"@type":"ListItem","position":2,"name":"Unge engagerer sig i stigende grad i frivilligt arbejde!"}]},{"@type":"WebSite","@id":"https:\/\/www.vita-explorers.dk\/blog\/#website","url":"https:\/\/www.vita-explorers.dk\/blog\/","name":"Association Globalong","description":"Frivilligt arbejde, sprogophold, praktik i udlandet og internationale oplevelser","publisher":{"@id":"https:\/\/www.vita-explorers.dk\/blog\/#organization"},"potentialAction":[{"@type":"SearchAction","target":{"@type":"EntryPoint","urlTemplate":"https:\/\/www.vita-explorers.dk\/blog\/?s={search_term_string}"},"query-input":{"@type":"PropertyValueSpecification","valueRequired":true,"valueName":"search_term_string"}}],"inLanguage":"da-DK"},{"@type":"Organization","@id":"https:\/\/www.vita-explorers.dk\/blog\/#organization","name":"Association Globalong","url":"https:\/\/www.vita-explorers.dk\/blog\/","logo":{"@type":"ImageObject","inLanguage":"da-DK","@id":"https:\/\/www.vita-explorers.dk\/blog\/#\/schema\/logo\/image\/","url":"https:\/\/www.globalong.com\/blog\/wp-content\/uploads\/2014\/11\/cropped-cropped-Logo-et-Afrique-Globalong-petite-taille-2.jpg","contentUrl":"https:\/\/www.globalong.com\/blog\/wp-content\/uploads\/2014\/11\/cropped-cropped-Logo-et-Afrique-Globalong-petite-taille-2.jpg","width":512,"height":512,"caption":"Association Globalong"},"image":{"@id":"https:\/\/www.vita-explorers.dk\/blog\/#\/schema\/logo\/image\/"},"sameAs":["https:\/\/www.facebook.com\/globalong"]},{"@type":"Person","@id":"https:\/\/www.vita-explorers.dk\/blog\/#\/schema\/person\/d7df267b64f23018d1dc519e78fb2735","name":"VITA Tribe","image":{"@type":"ImageObject","inLanguage":"da-DK","@id":"https:\/\/www.vita-explorers.dk\/blog\/#\/schema\/person\/image\/","url":"https:\/\/secure.gravatar.com\/avatar\/81461bcc213d0ff2bdc043d4206648f0?s=96&d=mm&r=g","contentUrl":"https:\/\/secure.gravatar.com\/avatar\/81461bcc213d0ff2bdc043d4206648f0?s=96&d=mm&r=g","caption":"VITA Tribe"},"sameAs":["https:\/\/www.globalong.com"],"url":"https:\/\/www.vita-explorers.dk\/blog\/author\/sophie\/"}]}},"_links":{"self":[{"href":"https:\/\/www.vita-explorers.dk\/blog\/wp-json\/wp\/v2\/posts\/5746"}],"collection":[{"href":"https:\/\/www.vita-explorers.dk\/blog\/wp-json\/wp\/v2\/posts"}],"about":[{"href":"https:\/\/www.vita-explorers.dk\/blog\/wp-json\/wp\/v2\/types\/post"}],"author":[{"embeddable":true,"href":"https:\/\/www.vita-explorers.dk\/blog\/wp-json\/wp\/v2\/users\/1"}],"replies":[{"embeddable":true,"href":"https:\/\/www.vita-explorers.dk\/blog\/wp-json\/wp\/v2\/comments?post=5746"}],"version-history":[{"count":13,"href":"https:\/\/www.vita-explorers.dk\/blog\/wp-json\/wp\/v2\/posts\/5746\/revisions"}],"predecessor-version":[{"id":20172,"href":"https:\/\/www.vita-explorers.dk\/blog\/wp-json\/wp\/v2\/posts\/5746\/revisions\/20172"}],"wp:featuredmedia":[{"embeddable":true,"href":"https:\/\/www.vita-explorers.dk\/blog\/wp-json\/wp\/v2\/media\/5750"}],"wp:attachment":[{"href":"https:\/\/www.vita-explorers.dk\/blog\/wp-json\/wp\/v2\/media?parent=5746"}],"wp:term":[{"taxonomy":"category","embeddable":true,"href":"https:\/\/www.vita-explorers.dk\/blog\/wp-json\/wp\/v2\/categories?post=5746"},{"taxonomy":"post_tag","embeddable":true,"href":"https:\/\/www.vita-explorers.dk\/blog\/wp-json\/wp\/v2\/tags?post=5746"}],"curies":[{"name":"wp","href":"https:\/\/api.w.org\/{rel}","templated":true}]}}