{"id":5923,"date":"2016-11-29T14:50:47","date_gmt":"2016-11-29T13:50:47","guid":{"rendered":"https:\/\/www.globalong.com\/blog\/?p=5923"},"modified":"2022-01-06T17:11:20","modified_gmt":"2022-01-06T16:11:20","slug":"hvorfor-tage-afsted-paa-frivilligt-ophold-i-jamaica-internationalt-forloeb-civilt-engagement-humanitaert-praktikforloeb-sygeplejerske","status":"publish","type":"post","link":"https:\/\/www.vita-explorers.dk\/blog\/hvorfor-tage-afsted-paa-frivilligt-ophold-i-jamaica-internationalt-forloeb-civilt-engagement-humanitaert-praktikforloeb-sygeplejerske\/","title":{"rendered":"Hvorfor tage p\u00e5 et humanit\u00e6rt ophold i Jamaica?"},"content":{"rendered":"<h4 style=\"text-align: center;\"><span style=\"color: #b81657;\">Jamaica ligger i Det Caribiske Hav syd for Cuba og byder p\u00e5 en levende blanding af amerikanske, spanske, afrikanske og caribiske kulturspor, storsl\u00e5ede landskaber \u2013 og muligheden for at give din tid mening gennem et internationalt frivilligt forl\u00f8b.<\/span><\/h4>\n<p style=\"text-align: justify;\"><a href=\"https:\/\/www.vita-explorers.dk\/blog\/wp-content\/uploads\/2016\/11\/Volontaire-humanrigth-avec-globalong.jpg\" rel=\"attachment wp-att-5924\"><img loading=\"lazy\" decoding=\"async\" class=\"size-medium wp-image-5924 aligncenter\" src=\"https:\/\/www.vita-explorers.dk\/blog\/wp-content\/uploads\/2016\/11\/Volontaire-humanrigth-avec-globalong-300x199.jpg\" alt=\"Frivilligt program i Jamaica - VITA\" width=\"300\" height=\"199\" srcset=\"https:\/\/www.vita-explorers.dk\/blog\/wp-content\/uploads\/2016\/11\/Volontaire-humanrigth-avec-globalong-300x199.jpg 300w, https:\/\/www.vita-explorers.dk\/blog\/wp-content\/uploads\/2016\/11\/Volontaire-humanrigth-avec-globalong-768x510.jpg 768w, https:\/\/www.vita-explorers.dk\/blog\/wp-content\/uploads\/2016\/11\/Volontaire-humanrigth-avec-globalong-1024x681.jpg 1024w, https:\/\/www.vita-explorers.dk\/blog\/wp-content\/uploads\/2016\/11\/Volontaire-humanrigth-avec-globalong-150x100.jpg 150w, https:\/\/www.vita-explorers.dk\/blog\/wp-content\/uploads\/2016\/11\/Volontaire-humanrigth-avec-globalong.jpg 2048w\" sizes=\"(max-width: 300px) 100vw, 300px\" \/><\/a>Hvor nordkysten er kendt for <strong>smukke strande som San San Beach<\/strong> og <strong>Negril Beach<\/strong>, er \u00f8ens indre <strong>ideelt for naturglade rejsende.<\/strong> De <strong>Blue Mountains<\/strong> rager op over hovedstaden <strong>Kingston<\/strong> og str\u00e6kker sig ind mod midten af \u00f8en, hvor bakker og floder m\u00f8des og skaber betagende landskaber.<\/p>\n<p style=\"text-align: justify;\">P\u00e5 din <span style=\"text-decoration: underline;\"><a href=\"https:\/\/www.vita-explorers.dk\/frivilligt-arbejde\/jamaica-praktik-ophold-humanitaert-arbejde-frivilligt-arbejde-undervisning.html\" target=\"_blank\" rel=\"noopener\">rejse til Jamaica<\/a><\/span> <strong>oplever du rastakulturen<\/strong> \u2013 og der g\u00e5r sj\u00e6ldent en dag, uden at den legendariske <strong>Bob<br \/>\nMarley<\/strong> kan h\u00f8res et sted i baggrunden.<\/p>\n<p style=\"text-align: justify;\"><a href=\"https:\/\/www.vita-explorers.dk\/blog\/wp-content\/uploads\/2016\/11\/reps-globalong-volontaire-en-Jamaique.jpg\" rel=\"attachment wp-att-5926\"><img loading=\"lazy\" decoding=\"async\" class=\"size-medium wp-image-5926 aligncenter\" src=\"https:\/\/www.vita-explorers.dk\/blog\/wp-content\/uploads\/2016\/11\/reps-globalong-volontaire-en-Jamaique-300x225.jpg\" alt=\"Frivilligt ophold i Jamaica - VITA \" width=\"300\" height=\"225\" srcset=\"https:\/\/www.vita-explorers.dk\/blog\/wp-content\/uploads\/2016\/11\/reps-globalong-volontaire-en-Jamaique-300x225.jpg 300w, https:\/\/www.vita-explorers.dk\/blog\/wp-content\/uploads\/2016\/11\/reps-globalong-volontaire-en-Jamaique-768x576.jpg 768w, https:\/\/www.vita-explorers.dk\/blog\/wp-content\/uploads\/2016\/11\/reps-globalong-volontaire-en-Jamaique-150x113.jpg 150w, https:\/\/www.vita-explorers.dk\/blog\/wp-content\/uploads\/2016\/11\/reps-globalong-volontaire-en-Jamaique.jpg 960w\" sizes=\"(max-width: 300px) 100vw, 300px\" \/><\/a><strong>Du kan smage noget af verdens bedste kaffe<\/strong>, m\u00f8de nye og s\u00e6rlige smagsoplevelser \u2013 og <strong>v\u00e6re t\u00e6t p\u00e5 hverdagslivet<\/strong> sammen med en befolkning, der ofte beskrives som varm og im\u00f8dekommende.<\/p>\n<p style=\"text-align: justify;\">Selv om <strong>Jamaica<\/strong> er smuk, er det ogs\u00e5 en \u00f8, hvor <strong>flere og flere lever i sv\u00e6r udsathed.<\/strong> Indsatser fra myndigheder, trosf\u00e6llesskaber og andre <strong>NGO\u2019er<\/strong> r\u00e6kker ikke altid \u2013 og derfor kan deltagere p\u00e5 <span style=\"text-decoration: underline;\"> <a href=\"https:\/\/www.vita-explorers.dk\/blog\/erfaring-frivilligt-arbejde-internationalt-humanitaer-indsats-praktik\/\" target=\"_blank\" rel=\"noopener\">internationale frivillige ophold<\/a> <\/span><strong>spille en vigtig rolle<\/strong> ved at st\u00f8tte det arbejde, som lokale fagfolk allerede st\u00e5r for.<\/p>\n<p style=\"text-align: justify;\"><a href=\"https:\/\/www.vita-explorers.dk\/blog\/wp-content\/uploads\/2016\/11\/be\u0301ne\u0301volat-me\u0301dical-en-Jamaique-avec-Globalong.jpg\" rel=\"attachment wp-att-5928\"><img loading=\"lazy\" decoding=\"async\" class=\"size-medium wp-image-5928 aligncenter\" src=\"https:\/\/www.vita-explorers.dk\/blog\/wp-content\/uploads\/2016\/11\/be\u0301ne\u0301volat-me\u0301dical-en-Jamaique-avec-Globalong-300x199.jpg\" alt=\"Internationale deltagere - VITA - Jamaica\" width=\"300\" height=\"199\" srcset=\"https:\/\/www.vita-explorers.dk\/blog\/wp-content\/uploads\/2016\/11\/be\u0301ne\u0301volat-me\u0301dical-en-Jamaique-avec-Globalong-300x199.jpg 300w, https:\/\/www.vita-explorers.dk\/blog\/wp-content\/uploads\/2016\/11\/be\u0301ne\u0301volat-me\u0301dical-en-Jamaique-avec-Globalong-150x100.jpg 150w, https:\/\/www.vita-explorers.dk\/blog\/wp-content\/uploads\/2016\/11\/be\u0301ne\u0301volat-me\u0301dical-en-Jamaique-avec-Globalong.jpg 767w\" sizes=\"(max-width: 300px) 100vw, 300px\" \/><\/a>Uanset om du er<span style=\"text-decoration: underline;\"> <a href=\"https:\/\/www.vita-explorers.dk\/blog\/humanitaer-rejse-etudiant\/\" target=\"_blank\" rel=\"noopener\">studerende, i praktik<\/a><\/span> <strong>eller professionel,<\/strong> er din motivation for at bidrage velkommen. <strong>Du f\u00e5r en meningsfuld pause fra hverdagen<\/strong> og et nyt perspektiv gennem <strong>kulturudveksling og sprog.<\/strong> Grib muligheden for at engagere dig i <strong>Jamaica!<\/strong><\/p>\n<p style=\"text-align: justify;\">Gennem dine opgaver i <strong>undervisningsforl\u00f8b<\/strong>, <strong>renovering, \u00f8ko-frivilligt arbejde, sundhed eller via din indsats i b\u00f8rnecentre, modtagesteder og andre NGO\u2019er,<\/strong> <strong>vil du<br \/>\nbidrage <a href=\"https:\/\/www.vita-explorers.dk\/blog\/wp-content\/uploads\/2016\/11\/Moment-complice-en-Jamaique-globalong.jpg\" rel=\"attachment wp-att-5930\"><img loading=\"lazy\" decoding=\"async\" class=\"size-medium wp-image-5930 aligncenter\" src=\"https:\/\/www.vita-explorers.dk\/blog\/wp-content\/uploads\/2016\/11\/Moment-complice-en-Jamaique-globalong-300x199.jpg\" alt=\"Internationalt frivilligt arbejde i Amerika - VITA \" width=\"300\" height=\"199\" srcset=\"https:\/\/www.vita-explorers.dk\/blog\/wp-content\/uploads\/2016\/11\/Moment-complice-en-Jamaique-globalong-300x199.jpg 300w, https:\/\/www.vita-explorers.dk\/blog\/wp-content\/uploads\/2016\/11\/Moment-complice-en-Jamaique-globalong-768x511.jpg 768w, https:\/\/www.vita-explorers.dk\/blog\/wp-content\/uploads\/2016\/11\/Moment-complice-en-Jamaique-globalong-150x100.jpg 150w, https:\/\/www.vita-explorers.dk\/blog\/wp-content\/uploads\/2016\/11\/Moment-complice-en-Jamaique-globalong.jpg 901w\" sizes=\"(max-width: 300px) 100vw, 300px\" \/><\/a>til at styrke levevilk\u00e5rene for jamaicanere,<\/strong> bruge din viden i praksis i forbindelse med <strong>et praktikforl\u00f8b<\/strong> og et <span style=\"text-decoration: underline;\"> <a href=\"https:\/\/www.vita-explorers.dk\/frivilligt-arbejde\/jamaica-praktik-ophold-humanitaert-arbejde-frivilligt-arbejde-undervisning\/programme-b%C3%A9n%C3%A9volat-humanitaire-jamaique-orphelinats-enfants-stage-.html\" target=\"_blank\" rel=\"noopener\">internationalt frivilligt ophold.<\/a><\/span><\/p>\n<p style=\"text-align: justify;\">Hvis du er <strong>studerende inden for sundhed<\/strong>, kan du assistere kvalificerede fagpersoner, l\u00e6re mere og samtidig f\u00e5 et st\u00e6rkt grundlag for at komme godt videre i din faglige retning.<\/p>\n<p style=\"text-align: justify;\"><strong>Du kan ogs\u00e5 engagere dig<\/strong> sammen med lokale undervisere, og afh\u00e6ngigt af dine kompetencer og kvalifikationer kan du undervise en klasse jamaicanske b\u00f8rn i sport eller andre fag.<a href=\"https:\/\/www.vita-explorers.dk\/blog\/wp-content\/uploads\/2016\/11\/DSC_1201.jpg\" rel=\"attachment wp-att-5932\"><img loading=\"lazy\" decoding=\"async\" class=\"size-medium wp-image-5932 aligncenter\" src=\"https:\/\/www.vita-explorers.dk\/blog\/wp-content\/uploads\/2016\/11\/DSC_1201-300x199.jpg\" alt=\"Internationalt frivilligt arbejde i Jamaica - VITA \" width=\"300\" height=\"199\" srcset=\"https:\/\/www.vita-explorers.dk\/blog\/wp-content\/uploads\/2016\/11\/DSC_1201-300x199.jpg 300w, https:\/\/www.vita-explorers.dk\/blog\/wp-content\/uploads\/2016\/11\/DSC_1201-768x511.jpg 768w, https:\/\/www.vita-explorers.dk\/blog\/wp-content\/uploads\/2016\/11\/DSC_1201-1024x681.jpg 1024w, https:\/\/www.vita-explorers.dk\/blog\/wp-content\/uploads\/2016\/11\/DSC_1201-150x100.jpg 150w\" sizes=\"(max-width: 300px) 100vw, 300px\" \/><\/a><\/p>\n<p style=\"text-align: justify;\"><strong>Hvis du \u00f8nsker en l\u00e6rerig oplevelse, der styrker dig personligt \u2013 og gerne vil bidrage aktivt til den forandring, du selv h\u00e5ber at se i verden \u2013 kan et internationalt frivilligt forl\u00f8b i Jamaica v\u00e6re et godt valg. Tag et ansvarligt ophold, og brug din tid der, hvor den g\u00f8r en reel forskel.<\/strong><\/p>\n<p style=\"text-align: center;\"><strong>Hvis du vil h\u00f8re mere, er du velkommen til at kontakte os p\u00e5<\/strong> <span style=\"text-decoration: underline; color: #b81657;\"><a style=\"color: #b81657; text-decoration: underline;\" href=\"http:\/\/info@globalong.com\">info@globalong.com<\/a><\/span><\/p>\n<p style=\"text-align: center;\"><span style=\"text-decoration: underline;\"><a href=\"https:\/\/www.vita-explorers.dk\/frivilligt-arbejde\/jamaica-praktik-ophold-humanitaert-arbejde-frivilligt-arbejde-undervisning.html\" target=\"_blank\" rel=\"noopener\">Se de frivillige programmer i Jamaica<\/a><\/span><\/p>\n<p style=\"text-align: center;\"><a href=\"https:\/\/www.flickr.com\/photos\/globalong\/sets\/72157674924227316\" target=\"_blank\" rel=\"noopener\"><strong>Se vores fotoalbum fra Jamaica<\/strong><\/a><\/p>\n","protected":false},"excerpt":{"rendered":"<p>Jamaica ligger i Det Caribiske Hav syd for Cuba og byder p\u00e5 en levende blanding af amerikanske, spanske, afrikanske og caribiske kulturspor, storsl\u00e5ede landskaber\u2026<\/p>\n","protected":false},"author":1,"featured_media":5934,"comment_status":"open","ping_status":"open","sticky":false,"template":"","format":"standard","meta":{"footnotes":""},"categories":[191,8,1,6,3,4],"tags":[221,198,17,386,52,276,185,149,384,387,351,389,385,20,388,312],"yoast_head":"<!-- This site is optimized with the Yoast SEO Premium plugin v23.4 (Yoast SEO v23.4) - https:\/\/yoast.com\/wordpress\/plugins\/seo\/ -->\n<title>Hvorfor tage p\u00e5 et humanit\u00e6rt ophold i Jamaica? - VITA Explorers Blog<\/title>\n<meta name=\"robots\" content=\"index, follow, max-snippet:-1, max-image-preview:large, max-video-preview:-1\" \/>\n<link rel=\"canonical\" href=\"https:\/\/www.vita-explorers.dk\/blog\/hvorfor-tage-afsted-paa-frivilligt-ophold-i-jamaica-internationalt-forloeb-civilt-engagement-humanitaert-praktikforloeb-sygeplejerske\/\" \/>\n<meta property=\"og:locale\" content=\"da_DK\" \/>\n<meta property=\"og:type\" content=\"article\" \/>\n<meta property=\"og:title\" content=\"Hvorfor tage p\u00e5 et humanit\u00e6rt ophold i Jamaica?\" \/>\n<meta property=\"og:description\" content=\"Jamaica ligger i Det Caribiske Hav syd for Cuba og byder p\u00e5 en levende blanding af amerikanske, spanske, afrikanske og caribiske kulturspor, storsl\u00e5ede landskaber\u2026\" \/>\n<meta property=\"og:url\" content=\"https:\/\/www.vita-explorers.dk\/blog\/hvorfor-tage-afsted-paa-frivilligt-ophold-i-jamaica-internationalt-forloeb-civilt-engagement-humanitaert-praktikforloeb-sygeplejerske\/\" \/>\n<meta property=\"og:site_name\" content=\"VITA Explorers Blog\" \/>\n<meta property=\"article:publisher\" content=\"https:\/\/www.facebook.com\/globalong\" \/>\n<meta property=\"article:published_time\" content=\"2016-11-29T13:50:47+00:00\" \/>\n<meta property=\"article:modified_time\" content=\"2022-01-06T16:11:20+00:00\" \/>\n<meta property=\"og:image\" content=\"https:\/\/www.vita-explorers.dk\/blog\/wp-content\/uploads\/2016\/11\/bord-de-riviere-avec-globalong.jpg\" \/>\n\t<meta property=\"og:image:width\" content=\"967\" \/>\n\t<meta property=\"og:image:height\" content=\"643\" \/>\n\t<meta property=\"og:image:type\" content=\"image\/jpeg\" \/>\n<meta name=\"author\" content=\"VITA Tribe\" \/>\n<meta name=\"twitter:card\" content=\"summary_large_image\" \/>\n<meta name=\"twitter:label1\" content=\"Skrevet af\" \/>\n\t<meta name=\"twitter:data1\" content=\"VITA Tribe\" \/>\n\t<meta name=\"twitter:label2\" content=\"Estimeret l\u00e6setid\" \/>\n\t<meta name=\"twitter:data2\" content=\"2 minutter\" \/>\n<script type=\"application\/ld+json\" class=\"yoast-schema-graph\">{\"@context\":\"https:\/\/schema.org\",\"@graph\":[{\"@type\":\"Article\",\"@id\":\"https:\/\/www.vita-explorers.dk\/blog\/hvorfor-tage-afsted-paa-frivilligt-ophold-i-jamaica-internationalt-forloeb-civilt-engagement-humanitaert-praktikforloeb-sygeplejerske\/#article\",\"isPartOf\":{\"@id\":\"https:\/\/www.vita-explorers.dk\/blog\/hvorfor-tage-afsted-paa-frivilligt-ophold-i-jamaica-internationalt-forloeb-civilt-engagement-humanitaert-praktikforloeb-sygeplejerske\/\"},\"author\":{\"name\":\"VITA Tribe\",\"@id\":\"https:\/\/www.vita-explorers.dk\/blog\/#\/schema\/person\/d7df267b64f23018d1dc519e78fb2735\"},\"headline\":\"Hvorfor tage p\u00e5 et humanit\u00e6rt ophold i Jamaica?\",\"datePublished\":\"2016-11-29T13:50:47+00:00\",\"dateModified\":\"2022-01-06T16:11:20+00:00\",\"mainEntityOfPage\":{\"@id\":\"https:\/\/www.vita-explorers.dk\/blog\/hvorfor-tage-afsted-paa-frivilligt-ophold-i-jamaica-internationalt-forloeb-civilt-engagement-humanitaert-praktikforloeb-sygeplejerske\/\"},\"wordCount\":448,\"commentCount\":0,\"publisher\":{\"@id\":\"https:\/\/www.vita-explorers.dk\/blog\/#organization\"},\"image\":{\"@id\":\"https:\/\/www.vita-explorers.dk\/blog\/hvorfor-tage-afsted-paa-frivilligt-ophold-i-jamaica-internationalt-forloeb-civilt-engagement-humanitaert-praktikforloeb-sygeplejerske\/#primaryimage\"},\"thumbnailUrl\":\"https:\/\/www.vita-explorers.dk\/blog\/wp-content\/uploads\/2016\/11\/bord-de-riviere-avec-globalong.jpg\",\"keywords\":[\"Am\u00e9rique latine\",\"animalier\",\"b\u00e9n\u00e9volat\",\"construction\",\"Eco-volontariat\",\"enseignement\",\"globalong\",\"humanitaire\",\"infirmi\u00e8re\",\"Jama\u00efque\",\"m\u00e9dical\",\"psychologie\",\"r\u00e9novation\",\"sant\u00e9\",\"sport\",\"volontaires\"],\"articleSection\":[\"Amerika\",\"Humanit\u00e6rt frivilligt arbejde\",\"No Name\",\"Nyheder\",\"Rejser - generelle oplysninger\",\"VITA Explorers\"],\"inLanguage\":\"da-DK\",\"potentialAction\":[{\"@type\":\"CommentAction\",\"name\":\"Comment\",\"target\":[\"https:\/\/www.vita-explorers.dk\/blog\/hvorfor-tage-afsted-paa-frivilligt-ophold-i-jamaica-internationalt-forloeb-civilt-engagement-humanitaert-praktikforloeb-sygeplejerske\/#respond\"]}]},{\"@type\":\"WebPage\",\"@id\":\"https:\/\/www.vita-explorers.dk\/blog\/hvorfor-tage-afsted-paa-frivilligt-ophold-i-jamaica-internationalt-forloeb-civilt-engagement-humanitaert-praktikforloeb-sygeplejerske\/\",\"url\":\"https:\/\/www.vita-explorers.dk\/blog\/hvorfor-tage-afsted-paa-frivilligt-ophold-i-jamaica-internationalt-forloeb-civilt-engagement-humanitaert-praktikforloeb-sygeplejerske\/\",\"name\":\"Hvorfor tage p\u00e5 et humanit\u00e6rt ophold i Jamaica? - VITA Explorers Blog\",\"isPartOf\":{\"@id\":\"https:\/\/www.vita-explorers.dk\/blog\/#website\"},\"primaryImageOfPage\":{\"@id\":\"https:\/\/www.vita-explorers.dk\/blog\/hvorfor-tage-afsted-paa-frivilligt-ophold-i-jamaica-internationalt-forloeb-civilt-engagement-humanitaert-praktikforloeb-sygeplejerske\/#primaryimage\"},\"image\":{\"@id\":\"https:\/\/www.vita-explorers.dk\/blog\/hvorfor-tage-afsted-paa-frivilligt-ophold-i-jamaica-internationalt-forloeb-civilt-engagement-humanitaert-praktikforloeb-sygeplejerske\/#primaryimage\"},\"thumbnailUrl\":\"https:\/\/www.vita-explorers.dk\/blog\/wp-content\/uploads\/2016\/11\/bord-de-riviere-avec-globalong.jpg\",\"datePublished\":\"2016-11-29T13:50:47+00:00\",\"dateModified\":\"2022-01-06T16:11:20+00:00\",\"breadcrumb\":{\"@id\":\"https:\/\/www.vita-explorers.dk\/blog\/hvorfor-tage-afsted-paa-frivilligt-ophold-i-jamaica-internationalt-forloeb-civilt-engagement-humanitaert-praktikforloeb-sygeplejerske\/#breadcrumb\"},\"inLanguage\":\"da-DK\",\"potentialAction\":[{\"@type\":\"ReadAction\",\"target\":[\"https:\/\/www.vita-explorers.dk\/blog\/hvorfor-tage-afsted-paa-frivilligt-ophold-i-jamaica-internationalt-forloeb-civilt-engagement-humanitaert-praktikforloeb-sygeplejerske\/\"]}]},{\"@type\":\"ImageObject\",\"inLanguage\":\"da-DK\",\"@id\":\"https:\/\/www.vita-explorers.dk\/blog\/hvorfor-tage-afsted-paa-frivilligt-ophold-i-jamaica-internationalt-forloeb-civilt-engagement-humanitaert-praktikforloeb-sygeplejerske\/#primaryimage\",\"url\":\"https:\/\/www.vita-explorers.dk\/blog\/wp-content\/uploads\/2016\/11\/bord-de-riviere-avec-globalong.jpg\",\"contentUrl\":\"https:\/\/www.vita-explorers.dk\/blog\/wp-content\/uploads\/2016\/11\/bord-de-riviere-avec-globalong.jpg\",\"width\":967,\"height\":643,\"caption\":\"Volontariat international en Am\u00e9rique Latine - GlobAlong\"},{\"@type\":\"BreadcrumbList\",\"@id\":\"https:\/\/www.vita-explorers.dk\/blog\/hvorfor-tage-afsted-paa-frivilligt-ophold-i-jamaica-internationalt-forloeb-civilt-engagement-humanitaert-praktikforloeb-sygeplejerske\/#breadcrumb\",\"itemListElement\":[{\"@type\":\"ListItem\",\"position\":1,\"name\":\"Accueil\",\"item\":\"https:\/\/www.vita-explorers.dk\/blog\/\"},{\"@type\":\"ListItem\",\"position\":2,\"name\":\"Hvorfor tage p\u00e5 et humanit\u00e6rt ophold i Jamaica?\"}]},{\"@type\":\"WebSite\",\"@id\":\"https:\/\/www.vita-explorers.dk\/blog\/#website\",\"url\":\"https:\/\/www.vita-explorers.dk\/blog\/\",\"name\":\"Association Globalong\",\"description\":\"Frivilligt arbejde, sprogophold, praktik i udlandet og internationale oplevelser\",\"publisher\":{\"@id\":\"https:\/\/www.vita-explorers.dk\/blog\/#organization\"},\"potentialAction\":[{\"@type\":\"SearchAction\",\"target\":{\"@type\":\"EntryPoint\",\"urlTemplate\":\"https:\/\/www.vita-explorers.dk\/blog\/?s={search_term_string}\"},\"query-input\":{\"@type\":\"PropertyValueSpecification\",\"valueRequired\":true,\"valueName\":\"search_term_string\"}}],\"inLanguage\":\"da-DK\"},{\"@type\":\"Organization\",\"@id\":\"https:\/\/www.vita-explorers.dk\/blog\/#organization\",\"name\":\"Association Globalong\",\"url\":\"https:\/\/www.vita-explorers.dk\/blog\/\",\"logo\":{\"@type\":\"ImageObject\",\"inLanguage\":\"da-DK\",\"@id\":\"https:\/\/www.vita-explorers.dk\/blog\/#\/schema\/logo\/image\/\",\"url\":\"https:\/\/www.globalong.com\/blog\/wp-content\/uploads\/2014\/11\/cropped-cropped-Logo-et-Afrique-Globalong-petite-taille-2.jpg\",\"contentUrl\":\"https:\/\/www.globalong.com\/blog\/wp-content\/uploads\/2014\/11\/cropped-cropped-Logo-et-Afrique-Globalong-petite-taille-2.jpg\",\"width\":512,\"height\":512,\"caption\":\"Association Globalong\"},\"image\":{\"@id\":\"https:\/\/www.vita-explorers.dk\/blog\/#\/schema\/logo\/image\/\"},\"sameAs\":[\"https:\/\/www.facebook.com\/globalong\"]},{\"@type\":\"Person\",\"@id\":\"https:\/\/www.vita-explorers.dk\/blog\/#\/schema\/person\/d7df267b64f23018d1dc519e78fb2735\",\"name\":\"VITA Tribe\",\"image\":{\"@type\":\"ImageObject\",\"inLanguage\":\"da-DK\",\"@id\":\"https:\/\/www.vita-explorers.dk\/blog\/#\/schema\/person\/image\/\",\"url\":\"https:\/\/secure.gravatar.com\/avatar\/81461bcc213d0ff2bdc043d4206648f0?s=96&d=mm&r=g\",\"contentUrl\":\"https:\/\/secure.gravatar.com\/avatar\/81461bcc213d0ff2bdc043d4206648f0?s=96&d=mm&r=g\",\"caption\":\"VITA Tribe\"},\"sameAs\":[\"https:\/\/www.globalong.com\"],\"url\":\"https:\/\/www.vita-explorers.dk\/blog\/author\/sophie\/\"}]}<\/script>\n<!-- \/ Yoast SEO Premium plugin. -->","yoast_head_json":{"title":"Hvorfor tage p\u00e5 et humanit\u00e6rt ophold i Jamaica? - VITA Explorers Blog","robots":{"index":"index","follow":"follow","max-snippet":"max-snippet:-1","max-image-preview":"max-image-preview:large","max-video-preview":"max-video-preview:-1"},"canonical":"https:\/\/www.vita-explorers.dk\/blog\/hvorfor-tage-afsted-paa-frivilligt-ophold-i-jamaica-internationalt-forloeb-civilt-engagement-humanitaert-praktikforloeb-sygeplejerske\/","og_locale":"da_DK","og_type":"article","og_title":"Hvorfor tage p\u00e5 et humanit\u00e6rt ophold i Jamaica?","og_description":"Jamaica ligger i Det Caribiske Hav syd for Cuba og byder p\u00e5 en levende blanding af amerikanske, spanske, afrikanske og caribiske kulturspor, storsl\u00e5ede landskaber\u2026","og_url":"https:\/\/www.vita-explorers.dk\/blog\/hvorfor-tage-afsted-paa-frivilligt-ophold-i-jamaica-internationalt-forloeb-civilt-engagement-humanitaert-praktikforloeb-sygeplejerske\/","og_site_name":"VITA Explorers Blog","article_publisher":"https:\/\/www.facebook.com\/globalong","article_published_time":"2016-11-29T13:50:47+00:00","article_modified_time":"2022-01-06T16:11:20+00:00","og_image":[{"width":967,"height":643,"url":"https:\/\/www.vita-explorers.dk\/blog\/wp-content\/uploads\/2016\/11\/bord-de-riviere-avec-globalong.jpg","type":"image\/jpeg"}],"author":"VITA Tribe","twitter_card":"summary_large_image","twitter_misc":{"Skrevet af":"VITA Tribe","Estimeret l\u00e6setid":"2 minutter"},"schema":{"@context":"https:\/\/schema.org","@graph":[{"@type":"Article","@id":"https:\/\/www.vita-explorers.dk\/blog\/hvorfor-tage-afsted-paa-frivilligt-ophold-i-jamaica-internationalt-forloeb-civilt-engagement-humanitaert-praktikforloeb-sygeplejerske\/#article","isPartOf":{"@id":"https:\/\/www.vita-explorers.dk\/blog\/hvorfor-tage-afsted-paa-frivilligt-ophold-i-jamaica-internationalt-forloeb-civilt-engagement-humanitaert-praktikforloeb-sygeplejerske\/"},"author":{"name":"VITA Tribe","@id":"https:\/\/www.vita-explorers.dk\/blog\/#\/schema\/person\/d7df267b64f23018d1dc519e78fb2735"},"headline":"Hvorfor tage p\u00e5 et humanit\u00e6rt ophold i Jamaica?","datePublished":"2016-11-29T13:50:47+00:00","dateModified":"2022-01-06T16:11:20+00:00","mainEntityOfPage":{"@id":"https:\/\/www.vita-explorers.dk\/blog\/hvorfor-tage-afsted-paa-frivilligt-ophold-i-jamaica-internationalt-forloeb-civilt-engagement-humanitaert-praktikforloeb-sygeplejerske\/"},"wordCount":448,"commentCount":0,"publisher":{"@id":"https:\/\/www.vita-explorers.dk\/blog\/#organization"},"image":{"@id":"https:\/\/www.vita-explorers.dk\/blog\/hvorfor-tage-afsted-paa-frivilligt-ophold-i-jamaica-internationalt-forloeb-civilt-engagement-humanitaert-praktikforloeb-sygeplejerske\/#primaryimage"},"thumbnailUrl":"https:\/\/www.vita-explorers.dk\/blog\/wp-content\/uploads\/2016\/11\/bord-de-riviere-avec-globalong.jpg","keywords":["Am\u00e9rique latine","animalier","b\u00e9n\u00e9volat","construction","Eco-volontariat","enseignement","globalong","humanitaire","infirmi\u00e8re","Jama\u00efque","m\u00e9dical","psychologie","r\u00e9novation","sant\u00e9","sport","volontaires"],"articleSection":["Amerika","Humanit\u00e6rt frivilligt arbejde","No Name","Nyheder","Rejser - generelle oplysninger","VITA Explorers"],"inLanguage":"da-DK","potentialAction":[{"@type":"CommentAction","name":"Comment","target":["https:\/\/www.vita-explorers.dk\/blog\/hvorfor-tage-afsted-paa-frivilligt-ophold-i-jamaica-internationalt-forloeb-civilt-engagement-humanitaert-praktikforloeb-sygeplejerske\/#respond"]}]},{"@type":"WebPage","@id":"https:\/\/www.vita-explorers.dk\/blog\/hvorfor-tage-afsted-paa-frivilligt-ophold-i-jamaica-internationalt-forloeb-civilt-engagement-humanitaert-praktikforloeb-sygeplejerske\/","url":"https:\/\/www.vita-explorers.dk\/blog\/hvorfor-tage-afsted-paa-frivilligt-ophold-i-jamaica-internationalt-forloeb-civilt-engagement-humanitaert-praktikforloeb-sygeplejerske\/","name":"Hvorfor tage p\u00e5 et humanit\u00e6rt ophold i Jamaica? - VITA Explorers Blog","isPartOf":{"@id":"https:\/\/www.vita-explorers.dk\/blog\/#website"},"primaryImageOfPage":{"@id":"https:\/\/www.vita-explorers.dk\/blog\/hvorfor-tage-afsted-paa-frivilligt-ophold-i-jamaica-internationalt-forloeb-civilt-engagement-humanitaert-praktikforloeb-sygeplejerske\/#primaryimage"},"image":{"@id":"https:\/\/www.vita-explorers.dk\/blog\/hvorfor-tage-afsted-paa-frivilligt-ophold-i-jamaica-internationalt-forloeb-civilt-engagement-humanitaert-praktikforloeb-sygeplejerske\/#primaryimage"},"thumbnailUrl":"https:\/\/www.vita-explorers.dk\/blog\/wp-content\/uploads\/2016\/11\/bord-de-riviere-avec-globalong.jpg","datePublished":"2016-11-29T13:50:47+00:00","dateModified":"2022-01-06T16:11:20+00:00","breadcrumb":{"@id":"https:\/\/www.vita-explorers.dk\/blog\/hvorfor-tage-afsted-paa-frivilligt-ophold-i-jamaica-internationalt-forloeb-civilt-engagement-humanitaert-praktikforloeb-sygeplejerske\/#breadcrumb"},"inLanguage":"da-DK","potentialAction":[{"@type":"ReadAction","target":["https:\/\/www.vita-explorers.dk\/blog\/hvorfor-tage-afsted-paa-frivilligt-ophold-i-jamaica-internationalt-forloeb-civilt-engagement-humanitaert-praktikforloeb-sygeplejerske\/"]}]},{"@type":"ImageObject","inLanguage":"da-DK","@id":"https:\/\/www.vita-explorers.dk\/blog\/hvorfor-tage-afsted-paa-frivilligt-ophold-i-jamaica-internationalt-forloeb-civilt-engagement-humanitaert-praktikforloeb-sygeplejerske\/#primaryimage","url":"https:\/\/www.vita-explorers.dk\/blog\/wp-content\/uploads\/2016\/11\/bord-de-riviere-avec-globalong.jpg","contentUrl":"https:\/\/www.vita-explorers.dk\/blog\/wp-content\/uploads\/2016\/11\/bord-de-riviere-avec-globalong.jpg","width":967,"height":643,"caption":"Volontariat international en Am\u00e9rique Latine - GlobAlong"},{"@type":"BreadcrumbList","@id":"https:\/\/www.vita-explorers.dk\/blog\/hvorfor-tage-afsted-paa-frivilligt-ophold-i-jamaica-internationalt-forloeb-civilt-engagement-humanitaert-praktikforloeb-sygeplejerske\/#breadcrumb","itemListElement":[{"@type":"ListItem","position":1,"name":"Accueil","item":"https:\/\/www.vita-explorers.dk\/blog\/"},{"@type":"ListItem","position":2,"name":"Hvorfor tage p\u00e5 et humanit\u00e6rt ophold i Jamaica?"}]},{"@type":"WebSite","@id":"https:\/\/www.vita-explorers.dk\/blog\/#website","url":"https:\/\/www.vita-explorers.dk\/blog\/","name":"Association Globalong","description":"Frivilligt arbejde, sprogophold, praktik i udlandet og internationale oplevelser","publisher":{"@id":"https:\/\/www.vita-explorers.dk\/blog\/#organization"},"potentialAction":[{"@type":"SearchAction","target":{"@type":"EntryPoint","urlTemplate":"https:\/\/www.vita-explorers.dk\/blog\/?s={search_term_string}"},"query-input":{"@type":"PropertyValueSpecification","valueRequired":true,"valueName":"search_term_string"}}],"inLanguage":"da-DK"},{"@type":"Organization","@id":"https:\/\/www.vita-explorers.dk\/blog\/#organization","name":"Association Globalong","url":"https:\/\/www.vita-explorers.dk\/blog\/","logo":{"@type":"ImageObject","inLanguage":"da-DK","@id":"https:\/\/www.vita-explorers.dk\/blog\/#\/schema\/logo\/image\/","url":"https:\/\/www.globalong.com\/blog\/wp-content\/uploads\/2014\/11\/cropped-cropped-Logo-et-Afrique-Globalong-petite-taille-2.jpg","contentUrl":"https:\/\/www.globalong.com\/blog\/wp-content\/uploads\/2014\/11\/cropped-cropped-Logo-et-Afrique-Globalong-petite-taille-2.jpg","width":512,"height":512,"caption":"Association Globalong"},"image":{"@id":"https:\/\/www.vita-explorers.dk\/blog\/#\/schema\/logo\/image\/"},"sameAs":["https:\/\/www.facebook.com\/globalong"]},{"@type":"Person","@id":"https:\/\/www.vita-explorers.dk\/blog\/#\/schema\/person\/d7df267b64f23018d1dc519e78fb2735","name":"VITA Tribe","image":{"@type":"ImageObject","inLanguage":"da-DK","@id":"https:\/\/www.vita-explorers.dk\/blog\/#\/schema\/person\/image\/","url":"https:\/\/secure.gravatar.com\/avatar\/81461bcc213d0ff2bdc043d4206648f0?s=96&d=mm&r=g","contentUrl":"https:\/\/secure.gravatar.com\/avatar\/81461bcc213d0ff2bdc043d4206648f0?s=96&d=mm&r=g","caption":"VITA Tribe"},"sameAs":["https:\/\/www.globalong.com"],"url":"https:\/\/www.vita-explorers.dk\/blog\/author\/sophie\/"}]}},"_links":{"self":[{"href":"https:\/\/www.vita-explorers.dk\/blog\/wp-json\/wp\/v2\/posts\/5923"}],"collection":[{"href":"https:\/\/www.vita-explorers.dk\/blog\/wp-json\/wp\/v2\/posts"}],"about":[{"href":"https:\/\/www.vita-explorers.dk\/blog\/wp-json\/wp\/v2\/types\/post"}],"author":[{"embeddable":true,"href":"https:\/\/www.vita-explorers.dk\/blog\/wp-json\/wp\/v2\/users\/1"}],"replies":[{"embeddable":true,"href":"https:\/\/www.vita-explorers.dk\/blog\/wp-json\/wp\/v2\/comments?post=5923"}],"version-history":[{"count":13,"href":"https:\/\/www.vita-explorers.dk\/blog\/wp-json\/wp\/v2\/posts\/5923\/revisions"}],"predecessor-version":[{"id":13992,"href":"https:\/\/www.vita-explorers.dk\/blog\/wp-json\/wp\/v2\/posts\/5923\/revisions\/13992"}],"wp:featuredmedia":[{"embeddable":true,"href":"https:\/\/www.vita-explorers.dk\/blog\/wp-json\/wp\/v2\/media\/5934"}],"wp:attachment":[{"href":"https:\/\/www.vita-explorers.dk\/blog\/wp-json\/wp\/v2\/media?parent=5923"}],"wp:term":[{"taxonomy":"category","embeddable":true,"href":"https:\/\/www.vita-explorers.dk\/blog\/wp-json\/wp\/v2\/categories?post=5923"},{"taxonomy":"post_tag","embeddable":true,"href":"https:\/\/www.vita-explorers.dk\/blog\/wp-json\/wp\/v2\/tags?post=5923"}],"curies":[{"name":"wp","href":"https:\/\/api.w.org\/{rel}","templated":true}]}}