{"id":5980,"date":"2016-12-27T16:49:44","date_gmt":"2016-12-27T15:49:44","guid":{"rendered":"https:\/\/www.globalong.com\/blog\/?p=5980"},"modified":"2022-03-14T19:57:08","modified_gmt":"2022-03-14T18:57:08","slug":"vulkanudbrud-vulkan-latinamerika-peru-social-indsats-humanitaert-program-spansk-frivilligt-arbejde-praktik-sprogophold","status":"publish","type":"post","link":"https:\/\/www.vita-explorers.dk\/blog\/vulkanudbrud-vulkan-latinamerika-peru-social-indsats-humanitaert-program-spansk-frivilligt-arbejde-praktik-sprogophold\/","title":{"rendered":"Subancaya-vulkanen v\u00e5gner i Peru"},"content":{"rendered":"<h4 style=\"text-align: center;\"><strong><span style=\"color: #b81657;\">Efter udbrud samtidig med vulkanen Ubinas i november er den peruvianske vulkan Sabancaya igen v\u00e5gnet op mandag den 26. december 2016.<\/span><\/strong><\/h4>\n<p style=\"text-align: justify;\"><a href=\"https:\/\/www.vita-explorers.dk\/blog\/wp-content\/uploads\/2016\/12\/Volcan-Cotopaxi-18.08.2015.jpg\" rel=\"attachment wp-att-5981\"><img loading=\"lazy\" decoding=\"async\" class=\"wp-image-5981 aligncenter\" src=\"https:\/\/www.vita-explorers.dk\/blog\/wp-content\/uploads\/2016\/12\/Volcan-Cotopaxi-18.08.2015-225x300.jpg\" alt=\"Globalong- Volontariat international\" width=\"250\" height=\"333\" srcset=\"https:\/\/www.vita-explorers.dk\/blog\/wp-content\/uploads\/2016\/12\/Volcan-Cotopaxi-18.08.2015-225x300.jpg 225w, https:\/\/www.vita-explorers.dk\/blog\/wp-content\/uploads\/2016\/12\/Volcan-Cotopaxi-18.08.2015-113x150.jpg 113w, https:\/\/www.vita-explorers.dk\/blog\/wp-content\/uploads\/2016\/12\/Volcan-Cotopaxi-18.08.2015.jpg 480w\" sizes=\"(max-width: 250px) 100vw, 250px\" \/><\/a><strong>Sabancaya<\/strong>, som betyder <strong>&#8220;ildtunge&#8221;<\/strong> p\u00e5 <strong>quechua<\/strong>, ligger i den sydlige del af <span style=\"text-decoration: underline;\"><a href=\"https:\/\/www.vita-explorers.dk\/sprog-og-frivilligt-arbejde\/frivilligt-arbejde-peru.html\" target=\"_blank\" rel=\"noopener\">Peru <\/a><\/span>i regionen Arequipa mellem <strong>Ampato- og Hualcahualcaa-bjergene.<\/strong> <strong>Efter Nevados Ojos del Salado p\u00e5 6.864 m<\/strong> (Argentina og Chile) er <strong>Sabancaya den 7. mest aktive vulkan<\/strong> i verden \u2013 foran Cotopaxi i <span style=\"text-decoration: underline;\"><a href=\"https:\/\/www.vita-explorers.dk\/sprog-og-frivilligt-arbejde\/spansk-frivilligt-arbejde-ecuador.html\" target=\"_blank\" rel=\"noopener\">Ecuador.<\/a><\/span><\/p>\n<p>Sabancaya er blevet mere aktiv igen og har skrevet sig ind i den vulkanske historie i det andinske land. Asken fra vulkanen bliver kastet helt op til 30 km mod nord.<\/p>\n<p style=\"text-align: justify;\"><strong>Olando Macedo fra Perus geofysiske institut<\/strong> frygter, at der kan komme sur regn \u2013 en blanding af regnvand og svovlgasser fra krateret, som danner svovldioxid. Den type nedb\u00f8r kan skade alt p\u00e5 sin vej p\u00e5 grund af svovludledningerne og kan p\u00e5virke helbredet hos s\u00e5rbare grupper, der bor i Colca-dalen (i vulkanens p\u00e5virkningsomr\u00e5de).<\/p>\n<p style=\"text-align: justify;\"><a href=\"https:\/\/www.vita-explorers.dk\/blog\/wp-content\/uploads\/2016\/12\/Otavalo-water.jpg\" rel=\"attachment wp-att-5983\"><img loading=\"lazy\" decoding=\"async\" class=\"wp-image-5983 aligncenter\" src=\"https:\/\/www.vita-explorers.dk\/blog\/wp-content\/uploads\/2016\/12\/Otavalo-water.jpg\" alt=\"Actualit\u00e9s avec GlobAlong au P\u00e9rou\" width=\"250\" height=\"188\" srcset=\"https:\/\/www.vita-explorers.dk\/blog\/wp-content\/uploads\/2016\/12\/Otavalo-water.jpg 206w, https:\/\/www.vita-explorers.dk\/blog\/wp-content\/uploads\/2016\/12\/Otavalo-water-150x113.jpg 150w\" sizes=\"(max-width: 250px) 100vw, 250px\" \/><\/a><strong>Udbruddene kan ogs\u00e5 forurene vand og afgr\u00f8der<\/strong> og f\u00e5 alvorlige konsekvenser, da lokalsamfundene i omr\u00e5det is\u00e6r lever af husdyrhold og landbrug.<\/p>\n<p style=\"text-align: justify;\"><strong>Vi vil gerne berolige jer: Alle deltagere, teammedlemmer og organisationer, der aktuelt er p\u00e5 frivilligt arbejde eller sprogophold i Peru med VITA, er i fuld sikkerhed.<\/strong><\/p>\n<p>VITA og vores samarbejdspartnere i Peru arbejder side om side med de peruvianske lokalsamfund, som er ramt af denne alvorlige naturh\u00e6ndelse.<\/p>\n<p style=\"text-align: center;\"><strong>Hvis du vil vide mere, er du velkommen til at kontakte os p\u00e5<\/strong> <span style=\"text-decoration: underline;\"><a href=\"mailto:info@globalong.com\">info@globalong.com<\/a><\/span>.<\/p>\n<p style=\"text-align: center;\"><strong>Se<\/strong> <span style=\"text-decoration: underline;\"><a href=\"https:\/\/www.flickr.com\/photos\/globalong\/albums\/72157645734268442\" target=\"_blank\" rel=\"noopener\">flere billeder<\/a><\/span> <strong>af deltagere i Peru<\/strong><\/p>\n<p style=\"text-align: center;\"><span style=\"text-decoration: underline;\"><a href=\"https:\/\/www.vita-explorers.dk\/sprog-og-frivilligt-arbejde\/frivilligt-arbejde-peru.html\" target=\"_blank\" rel=\"noopener\">Se programmer for sprogophold og frivilligt arbejde i Peru<\/a><\/span><\/p>\n<p style=\"text-align: justify;\">\n","protected":false},"excerpt":{"rendered":"<p>Efter udbrud samtidig med vulkanen Ubinas i november er den peruvianske vulkan Sabancaya igen v\u00e5gnet op mandag den 26. december 2016. Sabancaya, som betyder\u2026<\/p>\n","protected":false},"author":1,"featured_media":5983,"comment_status":"open","ping_status":"open","sticky":false,"template":"","format":"standard","meta":{"footnotes":""},"categories":[11,191,8,6,3,5,4],"tags":[396,221,395,391,365,397,390,119,341,394,144,392,83,393],"yoast_head":"<!-- This site is optimized with the Yoast SEO Premium plugin v23.4 (Yoast SEO v23.4) - https:\/\/yoast.com\/wordpress\/plugins\/seo\/ -->\n<title>Subancaya-vulkanen v\u00e5gner i Peru - VITA Explorers Blog<\/title>\n<meta name=\"robots\" content=\"index, follow, max-snippet:-1, max-image-preview:large, max-video-preview:-1\" \/>\n<link rel=\"canonical\" href=\"https:\/\/www.vita-explorers.dk\/blog\/vulkanudbrud-vulkan-latinamerika-peru-social-indsats-humanitaert-program-spansk-frivilligt-arbejde-praktik-sprogophold\/\" \/>\n<meta property=\"og:locale\" content=\"da_DK\" \/>\n<meta property=\"og:type\" content=\"article\" \/>\n<meta property=\"og:title\" content=\"Subancaya-vulkanen v\u00e5gner i Peru\" \/>\n<meta property=\"og:description\" content=\"Efter udbrud samtidig med vulkanen Ubinas i november er den peruvianske vulkan Sabancaya igen v\u00e5gnet op mandag den 26. december 2016. Sabancaya, som betyder\u2026\" \/>\n<meta property=\"og:url\" content=\"https:\/\/www.vita-explorers.dk\/blog\/vulkanudbrud-vulkan-latinamerika-peru-social-indsats-humanitaert-program-spansk-frivilligt-arbejde-praktik-sprogophold\/\" \/>\n<meta property=\"og:site_name\" content=\"VITA Explorers Blog\" \/>\n<meta property=\"article:publisher\" content=\"https:\/\/www.facebook.com\/globalong\" \/>\n<meta property=\"article:published_time\" content=\"2016-12-27T15:49:44+00:00\" \/>\n<meta property=\"article:modified_time\" content=\"2022-03-14T18:57:08+00:00\" \/>\n<meta property=\"og:image\" content=\"https:\/\/www.vita-explorers.dk\/blog\/wp-content\/uploads\/2016\/12\/Otavalo-water.jpg\" \/>\n\t<meta property=\"og:image:width\" content=\"206\" \/>\n\t<meta property=\"og:image:height\" content=\"155\" \/>\n\t<meta property=\"og:image:type\" content=\"image\/jpeg\" \/>\n<meta name=\"author\" content=\"VITA Tribe\" \/>\n<meta name=\"twitter:card\" content=\"summary_large_image\" \/>\n<meta name=\"twitter:label1\" content=\"Skrevet af\" \/>\n\t<meta name=\"twitter:data1\" content=\"VITA Tribe\" \/>\n\t<meta name=\"twitter:label2\" content=\"Estimeret l\u00e6setid\" \/>\n\t<meta name=\"twitter:data2\" content=\"1 minut\" \/>\n<script type=\"application\/ld+json\" class=\"yoast-schema-graph\">{\"@context\":\"https:\/\/schema.org\",\"@graph\":[{\"@type\":\"Article\",\"@id\":\"https:\/\/www.vita-explorers.dk\/blog\/vulkanudbrud-vulkan-latinamerika-peru-social-indsats-humanitaert-program-spansk-frivilligt-arbejde-praktik-sprogophold\/#article\",\"isPartOf\":{\"@id\":\"https:\/\/www.vita-explorers.dk\/blog\/vulkanudbrud-vulkan-latinamerika-peru-social-indsats-humanitaert-program-spansk-frivilligt-arbejde-praktik-sprogophold\/\"},\"author\":{\"name\":\"VITA Tribe\",\"@id\":\"https:\/\/www.vita-explorers.dk\/blog\/#\/schema\/person\/d7df267b64f23018d1dc519e78fb2735\"},\"headline\":\"Subancaya-vulkanen v\u00e5gner i Peru\",\"datePublished\":\"2016-12-27T15:49:44+00:00\",\"dateModified\":\"2022-03-14T18:57:08+00:00\",\"mainEntityOfPage\":{\"@id\":\"https:\/\/www.vita-explorers.dk\/blog\/vulkanudbrud-vulkan-latinamerika-peru-social-indsats-humanitaert-program-spansk-frivilligt-arbejde-praktik-sprogophold\/\"},\"wordCount\":257,\"commentCount\":0,\"publisher\":{\"@id\":\"https:\/\/www.vita-explorers.dk\/blog\/#organization\"},\"image\":{\"@id\":\"https:\/\/www.vita-explorers.dk\/blog\/vulkanudbrud-vulkan-latinamerika-peru-social-indsats-humanitaert-program-spansk-frivilligt-arbejde-praktik-sprogophold\/#primaryimage\"},\"thumbnailUrl\":\"https:\/\/www.vita-explorers.dk\/blog\/wp-content\/uploads\/2016\/12\/Otavalo-water.jpg\",\"keywords\":[\"action civique\",\"Am\u00e9rique latine\",\"b\u00e9n\u00e9volat social\",\"cendres\",\"communaut\u00e9s\",\"envrionnemental\",\"explosions\",\"p\u00e9rou\",\"populations\",\"programmes humanitaires\",\"protection\",\"rurales\",\"volcan\",\"vuln\u00e9rables\"],\"articleSection\":[\"Amerika\",\"Amerika\",\"Humanit\u00e6rt frivilligt arbejde\",\"Nyheder\",\"Rejser - generelle oplysninger\",\"Sprogophold\",\"VITA Explorers\"],\"inLanguage\":\"da-DK\",\"potentialAction\":[{\"@type\":\"CommentAction\",\"name\":\"Comment\",\"target\":[\"https:\/\/www.vita-explorers.dk\/blog\/vulkanudbrud-vulkan-latinamerika-peru-social-indsats-humanitaert-program-spansk-frivilligt-arbejde-praktik-sprogophold\/#respond\"]}]},{\"@type\":\"WebPage\",\"@id\":\"https:\/\/www.vita-explorers.dk\/blog\/vulkanudbrud-vulkan-latinamerika-peru-social-indsats-humanitaert-program-spansk-frivilligt-arbejde-praktik-sprogophold\/\",\"url\":\"https:\/\/www.vita-explorers.dk\/blog\/vulkanudbrud-vulkan-latinamerika-peru-social-indsats-humanitaert-program-spansk-frivilligt-arbejde-praktik-sprogophold\/\",\"name\":\"Subancaya-vulkanen v\u00e5gner i Peru - VITA Explorers Blog\",\"isPartOf\":{\"@id\":\"https:\/\/www.vita-explorers.dk\/blog\/#website\"},\"primaryImageOfPage\":{\"@id\":\"https:\/\/www.vita-explorers.dk\/blog\/vulkanudbrud-vulkan-latinamerika-peru-social-indsats-humanitaert-program-spansk-frivilligt-arbejde-praktik-sprogophold\/#primaryimage\"},\"image\":{\"@id\":\"https:\/\/www.vita-explorers.dk\/blog\/vulkanudbrud-vulkan-latinamerika-peru-social-indsats-humanitaert-program-spansk-frivilligt-arbejde-praktik-sprogophold\/#primaryimage\"},\"thumbnailUrl\":\"https:\/\/www.vita-explorers.dk\/blog\/wp-content\/uploads\/2016\/12\/Otavalo-water.jpg\",\"datePublished\":\"2016-12-27T15:49:44+00:00\",\"dateModified\":\"2022-03-14T18:57:08+00:00\",\"breadcrumb\":{\"@id\":\"https:\/\/www.vita-explorers.dk\/blog\/vulkanudbrud-vulkan-latinamerika-peru-social-indsats-humanitaert-program-spansk-frivilligt-arbejde-praktik-sprogophold\/#breadcrumb\"},\"inLanguage\":\"da-DK\",\"potentialAction\":[{\"@type\":\"ReadAction\",\"target\":[\"https:\/\/www.vita-explorers.dk\/blog\/vulkanudbrud-vulkan-latinamerika-peru-social-indsats-humanitaert-program-spansk-frivilligt-arbejde-praktik-sprogophold\/\"]}]},{\"@type\":\"ImageObject\",\"inLanguage\":\"da-DK\",\"@id\":\"https:\/\/www.vita-explorers.dk\/blog\/vulkanudbrud-vulkan-latinamerika-peru-social-indsats-humanitaert-program-spansk-frivilligt-arbejde-praktik-sprogophold\/#primaryimage\",\"url\":\"https:\/\/www.vita-explorers.dk\/blog\/wp-content\/uploads\/2016\/12\/Otavalo-water.jpg\",\"contentUrl\":\"https:\/\/www.vita-explorers.dk\/blog\/wp-content\/uploads\/2016\/12\/Otavalo-water.jpg\",\"width\":206,\"height\":155,\"caption\":\"Actualit\u00e9s avec GlobAlong au P\u00e9rou\"},{\"@type\":\"BreadcrumbList\",\"@id\":\"https:\/\/www.vita-explorers.dk\/blog\/vulkanudbrud-vulkan-latinamerika-peru-social-indsats-humanitaert-program-spansk-frivilligt-arbejde-praktik-sprogophold\/#breadcrumb\",\"itemListElement\":[{\"@type\":\"ListItem\",\"position\":1,\"name\":\"Accueil\",\"item\":\"https:\/\/www.vita-explorers.dk\/blog\/\"},{\"@type\":\"ListItem\",\"position\":2,\"name\":\"Subancaya-vulkanen v\u00e5gner i Peru\"}]},{\"@type\":\"WebSite\",\"@id\":\"https:\/\/www.vita-explorers.dk\/blog\/#website\",\"url\":\"https:\/\/www.vita-explorers.dk\/blog\/\",\"name\":\"Association Globalong\",\"description\":\"Frivilligt arbejde, sprogophold, praktik i udlandet og internationale oplevelser\",\"publisher\":{\"@id\":\"https:\/\/www.vita-explorers.dk\/blog\/#organization\"},\"potentialAction\":[{\"@type\":\"SearchAction\",\"target\":{\"@type\":\"EntryPoint\",\"urlTemplate\":\"https:\/\/www.vita-explorers.dk\/blog\/?s={search_term_string}\"},\"query-input\":{\"@type\":\"PropertyValueSpecification\",\"valueRequired\":true,\"valueName\":\"search_term_string\"}}],\"inLanguage\":\"da-DK\"},{\"@type\":\"Organization\",\"@id\":\"https:\/\/www.vita-explorers.dk\/blog\/#organization\",\"name\":\"Association Globalong\",\"url\":\"https:\/\/www.vita-explorers.dk\/blog\/\",\"logo\":{\"@type\":\"ImageObject\",\"inLanguage\":\"da-DK\",\"@id\":\"https:\/\/www.vita-explorers.dk\/blog\/#\/schema\/logo\/image\/\",\"url\":\"https:\/\/www.globalong.com\/blog\/wp-content\/uploads\/2014\/11\/cropped-cropped-Logo-et-Afrique-Globalong-petite-taille-2.jpg\",\"contentUrl\":\"https:\/\/www.globalong.com\/blog\/wp-content\/uploads\/2014\/11\/cropped-cropped-Logo-et-Afrique-Globalong-petite-taille-2.jpg\",\"width\":512,\"height\":512,\"caption\":\"Association Globalong\"},\"image\":{\"@id\":\"https:\/\/www.vita-explorers.dk\/blog\/#\/schema\/logo\/image\/\"},\"sameAs\":[\"https:\/\/www.facebook.com\/globalong\"]},{\"@type\":\"Person\",\"@id\":\"https:\/\/www.vita-explorers.dk\/blog\/#\/schema\/person\/d7df267b64f23018d1dc519e78fb2735\",\"name\":\"VITA Tribe\",\"image\":{\"@type\":\"ImageObject\",\"inLanguage\":\"da-DK\",\"@id\":\"https:\/\/www.vita-explorers.dk\/blog\/#\/schema\/person\/image\/\",\"url\":\"https:\/\/secure.gravatar.com\/avatar\/81461bcc213d0ff2bdc043d4206648f0?s=96&d=mm&r=g\",\"contentUrl\":\"https:\/\/secure.gravatar.com\/avatar\/81461bcc213d0ff2bdc043d4206648f0?s=96&d=mm&r=g\",\"caption\":\"VITA Tribe\"},\"sameAs\":[\"https:\/\/www.globalong.com\"],\"url\":\"https:\/\/www.vita-explorers.dk\/blog\/author\/sophie\/\"}]}<\/script>\n<!-- \/ Yoast SEO Premium plugin. -->","yoast_head_json":{"title":"Subancaya-vulkanen v\u00e5gner i Peru - VITA Explorers Blog","robots":{"index":"index","follow":"follow","max-snippet":"max-snippet:-1","max-image-preview":"max-image-preview:large","max-video-preview":"max-video-preview:-1"},"canonical":"https:\/\/www.vita-explorers.dk\/blog\/vulkanudbrud-vulkan-latinamerika-peru-social-indsats-humanitaert-program-spansk-frivilligt-arbejde-praktik-sprogophold\/","og_locale":"da_DK","og_type":"article","og_title":"Subancaya-vulkanen v\u00e5gner i Peru","og_description":"Efter udbrud samtidig med vulkanen Ubinas i november er den peruvianske vulkan Sabancaya igen v\u00e5gnet op mandag den 26. december 2016. Sabancaya, som betyder\u2026","og_url":"https:\/\/www.vita-explorers.dk\/blog\/vulkanudbrud-vulkan-latinamerika-peru-social-indsats-humanitaert-program-spansk-frivilligt-arbejde-praktik-sprogophold\/","og_site_name":"VITA Explorers Blog","article_publisher":"https:\/\/www.facebook.com\/globalong","article_published_time":"2016-12-27T15:49:44+00:00","article_modified_time":"2022-03-14T18:57:08+00:00","og_image":[{"width":206,"height":155,"url":"https:\/\/www.vita-explorers.dk\/blog\/wp-content\/uploads\/2016\/12\/Otavalo-water.jpg","type":"image\/jpeg"}],"author":"VITA Tribe","twitter_card":"summary_large_image","twitter_misc":{"Skrevet af":"VITA Tribe","Estimeret l\u00e6setid":"1 minut"},"schema":{"@context":"https:\/\/schema.org","@graph":[{"@type":"Article","@id":"https:\/\/www.vita-explorers.dk\/blog\/vulkanudbrud-vulkan-latinamerika-peru-social-indsats-humanitaert-program-spansk-frivilligt-arbejde-praktik-sprogophold\/#article","isPartOf":{"@id":"https:\/\/www.vita-explorers.dk\/blog\/vulkanudbrud-vulkan-latinamerika-peru-social-indsats-humanitaert-program-spansk-frivilligt-arbejde-praktik-sprogophold\/"},"author":{"name":"VITA Tribe","@id":"https:\/\/www.vita-explorers.dk\/blog\/#\/schema\/person\/d7df267b64f23018d1dc519e78fb2735"},"headline":"Subancaya-vulkanen v\u00e5gner i Peru","datePublished":"2016-12-27T15:49:44+00:00","dateModified":"2022-03-14T18:57:08+00:00","mainEntityOfPage":{"@id":"https:\/\/www.vita-explorers.dk\/blog\/vulkanudbrud-vulkan-latinamerika-peru-social-indsats-humanitaert-program-spansk-frivilligt-arbejde-praktik-sprogophold\/"},"wordCount":257,"commentCount":0,"publisher":{"@id":"https:\/\/www.vita-explorers.dk\/blog\/#organization"},"image":{"@id":"https:\/\/www.vita-explorers.dk\/blog\/vulkanudbrud-vulkan-latinamerika-peru-social-indsats-humanitaert-program-spansk-frivilligt-arbejde-praktik-sprogophold\/#primaryimage"},"thumbnailUrl":"https:\/\/www.vita-explorers.dk\/blog\/wp-content\/uploads\/2016\/12\/Otavalo-water.jpg","keywords":["action civique","Am\u00e9rique latine","b\u00e9n\u00e9volat social","cendres","communaut\u00e9s","envrionnemental","explosions","p\u00e9rou","populations","programmes humanitaires","protection","rurales","volcan","vuln\u00e9rables"],"articleSection":["Amerika","Amerika","Humanit\u00e6rt frivilligt arbejde","Nyheder","Rejser - generelle oplysninger","Sprogophold","VITA Explorers"],"inLanguage":"da-DK","potentialAction":[{"@type":"CommentAction","name":"Comment","target":["https:\/\/www.vita-explorers.dk\/blog\/vulkanudbrud-vulkan-latinamerika-peru-social-indsats-humanitaert-program-spansk-frivilligt-arbejde-praktik-sprogophold\/#respond"]}]},{"@type":"WebPage","@id":"https:\/\/www.vita-explorers.dk\/blog\/vulkanudbrud-vulkan-latinamerika-peru-social-indsats-humanitaert-program-spansk-frivilligt-arbejde-praktik-sprogophold\/","url":"https:\/\/www.vita-explorers.dk\/blog\/vulkanudbrud-vulkan-latinamerika-peru-social-indsats-humanitaert-program-spansk-frivilligt-arbejde-praktik-sprogophold\/","name":"Subancaya-vulkanen v\u00e5gner i Peru - VITA Explorers Blog","isPartOf":{"@id":"https:\/\/www.vita-explorers.dk\/blog\/#website"},"primaryImageOfPage":{"@id":"https:\/\/www.vita-explorers.dk\/blog\/vulkanudbrud-vulkan-latinamerika-peru-social-indsats-humanitaert-program-spansk-frivilligt-arbejde-praktik-sprogophold\/#primaryimage"},"image":{"@id":"https:\/\/www.vita-explorers.dk\/blog\/vulkanudbrud-vulkan-latinamerika-peru-social-indsats-humanitaert-program-spansk-frivilligt-arbejde-praktik-sprogophold\/#primaryimage"},"thumbnailUrl":"https:\/\/www.vita-explorers.dk\/blog\/wp-content\/uploads\/2016\/12\/Otavalo-water.jpg","datePublished":"2016-12-27T15:49:44+00:00","dateModified":"2022-03-14T18:57:08+00:00","breadcrumb":{"@id":"https:\/\/www.vita-explorers.dk\/blog\/vulkanudbrud-vulkan-latinamerika-peru-social-indsats-humanitaert-program-spansk-frivilligt-arbejde-praktik-sprogophold\/#breadcrumb"},"inLanguage":"da-DK","potentialAction":[{"@type":"ReadAction","target":["https:\/\/www.vita-explorers.dk\/blog\/vulkanudbrud-vulkan-latinamerika-peru-social-indsats-humanitaert-program-spansk-frivilligt-arbejde-praktik-sprogophold\/"]}]},{"@type":"ImageObject","inLanguage":"da-DK","@id":"https:\/\/www.vita-explorers.dk\/blog\/vulkanudbrud-vulkan-latinamerika-peru-social-indsats-humanitaert-program-spansk-frivilligt-arbejde-praktik-sprogophold\/#primaryimage","url":"https:\/\/www.vita-explorers.dk\/blog\/wp-content\/uploads\/2016\/12\/Otavalo-water.jpg","contentUrl":"https:\/\/www.vita-explorers.dk\/blog\/wp-content\/uploads\/2016\/12\/Otavalo-water.jpg","width":206,"height":155,"caption":"Actualit\u00e9s avec GlobAlong au P\u00e9rou"},{"@type":"BreadcrumbList","@id":"https:\/\/www.vita-explorers.dk\/blog\/vulkanudbrud-vulkan-latinamerika-peru-social-indsats-humanitaert-program-spansk-frivilligt-arbejde-praktik-sprogophold\/#breadcrumb","itemListElement":[{"@type":"ListItem","position":1,"name":"Accueil","item":"https:\/\/www.vita-explorers.dk\/blog\/"},{"@type":"ListItem","position":2,"name":"Subancaya-vulkanen v\u00e5gner i Peru"}]},{"@type":"WebSite","@id":"https:\/\/www.vita-explorers.dk\/blog\/#website","url":"https:\/\/www.vita-explorers.dk\/blog\/","name":"Association Globalong","description":"Frivilligt arbejde, sprogophold, praktik i udlandet og internationale oplevelser","publisher":{"@id":"https:\/\/www.vita-explorers.dk\/blog\/#organization"},"potentialAction":[{"@type":"SearchAction","target":{"@type":"EntryPoint","urlTemplate":"https:\/\/www.vita-explorers.dk\/blog\/?s={search_term_string}"},"query-input":{"@type":"PropertyValueSpecification","valueRequired":true,"valueName":"search_term_string"}}],"inLanguage":"da-DK"},{"@type":"Organization","@id":"https:\/\/www.vita-explorers.dk\/blog\/#organization","name":"Association Globalong","url":"https:\/\/www.vita-explorers.dk\/blog\/","logo":{"@type":"ImageObject","inLanguage":"da-DK","@id":"https:\/\/www.vita-explorers.dk\/blog\/#\/schema\/logo\/image\/","url":"https:\/\/www.globalong.com\/blog\/wp-content\/uploads\/2014\/11\/cropped-cropped-Logo-et-Afrique-Globalong-petite-taille-2.jpg","contentUrl":"https:\/\/www.globalong.com\/blog\/wp-content\/uploads\/2014\/11\/cropped-cropped-Logo-et-Afrique-Globalong-petite-taille-2.jpg","width":512,"height":512,"caption":"Association Globalong"},"image":{"@id":"https:\/\/www.vita-explorers.dk\/blog\/#\/schema\/logo\/image\/"},"sameAs":["https:\/\/www.facebook.com\/globalong"]},{"@type":"Person","@id":"https:\/\/www.vita-explorers.dk\/blog\/#\/schema\/person\/d7df267b64f23018d1dc519e78fb2735","name":"VITA Tribe","image":{"@type":"ImageObject","inLanguage":"da-DK","@id":"https:\/\/www.vita-explorers.dk\/blog\/#\/schema\/person\/image\/","url":"https:\/\/secure.gravatar.com\/avatar\/81461bcc213d0ff2bdc043d4206648f0?s=96&d=mm&r=g","contentUrl":"https:\/\/secure.gravatar.com\/avatar\/81461bcc213d0ff2bdc043d4206648f0?s=96&d=mm&r=g","caption":"VITA Tribe"},"sameAs":["https:\/\/www.globalong.com"],"url":"https:\/\/www.vita-explorers.dk\/blog\/author\/sophie\/"}]}},"_links":{"self":[{"href":"https:\/\/www.vita-explorers.dk\/blog\/wp-json\/wp\/v2\/posts\/5980"}],"collection":[{"href":"https:\/\/www.vita-explorers.dk\/blog\/wp-json\/wp\/v2\/posts"}],"about":[{"href":"https:\/\/www.vita-explorers.dk\/blog\/wp-json\/wp\/v2\/types\/post"}],"author":[{"embeddable":true,"href":"https:\/\/www.vita-explorers.dk\/blog\/wp-json\/wp\/v2\/users\/1"}],"replies":[{"embeddable":true,"href":"https:\/\/www.vita-explorers.dk\/blog\/wp-json\/wp\/v2\/comments?post=5980"}],"version-history":[{"count":14,"href":"https:\/\/www.vita-explorers.dk\/blog\/wp-json\/wp\/v2\/posts\/5980\/revisions"}],"predecessor-version":[{"id":14260,"href":"https:\/\/www.vita-explorers.dk\/blog\/wp-json\/wp\/v2\/posts\/5980\/revisions\/14260"}],"wp:featuredmedia":[{"embeddable":true,"href":"https:\/\/www.vita-explorers.dk\/blog\/wp-json\/wp\/v2\/media\/5983"}],"wp:attachment":[{"href":"https:\/\/www.vita-explorers.dk\/blog\/wp-json\/wp\/v2\/media?parent=5980"}],"wp:term":[{"taxonomy":"category","embeddable":true,"href":"https:\/\/www.vita-explorers.dk\/blog\/wp-json\/wp\/v2\/categories?post=5980"},{"taxonomy":"post_tag","embeddable":true,"href":"https:\/\/www.vita-explorers.dk\/blog\/wp-json\/wp\/v2\/tags?post=5980"}],"curies":[{"name":"wp","href":"https:\/\/api.w.org\/{rel}","templated":true}]}}