{"id":698,"date":"2015-10-15T15:52:20","date_gmt":"2015-10-15T13:52:20","guid":{"rendered":"https:\/\/www.globalong.com\/blog\/?p=698"},"modified":"2016-03-20T14:34:33","modified_gmt":"2016-03-20T13:34:33","slug":"15-oktober-international-dag-for-kvinder-i-landdistrikter","status":"publish","type":"post","link":"https:\/\/www.vita-explorers.dk\/blog\/15-oktober-international-dag-for-kvinder-i-landdistrikter\/","title":{"rendered":"15. oktober \u2013 international dag for kvinder i landdistrikter"},"content":{"rendered":"<p style=\"text-align: justify;\"><a href=\"https:\/\/www.vita-explorers.dk\/blog\/wp-content\/uploads\/2015\/10\/vietnam_01.jpg\"><img loading=\"lazy\" decoding=\"async\" class=\"alignright size-full wp-image-699\" src=\"https:\/\/www.vita-explorers.dk\/blog\/wp-content\/uploads\/2015\/10\/vietnam_01.jpg\" alt=\"vietnam\" width=\"190\" height=\"190\" srcset=\"https:\/\/www.vita-explorers.dk\/blog\/wp-content\/uploads\/2015\/10\/vietnam_01.jpg 190w, https:\/\/www.vita-explorers.dk\/blog\/wp-content\/uploads\/2015\/10\/vietnam_01-150x150.jpg 150w\" sizes=\"(max-width: 190px) 100vw, 190px\" \/><\/a>Den internationale dag for kvinder i landdistrikter er blevet markeret siden 2008. I \u00e5r udtalte Ban Ki-moon, FN\u2019s generalsekret\u00e6r, f\u00f8lgende:<\/p>\n<p style=\"text-align: justify;\"><em>\u00ab Sammen kan kvinder i landdistrikter spille en drivende rolle i at bringe verden fremad. Vi skal bruge denne styrke til at n\u00e5 vores tre indbyrdes forbundne m\u00e5l for 2015: at s\u00e6tte tempo p\u00e5 opfyldelsen af FN\u2019s 2015-m\u00e5l, anl\u00e6gge et nyt blik p\u00e5 b\u00e6redygtig udvikling og indg\u00e5 en universel og effektiv klimaaftale. \u00bb<\/em><\/p>\n<p style=\"text-align: justify;\"><a href=\"https:\/\/www.vita-explorers.dk\/blog\/wp-content\/uploads\/2015\/10\/woman.jpg\"><img loading=\"lazy\" decoding=\"async\" class=\"alignright wp-image-1357 size-full\" src=\"https:\/\/www.vita-explorers.dk\/blog\/wp-content\/uploads\/2015\/10\/woman.jpg\" alt=\"Femme du monde\" width=\"190\" height=\"190\" srcset=\"https:\/\/www.vita-explorers.dk\/blog\/wp-content\/uploads\/2015\/10\/woman.jpg 190w, https:\/\/www.vita-explorers.dk\/blog\/wp-content\/uploads\/2015\/10\/woman-150x150.jpg 150w\" sizes=\"(max-width: 190px) 100vw, 190px\" \/><\/a>Kvinder i landdistrikter udg\u00f8r mere end en fjerdedel af verdens befolkning og lever ofte af h\u00f8sten \u2013 uden stabile ressourcer. De st\u00e5r for 43 % af arbejdskraften i landbruget og har en central rolle i produktion, forarbejdning og tilberedning af mad. Derfor ligger ansvaret for f\u00f8devaresikkerhed ogs\u00e5 i h\u00f8j grad hos dem. N\u00e5r kvinder f\u00e5r bedre muligheder og handlekraft, kan det v\u00e6re med til at mindske sult og fattigdom globalt.<\/p>\n<p style=\"text-align: justify;\">Kvinder i landdistrikter l\u00f8fter ikke kun arbejdet i landbruget, men ogs\u00e5 opgaver i hjemmet og i lokalsamfundet. Deres muligheder begr\u00e6nses ofte af sociale, \u00f8konomiske og politiske barrierer, som h\u00e6nger sammen med k\u00f8nsulighed. <a href=\"https:\/\/www.vita-explorers.dk\/blog\/wp-content\/uploads\/2015\/10\/ghana_38.jpg\"><img loading=\"lazy\" decoding=\"async\" class=\"alignright wp-image-1356 size-full\" src=\"https:\/\/www.vita-explorers.dk\/blog\/wp-content\/uploads\/2015\/10\/ghana_38.jpg\" alt=\"Partez \u00e0 la d\u00e9couverte avec Globalong\" width=\"190\" height=\"190\" srcset=\"https:\/\/www.vita-explorers.dk\/blog\/wp-content\/uploads\/2015\/10\/ghana_38.jpg 190w, https:\/\/www.vita-explorers.dk\/blog\/wp-content\/uploads\/2015\/10\/ghana_38-150x150.jpg 150w\" sizes=\"(max-width: 190px) 100vw, 190px\" \/><\/a>Alligevel viser erfaringer, at n\u00e5r kvinder f\u00e5r bedre rammer for at udvikle deres arbejde og indkomst, styrker det hele det f\u00e6llesskab, de er en del af og bidrager til.<\/p>\n<ul style=\"text-align: justify;\">\n<li>Kvinder i landdistrikter bruger mere tid p\u00e5 husligt arbejde end kvinder og m\u00e6nd i byer. Et studie af, hvordan vandmangel p\u00e5virker tidsforbrug i 25 lande i Subsahara-Afrika, estimerer, at kvinder samlet bruger over 16 millioner timer om dagen p\u00e5 at hente drikkevand, m\u00e6nd 6 millioner timer, og b\u00f8rn 4 millioner timer.<\/li>\n<li>Kvinder, der driver landbrug, r\u00e5der over mindre jord end m\u00e6nd og har <a href=\"https:\/\/www.vita-explorers.dk\/blog\/wp-content\/uploads\/2015\/10\/peru_11.jpg\"><img loading=\"lazy\" decoding=\"async\" class=\"alignright wp-image-1361 size-full\" src=\"https:\/\/www.vita-explorers.dk\/blog\/wp-content\/uploads\/2015\/10\/peru_11.jpg\" alt=\"Partez en mission avec Globalong\" width=\"190\" height=\"190\" srcset=\"https:\/\/www.vita-explorers.dk\/blog\/wp-content\/uploads\/2015\/10\/peru_11.jpg 190w, https:\/\/www.vita-explorers.dk\/blog\/wp-content\/uploads\/2015\/10\/peru_11-150x150.jpg 150w\" sizes=\"(max-width: 190px) 100vw, 190px\" \/><\/a>ofte ogs\u00e5 mere begr\u00e6nset adgang til input, s\u00e5s\u00e6d, l\u00e5n og r\u00e5dgivning. Under 20 % af jordejere er kvinder. K\u00f8nsm\u00e6ssige forskelle i adgang til jord og kredit p\u00e5virker kvinders muligheder for at investere, skalere deres aktiviteter og udnytte nye \u00f8konomiske muligheder sammenlignet med m\u00e6nd.<\/li>\n<li>M\u00f8dred\u00f8delighed rammer kvinder i landdistrikter uforholdsm\u00e6ssigt h\u00e5rdt. I de mindst udviklede lande er sandsynligheden for, at en kvinde i landdistrikter f\u00f8der med hj\u00e6lp fra en uddannet sundhedsprofessionel, 38 <a href=\"https:\/\/www.vita-explorers.dk\/blog\/wp-content\/uploads\/2015\/10\/sa_04.jpg\"><img loading=\"lazy\" decoding=\"async\" class=\"alignright size-full wp-image-700\" src=\"https:\/\/www.vita-explorers.dk\/blog\/wp-content\/uploads\/2015\/10\/sa_04.jpg\" alt=\"sa_04\" width=\"190\" height=\"190\" srcset=\"https:\/\/www.vita-explorers.dk\/blog\/wp-content\/uploads\/2015\/10\/sa_04.jpg 190w, https:\/\/www.vita-explorers.dk\/blog\/wp-content\/uploads\/2015\/10\/sa_04-150x150.jpg 150w\" sizes=\"(max-width: 190px) 100vw, 190px\" \/><\/a>% lavere end for en kvinde i en by.<\/li>\n<li>Et st\u00f8rre studie fra UN Women, Verdensbanken og Poverty-Environment Initiative (p\u00e5 vej) peger p\u00e5, at k\u00f8nsforskelle i landbrugsproduktivitet varierer fra 4 til 40 % afh\u00e6ngigt af land og afgr\u00f8de, og at det kan have betydelige \u00f8konomiske omkostninger \u2013 op til 100 millioner dollars i Malawi, 65 millioner dollars i Uganda og 106 millioner dollars i Den Forenede Republik Tanzania.<\/li>\n<\/ul>\n<p style=\"text-align: justify;\">Se VITA\u2019s internationale forl\u00f8b, der st\u00f8tter landdistrikter og kvinders muligheder i f\u00f8lgende lande:<\/p>\n<p style=\"text-align: justify;\"><a href=\"https:\/\/www.vita-explorers.dk\/frivilligt-arbejde\/frivilligt-arbejde-cambodja-boern\/kvinders-rettigheder-cambodja-frivilligt-arbejde.html\">St\u00f8tte til kvinders rettigheder i Cambodja<\/a><br \/>\n<a href=\"https:\/\/www.vita-explorers.dk\/frivilligt-arbejde\/inde-nord-delhi-jaipur\/lokal-udvikling-projekter-indien.html\">Lokal udvikling i Nordindien<\/a><br \/>\n<a href=\"https:\/\/www.vita-explorers.dk\/frivilligt-arbejde\/volontariat-inde-du-sud\/baeredygtig-udvikling-indien.html\">B\u00e6redygtig udvikling i Sydindien<\/a><br \/>\n<a href=\"https:\/\/www.vita-explorers.dk\/frivilligt-arbejde\/frivilligt-arbejde-tanzania-internationale-forloeb\/afrika-humanit\u00e6rt-ungecenter.html\">St\u00f8tte til unge kvinder i udsatte situationer<\/a><br \/>\n<a href=\"https:\/\/www.vita-explorers.dk\/frivilligt-arbejde\/engelsk-i-afrika\/femmes-enfants-afrique.html\">St\u00f8tte til enlige m\u00f8dre<\/a><\/p>\n<p style=\"text-align: justify;\">Kilde: www.unwomen.org<\/p>\n<p style=\"text-align: justify;\"><a href=\"mailto:info@globalong.com\">Kontakt os<\/a><\/p>\n<p style=\"text-align: justify;\"><a href=\"https:\/\/www.vita-explorers.dk\">www.vita-explorers.dk<\/a><\/p>\n<p style=\"text-align: justify;\"><a href=\"https:\/\/www.flickr.com\/photos\/globalong\/albums\/\" target=\"_blank\">Se flere billeder<\/a><\/p>\n","protected":false},"excerpt":{"rendered":"<p>Den internationale dag for kvinder i landdistrikter er blevet markeret siden 2008. I \u00e5r udtalte Ban Ki-moon, FN\u2019s generalsekret\u00e6r, f\u00f8lgende: \u00ab Sammen kan kvinder\u2026<\/p>\n","protected":false},"author":1,"featured_media":699,"comment_status":"open","ping_status":"open","sticky":false,"template":"","format":"standard","meta":{"footnotes":""},"categories":[13,8,6,3,4],"tags":[189,149,59,190,188],"yoast_head":"<!-- This site is optimized with the Yoast SEO Premium plugin v23.4 (Yoast SEO v23.4) - https:\/\/yoast.com\/wordpress\/plugins\/seo\/ -->\n<title>15. oktober \u2013 international dag for kvinder i landdistrikter - VITA Explorers Blog<\/title>\n<meta name=\"robots\" content=\"index, follow, max-snippet:-1, max-image-preview:large, max-video-preview:-1\" \/>\n<link rel=\"canonical\" href=\"https:\/\/www.vita-explorers.dk\/blog\/15-oktober-international-dag-for-kvinder-i-landdistrikter\/\" \/>\n<meta property=\"og:locale\" content=\"da_DK\" \/>\n<meta property=\"og:type\" content=\"article\" \/>\n<meta property=\"og:title\" content=\"15. oktober \u2013 international dag for kvinder i landdistrikter\" \/>\n<meta property=\"og:description\" content=\"Den internationale dag for kvinder i landdistrikter er blevet markeret siden 2008. I \u00e5r udtalte Ban Ki-moon, FN\u2019s generalsekret\u00e6r, f\u00f8lgende: \u00ab Sammen kan kvinder\u2026\" \/>\n<meta property=\"og:url\" content=\"https:\/\/www.vita-explorers.dk\/blog\/15-oktober-international-dag-for-kvinder-i-landdistrikter\/\" \/>\n<meta property=\"og:site_name\" content=\"VITA Explorers Blog\" \/>\n<meta property=\"article:publisher\" content=\"https:\/\/www.facebook.com\/globalong\" \/>\n<meta property=\"article:published_time\" content=\"2015-10-15T13:52:20+00:00\" \/>\n<meta property=\"article:modified_time\" content=\"2016-03-20T13:34:33+00:00\" \/>\n<meta property=\"og:image\" content=\"https:\/\/www.vita-explorers.dk\/blog\/wp-content\/uploads\/2015\/10\/vietnam_01.jpg\" \/>\n\t<meta property=\"og:image:width\" content=\"190\" \/>\n\t<meta property=\"og:image:height\" content=\"190\" \/>\n\t<meta property=\"og:image:type\" content=\"image\/jpeg\" \/>\n<meta name=\"author\" content=\"VITA Tribe\" \/>\n<meta name=\"twitter:card\" content=\"summary_large_image\" \/>\n<meta name=\"twitter:label1\" content=\"Skrevet af\" \/>\n\t<meta name=\"twitter:data1\" content=\"VITA Tribe\" \/>\n\t<meta name=\"twitter:label2\" content=\"Estimeret l\u00e6setid\" \/>\n\t<meta name=\"twitter:data2\" content=\"2 minutter\" \/>\n<script type=\"application\/ld+json\" class=\"yoast-schema-graph\">{\"@context\":\"https:\/\/schema.org\",\"@graph\":[{\"@type\":\"Article\",\"@id\":\"https:\/\/www.vita-explorers.dk\/blog\/15-oktober-international-dag-for-kvinder-i-landdistrikter\/#article\",\"isPartOf\":{\"@id\":\"https:\/\/www.vita-explorers.dk\/blog\/15-oktober-international-dag-for-kvinder-i-landdistrikter\/\"},\"author\":{\"name\":\"VITA Tribe\",\"@id\":\"https:\/\/www.vita-explorers.dk\/blog\/#\/schema\/person\/d7df267b64f23018d1dc519e78fb2735\"},\"headline\":\"15. oktober \u2013 international dag for kvinder i landdistrikter\",\"datePublished\":\"2015-10-15T13:52:20+00:00\",\"dateModified\":\"2016-03-20T13:34:33+00:00\",\"mainEntityOfPage\":{\"@id\":\"https:\/\/www.vita-explorers.dk\/blog\/15-oktober-international-dag-for-kvinder-i-landdistrikter\/\"},\"wordCount\":499,\"commentCount\":0,\"publisher\":{\"@id\":\"https:\/\/www.vita-explorers.dk\/blog\/#organization\"},\"image\":{\"@id\":\"https:\/\/www.vita-explorers.dk\/blog\/15-oktober-international-dag-for-kvinder-i-landdistrikter\/#primaryimage\"},\"thumbnailUrl\":\"https:\/\/www.vita-explorers.dk\/blog\/wp-content\/uploads\/2015\/10\/vietnam_01.jpg\",\"keywords\":[\"femme\",\"humanitaire\",\"journ\u00e9e internationale\",\"mission\",\"rural\"],\"articleSection\":[\"Afrika\",\"Humanit\u00e6rt frivilligt arbejde\",\"Nyheder\",\"Rejser - generelle oplysninger\",\"VITA Explorers\"],\"inLanguage\":\"da-DK\",\"potentialAction\":[{\"@type\":\"CommentAction\",\"name\":\"Comment\",\"target\":[\"https:\/\/www.vita-explorers.dk\/blog\/15-oktober-international-dag-for-kvinder-i-landdistrikter\/#respond\"]}]},{\"@type\":\"WebPage\",\"@id\":\"https:\/\/www.vita-explorers.dk\/blog\/15-oktober-international-dag-for-kvinder-i-landdistrikter\/\",\"url\":\"https:\/\/www.vita-explorers.dk\/blog\/15-oktober-international-dag-for-kvinder-i-landdistrikter\/\",\"name\":\"15. oktober \u2013 international dag for kvinder i landdistrikter - VITA Explorers Blog\",\"isPartOf\":{\"@id\":\"https:\/\/www.vita-explorers.dk\/blog\/#website\"},\"primaryImageOfPage\":{\"@id\":\"https:\/\/www.vita-explorers.dk\/blog\/15-oktober-international-dag-for-kvinder-i-landdistrikter\/#primaryimage\"},\"image\":{\"@id\":\"https:\/\/www.vita-explorers.dk\/blog\/15-oktober-international-dag-for-kvinder-i-landdistrikter\/#primaryimage\"},\"thumbnailUrl\":\"https:\/\/www.vita-explorers.dk\/blog\/wp-content\/uploads\/2015\/10\/vietnam_01.jpg\",\"datePublished\":\"2015-10-15T13:52:20+00:00\",\"dateModified\":\"2016-03-20T13:34:33+00:00\",\"breadcrumb\":{\"@id\":\"https:\/\/www.vita-explorers.dk\/blog\/15-oktober-international-dag-for-kvinder-i-landdistrikter\/#breadcrumb\"},\"inLanguage\":\"da-DK\",\"potentialAction\":[{\"@type\":\"ReadAction\",\"target\":[\"https:\/\/www.vita-explorers.dk\/blog\/15-oktober-international-dag-for-kvinder-i-landdistrikter\/\"]}]},{\"@type\":\"ImageObject\",\"inLanguage\":\"da-DK\",\"@id\":\"https:\/\/www.vita-explorers.dk\/blog\/15-oktober-international-dag-for-kvinder-i-landdistrikter\/#primaryimage\",\"url\":\"https:\/\/www.vita-explorers.dk\/blog\/wp-content\/uploads\/2015\/10\/vietnam_01.jpg\",\"contentUrl\":\"https:\/\/www.vita-explorers.dk\/blog\/wp-content\/uploads\/2015\/10\/vietnam_01.jpg\",\"width\":190,\"height\":190},{\"@type\":\"BreadcrumbList\",\"@id\":\"https:\/\/www.vita-explorers.dk\/blog\/15-oktober-international-dag-for-kvinder-i-landdistrikter\/#breadcrumb\",\"itemListElement\":[{\"@type\":\"ListItem\",\"position\":1,\"name\":\"Accueil\",\"item\":\"https:\/\/www.vita-explorers.dk\/blog\/\"},{\"@type\":\"ListItem\",\"position\":2,\"name\":\"15. oktober \u2013 international dag for kvinder i landdistrikter\"}]},{\"@type\":\"WebSite\",\"@id\":\"https:\/\/www.vita-explorers.dk\/blog\/#website\",\"url\":\"https:\/\/www.vita-explorers.dk\/blog\/\",\"name\":\"Association Globalong\",\"description\":\"Frivilligt arbejde, sprogophold, praktik i udlandet og internationale oplevelser\",\"publisher\":{\"@id\":\"https:\/\/www.vita-explorers.dk\/blog\/#organization\"},\"potentialAction\":[{\"@type\":\"SearchAction\",\"target\":{\"@type\":\"EntryPoint\",\"urlTemplate\":\"https:\/\/www.vita-explorers.dk\/blog\/?s={search_term_string}\"},\"query-input\":{\"@type\":\"PropertyValueSpecification\",\"valueRequired\":true,\"valueName\":\"search_term_string\"}}],\"inLanguage\":\"da-DK\"},{\"@type\":\"Organization\",\"@id\":\"https:\/\/www.vita-explorers.dk\/blog\/#organization\",\"name\":\"Association Globalong\",\"url\":\"https:\/\/www.vita-explorers.dk\/blog\/\",\"logo\":{\"@type\":\"ImageObject\",\"inLanguage\":\"da-DK\",\"@id\":\"https:\/\/www.vita-explorers.dk\/blog\/#\/schema\/logo\/image\/\",\"url\":\"https:\/\/www.globalong.com\/blog\/wp-content\/uploads\/2014\/11\/cropped-cropped-Logo-et-Afrique-Globalong-petite-taille-2.jpg\",\"contentUrl\":\"https:\/\/www.globalong.com\/blog\/wp-content\/uploads\/2014\/11\/cropped-cropped-Logo-et-Afrique-Globalong-petite-taille-2.jpg\",\"width\":512,\"height\":512,\"caption\":\"Association Globalong\"},\"image\":{\"@id\":\"https:\/\/www.vita-explorers.dk\/blog\/#\/schema\/logo\/image\/\"},\"sameAs\":[\"https:\/\/www.facebook.com\/globalong\"]},{\"@type\":\"Person\",\"@id\":\"https:\/\/www.vita-explorers.dk\/blog\/#\/schema\/person\/d7df267b64f23018d1dc519e78fb2735\",\"name\":\"VITA Tribe\",\"image\":{\"@type\":\"ImageObject\",\"inLanguage\":\"da-DK\",\"@id\":\"https:\/\/www.vita-explorers.dk\/blog\/#\/schema\/person\/image\/\",\"url\":\"https:\/\/secure.gravatar.com\/avatar\/81461bcc213d0ff2bdc043d4206648f0?s=96&d=mm&r=g\",\"contentUrl\":\"https:\/\/secure.gravatar.com\/avatar\/81461bcc213d0ff2bdc043d4206648f0?s=96&d=mm&r=g\",\"caption\":\"VITA Tribe\"},\"sameAs\":[\"https:\/\/www.globalong.com\"],\"url\":\"https:\/\/www.vita-explorers.dk\/blog\/author\/sophie\/\"}]}<\/script>\n<!-- \/ Yoast SEO Premium plugin. -->","yoast_head_json":{"title":"15. oktober \u2013 international dag for kvinder i landdistrikter - VITA Explorers Blog","robots":{"index":"index","follow":"follow","max-snippet":"max-snippet:-1","max-image-preview":"max-image-preview:large","max-video-preview":"max-video-preview:-1"},"canonical":"https:\/\/www.vita-explorers.dk\/blog\/15-oktober-international-dag-for-kvinder-i-landdistrikter\/","og_locale":"da_DK","og_type":"article","og_title":"15. oktober \u2013 international dag for kvinder i landdistrikter","og_description":"Den internationale dag for kvinder i landdistrikter er blevet markeret siden 2008. I \u00e5r udtalte Ban Ki-moon, FN\u2019s generalsekret\u00e6r, f\u00f8lgende: \u00ab Sammen kan kvinder\u2026","og_url":"https:\/\/www.vita-explorers.dk\/blog\/15-oktober-international-dag-for-kvinder-i-landdistrikter\/","og_site_name":"VITA Explorers Blog","article_publisher":"https:\/\/www.facebook.com\/globalong","article_published_time":"2015-10-15T13:52:20+00:00","article_modified_time":"2016-03-20T13:34:33+00:00","og_image":[{"width":190,"height":190,"url":"https:\/\/www.vita-explorers.dk\/blog\/wp-content\/uploads\/2015\/10\/vietnam_01.jpg","type":"image\/jpeg"}],"author":"VITA Tribe","twitter_card":"summary_large_image","twitter_misc":{"Skrevet af":"VITA Tribe","Estimeret l\u00e6setid":"2 minutter"},"schema":{"@context":"https:\/\/schema.org","@graph":[{"@type":"Article","@id":"https:\/\/www.vita-explorers.dk\/blog\/15-oktober-international-dag-for-kvinder-i-landdistrikter\/#article","isPartOf":{"@id":"https:\/\/www.vita-explorers.dk\/blog\/15-oktober-international-dag-for-kvinder-i-landdistrikter\/"},"author":{"name":"VITA Tribe","@id":"https:\/\/www.vita-explorers.dk\/blog\/#\/schema\/person\/d7df267b64f23018d1dc519e78fb2735"},"headline":"15. oktober \u2013 international dag for kvinder i landdistrikter","datePublished":"2015-10-15T13:52:20+00:00","dateModified":"2016-03-20T13:34:33+00:00","mainEntityOfPage":{"@id":"https:\/\/www.vita-explorers.dk\/blog\/15-oktober-international-dag-for-kvinder-i-landdistrikter\/"},"wordCount":499,"commentCount":0,"publisher":{"@id":"https:\/\/www.vita-explorers.dk\/blog\/#organization"},"image":{"@id":"https:\/\/www.vita-explorers.dk\/blog\/15-oktober-international-dag-for-kvinder-i-landdistrikter\/#primaryimage"},"thumbnailUrl":"https:\/\/www.vita-explorers.dk\/blog\/wp-content\/uploads\/2015\/10\/vietnam_01.jpg","keywords":["femme","humanitaire","journ\u00e9e internationale","mission","rural"],"articleSection":["Afrika","Humanit\u00e6rt frivilligt arbejde","Nyheder","Rejser - generelle oplysninger","VITA Explorers"],"inLanguage":"da-DK","potentialAction":[{"@type":"CommentAction","name":"Comment","target":["https:\/\/www.vita-explorers.dk\/blog\/15-oktober-international-dag-for-kvinder-i-landdistrikter\/#respond"]}]},{"@type":"WebPage","@id":"https:\/\/www.vita-explorers.dk\/blog\/15-oktober-international-dag-for-kvinder-i-landdistrikter\/","url":"https:\/\/www.vita-explorers.dk\/blog\/15-oktober-international-dag-for-kvinder-i-landdistrikter\/","name":"15. oktober \u2013 international dag for kvinder i landdistrikter - VITA Explorers Blog","isPartOf":{"@id":"https:\/\/www.vita-explorers.dk\/blog\/#website"},"primaryImageOfPage":{"@id":"https:\/\/www.vita-explorers.dk\/blog\/15-oktober-international-dag-for-kvinder-i-landdistrikter\/#primaryimage"},"image":{"@id":"https:\/\/www.vita-explorers.dk\/blog\/15-oktober-international-dag-for-kvinder-i-landdistrikter\/#primaryimage"},"thumbnailUrl":"https:\/\/www.vita-explorers.dk\/blog\/wp-content\/uploads\/2015\/10\/vietnam_01.jpg","datePublished":"2015-10-15T13:52:20+00:00","dateModified":"2016-03-20T13:34:33+00:00","breadcrumb":{"@id":"https:\/\/www.vita-explorers.dk\/blog\/15-oktober-international-dag-for-kvinder-i-landdistrikter\/#breadcrumb"},"inLanguage":"da-DK","potentialAction":[{"@type":"ReadAction","target":["https:\/\/www.vita-explorers.dk\/blog\/15-oktober-international-dag-for-kvinder-i-landdistrikter\/"]}]},{"@type":"ImageObject","inLanguage":"da-DK","@id":"https:\/\/www.vita-explorers.dk\/blog\/15-oktober-international-dag-for-kvinder-i-landdistrikter\/#primaryimage","url":"https:\/\/www.vita-explorers.dk\/blog\/wp-content\/uploads\/2015\/10\/vietnam_01.jpg","contentUrl":"https:\/\/www.vita-explorers.dk\/blog\/wp-content\/uploads\/2015\/10\/vietnam_01.jpg","width":190,"height":190},{"@type":"BreadcrumbList","@id":"https:\/\/www.vita-explorers.dk\/blog\/15-oktober-international-dag-for-kvinder-i-landdistrikter\/#breadcrumb","itemListElement":[{"@type":"ListItem","position":1,"name":"Accueil","item":"https:\/\/www.vita-explorers.dk\/blog\/"},{"@type":"ListItem","position":2,"name":"15. oktober \u2013 international dag for kvinder i landdistrikter"}]},{"@type":"WebSite","@id":"https:\/\/www.vita-explorers.dk\/blog\/#website","url":"https:\/\/www.vita-explorers.dk\/blog\/","name":"Association Globalong","description":"Frivilligt arbejde, sprogophold, praktik i udlandet og internationale oplevelser","publisher":{"@id":"https:\/\/www.vita-explorers.dk\/blog\/#organization"},"potentialAction":[{"@type":"SearchAction","target":{"@type":"EntryPoint","urlTemplate":"https:\/\/www.vita-explorers.dk\/blog\/?s={search_term_string}"},"query-input":{"@type":"PropertyValueSpecification","valueRequired":true,"valueName":"search_term_string"}}],"inLanguage":"da-DK"},{"@type":"Organization","@id":"https:\/\/www.vita-explorers.dk\/blog\/#organization","name":"Association Globalong","url":"https:\/\/www.vita-explorers.dk\/blog\/","logo":{"@type":"ImageObject","inLanguage":"da-DK","@id":"https:\/\/www.vita-explorers.dk\/blog\/#\/schema\/logo\/image\/","url":"https:\/\/www.globalong.com\/blog\/wp-content\/uploads\/2014\/11\/cropped-cropped-Logo-et-Afrique-Globalong-petite-taille-2.jpg","contentUrl":"https:\/\/www.globalong.com\/blog\/wp-content\/uploads\/2014\/11\/cropped-cropped-Logo-et-Afrique-Globalong-petite-taille-2.jpg","width":512,"height":512,"caption":"Association Globalong"},"image":{"@id":"https:\/\/www.vita-explorers.dk\/blog\/#\/schema\/logo\/image\/"},"sameAs":["https:\/\/www.facebook.com\/globalong"]},{"@type":"Person","@id":"https:\/\/www.vita-explorers.dk\/blog\/#\/schema\/person\/d7df267b64f23018d1dc519e78fb2735","name":"VITA Tribe","image":{"@type":"ImageObject","inLanguage":"da-DK","@id":"https:\/\/www.vita-explorers.dk\/blog\/#\/schema\/person\/image\/","url":"https:\/\/secure.gravatar.com\/avatar\/81461bcc213d0ff2bdc043d4206648f0?s=96&d=mm&r=g","contentUrl":"https:\/\/secure.gravatar.com\/avatar\/81461bcc213d0ff2bdc043d4206648f0?s=96&d=mm&r=g","caption":"VITA Tribe"},"sameAs":["https:\/\/www.globalong.com"],"url":"https:\/\/www.vita-explorers.dk\/blog\/author\/sophie\/"}]}},"_links":{"self":[{"href":"https:\/\/www.vita-explorers.dk\/blog\/wp-json\/wp\/v2\/posts\/698"}],"collection":[{"href":"https:\/\/www.vita-explorers.dk\/blog\/wp-json\/wp\/v2\/posts"}],"about":[{"href":"https:\/\/www.vita-explorers.dk\/blog\/wp-json\/wp\/v2\/types\/post"}],"author":[{"embeddable":true,"href":"https:\/\/www.vita-explorers.dk\/blog\/wp-json\/wp\/v2\/users\/1"}],"replies":[{"embeddable":true,"href":"https:\/\/www.vita-explorers.dk\/blog\/wp-json\/wp\/v2\/comments?post=698"}],"version-history":[{"count":11,"href":"https:\/\/www.vita-explorers.dk\/blog\/wp-json\/wp\/v2\/posts\/698\/revisions"}],"predecessor-version":[{"id":1365,"href":"https:\/\/www.vita-explorers.dk\/blog\/wp-json\/wp\/v2\/posts\/698\/revisions\/1365"}],"wp:featuredmedia":[{"embeddable":true,"href":"https:\/\/www.vita-explorers.dk\/blog\/wp-json\/wp\/v2\/media\/699"}],"wp:attachment":[{"href":"https:\/\/www.vita-explorers.dk\/blog\/wp-json\/wp\/v2\/media?parent=698"}],"wp:term":[{"taxonomy":"category","embeddable":true,"href":"https:\/\/www.vita-explorers.dk\/blog\/wp-json\/wp\/v2\/categories?post=698"},{"taxonomy":"post_tag","embeddable":true,"href":"https:\/\/www.vita-explorers.dk\/blog\/wp-json\/wp\/v2\/tags?post=698"}],"curies":[{"name":"wp","href":"https:\/\/api.w.org\/{rel}","templated":true}]}}