{"id":7019,"date":"2017-10-12T10:29:50","date_gmt":"2017-10-12T08:29:50","guid":{"rendered":"https:\/\/www.globalong.com\/blog\/?p=7019"},"modified":"2022-03-14T19:49:15","modified_gmt":"2022-03-14T18:49:15","slug":"glad-spansk-sprogdag-spansk-sprogdag-spansk-undervisning-frivilligt-arbejde-humanitaert-frivilligt-arbejde-oekofrivilligt-arbejde-latinamerika-ecuador-galapagos","status":"publish","type":"post","link":"https:\/\/www.vita-explorers.dk\/blog\/glad-spansk-sprogdag-spansk-sprogdag-spansk-undervisning-frivilligt-arbejde-humanitaert-frivilligt-arbejde-oekofrivilligt-arbejde-latinamerika-ecuador-galapagos\/","title":{"rendered":"Gl\u00e6delig spansk sprogdag!"},"content":{"rendered":"<p style=\"text-align: justify;\"><a href=\"https:\/\/www.vita-explorers.dk\/blog\/wp-content\/uploads\/2017\/10\/Participez-au-programme-d\u00e9covolontariat-en-Equateur-min.jpg\"><img loading=\"lazy\" decoding=\"async\" class=\"size-medium wp-image-7028 aligncenter\" src=\"https:\/\/www.vita-explorers.dk\/blog\/wp-content\/uploads\/2017\/10\/Participez-au-programme-d\u00e9covolontariat-en-Equateur-min-300x225.jpg\" alt=\"\" width=\"300\" height=\"225\" srcset=\"https:\/\/www.vita-explorers.dk\/blog\/wp-content\/uploads\/2017\/10\/Participez-au-programme-d\u00e9covolontariat-en-Equateur-min-300x225.jpg 300w, https:\/\/www.vita-explorers.dk\/blog\/wp-content\/uploads\/2017\/10\/Participez-au-programme-d\u00e9covolontariat-en-Equateur-min-768x576.jpg 768w, https:\/\/www.vita-explorers.dk\/blog\/wp-content\/uploads\/2017\/10\/Participez-au-programme-d\u00e9covolontariat-en-Equateur-min-1024x768.jpg 1024w, https:\/\/www.vita-explorers.dk\/blog\/wp-content\/uploads\/2017\/10\/Participez-au-programme-d\u00e9covolontariat-en-Equateur-min-150x113.jpg 150w\" sizes=\"(max-width: 300px) 100vw, 300px\" \/><\/a><strong><span style=\"color: #b81657;\">Over 500 millioner spansktalende p\u00e5 tv\u00e6rs af 4 kontinenter \u2013 og en rig sproglig og kulturel mangfoldighed: I dag er det Spansk Sprogdag. Det fejrer vi!<\/span><\/strong><\/p>\n<p style=\"text-align: justify;\">Klar til et meningsfuldt eventyr i den spansktalende verden? Ja \u2013 men hvilken destination skal du v\u00e6lge?<\/p>\n<p style=\"text-align: justify;\"><span style=\"text-decoration: underline;\"><a href=\"https:\/\/www.vita-explorers.dk\/association-globalong.html\" target=\"_blank\" rel=\"noopener\">VITA Institute<\/a><\/span> tilbyder <span style=\"text-decoration: underline;\"><a href=\"https:\/\/www.vita-explorers.dk\/sprogophold\/\" target=\"_blank\" rel=\"noopener\">sprogkurser<\/a><\/span> og internationale forl\u00f8b med <a href=\"https:\/\/www.vita-explorers.dk\/frivilligt-arbejde\/\" target=\"_blank\" rel=\"noopener\"><span style=\"text-decoration: underline;\">frivilligt arbejde<\/span> <\/a>i Argentina, Bolivia, Costa Rica, Ecuador, Spanien, Guatemala, De Baleariske \u00d8er og p\u00e5 Gal\u00e1pagos\u00f8erne.<br \/>\n<span style=\"text-decoration: underline;\"><a href=\"https:\/\/www.vita-explorers.dk\/sprog-og-frivilligt-arbejde\/\" target=\"_blank\" rel=\"noopener\">Du kan ogs\u00e5 kombinere begge dele!<\/a><\/span><\/p>\n<p style=\"text-align: justify;\"><a href=\"https:\/\/www.vita-explorers.dk\/blog\/wp-content\/uploads\/2017\/10\/Eco-farm-in-Ecuador-min.jpg\"><img loading=\"lazy\" decoding=\"async\" class=\"size-medium wp-image-7030 aligncenter\" src=\"https:\/\/www.vita-explorers.dk\/blog\/wp-content\/uploads\/2017\/10\/Eco-farm-in-Ecuador-min-300x225.jpg\" alt=\"\" width=\"300\" height=\"225\" srcset=\"https:\/\/www.vita-explorers.dk\/blog\/wp-content\/uploads\/2017\/10\/Eco-farm-in-Ecuador-min-300x225.jpg 300w, https:\/\/www.vita-explorers.dk\/blog\/wp-content\/uploads\/2017\/10\/Eco-farm-in-Ecuador-min-768x576.jpg 768w, https:\/\/www.vita-explorers.dk\/blog\/wp-content\/uploads\/2017\/10\/Eco-farm-in-Ecuador-min-1024x768.jpg 1024w, https:\/\/www.vita-explorers.dk\/blog\/wp-content\/uploads\/2017\/10\/Eco-farm-in-Ecuador-min-150x113.jpg 150w\" sizes=\"(max-width: 300px) 100vw, 300px\" \/><\/a><strong>Sydamerika<\/strong> \u2013 lyder det som noget for dig? Du kan for eksempel <strong>opleve Ecuador<\/strong> og <strong>Gal\u00e1pagos\u00f8erne<\/strong> med VITA Institute.<\/p>\n<p style=\"text-align: justify;\"><strong>F\u00f8rste stop:<\/strong> Quito i Ecuador, hvor du f\u00f8lger intensive spanskkurser i mindst to uger.<\/p>\n<p style=\"text-align: justify;\"><strong>Andet stop:<\/strong> Gal\u00e1pagos\u00f8erne, hvor du deltager i et \u00f8ko-forl\u00f8b (p\u00e5 en station eller en \u00f8kologisk farm) i mindst tre uger.<\/p>\n<p style=\"text-align: justify;\">Nye indtryk og store naturoplevelser er n\u00e6sten garanteret!<\/p>\n<p style=\"text-align: justify;\">Hvad venter du p\u00e5 \u2013 skal kufferten pakkes?<\/p>\n<p><img loading=\"lazy\" decoding=\"async\" class=\"size-medium wp-image-7032 aligncenter\" src=\"https:\/\/www.vita-explorers.dk\/blog\/wp-content\/uploads\/2017\/10\/Une-b\u00e9n\u00e9vole-en-Equateur-min-225x300.jpg\" alt=\"\" width=\"225\" height=\"300\" srcset=\"https:\/\/www.vita-explorers.dk\/blog\/wp-content\/uploads\/2017\/10\/Une-b\u00e9n\u00e9vole-en-Equateur-min-225x300.jpg 225w, https:\/\/www.vita-explorers.dk\/blog\/wp-content\/uploads\/2017\/10\/Une-b\u00e9n\u00e9vole-en-Equateur-min-768x1024.jpg 768w, https:\/\/www.vita-explorers.dk\/blog\/wp-content\/uploads\/2017\/10\/Une-b\u00e9n\u00e9vole-en-Equateur-min-113x150.jpg 113w\" sizes=\"(max-width: 225px) 100vw, 225px\" \/><\/p>\n<p style=\"text-align: center;\"><u><\/u><a href=\"https:\/\/www.vita-explorers.dk\/que-penser-de-globalong.html\" target=\"_blank\" rel=\"noopener\"><span style=\"color: #b81657;\"><u><strong>Hvad siger folk om VITA?<\/strong><\/u><\/span><\/a><\/p>\n<p style=\"text-align: center;\"><strong>Vil du h\u00f8re mere om internationale \u00f8ko-forl\u00f8b, s\u00e5 skriv til os her:<\/strong> <span style=\"color: #b81657;\"><a href=\"mailto:info@globalong.com\" target=\"_blank\" rel=\"noopener\">info@globalong.com<\/a><\/span><\/p>\n<p style=\"text-align: center;\"><span style=\"color: #b81657;\"><span style=\"color: #000000;\">Vil du vide mere om spanskkurser og forl\u00f8bet i Ecuador,<\/span> <span style=\"text-decoration: underline;\"><a href=\"https:\/\/www.vita-explorers.dk\/sprog-og-frivilligt-arbejde\/spansk-frivilligt-arbejde-ecuador.html\" target=\"_blank\" rel=\"noopener\">s\u00e5 klik her<\/a><\/span>!<\/span><\/p>\n<p style=\"text-align: center;\"><span style=\"color: #b81657;\"><a href=\"https:\/\/www.flickr.com\/photos\/globalong\/sets\/72157643717348074\/\" target=\"_blank\" rel=\"noopener\"><span style=\"text-decoration: underline;\">Klik her<\/span><\/a> <\/span><span style=\"color: #b81657;\"><span style=\"color: #000000;\">for at se vores fotoalbum fra Gal\u00e1pagos\u00f8erne!<\/span><\/span><\/p>\n<p style=\"text-align: center;\">\n","protected":false},"excerpt":{"rendered":"<p>Over 500 millioner spansktalende p\u00e5 tv\u00e6rs af 4 kontinenter \u2013 og en rig sproglig og kulturel mangfoldighed: I dag er det Spansk Sprogdag. Det\u2026<\/p>\n","protected":false},"author":1,"featured_media":7021,"comment_status":"open","ping_status":"open","sticky":false,"template":"","format":"standard","meta":{"footnotes":""},"categories":[11,191,8,5,4],"tags":[221,475,106,199,477,22],"yoast_head":"<!-- This site is optimized with the Yoast SEO Premium plugin v23.4 (Yoast SEO v23.4) - https:\/\/yoast.com\/wordpress\/plugins\/seo\/ -->\n<title>Gl\u00e6delig spansk sprogdag! - VITA Explorers Blog<\/title>\n<meta name=\"robots\" content=\"index, follow, max-snippet:-1, max-image-preview:large, max-video-preview:-1\" \/>\n<link rel=\"canonical\" href=\"https:\/\/www.vita-explorers.dk\/blog\/glad-spansk-sprogdag-spansk-sprogdag-spansk-undervisning-frivilligt-arbejde-humanitaert-frivilligt-arbejde-oekofrivilligt-arbejde-latinamerika-ecuador-galapagos\/\" \/>\n<meta property=\"og:locale\" content=\"da_DK\" \/>\n<meta property=\"og:type\" content=\"article\" \/>\n<meta property=\"og:title\" content=\"Gl\u00e6delig spansk sprogdag!\" \/>\n<meta property=\"og:description\" content=\"Over 500 millioner spansktalende p\u00e5 tv\u00e6rs af 4 kontinenter \u2013 og en rig sproglig og kulturel mangfoldighed: I dag er det Spansk Sprogdag. Det\u2026\" \/>\n<meta property=\"og:url\" content=\"https:\/\/www.vita-explorers.dk\/blog\/glad-spansk-sprogdag-spansk-sprogdag-spansk-undervisning-frivilligt-arbejde-humanitaert-frivilligt-arbejde-oekofrivilligt-arbejde-latinamerika-ecuador-galapagos\/\" \/>\n<meta property=\"og:site_name\" content=\"VITA Explorers Blog\" \/>\n<meta property=\"article:publisher\" content=\"https:\/\/www.facebook.com\/globalong\" \/>\n<meta property=\"article:published_time\" content=\"2017-10-12T08:29:50+00:00\" \/>\n<meta property=\"article:modified_time\" content=\"2022-03-14T18:49:15+00:00\" \/>\n<meta property=\"og:image\" content=\"https:\/\/www.vita-explorers.dk\/blog\/wp-content\/uploads\/2017\/10\/galapagos_04-min.jpg\" \/>\n\t<meta property=\"og:image:width\" content=\"190\" \/>\n\t<meta property=\"og:image:height\" content=\"190\" \/>\n\t<meta property=\"og:image:type\" content=\"image\/jpeg\" \/>\n<meta name=\"author\" content=\"VITA Tribe\" \/>\n<meta name=\"twitter:card\" content=\"summary_large_image\" \/>\n<meta name=\"twitter:label1\" content=\"Skrevet af\" \/>\n\t<meta name=\"twitter:data1\" content=\"VITA Tribe\" \/>\n\t<meta name=\"twitter:label2\" content=\"Estimeret l\u00e6setid\" \/>\n\t<meta name=\"twitter:data2\" content=\"1 minut\" \/>\n<script type=\"application\/ld+json\" class=\"yoast-schema-graph\">{\"@context\":\"https:\/\/schema.org\",\"@graph\":[{\"@type\":\"Article\",\"@id\":\"https:\/\/www.vita-explorers.dk\/blog\/glad-spansk-sprogdag-spansk-sprogdag-spansk-undervisning-frivilligt-arbejde-humanitaert-frivilligt-arbejde-oekofrivilligt-arbejde-latinamerika-ecuador-galapagos\/#article\",\"isPartOf\":{\"@id\":\"https:\/\/www.vita-explorers.dk\/blog\/glad-spansk-sprogdag-spansk-sprogdag-spansk-undervisning-frivilligt-arbejde-humanitaert-frivilligt-arbejde-oekofrivilligt-arbejde-latinamerika-ecuador-galapagos\/\"},\"author\":{\"name\":\"VITA Tribe\",\"@id\":\"https:\/\/www.vita-explorers.dk\/blog\/#\/schema\/person\/d7df267b64f23018d1dc519e78fb2735\"},\"headline\":\"Gl\u00e6delig spansk sprogdag!\",\"datePublished\":\"2017-10-12T08:29:50+00:00\",\"dateModified\":\"2022-03-14T18:49:15+00:00\",\"mainEntityOfPage\":{\"@id\":\"https:\/\/www.vita-explorers.dk\/blog\/glad-spansk-sprogdag-spansk-sprogdag-spansk-undervisning-frivilligt-arbejde-humanitaert-frivilligt-arbejde-oekofrivilligt-arbejde-latinamerika-ecuador-galapagos\/\"},\"wordCount\":200,\"commentCount\":0,\"publisher\":{\"@id\":\"https:\/\/www.vita-explorers.dk\/blog\/#organization\"},\"image\":{\"@id\":\"https:\/\/www.vita-explorers.dk\/blog\/glad-spansk-sprogdag-spansk-sprogdag-spansk-undervisning-frivilligt-arbejde-humanitaert-frivilligt-arbejde-oekofrivilligt-arbejde-latinamerika-ecuador-galapagos\/#primaryimage\"},\"thumbnailUrl\":\"https:\/\/www.vita-explorers.dk\/blog\/wp-content\/uploads\/2017\/10\/galapagos_04-min.jpg\",\"keywords\":[\"Am\u00e9rique latine\",\"b\u00e9n\u00e9volat humanitaire\",\"Equateur\",\"iles galapagos\",\"journ\u00e9e de la langue espagnole\",\"s\u00e9jour linguistique\"],\"articleSection\":[\"Amerika\",\"Amerika\",\"Humanit\u00e6rt frivilligt arbejde\",\"Sprogophold\",\"VITA Explorers\"],\"inLanguage\":\"da-DK\",\"potentialAction\":[{\"@type\":\"CommentAction\",\"name\":\"Comment\",\"target\":[\"https:\/\/www.vita-explorers.dk\/blog\/glad-spansk-sprogdag-spansk-sprogdag-spansk-undervisning-frivilligt-arbejde-humanitaert-frivilligt-arbejde-oekofrivilligt-arbejde-latinamerika-ecuador-galapagos\/#respond\"]}]},{\"@type\":\"WebPage\",\"@id\":\"https:\/\/www.vita-explorers.dk\/blog\/glad-spansk-sprogdag-spansk-sprogdag-spansk-undervisning-frivilligt-arbejde-humanitaert-frivilligt-arbejde-oekofrivilligt-arbejde-latinamerika-ecuador-galapagos\/\",\"url\":\"https:\/\/www.vita-explorers.dk\/blog\/glad-spansk-sprogdag-spansk-sprogdag-spansk-undervisning-frivilligt-arbejde-humanitaert-frivilligt-arbejde-oekofrivilligt-arbejde-latinamerika-ecuador-galapagos\/\",\"name\":\"Gl\u00e6delig spansk sprogdag! - VITA Explorers Blog\",\"isPartOf\":{\"@id\":\"https:\/\/www.vita-explorers.dk\/blog\/#website\"},\"primaryImageOfPage\":{\"@id\":\"https:\/\/www.vita-explorers.dk\/blog\/glad-spansk-sprogdag-spansk-sprogdag-spansk-undervisning-frivilligt-arbejde-humanitaert-frivilligt-arbejde-oekofrivilligt-arbejde-latinamerika-ecuador-galapagos\/#primaryimage\"},\"image\":{\"@id\":\"https:\/\/www.vita-explorers.dk\/blog\/glad-spansk-sprogdag-spansk-sprogdag-spansk-undervisning-frivilligt-arbejde-humanitaert-frivilligt-arbejde-oekofrivilligt-arbejde-latinamerika-ecuador-galapagos\/#primaryimage\"},\"thumbnailUrl\":\"https:\/\/www.vita-explorers.dk\/blog\/wp-content\/uploads\/2017\/10\/galapagos_04-min.jpg\",\"datePublished\":\"2017-10-12T08:29:50+00:00\",\"dateModified\":\"2022-03-14T18:49:15+00:00\",\"breadcrumb\":{\"@id\":\"https:\/\/www.vita-explorers.dk\/blog\/glad-spansk-sprogdag-spansk-sprogdag-spansk-undervisning-frivilligt-arbejde-humanitaert-frivilligt-arbejde-oekofrivilligt-arbejde-latinamerika-ecuador-galapagos\/#breadcrumb\"},\"inLanguage\":\"da-DK\",\"potentialAction\":[{\"@type\":\"ReadAction\",\"target\":[\"https:\/\/www.vita-explorers.dk\/blog\/glad-spansk-sprogdag-spansk-sprogdag-spansk-undervisning-frivilligt-arbejde-humanitaert-frivilligt-arbejde-oekofrivilligt-arbejde-latinamerika-ecuador-galapagos\/\"]}]},{\"@type\":\"ImageObject\",\"inLanguage\":\"da-DK\",\"@id\":\"https:\/\/www.vita-explorers.dk\/blog\/glad-spansk-sprogdag-spansk-sprogdag-spansk-undervisning-frivilligt-arbejde-humanitaert-frivilligt-arbejde-oekofrivilligt-arbejde-latinamerika-ecuador-galapagos\/#primaryimage\",\"url\":\"https:\/\/www.vita-explorers.dk\/blog\/wp-content\/uploads\/2017\/10\/galapagos_04-min.jpg\",\"contentUrl\":\"https:\/\/www.vita-explorers.dk\/blog\/wp-content\/uploads\/2017\/10\/galapagos_04-min.jpg\",\"width\":190,\"height\":190,\"caption\":\"galapagos\"},{\"@type\":\"BreadcrumbList\",\"@id\":\"https:\/\/www.vita-explorers.dk\/blog\/glad-spansk-sprogdag-spansk-sprogdag-spansk-undervisning-frivilligt-arbejde-humanitaert-frivilligt-arbejde-oekofrivilligt-arbejde-latinamerika-ecuador-galapagos\/#breadcrumb\",\"itemListElement\":[{\"@type\":\"ListItem\",\"position\":1,\"name\":\"Accueil\",\"item\":\"https:\/\/www.vita-explorers.dk\/blog\/\"},{\"@type\":\"ListItem\",\"position\":2,\"name\":\"Gl\u00e6delig spansk sprogdag!\"}]},{\"@type\":\"WebSite\",\"@id\":\"https:\/\/www.vita-explorers.dk\/blog\/#website\",\"url\":\"https:\/\/www.vita-explorers.dk\/blog\/\",\"name\":\"Association Globalong\",\"description\":\"Frivilligt arbejde, sprogophold, praktik i udlandet og internationale oplevelser\",\"publisher\":{\"@id\":\"https:\/\/www.vita-explorers.dk\/blog\/#organization\"},\"potentialAction\":[{\"@type\":\"SearchAction\",\"target\":{\"@type\":\"EntryPoint\",\"urlTemplate\":\"https:\/\/www.vita-explorers.dk\/blog\/?s={search_term_string}\"},\"query-input\":{\"@type\":\"PropertyValueSpecification\",\"valueRequired\":true,\"valueName\":\"search_term_string\"}}],\"inLanguage\":\"da-DK\"},{\"@type\":\"Organization\",\"@id\":\"https:\/\/www.vita-explorers.dk\/blog\/#organization\",\"name\":\"Association Globalong\",\"url\":\"https:\/\/www.vita-explorers.dk\/blog\/\",\"logo\":{\"@type\":\"ImageObject\",\"inLanguage\":\"da-DK\",\"@id\":\"https:\/\/www.vita-explorers.dk\/blog\/#\/schema\/logo\/image\/\",\"url\":\"https:\/\/www.globalong.com\/blog\/wp-content\/uploads\/2014\/11\/cropped-cropped-Logo-et-Afrique-Globalong-petite-taille-2.jpg\",\"contentUrl\":\"https:\/\/www.globalong.com\/blog\/wp-content\/uploads\/2014\/11\/cropped-cropped-Logo-et-Afrique-Globalong-petite-taille-2.jpg\",\"width\":512,\"height\":512,\"caption\":\"Association Globalong\"},\"image\":{\"@id\":\"https:\/\/www.vita-explorers.dk\/blog\/#\/schema\/logo\/image\/\"},\"sameAs\":[\"https:\/\/www.facebook.com\/globalong\"]},{\"@type\":\"Person\",\"@id\":\"https:\/\/www.vita-explorers.dk\/blog\/#\/schema\/person\/d7df267b64f23018d1dc519e78fb2735\",\"name\":\"VITA Tribe\",\"image\":{\"@type\":\"ImageObject\",\"inLanguage\":\"da-DK\",\"@id\":\"https:\/\/www.vita-explorers.dk\/blog\/#\/schema\/person\/image\/\",\"url\":\"https:\/\/secure.gravatar.com\/avatar\/81461bcc213d0ff2bdc043d4206648f0?s=96&d=mm&r=g\",\"contentUrl\":\"https:\/\/secure.gravatar.com\/avatar\/81461bcc213d0ff2bdc043d4206648f0?s=96&d=mm&r=g\",\"caption\":\"VITA Tribe\"},\"sameAs\":[\"https:\/\/www.globalong.com\"],\"url\":\"https:\/\/www.vita-explorers.dk\/blog\/author\/sophie\/\"}]}<\/script>\n<!-- \/ Yoast SEO Premium plugin. -->","yoast_head_json":{"title":"Gl\u00e6delig spansk sprogdag! - VITA Explorers Blog","robots":{"index":"index","follow":"follow","max-snippet":"max-snippet:-1","max-image-preview":"max-image-preview:large","max-video-preview":"max-video-preview:-1"},"canonical":"https:\/\/www.vita-explorers.dk\/blog\/glad-spansk-sprogdag-spansk-sprogdag-spansk-undervisning-frivilligt-arbejde-humanitaert-frivilligt-arbejde-oekofrivilligt-arbejde-latinamerika-ecuador-galapagos\/","og_locale":"da_DK","og_type":"article","og_title":"Gl\u00e6delig spansk sprogdag!","og_description":"Over 500 millioner spansktalende p\u00e5 tv\u00e6rs af 4 kontinenter \u2013 og en rig sproglig og kulturel mangfoldighed: I dag er det Spansk Sprogdag. Det\u2026","og_url":"https:\/\/www.vita-explorers.dk\/blog\/glad-spansk-sprogdag-spansk-sprogdag-spansk-undervisning-frivilligt-arbejde-humanitaert-frivilligt-arbejde-oekofrivilligt-arbejde-latinamerika-ecuador-galapagos\/","og_site_name":"VITA Explorers Blog","article_publisher":"https:\/\/www.facebook.com\/globalong","article_published_time":"2017-10-12T08:29:50+00:00","article_modified_time":"2022-03-14T18:49:15+00:00","og_image":[{"width":190,"height":190,"url":"https:\/\/www.vita-explorers.dk\/blog\/wp-content\/uploads\/2017\/10\/galapagos_04-min.jpg","type":"image\/jpeg"}],"author":"VITA Tribe","twitter_card":"summary_large_image","twitter_misc":{"Skrevet af":"VITA Tribe","Estimeret l\u00e6setid":"1 minut"},"schema":{"@context":"https:\/\/schema.org","@graph":[{"@type":"Article","@id":"https:\/\/www.vita-explorers.dk\/blog\/glad-spansk-sprogdag-spansk-sprogdag-spansk-undervisning-frivilligt-arbejde-humanitaert-frivilligt-arbejde-oekofrivilligt-arbejde-latinamerika-ecuador-galapagos\/#article","isPartOf":{"@id":"https:\/\/www.vita-explorers.dk\/blog\/glad-spansk-sprogdag-spansk-sprogdag-spansk-undervisning-frivilligt-arbejde-humanitaert-frivilligt-arbejde-oekofrivilligt-arbejde-latinamerika-ecuador-galapagos\/"},"author":{"name":"VITA Tribe","@id":"https:\/\/www.vita-explorers.dk\/blog\/#\/schema\/person\/d7df267b64f23018d1dc519e78fb2735"},"headline":"Gl\u00e6delig spansk sprogdag!","datePublished":"2017-10-12T08:29:50+00:00","dateModified":"2022-03-14T18:49:15+00:00","mainEntityOfPage":{"@id":"https:\/\/www.vita-explorers.dk\/blog\/glad-spansk-sprogdag-spansk-sprogdag-spansk-undervisning-frivilligt-arbejde-humanitaert-frivilligt-arbejde-oekofrivilligt-arbejde-latinamerika-ecuador-galapagos\/"},"wordCount":200,"commentCount":0,"publisher":{"@id":"https:\/\/www.vita-explorers.dk\/blog\/#organization"},"image":{"@id":"https:\/\/www.vita-explorers.dk\/blog\/glad-spansk-sprogdag-spansk-sprogdag-spansk-undervisning-frivilligt-arbejde-humanitaert-frivilligt-arbejde-oekofrivilligt-arbejde-latinamerika-ecuador-galapagos\/#primaryimage"},"thumbnailUrl":"https:\/\/www.vita-explorers.dk\/blog\/wp-content\/uploads\/2017\/10\/galapagos_04-min.jpg","keywords":["Am\u00e9rique latine","b\u00e9n\u00e9volat humanitaire","Equateur","iles galapagos","journ\u00e9e de la langue espagnole","s\u00e9jour linguistique"],"articleSection":["Amerika","Amerika","Humanit\u00e6rt frivilligt arbejde","Sprogophold","VITA Explorers"],"inLanguage":"da-DK","potentialAction":[{"@type":"CommentAction","name":"Comment","target":["https:\/\/www.vita-explorers.dk\/blog\/glad-spansk-sprogdag-spansk-sprogdag-spansk-undervisning-frivilligt-arbejde-humanitaert-frivilligt-arbejde-oekofrivilligt-arbejde-latinamerika-ecuador-galapagos\/#respond"]}]},{"@type":"WebPage","@id":"https:\/\/www.vita-explorers.dk\/blog\/glad-spansk-sprogdag-spansk-sprogdag-spansk-undervisning-frivilligt-arbejde-humanitaert-frivilligt-arbejde-oekofrivilligt-arbejde-latinamerika-ecuador-galapagos\/","url":"https:\/\/www.vita-explorers.dk\/blog\/glad-spansk-sprogdag-spansk-sprogdag-spansk-undervisning-frivilligt-arbejde-humanitaert-frivilligt-arbejde-oekofrivilligt-arbejde-latinamerika-ecuador-galapagos\/","name":"Gl\u00e6delig spansk sprogdag! - VITA Explorers Blog","isPartOf":{"@id":"https:\/\/www.vita-explorers.dk\/blog\/#website"},"primaryImageOfPage":{"@id":"https:\/\/www.vita-explorers.dk\/blog\/glad-spansk-sprogdag-spansk-sprogdag-spansk-undervisning-frivilligt-arbejde-humanitaert-frivilligt-arbejde-oekofrivilligt-arbejde-latinamerika-ecuador-galapagos\/#primaryimage"},"image":{"@id":"https:\/\/www.vita-explorers.dk\/blog\/glad-spansk-sprogdag-spansk-sprogdag-spansk-undervisning-frivilligt-arbejde-humanitaert-frivilligt-arbejde-oekofrivilligt-arbejde-latinamerika-ecuador-galapagos\/#primaryimage"},"thumbnailUrl":"https:\/\/www.vita-explorers.dk\/blog\/wp-content\/uploads\/2017\/10\/galapagos_04-min.jpg","datePublished":"2017-10-12T08:29:50+00:00","dateModified":"2022-03-14T18:49:15+00:00","breadcrumb":{"@id":"https:\/\/www.vita-explorers.dk\/blog\/glad-spansk-sprogdag-spansk-sprogdag-spansk-undervisning-frivilligt-arbejde-humanitaert-frivilligt-arbejde-oekofrivilligt-arbejde-latinamerika-ecuador-galapagos\/#breadcrumb"},"inLanguage":"da-DK","potentialAction":[{"@type":"ReadAction","target":["https:\/\/www.vita-explorers.dk\/blog\/glad-spansk-sprogdag-spansk-sprogdag-spansk-undervisning-frivilligt-arbejde-humanitaert-frivilligt-arbejde-oekofrivilligt-arbejde-latinamerika-ecuador-galapagos\/"]}]},{"@type":"ImageObject","inLanguage":"da-DK","@id":"https:\/\/www.vita-explorers.dk\/blog\/glad-spansk-sprogdag-spansk-sprogdag-spansk-undervisning-frivilligt-arbejde-humanitaert-frivilligt-arbejde-oekofrivilligt-arbejde-latinamerika-ecuador-galapagos\/#primaryimage","url":"https:\/\/www.vita-explorers.dk\/blog\/wp-content\/uploads\/2017\/10\/galapagos_04-min.jpg","contentUrl":"https:\/\/www.vita-explorers.dk\/blog\/wp-content\/uploads\/2017\/10\/galapagos_04-min.jpg","width":190,"height":190,"caption":"galapagos"},{"@type":"BreadcrumbList","@id":"https:\/\/www.vita-explorers.dk\/blog\/glad-spansk-sprogdag-spansk-sprogdag-spansk-undervisning-frivilligt-arbejde-humanitaert-frivilligt-arbejde-oekofrivilligt-arbejde-latinamerika-ecuador-galapagos\/#breadcrumb","itemListElement":[{"@type":"ListItem","position":1,"name":"Accueil","item":"https:\/\/www.vita-explorers.dk\/blog\/"},{"@type":"ListItem","position":2,"name":"Gl\u00e6delig spansk sprogdag!"}]},{"@type":"WebSite","@id":"https:\/\/www.vita-explorers.dk\/blog\/#website","url":"https:\/\/www.vita-explorers.dk\/blog\/","name":"Association Globalong","description":"Frivilligt arbejde, sprogophold, praktik i udlandet og internationale oplevelser","publisher":{"@id":"https:\/\/www.vita-explorers.dk\/blog\/#organization"},"potentialAction":[{"@type":"SearchAction","target":{"@type":"EntryPoint","urlTemplate":"https:\/\/www.vita-explorers.dk\/blog\/?s={search_term_string}"},"query-input":{"@type":"PropertyValueSpecification","valueRequired":true,"valueName":"search_term_string"}}],"inLanguage":"da-DK"},{"@type":"Organization","@id":"https:\/\/www.vita-explorers.dk\/blog\/#organization","name":"Association Globalong","url":"https:\/\/www.vita-explorers.dk\/blog\/","logo":{"@type":"ImageObject","inLanguage":"da-DK","@id":"https:\/\/www.vita-explorers.dk\/blog\/#\/schema\/logo\/image\/","url":"https:\/\/www.globalong.com\/blog\/wp-content\/uploads\/2014\/11\/cropped-cropped-Logo-et-Afrique-Globalong-petite-taille-2.jpg","contentUrl":"https:\/\/www.globalong.com\/blog\/wp-content\/uploads\/2014\/11\/cropped-cropped-Logo-et-Afrique-Globalong-petite-taille-2.jpg","width":512,"height":512,"caption":"Association Globalong"},"image":{"@id":"https:\/\/www.vita-explorers.dk\/blog\/#\/schema\/logo\/image\/"},"sameAs":["https:\/\/www.facebook.com\/globalong"]},{"@type":"Person","@id":"https:\/\/www.vita-explorers.dk\/blog\/#\/schema\/person\/d7df267b64f23018d1dc519e78fb2735","name":"VITA Tribe","image":{"@type":"ImageObject","inLanguage":"da-DK","@id":"https:\/\/www.vita-explorers.dk\/blog\/#\/schema\/person\/image\/","url":"https:\/\/secure.gravatar.com\/avatar\/81461bcc213d0ff2bdc043d4206648f0?s=96&d=mm&r=g","contentUrl":"https:\/\/secure.gravatar.com\/avatar\/81461bcc213d0ff2bdc043d4206648f0?s=96&d=mm&r=g","caption":"VITA Tribe"},"sameAs":["https:\/\/www.globalong.com"],"url":"https:\/\/www.vita-explorers.dk\/blog\/author\/sophie\/"}]}},"_links":{"self":[{"href":"https:\/\/www.vita-explorers.dk\/blog\/wp-json\/wp\/v2\/posts\/7019"}],"collection":[{"href":"https:\/\/www.vita-explorers.dk\/blog\/wp-json\/wp\/v2\/posts"}],"about":[{"href":"https:\/\/www.vita-explorers.dk\/blog\/wp-json\/wp\/v2\/types\/post"}],"author":[{"embeddable":true,"href":"https:\/\/www.vita-explorers.dk\/blog\/wp-json\/wp\/v2\/users\/1"}],"replies":[{"embeddable":true,"href":"https:\/\/www.vita-explorers.dk\/blog\/wp-json\/wp\/v2\/comments?post=7019"}],"version-history":[{"count":25,"href":"https:\/\/www.vita-explorers.dk\/blog\/wp-json\/wp\/v2\/posts\/7019\/revisions"}],"predecessor-version":[{"id":14250,"href":"https:\/\/www.vita-explorers.dk\/blog\/wp-json\/wp\/v2\/posts\/7019\/revisions\/14250"}],"wp:featuredmedia":[{"embeddable":true,"href":"https:\/\/www.vita-explorers.dk\/blog\/wp-json\/wp\/v2\/media\/7021"}],"wp:attachment":[{"href":"https:\/\/www.vita-explorers.dk\/blog\/wp-json\/wp\/v2\/media?parent=7019"}],"wp:term":[{"taxonomy":"category","embeddable":true,"href":"https:\/\/www.vita-explorers.dk\/blog\/wp-json\/wp\/v2\/categories?post=7019"},{"taxonomy":"post_tag","embeddable":true,"href":"https:\/\/www.vita-explorers.dk\/blog\/wp-json\/wp\/v2\/tags?post=7019"}],"curies":[{"name":"wp","href":"https:\/\/api.w.org\/{rel}","templated":true}]}}