{"id":7804,"date":"2017-11-24T14:18:01","date_gmt":"2017-11-24T13:18:01","guid":{"rendered":"https:\/\/www.globalong.com\/blog\/?p=7804"},"modified":"2022-03-14T19:46:44","modified_gmt":"2022-03-14T18:46:44","slug":"afskaffelse-af-slaveri-2-december-solidaritet-oplysning-nyheder-ansvarlige-internationale-forloeb","status":"publish","type":"post","link":"https:\/\/www.vita-explorers.dk\/blog\/afskaffelse-af-slaveri-2-december-solidaritet-oplysning-nyheder-ansvarlige-internationale-forloeb\/","title":{"rendered":"International dag for afskaffelse af slaveri (2. december)"},"content":{"rendered":"<p style=\"text-align: center;\"><span style=\"color: #b81657;\"><strong>Gennem \u00e5rhundrederne \u2013 og siden den officielle afskaffelse af slaveriet i mange lande \u2013 er der sket vigtige fremskridt for menneskerettighederne samt for kvinders og b\u00f8rns rettigheder.<\/strong><\/span><\/p>\n<p style=\"text-align: center;\"><span style=\"color: #b81657;\"><strong>Desv\u00e6rre findes slaveri stadig i dag \u2013 i forskellige former \u2013 overalt i verden.<\/strong><\/span><\/p>\n<p><img loading=\"lazy\" decoding=\"async\" class=\"wp-image-7816 size-medium aligncenter\" src=\"https:\/\/www.vita-explorers.dk\/blog\/wp-content\/uploads\/2017\/11\/Engagez-vous-pour-venir-en-aide-aux-enfants-du-Guatemala-GlobAlong-min-300x202.jpg\" alt=\"\" width=\"300\" height=\"202\" srcset=\"https:\/\/www.vita-explorers.dk\/blog\/wp-content\/uploads\/2017\/11\/Engagez-vous-pour-venir-en-aide-aux-enfants-du-Guatemala-GlobAlong-min-300x202.jpg 300w, https:\/\/www.vita-explorers.dk\/blog\/wp-content\/uploads\/2017\/11\/Engagez-vous-pour-venir-en-aide-aux-enfants-du-Guatemala-GlobAlong-min-150x101.jpg 150w, https:\/\/www.vita-explorers.dk\/blog\/wp-content\/uploads\/2017\/11\/Engagez-vous-pour-venir-en-aide-aux-enfants-du-Guatemala-GlobAlong-min.jpg 448w\" sizes=\"(max-width: 300px) 100vw, 300px\" \/><\/p>\n<p style=\"text-align: justify;\"><strong>Menneskehandel ansl\u00e5s at skabe en fortjeneste p\u00e5 32 milliarder dollars om \u00e5ret.<\/strong><\/p>\n<p style=\"text-align: justify;\">Antallet af mennesker, der udnyttes, <strong>ansl\u00e5s til 2,5 millioner<\/strong> p\u00e5 verdensplan \u2013 hvert \u00e5r.<\/p>\n<p style=\"text-align: justify;\">Det er dog sv\u00e6rt at vurdere det reelle antal ofre (mange forbliver anonyme), og tallene er uden tvivl undervurderede.<\/p>\n<p><strong>Hvem er disse ofre?<\/strong><\/p>\n<p><img loading=\"lazy\" decoding=\"async\" class=\"wp-image-7818 aligncenter\" src=\"https:\/\/www.vita-explorers.dk\/blog\/wp-content\/uploads\/2017\/11\/Barbara-au-Viet-Nam-avec-Globalong-min-224x300.jpg\" alt=\"\" width=\"300\" height=\"402\" srcset=\"https:\/\/www.vita-explorers.dk\/blog\/wp-content\/uploads\/2017\/11\/Barbara-au-Viet-Nam-avec-Globalong-min-224x300.jpg 224w, https:\/\/www.vita-explorers.dk\/blog\/wp-content\/uploads\/2017\/11\/Barbara-au-Viet-Nam-avec-Globalong-min-768x1028.jpg 768w, https:\/\/www.vita-explorers.dk\/blog\/wp-content\/uploads\/2017\/11\/Barbara-au-Viet-Nam-avec-Globalong-min-765x1024.jpg 765w, https:\/\/www.vita-explorers.dk\/blog\/wp-content\/uploads\/2017\/11\/Barbara-au-Viet-Nam-avec-Globalong-min-112x150.jpg 112w, https:\/\/www.vita-explorers.dk\/blog\/wp-content\/uploads\/2017\/11\/Barbara-au-Viet-Nam-avec-Globalong-min.jpg 1936w\" sizes=\"(max-width: 300px) 100vw, 300px\" \/><\/p>\n<p style=\"text-align: justify;\">Det rammer is\u00e6r<strong> de mest s\u00e5rbare \u2013<\/strong> tusindvis af kvinder og piger (som udg\u00f8r n\u00e6sten 80% af ofrene) og b\u00f8rn (som udg\u00f8r mellem 15 og 20% af ofrene) <strong>fra udsatte milj\u00f8er<\/strong> samt tusindvis af mennesker, der er <strong>udsat for diskrimination<\/strong> og <strong>social eksklusion<\/strong> \u2013 og som p\u00e5virkes af nutidens alvorlige kr\u00e6nkelser som: <strong>menneskehandel,<\/strong> tvungen prostitution, tvangsarbejde, tvungen rekruttering af b\u00f8rnesoldater i konfliktomr\u00e5der, tvungen rekruttering af b\u00f8rn <strong>i international<\/strong> narkohandel, tvungen tiggeri, tvangs\u00e6gteskab, organhandel <strong>m.m.<\/strong><\/p>\n<p style=\"text-align: justify;\"><span style=\"color: #b81657;\"><strong>Hvad kan vi hver is\u00e6r g\u00f8re for at bek\u00e6mpe alle disse former for moderne slaveri?<\/strong><\/span><\/p>\n<p style=\"text-align: justify;\">Det helt grundl\u00e6ggende er at <strong>s\u00e6tte sig ind i emnet<\/strong> <strong>.<\/strong><br \/>\nJo mere vi fors\u00f8ger at forst\u00e5 situationen, jo mere bevidste bliver vi om problemerne og deres \u00e5rsager. Og jo mere vi taler om det, <strong>desto bedre kan vi handle!<\/strong><\/p>\n<p><img loading=\"lazy\" decoding=\"async\" class=\"size-medium wp-image-7812 aligncenter\" src=\"https:\/\/www.vita-explorers.dk\/blog\/wp-content\/uploads\/2017\/11\/Deux-b\u00e9n\u00e9voles-en-mission-humanitaire-dans-un-orphelinat-au-Togo-GlobAlong-min-300x225.jpg\" alt=\"\" width=\"300\" height=\"225\" srcset=\"https:\/\/www.vita-explorers.dk\/blog\/wp-content\/uploads\/2017\/11\/Deux-b\u00e9n\u00e9voles-en-mission-humanitaire-dans-un-orphelinat-au-Togo-GlobAlong-min-300x225.jpg 300w, https:\/\/www.vita-explorers.dk\/blog\/wp-content\/uploads\/2017\/11\/Deux-b\u00e9n\u00e9voles-en-mission-humanitaire-dans-un-orphelinat-au-Togo-GlobAlong-min-768x576.jpg 768w, https:\/\/www.vita-explorers.dk\/blog\/wp-content\/uploads\/2017\/11\/Deux-b\u00e9n\u00e9voles-en-mission-humanitaire-dans-un-orphelinat-au-Togo-GlobAlong-min-1024x768.jpg 1024w, https:\/\/www.vita-explorers.dk\/blog\/wp-content\/uploads\/2017\/11\/Deux-b\u00e9n\u00e9voles-en-mission-humanitaire-dans-un-orphelinat-au-Togo-GlobAlong-min-150x113.jpg 150w\" sizes=\"(max-width: 300px) 100vw, 300px\" \/><\/p>\n<p style=\"text-align: justify;\">Du kan engagere dig ved at <strong>st\u00f8tte mennesker, der er ramt af moderne slaveri \u2013 fx gennem frivilligt arbejde<\/strong>, enten i dit eget land eller ved at deltage i et internationalt frivilligforl\u00f8b.<\/p>\n<p style=\"text-align: justify;\">Du kan ogs\u00e5 engagere dig ved at <strong>r\u00e5be op om disse forbrydelser<\/strong> og kr\u00e6ve, at de ansvarlige bliver stillet til ansvar \u2013 fx ved at underskrive online-petitioner.<\/p>\n<p style=\"text-align: justify;\"><strong>Fordi deres fremtid afh\u00e6nger af vores engagement, s\u00e5 lad os st\u00e5 sammen om at s\u00e6tte en stopper for praksisser, der ikke h\u00f8rer hjemme i det 21. \u00e5rhundrede!<\/strong><\/p>\n<p style=\"text-align: center;\"><strong>For mere information kan du kontakte os her:<\/strong>\u00a0<a href=\"mailto:info@globalong.com\" target=\"_blank\" rel=\"noopener\"><span style=\"color: #b81657;\"><strong>info@globalong.com<\/strong><\/span><\/a><\/p>\n<p style=\"text-align: center;\"><strong><a href=\"https:\/\/www.vita-explorers.dk\/que-penser-de-globalong.html\" target=\"_blank\" rel=\"noopener\" data-cke-saved-href=\"https:\/\/www.vita-explorers.dk\/que-penser-de-globalong.html\"><u>Hvad mener man om VITA?<\/u><\/a><\/strong><\/p>\n<p style=\"text-align: center;\"><strong>Hvis du \u00f8nsker at deltage i et <span style=\"text-decoration: underline;\"><a href=\"https:\/\/www.vita-explorers.dk\/frivilligt-arbejde\/\" target=\"_blank\" rel=\"noopener\">humanit\u00e6rt ophold i udlandet<\/a><\/span><\/strong><span style=\"text-decoration: underline;\">\u00a0<\/span>!<\/p>\n<p style=\"text-align: center;\"><strong>L\u00e6s <span style=\"text-decoration: underline;\"> <a href=\"https:\/\/www.vita-explorers.dk\/blog\/avis-globalong\/\" target=\"_blank\" rel=\"noopener\">oplevelser<\/a> <\/span>fra deltagere p\u00e5 internationale frivilligforl\u00f8b\u00a0<\/strong>!<\/p>\n<p style=\"text-align: center;\"><strong>Se frivilligforl\u00f8bene <span style=\"text-decoration: underline;\"><a href=\"https:\/\/www.flickr.com\/photos\/globalong\/albums\" target=\"_blank\" rel=\"noopener\">i billeder<\/a><\/span>\u00a0<\/strong>!<\/p>\n<p style=\"text-align: center;\"><a href=\"https:\/\/www.vita-explorers.dk\/blog\/videoer-fra-vores-destinationer-frivilligt-arbejde-internationale-forloeb\/\" target=\"_blank\" rel=\"noopener\"><strong><span style=\"color: #b81657;\">VITA p\u00e5 video!<\/span><\/strong><\/a><\/p>\n<p style=\"text-align: justify;\"><span style=\"color: #b81657;\"><strong>Kilder:<\/strong><br \/>\n<\/span><span style=\"text-decoration: underline;\"><a href=\"http:\/\/www.esclavagemoderne.org\/011-57-les-chiffres-les-enjeux.html\" target=\"_blank\" rel=\"noopener\"><span style=\"color: #000000; text-decoration: underline;\"><span style=\"color: #b81657; text-decoration: underline;\">Komit\u00e9en mod moderne slaveri: tal og perspektiver (www.esclavagemoderne.org)<\/span><\/span><\/a><\/span><\/p>\n<p><span style=\"text-decoration: underline; color: #b81657;\"><a href=\"http:\/\/www.un.org\/fr\/events\/slaveryabolitionday\/trafficking.shtml\" target=\"_blank\" rel=\"noopener\">International dag for afskaffelse af slaveri (FN)<\/a>\u00a0<\/span><\/p>\n<p><span style=\"text-decoration: underline; color: #b81657;\"><a href=\"https:\/\/www.diplomatie.gouv.fr\/fr\/politique-etrangere-de-la-france\/droits-de-l-homme\/lutte-contre-la-traite-des-etres-humains\/\" target=\"_blank\" rel=\"noopener\">Bek\u00e6mpelse af menneskehandel (www.diplomatie.gouv.fr)<\/a><\/span><\/p>\n","protected":false},"excerpt":{"rendered":"<p>Gennem \u00e5rhundrederne \u2013 og siden den officielle afskaffelse af slaveriet i mange lande \u2013 er der sket vigtige fremskridt for menneskerettighederne samt for kvinders\u2026<\/p>\n","protected":false},"author":1,"featured_media":12228,"comment_status":"open","ping_status":"open","sticky":false,"template":"","format":"standard","meta":{"footnotes":""},"categories":[8,1,4],"tags":[504,501,503,502,440,25],"yoast_head":"<!-- This site is optimized with the Yoast SEO Premium plugin v23.4 (Yoast SEO v23.4) - https:\/\/yoast.com\/wordpress\/plugins\/seo\/ -->\n<title>International dag for afskaffelse af slaveri (2. december) - VITA Explorers Blog<\/title>\n<meta name=\"robots\" content=\"index, follow, max-snippet:-1, max-image-preview:large, max-video-preview:-1\" \/>\n<link rel=\"canonical\" href=\"https:\/\/www.vita-explorers.dk\/blog\/afskaffelse-af-slaveri-2-december-solidaritet-oplysning-nyheder-ansvarlige-internationale-forloeb\/\" \/>\n<meta property=\"og:locale\" content=\"da_DK\" \/>\n<meta property=\"og:type\" content=\"article\" \/>\n<meta property=\"og:title\" content=\"International dag for afskaffelse af slaveri (2. december)\" \/>\n<meta property=\"og:description\" content=\"Gennem \u00e5rhundrederne \u2013 og siden den officielle afskaffelse af slaveriet i mange lande \u2013 er der sket vigtige fremskridt for menneskerettighederne samt for kvinders\u2026\" \/>\n<meta property=\"og:url\" content=\"https:\/\/www.vita-explorers.dk\/blog\/afskaffelse-af-slaveri-2-december-solidaritet-oplysning-nyheder-ansvarlige-internationale-forloeb\/\" \/>\n<meta property=\"og:site_name\" content=\"VITA Explorers Blog\" \/>\n<meta property=\"article:publisher\" content=\"https:\/\/www.facebook.com\/globalong\" \/>\n<meta property=\"article:published_time\" content=\"2017-11-24T13:18:01+00:00\" \/>\n<meta property=\"article:modified_time\" content=\"2022-03-14T18:46:44+00:00\" \/>\n<meta property=\"og:image\" content=\"https:\/\/www.vita-explorers.dk\/blog\/wp-content\/uploads\/2018\/12\/csm_Sports_for_Development_1_6cfc40bf8a-min.jpg\" \/>\n\t<meta property=\"og:image:width\" content=\"800\" \/>\n\t<meta property=\"og:image:height\" content=\"533\" \/>\n\t<meta property=\"og:image:type\" content=\"image\/jpeg\" \/>\n<meta name=\"author\" content=\"VITA Tribe\" \/>\n<meta name=\"twitter:card\" content=\"summary_large_image\" \/>\n<meta name=\"twitter:label1\" content=\"Skrevet af\" \/>\n\t<meta name=\"twitter:data1\" content=\"VITA Tribe\" \/>\n\t<meta name=\"twitter:label2\" content=\"Estimeret l\u00e6setid\" \/>\n\t<meta name=\"twitter:data2\" content=\"2 minutter\" \/>\n<script type=\"application\/ld+json\" class=\"yoast-schema-graph\">{\"@context\":\"https:\/\/schema.org\",\"@graph\":[{\"@type\":\"Article\",\"@id\":\"https:\/\/www.vita-explorers.dk\/blog\/afskaffelse-af-slaveri-2-december-solidaritet-oplysning-nyheder-ansvarlige-internationale-forloeb\/#article\",\"isPartOf\":{\"@id\":\"https:\/\/www.vita-explorers.dk\/blog\/afskaffelse-af-slaveri-2-december-solidaritet-oplysning-nyheder-ansvarlige-internationale-forloeb\/\"},\"author\":{\"name\":\"VITA Tribe\",\"@id\":\"https:\/\/www.vita-explorers.dk\/blog\/#\/schema\/person\/d7df267b64f23018d1dc519e78fb2735\"},\"headline\":\"International dag for afskaffelse af slaveri (2. december)\",\"datePublished\":\"2017-11-24T13:18:01+00:00\",\"dateModified\":\"2022-03-14T18:46:44+00:00\",\"mainEntityOfPage\":{\"@id\":\"https:\/\/www.vita-explorers.dk\/blog\/afskaffelse-af-slaveri-2-december-solidaritet-oplysning-nyheder-ansvarlige-internationale-forloeb\/\"},\"wordCount\":400,\"commentCount\":2,\"publisher\":{\"@id\":\"https:\/\/www.vita-explorers.dk\/blog\/#organization\"},\"image\":{\"@id\":\"https:\/\/www.vita-explorers.dk\/blog\/afskaffelse-af-slaveri-2-december-solidaritet-oplysning-nyheder-ansvarlige-internationale-forloeb\/#primaryimage\"},\"thumbnailUrl\":\"https:\/\/www.vita-explorers.dk\/blog\/wp-content\/uploads\/2018\/12\/csm_Sports_for_Development_1_6cfc40bf8a-min.jpg\",\"keywords\":[\"2 d\u00e9cembre\",\"abolition de l'esclavage\",\"cause\",\"projet humanitaire\",\"sensibilisation\",\"solidarit\u00e9\"],\"articleSection\":[\"Humanit\u00e6rt frivilligt arbejde\",\"No Name\",\"VITA Explorers\"],\"inLanguage\":\"da-DK\",\"potentialAction\":[{\"@type\":\"CommentAction\",\"name\":\"Comment\",\"target\":[\"https:\/\/www.vita-explorers.dk\/blog\/afskaffelse-af-slaveri-2-december-solidaritet-oplysning-nyheder-ansvarlige-internationale-forloeb\/#respond\"]}]},{\"@type\":\"WebPage\",\"@id\":\"https:\/\/www.vita-explorers.dk\/blog\/afskaffelse-af-slaveri-2-december-solidaritet-oplysning-nyheder-ansvarlige-internationale-forloeb\/\",\"url\":\"https:\/\/www.vita-explorers.dk\/blog\/afskaffelse-af-slaveri-2-december-solidaritet-oplysning-nyheder-ansvarlige-internationale-forloeb\/\",\"name\":\"International dag for afskaffelse af slaveri (2. december) - VITA Explorers Blog\",\"isPartOf\":{\"@id\":\"https:\/\/www.vita-explorers.dk\/blog\/#website\"},\"primaryImageOfPage\":{\"@id\":\"https:\/\/www.vita-explorers.dk\/blog\/afskaffelse-af-slaveri-2-december-solidaritet-oplysning-nyheder-ansvarlige-internationale-forloeb\/#primaryimage\"},\"image\":{\"@id\":\"https:\/\/www.vita-explorers.dk\/blog\/afskaffelse-af-slaveri-2-december-solidaritet-oplysning-nyheder-ansvarlige-internationale-forloeb\/#primaryimage\"},\"thumbnailUrl\":\"https:\/\/www.vita-explorers.dk\/blog\/wp-content\/uploads\/2018\/12\/csm_Sports_for_Development_1_6cfc40bf8a-min.jpg\",\"datePublished\":\"2017-11-24T13:18:01+00:00\",\"dateModified\":\"2022-03-14T18:46:44+00:00\",\"breadcrumb\":{\"@id\":\"https:\/\/www.vita-explorers.dk\/blog\/afskaffelse-af-slaveri-2-december-solidaritet-oplysning-nyheder-ansvarlige-internationale-forloeb\/#breadcrumb\"},\"inLanguage\":\"da-DK\",\"potentialAction\":[{\"@type\":\"ReadAction\",\"target\":[\"https:\/\/www.vita-explorers.dk\/blog\/afskaffelse-af-slaveri-2-december-solidaritet-oplysning-nyheder-ansvarlige-internationale-forloeb\/\"]}]},{\"@type\":\"ImageObject\",\"inLanguage\":\"da-DK\",\"@id\":\"https:\/\/www.vita-explorers.dk\/blog\/afskaffelse-af-slaveri-2-december-solidaritet-oplysning-nyheder-ansvarlige-internationale-forloeb\/#primaryimage\",\"url\":\"https:\/\/www.vita-explorers.dk\/blog\/wp-content\/uploads\/2018\/12\/csm_Sports_for_Development_1_6cfc40bf8a-min.jpg\",\"contentUrl\":\"https:\/\/www.vita-explorers.dk\/blog\/wp-content\/uploads\/2018\/12\/csm_Sports_for_Development_1_6cfc40bf8a-min.jpg\",\"width\":800,\"height\":533,\"caption\":\"mission humanitaire en Namibie\"},{\"@type\":\"BreadcrumbList\",\"@id\":\"https:\/\/www.vita-explorers.dk\/blog\/afskaffelse-af-slaveri-2-december-solidaritet-oplysning-nyheder-ansvarlige-internationale-forloeb\/#breadcrumb\",\"itemListElement\":[{\"@type\":\"ListItem\",\"position\":1,\"name\":\"Accueil\",\"item\":\"https:\/\/www.vita-explorers.dk\/blog\/\"},{\"@type\":\"ListItem\",\"position\":2,\"name\":\"International dag for afskaffelse af slaveri (2. december)\"}]},{\"@type\":\"WebSite\",\"@id\":\"https:\/\/www.vita-explorers.dk\/blog\/#website\",\"url\":\"https:\/\/www.vita-explorers.dk\/blog\/\",\"name\":\"Association Globalong\",\"description\":\"Frivilligt arbejde, sprogophold, praktik i udlandet og internationale oplevelser\",\"publisher\":{\"@id\":\"https:\/\/www.vita-explorers.dk\/blog\/#organization\"},\"potentialAction\":[{\"@type\":\"SearchAction\",\"target\":{\"@type\":\"EntryPoint\",\"urlTemplate\":\"https:\/\/www.vita-explorers.dk\/blog\/?s={search_term_string}\"},\"query-input\":{\"@type\":\"PropertyValueSpecification\",\"valueRequired\":true,\"valueName\":\"search_term_string\"}}],\"inLanguage\":\"da-DK\"},{\"@type\":\"Organization\",\"@id\":\"https:\/\/www.vita-explorers.dk\/blog\/#organization\",\"name\":\"Association Globalong\",\"url\":\"https:\/\/www.vita-explorers.dk\/blog\/\",\"logo\":{\"@type\":\"ImageObject\",\"inLanguage\":\"da-DK\",\"@id\":\"https:\/\/www.vita-explorers.dk\/blog\/#\/schema\/logo\/image\/\",\"url\":\"https:\/\/www.globalong.com\/blog\/wp-content\/uploads\/2014\/11\/cropped-cropped-Logo-et-Afrique-Globalong-petite-taille-2.jpg\",\"contentUrl\":\"https:\/\/www.globalong.com\/blog\/wp-content\/uploads\/2014\/11\/cropped-cropped-Logo-et-Afrique-Globalong-petite-taille-2.jpg\",\"width\":512,\"height\":512,\"caption\":\"Association Globalong\"},\"image\":{\"@id\":\"https:\/\/www.vita-explorers.dk\/blog\/#\/schema\/logo\/image\/\"},\"sameAs\":[\"https:\/\/www.facebook.com\/globalong\"]},{\"@type\":\"Person\",\"@id\":\"https:\/\/www.vita-explorers.dk\/blog\/#\/schema\/person\/d7df267b64f23018d1dc519e78fb2735\",\"name\":\"VITA Tribe\",\"image\":{\"@type\":\"ImageObject\",\"inLanguage\":\"da-DK\",\"@id\":\"https:\/\/www.vita-explorers.dk\/blog\/#\/schema\/person\/image\/\",\"url\":\"https:\/\/secure.gravatar.com\/avatar\/81461bcc213d0ff2bdc043d4206648f0?s=96&d=mm&r=g\",\"contentUrl\":\"https:\/\/secure.gravatar.com\/avatar\/81461bcc213d0ff2bdc043d4206648f0?s=96&d=mm&r=g\",\"caption\":\"VITA Tribe\"},\"sameAs\":[\"https:\/\/www.globalong.com\"],\"url\":\"https:\/\/www.vita-explorers.dk\/blog\/author\/sophie\/\"}]}<\/script>\n<!-- \/ Yoast SEO Premium plugin. -->","yoast_head_json":{"title":"International dag for afskaffelse af slaveri (2. december) - VITA Explorers Blog","robots":{"index":"index","follow":"follow","max-snippet":"max-snippet:-1","max-image-preview":"max-image-preview:large","max-video-preview":"max-video-preview:-1"},"canonical":"https:\/\/www.vita-explorers.dk\/blog\/afskaffelse-af-slaveri-2-december-solidaritet-oplysning-nyheder-ansvarlige-internationale-forloeb\/","og_locale":"da_DK","og_type":"article","og_title":"International dag for afskaffelse af slaveri (2. december)","og_description":"Gennem \u00e5rhundrederne \u2013 og siden den officielle afskaffelse af slaveriet i mange lande \u2013 er der sket vigtige fremskridt for menneskerettighederne samt for kvinders\u2026","og_url":"https:\/\/www.vita-explorers.dk\/blog\/afskaffelse-af-slaveri-2-december-solidaritet-oplysning-nyheder-ansvarlige-internationale-forloeb\/","og_site_name":"VITA Explorers Blog","article_publisher":"https:\/\/www.facebook.com\/globalong","article_published_time":"2017-11-24T13:18:01+00:00","article_modified_time":"2022-03-14T18:46:44+00:00","og_image":[{"width":800,"height":533,"url":"https:\/\/www.vita-explorers.dk\/blog\/wp-content\/uploads\/2018\/12\/csm_Sports_for_Development_1_6cfc40bf8a-min.jpg","type":"image\/jpeg"}],"author":"VITA Tribe","twitter_card":"summary_large_image","twitter_misc":{"Skrevet af":"VITA Tribe","Estimeret l\u00e6setid":"2 minutter"},"schema":{"@context":"https:\/\/schema.org","@graph":[{"@type":"Article","@id":"https:\/\/www.vita-explorers.dk\/blog\/afskaffelse-af-slaveri-2-december-solidaritet-oplysning-nyheder-ansvarlige-internationale-forloeb\/#article","isPartOf":{"@id":"https:\/\/www.vita-explorers.dk\/blog\/afskaffelse-af-slaveri-2-december-solidaritet-oplysning-nyheder-ansvarlige-internationale-forloeb\/"},"author":{"name":"VITA Tribe","@id":"https:\/\/www.vita-explorers.dk\/blog\/#\/schema\/person\/d7df267b64f23018d1dc519e78fb2735"},"headline":"International dag for afskaffelse af slaveri (2. december)","datePublished":"2017-11-24T13:18:01+00:00","dateModified":"2022-03-14T18:46:44+00:00","mainEntityOfPage":{"@id":"https:\/\/www.vita-explorers.dk\/blog\/afskaffelse-af-slaveri-2-december-solidaritet-oplysning-nyheder-ansvarlige-internationale-forloeb\/"},"wordCount":400,"commentCount":2,"publisher":{"@id":"https:\/\/www.vita-explorers.dk\/blog\/#organization"},"image":{"@id":"https:\/\/www.vita-explorers.dk\/blog\/afskaffelse-af-slaveri-2-december-solidaritet-oplysning-nyheder-ansvarlige-internationale-forloeb\/#primaryimage"},"thumbnailUrl":"https:\/\/www.vita-explorers.dk\/blog\/wp-content\/uploads\/2018\/12\/csm_Sports_for_Development_1_6cfc40bf8a-min.jpg","keywords":["2 d\u00e9cembre","abolition de l'esclavage","cause","projet humanitaire","sensibilisation","solidarit\u00e9"],"articleSection":["Humanit\u00e6rt frivilligt arbejde","No Name","VITA Explorers"],"inLanguage":"da-DK","potentialAction":[{"@type":"CommentAction","name":"Comment","target":["https:\/\/www.vita-explorers.dk\/blog\/afskaffelse-af-slaveri-2-december-solidaritet-oplysning-nyheder-ansvarlige-internationale-forloeb\/#respond"]}]},{"@type":"WebPage","@id":"https:\/\/www.vita-explorers.dk\/blog\/afskaffelse-af-slaveri-2-december-solidaritet-oplysning-nyheder-ansvarlige-internationale-forloeb\/","url":"https:\/\/www.vita-explorers.dk\/blog\/afskaffelse-af-slaveri-2-december-solidaritet-oplysning-nyheder-ansvarlige-internationale-forloeb\/","name":"International dag for afskaffelse af slaveri (2. december) - VITA Explorers Blog","isPartOf":{"@id":"https:\/\/www.vita-explorers.dk\/blog\/#website"},"primaryImageOfPage":{"@id":"https:\/\/www.vita-explorers.dk\/blog\/afskaffelse-af-slaveri-2-december-solidaritet-oplysning-nyheder-ansvarlige-internationale-forloeb\/#primaryimage"},"image":{"@id":"https:\/\/www.vita-explorers.dk\/blog\/afskaffelse-af-slaveri-2-december-solidaritet-oplysning-nyheder-ansvarlige-internationale-forloeb\/#primaryimage"},"thumbnailUrl":"https:\/\/www.vita-explorers.dk\/blog\/wp-content\/uploads\/2018\/12\/csm_Sports_for_Development_1_6cfc40bf8a-min.jpg","datePublished":"2017-11-24T13:18:01+00:00","dateModified":"2022-03-14T18:46:44+00:00","breadcrumb":{"@id":"https:\/\/www.vita-explorers.dk\/blog\/afskaffelse-af-slaveri-2-december-solidaritet-oplysning-nyheder-ansvarlige-internationale-forloeb\/#breadcrumb"},"inLanguage":"da-DK","potentialAction":[{"@type":"ReadAction","target":["https:\/\/www.vita-explorers.dk\/blog\/afskaffelse-af-slaveri-2-december-solidaritet-oplysning-nyheder-ansvarlige-internationale-forloeb\/"]}]},{"@type":"ImageObject","inLanguage":"da-DK","@id":"https:\/\/www.vita-explorers.dk\/blog\/afskaffelse-af-slaveri-2-december-solidaritet-oplysning-nyheder-ansvarlige-internationale-forloeb\/#primaryimage","url":"https:\/\/www.vita-explorers.dk\/blog\/wp-content\/uploads\/2018\/12\/csm_Sports_for_Development_1_6cfc40bf8a-min.jpg","contentUrl":"https:\/\/www.vita-explorers.dk\/blog\/wp-content\/uploads\/2018\/12\/csm_Sports_for_Development_1_6cfc40bf8a-min.jpg","width":800,"height":533,"caption":"mission humanitaire en Namibie"},{"@type":"BreadcrumbList","@id":"https:\/\/www.vita-explorers.dk\/blog\/afskaffelse-af-slaveri-2-december-solidaritet-oplysning-nyheder-ansvarlige-internationale-forloeb\/#breadcrumb","itemListElement":[{"@type":"ListItem","position":1,"name":"Accueil","item":"https:\/\/www.vita-explorers.dk\/blog\/"},{"@type":"ListItem","position":2,"name":"International dag for afskaffelse af slaveri (2. december)"}]},{"@type":"WebSite","@id":"https:\/\/www.vita-explorers.dk\/blog\/#website","url":"https:\/\/www.vita-explorers.dk\/blog\/","name":"Association Globalong","description":"Frivilligt arbejde, sprogophold, praktik i udlandet og internationale oplevelser","publisher":{"@id":"https:\/\/www.vita-explorers.dk\/blog\/#organization"},"potentialAction":[{"@type":"SearchAction","target":{"@type":"EntryPoint","urlTemplate":"https:\/\/www.vita-explorers.dk\/blog\/?s={search_term_string}"},"query-input":{"@type":"PropertyValueSpecification","valueRequired":true,"valueName":"search_term_string"}}],"inLanguage":"da-DK"},{"@type":"Organization","@id":"https:\/\/www.vita-explorers.dk\/blog\/#organization","name":"Association Globalong","url":"https:\/\/www.vita-explorers.dk\/blog\/","logo":{"@type":"ImageObject","inLanguage":"da-DK","@id":"https:\/\/www.vita-explorers.dk\/blog\/#\/schema\/logo\/image\/","url":"https:\/\/www.globalong.com\/blog\/wp-content\/uploads\/2014\/11\/cropped-cropped-Logo-et-Afrique-Globalong-petite-taille-2.jpg","contentUrl":"https:\/\/www.globalong.com\/blog\/wp-content\/uploads\/2014\/11\/cropped-cropped-Logo-et-Afrique-Globalong-petite-taille-2.jpg","width":512,"height":512,"caption":"Association Globalong"},"image":{"@id":"https:\/\/www.vita-explorers.dk\/blog\/#\/schema\/logo\/image\/"},"sameAs":["https:\/\/www.facebook.com\/globalong"]},{"@type":"Person","@id":"https:\/\/www.vita-explorers.dk\/blog\/#\/schema\/person\/d7df267b64f23018d1dc519e78fb2735","name":"VITA Tribe","image":{"@type":"ImageObject","inLanguage":"da-DK","@id":"https:\/\/www.vita-explorers.dk\/blog\/#\/schema\/person\/image\/","url":"https:\/\/secure.gravatar.com\/avatar\/81461bcc213d0ff2bdc043d4206648f0?s=96&d=mm&r=g","contentUrl":"https:\/\/secure.gravatar.com\/avatar\/81461bcc213d0ff2bdc043d4206648f0?s=96&d=mm&r=g","caption":"VITA Tribe"},"sameAs":["https:\/\/www.globalong.com"],"url":"https:\/\/www.vita-explorers.dk\/blog\/author\/sophie\/"}]}},"_links":{"self":[{"href":"https:\/\/www.vita-explorers.dk\/blog\/wp-json\/wp\/v2\/posts\/7804"}],"collection":[{"href":"https:\/\/www.vita-explorers.dk\/blog\/wp-json\/wp\/v2\/posts"}],"about":[{"href":"https:\/\/www.vita-explorers.dk\/blog\/wp-json\/wp\/v2\/types\/post"}],"author":[{"embeddable":true,"href":"https:\/\/www.vita-explorers.dk\/blog\/wp-json\/wp\/v2\/users\/1"}],"replies":[{"embeddable":true,"href":"https:\/\/www.vita-explorers.dk\/blog\/wp-json\/wp\/v2\/comments?post=7804"}],"version-history":[{"count":38,"href":"https:\/\/www.vita-explorers.dk\/blog\/wp-json\/wp\/v2\/posts\/7804\/revisions"}],"predecessor-version":[{"id":14247,"href":"https:\/\/www.vita-explorers.dk\/blog\/wp-json\/wp\/v2\/posts\/7804\/revisions\/14247"}],"wp:featuredmedia":[{"embeddable":true,"href":"https:\/\/www.vita-explorers.dk\/blog\/wp-json\/wp\/v2\/media\/12228"}],"wp:attachment":[{"href":"https:\/\/www.vita-explorers.dk\/blog\/wp-json\/wp\/v2\/media?parent=7804"}],"wp:term":[{"taxonomy":"category","embeddable":true,"href":"https:\/\/www.vita-explorers.dk\/blog\/wp-json\/wp\/v2\/categories?post=7804"},{"taxonomy":"post_tag","embeddable":true,"href":"https:\/\/www.vita-explorers.dk\/blog\/wp-json\/wp\/v2\/tags?post=7804"}],"curies":[{"name":"wp","href":"https:\/\/api.w.org\/{rel}","templated":true}]}}