{"id":8084,"date":"2017-12-01T14:15:20","date_gmt":"2017-12-01T13:15:20","guid":{"rendered":"https:\/\/www.globalong.com\/blog\/?p=8084"},"modified":"2022-03-14T19:44:49","modified_gmt":"2022-03-14T18:44:49","slug":"vita-stoette-frivilligt-arbejde-kampen-mod-hiv-aids-1-december","status":"publish","type":"post","link":"https:\/\/www.vita-explorers.dk\/blog\/vita-stoette-frivilligt-arbejde-kampen-mod-hiv-aids-1-december\/","title":{"rendered":"Verdens AIDS-dag (1. december)"},"content":{"rendered":"<p style=\"text-align: center;\"><span style=\"color: #b81657;\"><strong>World AIDS Day er en international m\u00e6rkedag, der afholdes hvert \u00e5r den 1. december.<br \/>\nDen markerer starten p\u00e5 en uge med oplysning og fokus p\u00e5 HIV- og AIDS-pandemien.<\/strong><\/span><\/p>\n<p style=\"text-align: justify;\"><a href=\"https:\/\/www.vita-explorers.dk\/blog\/wp-content\/uploads\/2017\/12\/Journ\u00e9e-mondiale-de-lutte-contre-le-SIDA.jpg\"><img loading=\"lazy\" decoding=\"async\" class=\"size-medium wp-image-8092 aligncenter\" src=\"https:\/\/www.vita-explorers.dk\/blog\/wp-content\/uploads\/2017\/12\/Journ\u00e9e-mondiale-de-lutte-contre-le-SIDA-300x200.jpg\" alt=\"\" width=\"300\" height=\"200\" srcset=\"https:\/\/www.vita-explorers.dk\/blog\/wp-content\/uploads\/2017\/12\/Journ\u00e9e-mondiale-de-lutte-contre-le-SIDA-300x200.jpg 300w, https:\/\/www.vita-explorers.dk\/blog\/wp-content\/uploads\/2017\/12\/Journ\u00e9e-mondiale-de-lutte-contre-le-SIDA-150x100.jpg 150w, https:\/\/www.vita-explorers.dk\/blog\/wp-content\/uploads\/2017\/12\/Journ\u00e9e-mondiale-de-lutte-contre-le-SIDA.jpg 609w\" sizes=\"(max-width: 300px) 100vw, 300px\" \/><\/a>HIV (humant immundefektvirus) er en virus, der sv\u00e6kker immunforsvaret. Det kan g\u00f8re ellers almindelige og normalt ufarlige infektioner \u2013 s\u00e5kaldte opportunistiske sygdomme \u2013 alvorlige.<\/p>\n<p style=\"text-align: justify;\">AIDS (erhvervet immundefektsyndrom) er det sidste stadie af en HIV-infektion. Smitte sker oftest ved seksuel kontakt, men kan ogs\u00e5 overf\u00f8res via blod, under graviditet eller ved amning fra mor til barn.<\/p>\n<p style=\"text-align: justify;\"><a href=\"https:\/\/www.vita-explorers.dk\/blog\/wp-content\/uploads\/2017\/12\/VIH-Cambodge-5-min.jpg\"><img loading=\"lazy\" decoding=\"async\" class=\"size-medium wp-image-8094 aligncenter\" src=\"https:\/\/www.vita-explorers.dk\/blog\/wp-content\/uploads\/2017\/12\/VIH-Cambodge-5-min-300x225.jpg\" alt=\"\" width=\"300\" height=\"225\" srcset=\"https:\/\/www.vita-explorers.dk\/blog\/wp-content\/uploads\/2017\/12\/VIH-Cambodge-5-min-300x225.jpg 300w, https:\/\/www.vita-explorers.dk\/blog\/wp-content\/uploads\/2017\/12\/VIH-Cambodge-5-min-150x113.jpg 150w, https:\/\/www.vita-explorers.dk\/blog\/wp-content\/uploads\/2017\/12\/VIH-Cambodge-5-min.jpg 384w\" sizes=\"(max-width: 300px) 100vw, 300px\" \/><\/a>Virussen spredte sig globalt i slutningen af 1970\u2019erne, tog fart i begyndelsen af 1980\u2019erne og blev f\u00f8rste gang identificeret i 1981.<\/p>\n<p style=\"text-align: justify;\">Den f\u00f8rste World AIDS Day blev afholdt den 1. december 1988 og blev etableret af Verdenssundhedsorganisationen (WHO).<\/p>\n<p style=\"text-align: justify;\">De \u00e5rlige markeringer har siden f\u00e5et opbakning fra FN\u2019s Generalforsamling.<\/p>\n<p style=\"text-align: justify;\"><a href=\"https:\/\/www.vita-explorers.dk\/blog\/wp-content\/uploads\/2017\/12\/Michele-be\u0301ne\u0301vole-avec-GlobAlong-au-Togo-min.jpg\"><img loading=\"lazy\" decoding=\"async\" class=\"wp-image-8106 aligncenter\" src=\"https:\/\/www.vita-explorers.dk\/blog\/wp-content\/uploads\/2017\/12\/Michele-be\u0301ne\u0301vole-avec-GlobAlong-au-Togo-min-224x300.jpg\" alt=\"\" width=\"300\" height=\"401\" srcset=\"https:\/\/www.vita-explorers.dk\/blog\/wp-content\/uploads\/2017\/12\/Michele-be\u0301ne\u0301vole-avec-GlobAlong-au-Togo-min-224x300.jpg 224w, https:\/\/www.vita-explorers.dk\/blog\/wp-content\/uploads\/2017\/12\/Michele-be\u0301ne\u0301vole-avec-GlobAlong-au-Togo-min-768x1027.jpg 768w, https:\/\/www.vita-explorers.dk\/blog\/wp-content\/uploads\/2017\/12\/Michele-be\u0301ne\u0301vole-avec-GlobAlong-au-Togo-min-766x1024.jpg 766w, https:\/\/www.vita-explorers.dk\/blog\/wp-content\/uploads\/2017\/12\/Michele-be\u0301ne\u0301vole-avec-GlobAlong-au-Togo-min-112x150.jpg 112w\" sizes=\"(max-width: 300px) 100vw, 300px\" \/><\/a>Dagen er ogs\u00e5 en anledning for UNAIDS \u2013 et FN-program etableret i 1996 \u2013 til at udarbejde og udgive en \u00e5rlig rapport, der g\u00f8r status over epidemiens udvikling globalt. Samtidig handler dagen om at \u00f8ge kendskabet til HIV og om at mindes dem, der er d\u00f8de som f\u00f8lge af virussen.<\/p>\n<p style=\"text-align: justify;\">Hver dag f\u00f8des omkring 1.000 b\u00f8rn med HIV i Afrika.<\/p>\n<p style=\"text-align: justify;\">I 2016 levede 36,7 millioner mennesker med AIDS, if\u00f8lge WHO. Samme \u00e5r d\u00f8de 1 million mennesker p\u00e5 verdensplan.<\/p>\n<p style=\"text-align: justify;\">Mere end 41 millioner mennesker er HIV-positive eller lever med AIDS.<\/p>\n<p style=\"text-align: justify;\">I Frankrig registreres 6.000 nye smittetilf\u00e6lde om \u00e5ret, if\u00f8lge en unders\u00f8gelse fra Sant\u00e9 Publique France i 2015. World AIDS Day g\u00f8r det muligt for alle at bidrage til forskning og udvikling af behandling mod AIDS.<\/p>\n<p style=\"text-align: justify;\"><a href=\"https:\/\/www.vita-explorers.dk\/blog\/wp-content\/uploads\/2017\/12\/Stagiaire-et-me\u0301decins-aux-Maldives-GlobAlong-min.jpg\"><img loading=\"lazy\" decoding=\"async\" class=\"size-medium wp-image-8100 aligncenter\" src=\"https:\/\/www.vita-explorers.dk\/blog\/wp-content\/uploads\/2017\/12\/Stagiaire-et-me\u0301decins-aux-Maldives-GlobAlong-min-300x225.jpg\" alt=\"\" width=\"300\" height=\"225\" srcset=\"https:\/\/www.vita-explorers.dk\/blog\/wp-content\/uploads\/2017\/12\/Stagiaire-et-me\u0301decins-aux-Maldives-GlobAlong-min-300x225.jpg 300w, https:\/\/www.vita-explorers.dk\/blog\/wp-content\/uploads\/2017\/12\/Stagiaire-et-me\u0301decins-aux-Maldives-GlobAlong-min-150x113.jpg 150w, https:\/\/www.vita-explorers.dk\/blog\/wp-content\/uploads\/2017\/12\/Stagiaire-et-me\u0301decins-aux-Maldives-GlobAlong-min.jpg 400w\" sizes=\"(max-width: 300px) 100vw, 300px\" \/><\/a>Det er muligt at give donationer, som \u2013 afh\u00e6ngigt af bel\u00f8b \u2013 kan st\u00f8tte oplysning af omkring 100 personer om risikoen ved HIV, finansiere en dags arbejde for en forsker, en analyse af virussens genom eller en hel m\u00e5neds 3. generations ARV-behandling til en voksen i Afrika.<\/p>\n<p style=\"text-align: justify;\">I 2016 gjorde donationer det muligt at:<\/p>\n<ul style=\"text-align: justify;\">\n<li>st\u00f8tte 39 projekter inden for grundforskning samt klinisk og social forskning<\/li>\n<li>give 56.600 personer adgang til behandling \u2013 heraf 5.636 b\u00f8rn \u2013 via sundhedsstrukturer st\u00f8ttet af Sidaction internationalt<\/li>\n<li><a href=\"https:\/\/www.vita-explorers.dk\/blog\/wp-content\/uploads\/2017\/12\/Programme-de-be\u0301ne\u0301volat-Sante\u0301-Thai\u0308lande-Globalong-min.jpg\"><img loading=\"lazy\" decoding=\"async\" class=\"size-medium wp-image-8102 aligncenter\" src=\"https:\/\/www.vita-explorers.dk\/blog\/wp-content\/uploads\/2017\/12\/Programme-de-be\u0301ne\u0301volat-Sante\u0301-Thai\u0308lande-Globalong-min-300x225.jpg\" alt=\"\" width=\"300\" height=\"225\" srcset=\"https:\/\/www.vita-explorers.dk\/blog\/wp-content\/uploads\/2017\/12\/Programme-de-be\u0301ne\u0301volat-Sante\u0301-Thai\u0308lande-Globalong-min-300x225.jpg 300w, https:\/\/www.vita-explorers.dk\/blog\/wp-content\/uploads\/2017\/12\/Programme-de-be\u0301ne\u0301volat-Sante\u0301-Thai\u0308lande-Globalong-min-768x576.jpg 768w, https:\/\/www.vita-explorers.dk\/blog\/wp-content\/uploads\/2017\/12\/Programme-de-be\u0301ne\u0301volat-Sante\u0301-Thai\u0308lande-Globalong-min-150x113.jpg 150w, https:\/\/www.vita-explorers.dk\/blog\/wp-content\/uploads\/2017\/12\/Programme-de-be\u0301ne\u0301volat-Sante\u0301-Thai\u0308lande-Globalong-min.jpg 960w\" sizes=\"(max-width: 300px) 100vw, 300px\" \/><\/a>gennemf\u00f8re 101 projekter med st\u00f8tte til patienter og forebyggelse, drevet af 72 franske organisationer st\u00f8ttet af Sidaction<\/li>\n<\/ul>\n<p style=\"text-align: justify;\">I dag g\u00e6lder det, at en person, der lever med HIV (og f\u00e5r behandling, som holder virusm\u00e6ngden p\u00e5 et ikke-m\u00e5lbart niveau), ikke smitter med virussen.<\/p>\n<p style=\"text-align: justify;\">I \u00e5r bliver temaet for den 1. december 2017: \u201cMin sundhed, mine rettigheder\u201d.<\/p>\n<p style=\"text-align: justify;\">Der findes ogs\u00e5 mange m\u00e5der at vise st\u00f8tte og engagement i kampen mod AIDS. <a href=\"https:\/\/www.vita-explorers.dk\/blog\/wp-content\/uploads\/2017\/12\/Marina-Olivia-Verena-Audrey-en-stage-m\u00e9dical-au-S\u00e9n\u00e9gal-avec-GlobAlong-min.jpeg\"><img loading=\"lazy\" decoding=\"async\" class=\"size-medium wp-image-8104 aligncenter\" src=\"https:\/\/www.vita-explorers.dk\/blog\/wp-content\/uploads\/2017\/12\/Marina-Olivia-Verena-Audrey-en-stage-m\u00e9dical-au-S\u00e9n\u00e9gal-avec-GlobAlong-min-300x209.jpeg\" alt=\"\" width=\"300\" height=\"209\" srcset=\"https:\/\/www.vita-explorers.dk\/blog\/wp-content\/uploads\/2017\/12\/Marina-Olivia-Verena-Audrey-en-stage-m\u00e9dical-au-S\u00e9n\u00e9gal-avec-GlobAlong-min-300x209.jpeg 300w, https:\/\/www.vita-explorers.dk\/blog\/wp-content\/uploads\/2017\/12\/Marina-Olivia-Verena-Audrey-en-stage-m\u00e9dical-au-S\u00e9n\u00e9gal-avec-GlobAlong-min-768x536.jpeg 768w, https:\/\/www.vita-explorers.dk\/blog\/wp-content\/uploads\/2017\/12\/Marina-Olivia-Verena-Audrey-en-stage-m\u00e9dical-au-S\u00e9n\u00e9gal-avec-GlobAlong-min-1024x715.jpeg 1024w, https:\/\/www.vita-explorers.dk\/blog\/wp-content\/uploads\/2017\/12\/Marina-Olivia-Verena-Audrey-en-stage-m\u00e9dical-au-S\u00e9n\u00e9gal-avec-GlobAlong-min-150x105.jpeg 150w\" sizes=\"(max-width: 300px) 100vw, 300px\" \/><\/a>Du kan blandt andet finde initiativer p\u00e5 sociale medier:<\/p>\n<ul style=\"text-align: justify;\">\n<li><a href=\"https:\/\/preventionsida.org\/16000-hands-up-journee-mondiale-du-sida\/\" target=\"_blank\" rel=\"noopener\">#16 000 Hands up<\/a> : udfordringen g\u00e5r ud p\u00e5 at samle en h\u00e5nd i vejret for hver HIV-positiv person i behandling i Belgien.<\/li>\n<\/ul>\n<ul style=\"text-align: justify;\">\n<li>Brug den r\u00f8de sl\u00f8jfe som profilbillede p\u00e5 dine sociale medier \u2013 et symbol p\u00e5 kampen mod AIDS<\/li>\n<li>Frivillige fra Sidaction (og andre organisationer) vil v\u00e6re til stede i gaderne i st\u00f8rre byer for at informere om HIV, og der vil v\u00e6re mulighed for gratis test med svar med det samme.<\/li>\n<\/ul>\n<p style=\"text-align: justify;\"><img loading=\"lazy\" decoding=\"async\" class=\"size-full wp-image-8110 aligncenter\" src=\"https:\/\/www.vita-explorers.dk\/blog\/wp-content\/uploads\/2017\/12\/Programme-de-be\u0301ne\u0301volat-me\u0301dical-GlobAlong-min.jpg\" alt=\"\" width=\"300\" height=\"300\" srcset=\"https:\/\/www.vita-explorers.dk\/blog\/wp-content\/uploads\/2017\/12\/Programme-de-be\u0301ne\u0301volat-me\u0301dical-GlobAlong-min.jpg 300w, https:\/\/www.vita-explorers.dk\/blog\/wp-content\/uploads\/2017\/12\/Programme-de-be\u0301ne\u0301volat-me\u0301dical-GlobAlong-min-150x150.jpg 150w\" sizes=\"(max-width: 300px) 100vw, 300px\" \/><\/p>\n<p style=\"text-align: justify;\">Den mest effektive m\u00e5de at forebygge smitte p\u00e5 er fortsat beskyttelse med kondom.<\/p>\n<p><a href=\"https:\/\/don.sidaction.org\/?gl_campagne=RWEBBINGDEC17\" target=\"_blank\" rel=\"noopener\">Giv et bidrag<\/a> !<\/p>\n<p style=\"text-align: center;\">For mere information kan du kontakte os p\u00e5: <span style=\"color: #b81657;\"><a href=\"mailto:info@globalong.com\" target=\"_blank\" rel=\"noopener\">info@globalong.com<\/a><\/span><\/p>\n<p style=\"text-align: center;\"><strong><a href=\"https:\/\/www.vita-explorers.dk\/que-penser-de-globalong.html\" target=\"_blank\" rel=\"noopener\"><span style=\"color: #b81657;\">Hvad synes man om VITA?<\/span><\/a><\/strong><\/p>\n<p style=\"text-align: center;\">Hvis du har lyst til at deltage i et ansvarligt forl\u00f8b i udlandet, <span style=\"color: #b81657;\"><a href=\"https:\/\/www.vita-explorers.dk\/frivilligt-arbejde\/\" target=\"_blank\" rel=\"noopener\">klik her<\/a> <\/span>!<\/p>\n<p style=\"text-align: center;\">Hvis du vil l\u00e6se deltagernes oplevelser fra internationale forl\u00f8b, <span style=\"color: #b81657;\"><a href=\"https:\/\/www.vita-explorers.dk\/blog\/avis-globalong\/\" target=\"_blank\" rel=\"noopener\">s\u00e5 se her<\/a><\/span> !<\/p>\n<p style=\"text-align: center;\">Hvis du vil se billeder fra forl\u00f8bene, <a href=\"https:\/\/www.flickr.com\/photos\/globalong\/albums\" target=\"_blank\" rel=\"noopener\">s\u00e5 klik her<\/a> !<\/p>\n<p style=\"text-align: justify;\"><strong><span style=\"color: #b81657;\"> \t \t \t \t \t<\/span><\/strong><a href=\"https:\/\/www.vita-explorers.dk\/blog\/videoer-fra-vores-destinationer-frivilligt-arbejde-internationale-forloeb\/\" target=\"_blank\" rel=\"noopener\"><strong><span style=\"color: #b81657;\"> VITA p\u00e5 video!<\/span><\/strong><\/a><\/p>\n<p><span style=\"color: #b81657;\"><strong> \t <\/strong><\/span><span style=\"color: #b81657;\"><strong> \t <\/strong><\/span> <a href=\"https:\/\/www.vita-explorers.dk\/services-volontariat-international.html\" target=\"_blank\" rel=\"noopener\"><span style=\"color: #b81657;\"><strong> Hvad er internationalt frivilligt engagement?<\/strong><\/span><\/a><\/p>\n","protected":false},"excerpt":{"rendered":"<p>World AIDS Day er en international m\u00e6rkedag, der afholdes hvert \u00e5r den 1. december. Den markerer starten p\u00e5 en uge med oplysning og fokus\u2026<\/p>\n","protected":false},"author":1,"featured_media":8091,"comment_status":"open","ping_status":"open","sticky":false,"template":"","format":"standard","meta":{"footnotes":""},"categories":[8,1,4],"tags":[243,108,351,20,440],"yoast_head":"<!-- This site is optimized with the Yoast SEO Premium plugin v23.4 (Yoast SEO v23.4) - https:\/\/yoast.com\/wordpress\/plugins\/seo\/ -->\n<title>Verdens AIDS-dag (1. december) - VITA Explorers Blog<\/title>\n<meta name=\"robots\" content=\"index, follow, max-snippet:-1, max-image-preview:large, max-video-preview:-1\" \/>\n<link rel=\"canonical\" href=\"https:\/\/www.vita-explorers.dk\/blog\/vita-stoette-frivilligt-arbejde-kampen-mod-hiv-aids-1-december\/\" \/>\n<meta property=\"og:locale\" content=\"da_DK\" \/>\n<meta property=\"og:type\" content=\"article\" \/>\n<meta property=\"og:title\" content=\"Verdens AIDS-dag (1. december)\" \/>\n<meta property=\"og:description\" content=\"World AIDS Day er en international m\u00e6rkedag, der afholdes hvert \u00e5r den 1. december. Den markerer starten p\u00e5 en uge med oplysning og fokus\u2026\" \/>\n<meta property=\"og:url\" content=\"https:\/\/www.vita-explorers.dk\/blog\/vita-stoette-frivilligt-arbejde-kampen-mod-hiv-aids-1-december\/\" \/>\n<meta property=\"og:site_name\" content=\"VITA Explorers Blog\" \/>\n<meta property=\"article:publisher\" content=\"https:\/\/www.facebook.com\/globalong\" \/>\n<meta property=\"article:published_time\" content=\"2017-12-01T13:15:20+00:00\" \/>\n<meta property=\"article:modified_time\" content=\"2022-03-14T18:44:49+00:00\" \/>\n<meta property=\"og:image\" content=\"https:\/\/www.vita-explorers.dk\/blog\/wp-content\/uploads\/2017\/12\/Journ\u00e9e-mondiale-de-la-lutte-contre-le-Sida-1er-d\u00e9cembre.jpg\" \/>\n\t<meta property=\"og:image:width\" content=\"400\" \/>\n\t<meta property=\"og:image:height\" content=\"400\" \/>\n\t<meta property=\"og:image:type\" content=\"image\/jpeg\" \/>\n<meta name=\"author\" content=\"VITA Tribe\" \/>\n<meta name=\"twitter:card\" content=\"summary_large_image\" \/>\n<meta name=\"twitter:label1\" content=\"Skrevet af\" \/>\n\t<meta name=\"twitter:data1\" content=\"VITA Tribe\" \/>\n\t<meta name=\"twitter:label2\" content=\"Estimeret l\u00e6setid\" \/>\n\t<meta name=\"twitter:data2\" content=\"3 minutter\" \/>\n<script type=\"application\/ld+json\" class=\"yoast-schema-graph\">{\"@context\":\"https:\/\/schema.org\",\"@graph\":[{\"@type\":\"Article\",\"@id\":\"https:\/\/www.vita-explorers.dk\/blog\/vita-stoette-frivilligt-arbejde-kampen-mod-hiv-aids-1-december\/#article\",\"isPartOf\":{\"@id\":\"https:\/\/www.vita-explorers.dk\/blog\/vita-stoette-frivilligt-arbejde-kampen-mod-hiv-aids-1-december\/\"},\"author\":{\"name\":\"VITA Tribe\",\"@id\":\"https:\/\/www.vita-explorers.dk\/blog\/#\/schema\/person\/d7df267b64f23018d1dc519e78fb2735\"},\"headline\":\"Verdens AIDS-dag (1. december)\",\"datePublished\":\"2017-12-01T13:15:20+00:00\",\"dateModified\":\"2022-03-14T18:44:49+00:00\",\"mainEntityOfPage\":{\"@id\":\"https:\/\/www.vita-explorers.dk\/blog\/vita-stoette-frivilligt-arbejde-kampen-mod-hiv-aids-1-december\/\"},\"wordCount\":582,\"commentCount\":0,\"publisher\":{\"@id\":\"https:\/\/www.vita-explorers.dk\/blog\/#organization\"},\"image\":{\"@id\":\"https:\/\/www.vita-explorers.dk\/blog\/vita-stoette-frivilligt-arbejde-kampen-mod-hiv-aids-1-december\/#primaryimage\"},\"thumbnailUrl\":\"https:\/\/www.vita-explorers.dk\/blog\/wp-content\/uploads\/2017\/12\/Journ\u00e9e-mondiale-de-la-lutte-contre-le-Sida-1er-d\u00e9cembre.jpg\",\"keywords\":[\"international\",\"lutte contre le SIDA\",\"m\u00e9dical\",\"sant\u00e9\",\"sensibilisation\"],\"articleSection\":[\"Humanit\u00e6rt frivilligt arbejde\",\"No Name\",\"VITA Explorers\"],\"inLanguage\":\"da-DK\",\"potentialAction\":[{\"@type\":\"CommentAction\",\"name\":\"Comment\",\"target\":[\"https:\/\/www.vita-explorers.dk\/blog\/vita-stoette-frivilligt-arbejde-kampen-mod-hiv-aids-1-december\/#respond\"]}]},{\"@type\":\"WebPage\",\"@id\":\"https:\/\/www.vita-explorers.dk\/blog\/vita-stoette-frivilligt-arbejde-kampen-mod-hiv-aids-1-december\/\",\"url\":\"https:\/\/www.vita-explorers.dk\/blog\/vita-stoette-frivilligt-arbejde-kampen-mod-hiv-aids-1-december\/\",\"name\":\"Verdens AIDS-dag (1. december) - VITA Explorers Blog\",\"isPartOf\":{\"@id\":\"https:\/\/www.vita-explorers.dk\/blog\/#website\"},\"primaryImageOfPage\":{\"@id\":\"https:\/\/www.vita-explorers.dk\/blog\/vita-stoette-frivilligt-arbejde-kampen-mod-hiv-aids-1-december\/#primaryimage\"},\"image\":{\"@id\":\"https:\/\/www.vita-explorers.dk\/blog\/vita-stoette-frivilligt-arbejde-kampen-mod-hiv-aids-1-december\/#primaryimage\"},\"thumbnailUrl\":\"https:\/\/www.vita-explorers.dk\/blog\/wp-content\/uploads\/2017\/12\/Journ\u00e9e-mondiale-de-la-lutte-contre-le-Sida-1er-d\u00e9cembre.jpg\",\"datePublished\":\"2017-12-01T13:15:20+00:00\",\"dateModified\":\"2022-03-14T18:44:49+00:00\",\"breadcrumb\":{\"@id\":\"https:\/\/www.vita-explorers.dk\/blog\/vita-stoette-frivilligt-arbejde-kampen-mod-hiv-aids-1-december\/#breadcrumb\"},\"inLanguage\":\"da-DK\",\"potentialAction\":[{\"@type\":\"ReadAction\",\"target\":[\"https:\/\/www.vita-explorers.dk\/blog\/vita-stoette-frivilligt-arbejde-kampen-mod-hiv-aids-1-december\/\"]}]},{\"@type\":\"ImageObject\",\"inLanguage\":\"da-DK\",\"@id\":\"https:\/\/www.vita-explorers.dk\/blog\/vita-stoette-frivilligt-arbejde-kampen-mod-hiv-aids-1-december\/#primaryimage\",\"url\":\"https:\/\/www.vita-explorers.dk\/blog\/wp-content\/uploads\/2017\/12\/Journ\u00e9e-mondiale-de-la-lutte-contre-le-Sida-1er-d\u00e9cembre.jpg\",\"contentUrl\":\"https:\/\/www.vita-explorers.dk\/blog\/wp-content\/uploads\/2017\/12\/Journ\u00e9e-mondiale-de-la-lutte-contre-le-Sida-1er-d\u00e9cembre.jpg\",\"width\":400,\"height\":400},{\"@type\":\"BreadcrumbList\",\"@id\":\"https:\/\/www.vita-explorers.dk\/blog\/vita-stoette-frivilligt-arbejde-kampen-mod-hiv-aids-1-december\/#breadcrumb\",\"itemListElement\":[{\"@type\":\"ListItem\",\"position\":1,\"name\":\"Accueil\",\"item\":\"https:\/\/www.vita-explorers.dk\/blog\/\"},{\"@type\":\"ListItem\",\"position\":2,\"name\":\"Verdens AIDS-dag (1. december)\"}]},{\"@type\":\"WebSite\",\"@id\":\"https:\/\/www.vita-explorers.dk\/blog\/#website\",\"url\":\"https:\/\/www.vita-explorers.dk\/blog\/\",\"name\":\"Association Globalong\",\"description\":\"Frivilligt arbejde, sprogophold, praktik i udlandet og internationale oplevelser\",\"publisher\":{\"@id\":\"https:\/\/www.vita-explorers.dk\/blog\/#organization\"},\"potentialAction\":[{\"@type\":\"SearchAction\",\"target\":{\"@type\":\"EntryPoint\",\"urlTemplate\":\"https:\/\/www.vita-explorers.dk\/blog\/?s={search_term_string}\"},\"query-input\":{\"@type\":\"PropertyValueSpecification\",\"valueRequired\":true,\"valueName\":\"search_term_string\"}}],\"inLanguage\":\"da-DK\"},{\"@type\":\"Organization\",\"@id\":\"https:\/\/www.vita-explorers.dk\/blog\/#organization\",\"name\":\"Association Globalong\",\"url\":\"https:\/\/www.vita-explorers.dk\/blog\/\",\"logo\":{\"@type\":\"ImageObject\",\"inLanguage\":\"da-DK\",\"@id\":\"https:\/\/www.vita-explorers.dk\/blog\/#\/schema\/logo\/image\/\",\"url\":\"https:\/\/www.globalong.com\/blog\/wp-content\/uploads\/2014\/11\/cropped-cropped-Logo-et-Afrique-Globalong-petite-taille-2.jpg\",\"contentUrl\":\"https:\/\/www.globalong.com\/blog\/wp-content\/uploads\/2014\/11\/cropped-cropped-Logo-et-Afrique-Globalong-petite-taille-2.jpg\",\"width\":512,\"height\":512,\"caption\":\"Association Globalong\"},\"image\":{\"@id\":\"https:\/\/www.vita-explorers.dk\/blog\/#\/schema\/logo\/image\/\"},\"sameAs\":[\"https:\/\/www.facebook.com\/globalong\"]},{\"@type\":\"Person\",\"@id\":\"https:\/\/www.vita-explorers.dk\/blog\/#\/schema\/person\/d7df267b64f23018d1dc519e78fb2735\",\"name\":\"VITA Tribe\",\"image\":{\"@type\":\"ImageObject\",\"inLanguage\":\"da-DK\",\"@id\":\"https:\/\/www.vita-explorers.dk\/blog\/#\/schema\/person\/image\/\",\"url\":\"https:\/\/secure.gravatar.com\/avatar\/81461bcc213d0ff2bdc043d4206648f0?s=96&d=mm&r=g\",\"contentUrl\":\"https:\/\/secure.gravatar.com\/avatar\/81461bcc213d0ff2bdc043d4206648f0?s=96&d=mm&r=g\",\"caption\":\"VITA Tribe\"},\"sameAs\":[\"https:\/\/www.globalong.com\"],\"url\":\"https:\/\/www.vita-explorers.dk\/blog\/author\/sophie\/\"}]}<\/script>\n<!-- \/ Yoast SEO Premium plugin. -->","yoast_head_json":{"title":"Verdens AIDS-dag (1. december) - VITA Explorers Blog","robots":{"index":"index","follow":"follow","max-snippet":"max-snippet:-1","max-image-preview":"max-image-preview:large","max-video-preview":"max-video-preview:-1"},"canonical":"https:\/\/www.vita-explorers.dk\/blog\/vita-stoette-frivilligt-arbejde-kampen-mod-hiv-aids-1-december\/","og_locale":"da_DK","og_type":"article","og_title":"Verdens AIDS-dag (1. december)","og_description":"World AIDS Day er en international m\u00e6rkedag, der afholdes hvert \u00e5r den 1. december. Den markerer starten p\u00e5 en uge med oplysning og fokus\u2026","og_url":"https:\/\/www.vita-explorers.dk\/blog\/vita-stoette-frivilligt-arbejde-kampen-mod-hiv-aids-1-december\/","og_site_name":"VITA Explorers Blog","article_publisher":"https:\/\/www.facebook.com\/globalong","article_published_time":"2017-12-01T13:15:20+00:00","article_modified_time":"2022-03-14T18:44:49+00:00","og_image":[{"width":400,"height":400,"url":"https:\/\/www.vita-explorers.dk\/blog\/wp-content\/uploads\/2017\/12\/Journ\u00e9e-mondiale-de-la-lutte-contre-le-Sida-1er-d\u00e9cembre.jpg","type":"image\/jpeg"}],"author":"VITA Tribe","twitter_card":"summary_large_image","twitter_misc":{"Skrevet af":"VITA Tribe","Estimeret l\u00e6setid":"3 minutter"},"schema":{"@context":"https:\/\/schema.org","@graph":[{"@type":"Article","@id":"https:\/\/www.vita-explorers.dk\/blog\/vita-stoette-frivilligt-arbejde-kampen-mod-hiv-aids-1-december\/#article","isPartOf":{"@id":"https:\/\/www.vita-explorers.dk\/blog\/vita-stoette-frivilligt-arbejde-kampen-mod-hiv-aids-1-december\/"},"author":{"name":"VITA Tribe","@id":"https:\/\/www.vita-explorers.dk\/blog\/#\/schema\/person\/d7df267b64f23018d1dc519e78fb2735"},"headline":"Verdens AIDS-dag (1. december)","datePublished":"2017-12-01T13:15:20+00:00","dateModified":"2022-03-14T18:44:49+00:00","mainEntityOfPage":{"@id":"https:\/\/www.vita-explorers.dk\/blog\/vita-stoette-frivilligt-arbejde-kampen-mod-hiv-aids-1-december\/"},"wordCount":582,"commentCount":0,"publisher":{"@id":"https:\/\/www.vita-explorers.dk\/blog\/#organization"},"image":{"@id":"https:\/\/www.vita-explorers.dk\/blog\/vita-stoette-frivilligt-arbejde-kampen-mod-hiv-aids-1-december\/#primaryimage"},"thumbnailUrl":"https:\/\/www.vita-explorers.dk\/blog\/wp-content\/uploads\/2017\/12\/Journ\u00e9e-mondiale-de-la-lutte-contre-le-Sida-1er-d\u00e9cembre.jpg","keywords":["international","lutte contre le SIDA","m\u00e9dical","sant\u00e9","sensibilisation"],"articleSection":["Humanit\u00e6rt frivilligt arbejde","No Name","VITA Explorers"],"inLanguage":"da-DK","potentialAction":[{"@type":"CommentAction","name":"Comment","target":["https:\/\/www.vita-explorers.dk\/blog\/vita-stoette-frivilligt-arbejde-kampen-mod-hiv-aids-1-december\/#respond"]}]},{"@type":"WebPage","@id":"https:\/\/www.vita-explorers.dk\/blog\/vita-stoette-frivilligt-arbejde-kampen-mod-hiv-aids-1-december\/","url":"https:\/\/www.vita-explorers.dk\/blog\/vita-stoette-frivilligt-arbejde-kampen-mod-hiv-aids-1-december\/","name":"Verdens AIDS-dag (1. december) - VITA Explorers Blog","isPartOf":{"@id":"https:\/\/www.vita-explorers.dk\/blog\/#website"},"primaryImageOfPage":{"@id":"https:\/\/www.vita-explorers.dk\/blog\/vita-stoette-frivilligt-arbejde-kampen-mod-hiv-aids-1-december\/#primaryimage"},"image":{"@id":"https:\/\/www.vita-explorers.dk\/blog\/vita-stoette-frivilligt-arbejde-kampen-mod-hiv-aids-1-december\/#primaryimage"},"thumbnailUrl":"https:\/\/www.vita-explorers.dk\/blog\/wp-content\/uploads\/2017\/12\/Journ\u00e9e-mondiale-de-la-lutte-contre-le-Sida-1er-d\u00e9cembre.jpg","datePublished":"2017-12-01T13:15:20+00:00","dateModified":"2022-03-14T18:44:49+00:00","breadcrumb":{"@id":"https:\/\/www.vita-explorers.dk\/blog\/vita-stoette-frivilligt-arbejde-kampen-mod-hiv-aids-1-december\/#breadcrumb"},"inLanguage":"da-DK","potentialAction":[{"@type":"ReadAction","target":["https:\/\/www.vita-explorers.dk\/blog\/vita-stoette-frivilligt-arbejde-kampen-mod-hiv-aids-1-december\/"]}]},{"@type":"ImageObject","inLanguage":"da-DK","@id":"https:\/\/www.vita-explorers.dk\/blog\/vita-stoette-frivilligt-arbejde-kampen-mod-hiv-aids-1-december\/#primaryimage","url":"https:\/\/www.vita-explorers.dk\/blog\/wp-content\/uploads\/2017\/12\/Journ\u00e9e-mondiale-de-la-lutte-contre-le-Sida-1er-d\u00e9cembre.jpg","contentUrl":"https:\/\/www.vita-explorers.dk\/blog\/wp-content\/uploads\/2017\/12\/Journ\u00e9e-mondiale-de-la-lutte-contre-le-Sida-1er-d\u00e9cembre.jpg","width":400,"height":400},{"@type":"BreadcrumbList","@id":"https:\/\/www.vita-explorers.dk\/blog\/vita-stoette-frivilligt-arbejde-kampen-mod-hiv-aids-1-december\/#breadcrumb","itemListElement":[{"@type":"ListItem","position":1,"name":"Accueil","item":"https:\/\/www.vita-explorers.dk\/blog\/"},{"@type":"ListItem","position":2,"name":"Verdens AIDS-dag (1. december)"}]},{"@type":"WebSite","@id":"https:\/\/www.vita-explorers.dk\/blog\/#website","url":"https:\/\/www.vita-explorers.dk\/blog\/","name":"Association Globalong","description":"Frivilligt arbejde, sprogophold, praktik i udlandet og internationale oplevelser","publisher":{"@id":"https:\/\/www.vita-explorers.dk\/blog\/#organization"},"potentialAction":[{"@type":"SearchAction","target":{"@type":"EntryPoint","urlTemplate":"https:\/\/www.vita-explorers.dk\/blog\/?s={search_term_string}"},"query-input":{"@type":"PropertyValueSpecification","valueRequired":true,"valueName":"search_term_string"}}],"inLanguage":"da-DK"},{"@type":"Organization","@id":"https:\/\/www.vita-explorers.dk\/blog\/#organization","name":"Association Globalong","url":"https:\/\/www.vita-explorers.dk\/blog\/","logo":{"@type":"ImageObject","inLanguage":"da-DK","@id":"https:\/\/www.vita-explorers.dk\/blog\/#\/schema\/logo\/image\/","url":"https:\/\/www.globalong.com\/blog\/wp-content\/uploads\/2014\/11\/cropped-cropped-Logo-et-Afrique-Globalong-petite-taille-2.jpg","contentUrl":"https:\/\/www.globalong.com\/blog\/wp-content\/uploads\/2014\/11\/cropped-cropped-Logo-et-Afrique-Globalong-petite-taille-2.jpg","width":512,"height":512,"caption":"Association Globalong"},"image":{"@id":"https:\/\/www.vita-explorers.dk\/blog\/#\/schema\/logo\/image\/"},"sameAs":["https:\/\/www.facebook.com\/globalong"]},{"@type":"Person","@id":"https:\/\/www.vita-explorers.dk\/blog\/#\/schema\/person\/d7df267b64f23018d1dc519e78fb2735","name":"VITA Tribe","image":{"@type":"ImageObject","inLanguage":"da-DK","@id":"https:\/\/www.vita-explorers.dk\/blog\/#\/schema\/person\/image\/","url":"https:\/\/secure.gravatar.com\/avatar\/81461bcc213d0ff2bdc043d4206648f0?s=96&d=mm&r=g","contentUrl":"https:\/\/secure.gravatar.com\/avatar\/81461bcc213d0ff2bdc043d4206648f0?s=96&d=mm&r=g","caption":"VITA Tribe"},"sameAs":["https:\/\/www.globalong.com"],"url":"https:\/\/www.vita-explorers.dk\/blog\/author\/sophie\/"}]}},"_links":{"self":[{"href":"https:\/\/www.vita-explorers.dk\/blog\/wp-json\/wp\/v2\/posts\/8084"}],"collection":[{"href":"https:\/\/www.vita-explorers.dk\/blog\/wp-json\/wp\/v2\/posts"}],"about":[{"href":"https:\/\/www.vita-explorers.dk\/blog\/wp-json\/wp\/v2\/types\/post"}],"author":[{"embeddable":true,"href":"https:\/\/www.vita-explorers.dk\/blog\/wp-json\/wp\/v2\/users\/1"}],"replies":[{"embeddable":true,"href":"https:\/\/www.vita-explorers.dk\/blog\/wp-json\/wp\/v2\/comments?post=8084"}],"version-history":[{"count":30,"href":"https:\/\/www.vita-explorers.dk\/blog\/wp-json\/wp\/v2\/posts\/8084\/revisions"}],"predecessor-version":[{"id":14246,"href":"https:\/\/www.vita-explorers.dk\/blog\/wp-json\/wp\/v2\/posts\/8084\/revisions\/14246"}],"wp:featuredmedia":[{"embeddable":true,"href":"https:\/\/www.vita-explorers.dk\/blog\/wp-json\/wp\/v2\/media\/8091"}],"wp:attachment":[{"href":"https:\/\/www.vita-explorers.dk\/blog\/wp-json\/wp\/v2\/media?parent=8084"}],"wp:term":[{"taxonomy":"category","embeddable":true,"href":"https:\/\/www.vita-explorers.dk\/blog\/wp-json\/wp\/v2\/categories?post=8084"},{"taxonomy":"post_tag","embeddable":true,"href":"https:\/\/www.vita-explorers.dk\/blog\/wp-json\/wp\/v2\/tags?post=8084"}],"curies":[{"name":"wp","href":"https:\/\/api.w.org\/{rel}","templated":true}]}}