{"id":8167,"date":"2017-12-05T12:29:22","date_gmt":"2017-12-05T11:29:22","guid":{"rendered":"https:\/\/www.globalong.com\/blog\/?p=8167"},"modified":"2023-01-04T15:06:09","modified_gmt":"2023-01-04T14:06:09","slug":"international-frivillighedsdag-5-december-hvad-skal-man-mene-om-humanitaert-arbejde","status":"publish","type":"post","link":"https:\/\/www.vita-explorers.dk\/blog\/international-frivillighedsdag-5-december-hvad-skal-man-mene-om-humanitaert-arbejde\/","title":{"rendered":"International frivillighedsdag (5. december)"},"content":{"rendered":"<div class=\"ti-widget ti-goog\" data-layout-id=\"4\" data-set-id=\"light-background\" data-pid=\"\" data-language=\"fr\" data-version=\"2\" data-review-target-width=\"300\" data-review-text-mode=\"readmore\" data-pager-autoplay-timeout=\"6\" > <div class=\"ti-widget-container ti-col-3\"> <div class=\"ti-reviews-container\"> <div class=\"ti-controls\"> <div class=\"ti-next\" aria-label=\"Avis suivante\" role=\"button\"><\/div> <div class=\"ti-prev\" aria-label=\"Avis pr\u00e9c\u00e9dent\" role=\"button\"><\/div> <\/div> <div class=\"ti-reviews-container-wrapper\">  <div data-empty=\"0\" class=\"ti-review-item source-Google ti-image-layout-thumbnail\" data-id=\"cfcd208495d565ef66e7dff9f98764da\" > <div class=\"ti-inner\"> <div class=\"ti-review-header\"> <div class=\"ti-profile-img\"> <img decoding=\"async\" src=\"https:\/\/lh3.googleusercontent.com\/a\/ACg8ocKpaoKe37CD0_POxO97KqB60GsWQRsIuG2vmCfXT-W_FY44vw=s120-c-rp-mo-br100\" srcset=\"https:\/\/lh3.googleusercontent.com\/a\/ACg8ocKpaoKe37CD0_POxO97KqB60GsWQRsIuG2vmCfXT-W_FY44vw=s120-c-rp-mo-br100 2x\" alt=\"Lucie Correia\" loading=\"lazy\" \/> <\/div> <div class=\"ti-profile-details\"> <div class=\"ti-name\"> Lucie Correia <\/div> <div class=\"ti-date\">2024-10-17<\/div> <\/div> <\/div> <span class=\"ti-stars\"><span class=\"ti-star f\"><\/span><span class=\"ti-star f\"><\/span><span class=\"ti-star f\"><\/span><span class=\"ti-star f\"><\/span><span class=\"ti-star f\"><\/span><\/span> <div class=\"ti-review-text-container ti-review-content\"><!-- R-CONTENT -->La communication avec Globalong est super, personnes tr\u00e8s pr\u00e9sentes pour les b\u00e9n\u00e9voles et \u00e9tudiants partant avec cette association. Elles r\u00e9pondent \u00e0 toutes nos questions et sont tr\u00e8s accessibles au t\u00e9l\u00e9phone.<!-- R-CONTENT --><\/div> <span class=\"ti-read-more\" data-container=\".ti-review-content\" data-collapse-text=\"Cacher\" data-open-text=\"Lire la suite\" ><\/span> <\/div> <\/div>  <div data-empty=\"0\" class=\"ti-review-item source-Google ti-image-layout-thumbnail\" data-id=\"cfcd208495d565ef66e7dff9f98764da\" > <div class=\"ti-inner\"> <div class=\"ti-review-header\"> <div class=\"ti-profile-img\"> <img decoding=\"async\" src=\"https:\/\/lh3.googleusercontent.com\/a-\/ALV-UjWqnnzM7-7c9BDqeTDF-a7pOgNjvLkJ3WshRd_Tn7z0Eu-AGQwo=s120-c-rp-mo-br100\" srcset=\"https:\/\/lh3.googleusercontent.com\/a-\/ALV-UjWqnnzM7-7c9BDqeTDF-a7pOgNjvLkJ3WshRd_Tn7z0Eu-AGQwo=s120-c-rp-mo-br100 2x\" alt=\"Ra\u00efssa Frisch\" loading=\"lazy\" \/> <\/div> <div class=\"ti-profile-details\"> <div class=\"ti-name\"> Ra\u00efssa Frisch <\/div> <div class=\"ti-date\">2024-10-14<\/div> <\/div> <\/div> <span class=\"ti-stars\"><span class=\"ti-star f\"><\/span><span class=\"ti-star f\"><\/span><span class=\"ti-star f\"><\/span><span class=\"ti-star f\"><\/span><span class=\"ti-star f\"><\/span><\/span> <div class=\"ti-review-text-container ti-review-content\"><!-- R-CONTENT -->J\u2019ai d\u00e9j\u00e0 eu l\u2019opportunit\u00e9 de r\u00e9aliser deux projets humanitaires avec l\u2019association Globalong. Je ne peux que la recommander, car j\u2019ai toujours b\u00e9n\u00e9fici\u00e9 d\u2019un excellent accompagnement, aussi bien avant que pendant le voyage. On ne vous laisse pas vous d\u00e9brouiller seuls, bien au contraire, vous \u00eates tr\u00e8s bien encadr\u00e9s pour accomplir toutes les d\u00e9marches dans les d\u00e9lais.\n\nAu-del\u00e0 du suivi, les exp\u00e9riences humanitaires propos\u00e9es par Globalong ne peuvent que transformer votre vie de mani\u00e8re positive. Elles vous apportent une richesse humaine inestimable.<!-- R-CONTENT --><\/div> <span class=\"ti-read-more\" data-container=\".ti-review-content\" data-collapse-text=\"Cacher\" data-open-text=\"Lire la suite\" ><\/span> <\/div> <\/div>  <div data-empty=\"0\" class=\"ti-review-item source-Google ti-image-layout-thumbnail\" data-id=\"cfcd208495d565ef66e7dff9f98764da\" > <div class=\"ti-inner\"> <div class=\"ti-review-header\"> <div class=\"ti-profile-img\"> <img decoding=\"async\" src=\"https:\/\/lh3.googleusercontent.com\/a\/ACg8ocJL-Dxv25YkXK2QwWPNRxTVqZCv5uTmDQDFg5qslKra3vRZew=s120-c-rp-mo-br100\" srcset=\"https:\/\/lh3.googleusercontent.com\/a\/ACg8ocJL-Dxv25YkXK2QwWPNRxTVqZCv5uTmDQDFg5qslKra3vRZew=s120-c-rp-mo-br100 2x\" alt=\"Tara Turan\" loading=\"lazy\" \/> <\/div> <div class=\"ti-profile-details\"> <div class=\"ti-name\"> Tara Turan <\/div> <div class=\"ti-date\">2024-10-14<\/div> <\/div> <\/div> <span class=\"ti-stars\"><span class=\"ti-star f\"><\/span><span class=\"ti-star f\"><\/span><span class=\"ti-star f\"><\/span><span class=\"ti-star f\"><\/span><span class=\"ti-star f\"><\/span><\/span> <div class=\"ti-review-text-container ti-review-content\"><!-- R-CONTENT -->Une des meilleures associations que j\u2019ai pu faire !\nUne organisation et un suivi vraiment parfait, c\u2019est avec grand plaisir que je referai un projet avec eux.<!-- R-CONTENT --><\/div> <span class=\"ti-read-more\" data-container=\".ti-review-content\" data-collapse-text=\"Cacher\" data-open-text=\"Lire la suite\" ><\/span> <\/div> <\/div>  <div data-empty=\"0\" class=\"ti-review-item source-Google ti-image-layout-thumbnail\" data-id=\"cfcd208495d565ef66e7dff9f98764da\" > <div class=\"ti-inner\"> <div class=\"ti-review-header\"> <div class=\"ti-profile-img\"> <img decoding=\"async\" src=\"https:\/\/lh3.googleusercontent.com\/a\/ACg8ocLctTPNovSk3eKM0b_MIPOfcFEQsz2135Cdu59_BWRVsIYC7Q=s120-c-rp-mo-br100\" srcset=\"https:\/\/lh3.googleusercontent.com\/a\/ACg8ocLctTPNovSk3eKM0b_MIPOfcFEQsz2135Cdu59_BWRVsIYC7Q=s120-c-rp-mo-br100 2x\" alt=\"Repiquet Julie\" loading=\"lazy\" \/> <\/div> <div class=\"ti-profile-details\"> <div class=\"ti-name\"> Repiquet Julie <\/div> <div class=\"ti-date\">2024-10-13<\/div> <\/div> <\/div> <span class=\"ti-stars\"><span class=\"ti-star f\"><\/span><span class=\"ti-star f\"><\/span><span class=\"ti-star f\"><\/span><span class=\"ti-star f\"><\/span><span class=\"ti-star f\"><\/span><\/span> <div class=\"ti-review-text-container ti-review-content\"><!-- R-CONTENT -->Tr\u00e8s bon accompagnement de la part de Globalong, du premier jour avec toutes mes interrogations, jusqu'au d\u00e9part dans quelques jours. Le dossier transmis apr\u00e8s validation de la mission est plus que complet, les webmaster tr\u00e8s int\u00e9ressantes et permettent de d\u00e9charger mentalement ce genre de pr\u00e9paration, tout est pr\u00e9vu il n'y a plus qu'\u00e0 suivre ! Merci \u00e0 Florence de r\u00e9pondre \u00e0 toutes mes questions avec gentillesse et bienveillance, cela m'a permis de passer le cap!\nMaintenant, il n'y a plus qu'\u00e0 \ud83d\ude00<!-- R-CONTENT --><\/div> <span class=\"ti-read-more\" data-container=\".ti-review-content\" data-collapse-text=\"Cacher\" data-open-text=\"Lire la suite\" ><\/span> <\/div> <\/div>  <div data-empty=\"0\" class=\"ti-review-item source-Google ti-image-layout-thumbnail\" data-id=\"cfcd208495d565ef66e7dff9f98764da\" > <div class=\"ti-inner\"> <div class=\"ti-review-header\"> <div class=\"ti-profile-img\"> <img decoding=\"async\" src=\"https:\/\/lh3.googleusercontent.com\/a\/ACg8ocJJTdmTWs8nAA0yuH_cKOUgzc6GFAkHBiXhpnnVYXaWMBZsHw=s120-c-rp-mo-br100\" srcset=\"https:\/\/lh3.googleusercontent.com\/a\/ACg8ocJJTdmTWs8nAA0yuH_cKOUgzc6GFAkHBiXhpnnVYXaWMBZsHw=s120-c-rp-mo-br100 2x\" alt=\"Marine Guilhamat\" loading=\"lazy\" \/> <\/div> <div class=\"ti-profile-details\"> <div class=\"ti-name\"> Marine Guilhamat <\/div> <div class=\"ti-date\">2024-10-09<\/div> <\/div> <\/div> <span class=\"ti-stars\"><span class=\"ti-star f\"><\/span><span class=\"ti-star f\"><\/span><span class=\"ti-star f\"><\/span><span class=\"ti-star f\"><\/span><span class=\"ti-star f\"><\/span><\/span> <div class=\"ti-review-text-container ti-review-content\"><!-- R-CONTENT -->Tr\u00e8s belle association qui offre un cadre super s\u00e9curisant et permet de s\u2019investir dans des projets qui ont du sens. Merci \u00e0 l\u2019\u00e9quipe Globalong pour votre disponibilit\u00e9, gentillesse et accompagnement !<!-- R-CONTENT --><\/div> <span class=\"ti-read-more\" data-container=\".ti-review-content\" data-collapse-text=\"Cacher\" data-open-text=\"Lire la suite\" ><\/span> <\/div> <\/div>  <div data-empty=\"0\" class=\"ti-review-item source-Google ti-image-layout-thumbnail\" data-id=\"cfcd208495d565ef66e7dff9f98764da\" > <div class=\"ti-inner\"> <div class=\"ti-review-header\"> <div class=\"ti-profile-img\"> <img decoding=\"async\" src=\"https:\/\/lh3.googleusercontent.com\/a\/ACg8ocIgITHXKo46qgJyPqlJeAcxz11gCKUJpGIk2qauiIe2O3iZ6w=s120-c-rp-mo-br100\" srcset=\"https:\/\/lh3.googleusercontent.com\/a\/ACg8ocIgITHXKo46qgJyPqlJeAcxz11gCKUJpGIk2qauiIe2O3iZ6w=s120-c-rp-mo-br100 2x\" alt=\"Laura Mercier\" loading=\"lazy\" \/> <\/div> <div class=\"ti-profile-details\"> <div class=\"ti-name\"> Laura Mercier <\/div> <div class=\"ti-date\">2024-10-08<\/div> <\/div> <\/div> <span class=\"ti-stars\"><span class=\"ti-star f\"><\/span><span class=\"ti-star f\"><\/span><span class=\"ti-star f\"><\/span><span class=\"ti-star f\"><\/span><span class=\"ti-star f\"><\/span><\/span> <div class=\"ti-review-text-container ti-review-content\"><!-- R-CONTENT -->Mon d\u00e9part approche, je pars dans une semaine, et depuis le d\u00e9but de mon inscription je suis tr\u00e8s satisfaite du suivi effectu\u00e9 par l\u2019association. Ils sont tr\u00e8s disponibles et r\u00e9pondent rapidement \u00e0 l\u2019ensemble des questions. Je suis tr\u00e8s contente de partir faire cette mission humanitaire encadr\u00e9e par cette association. Je recommande vraiment.<!-- R-CONTENT --><\/div> <span class=\"ti-read-more\" data-container=\".ti-review-content\" data-collapse-text=\"Cacher\" data-open-text=\"Lire la suite\" ><\/span> <\/div> <\/div>  <div data-empty=\"0\" class=\"ti-review-item source-Google ti-image-layout-thumbnail\" data-id=\"cfcd208495d565ef66e7dff9f98764da\" > <div class=\"ti-inner\"> <div class=\"ti-review-header\"> <div class=\"ti-profile-img\"> <img decoding=\"async\" src=\"https:\/\/lh3.googleusercontent.com\/a-\/ALV-UjVVr0YMQhXl8QNEEB32l-rnoaYwvRZUjIEX9OEwPE_1fQwzIyk=s120-c-rp-mo-br100\" srcset=\"https:\/\/lh3.googleusercontent.com\/a-\/ALV-UjVVr0YMQhXl8QNEEB32l-rnoaYwvRZUjIEX9OEwPE_1fQwzIyk=s120-c-rp-mo-br100 2x\" alt=\"Anouk Rzkt\" loading=\"lazy\" \/> <\/div> <div class=\"ti-profile-details\"> <div class=\"ti-name\"> Anouk Rzkt <\/div> <div class=\"ti-date\">2024-10-02<\/div> <\/div> <\/div> <span class=\"ti-stars\"><span class=\"ti-star f\"><\/span><span class=\"ti-star f\"><\/span><span class=\"ti-star f\"><\/span><span class=\"ti-star f\"><\/span><span class=\"ti-star f\"><\/span><\/span> <div class=\"ti-review-text-container ti-review-content\"><!-- R-CONTENT -->Globalong est l'association parfaite. L'\u00e9quipe offre un v\u00e9ritable accompagnement rythm\u00e9 par beaucoup de conseils et d'\u00e9coute. Le site est tr\u00e8s bien fait avec des dossiers complets allant des sujets tr\u00e8s pratiques a d'autres plus th\u00e9oriques (tels que le choc culturel par exemple). Je recommande vivement et remercie sinc\u00e8rement toute l'\u00e9quipe pour leur gentillesse et investissement !<!-- R-CONTENT --><\/div> <span class=\"ti-read-more\" data-container=\".ti-review-content\" data-collapse-text=\"Cacher\" data-open-text=\"Lire la suite\" ><\/span> <\/div> <\/div>  <\/div> <div class=\"ti-controls-line\"> <div class=\"dot\"><\/div> <\/div> <\/div> <div class=\"ti-footer\"> <div class=\"ti-rating-text\"> <span class=\"nowrap\">\u00c9valuation <strong>Google<\/strong> : <\/span><span class=\"nowrap\"><strong>4.8<\/strong> sur 5, <\/span><span class=\"nowrap\">Bas\u00e9e sur <strong>240 avis<\/strong><\/span> <\/div> <\/div>  <\/div> <\/div> \n<p style=\"text-align: center;\"><strong><span style=\"color: #b81657;\">I 1985 i New York besluttede FN at oprette Den Internationale Frivillighedsdag for at synligg\u00f8re engagementet og potentialet i frivilligt arbejde \u2013 som en drivkraft for social og \u00f8konomisk udvikling lokalt, nationalt og internationalt.<\/span><\/strong><\/p>\n<p style=\"text-align: center;\"><strong><span style=\"color: #b81657;\">Dagen markeres hvert \u00e5r den 5. december og er en anledning til at fremh\u00e6ve millioner af menneskers indsats i foreninger og initiativer \u2013 og til at inspirere flere til at engagere sig.<\/span><\/strong><\/p>\n<p><img loading=\"lazy\" decoding=\"async\" class=\"wp-image-8189 aligncenter\" src=\"https:\/\/www.vita-explorers.dk\/blog\/wp-content\/uploads\/2017\/12\/Funny-group-in-Costa-Rica-and-Globalong-min-298x300.jpg\" alt=\"\" width=\"300\" height=\"302\" srcset=\"https:\/\/www.vita-explorers.dk\/blog\/wp-content\/uploads\/2017\/12\/Funny-group-in-Costa-Rica-and-Globalong-min-298x300.jpg 298w, https:\/\/www.vita-explorers.dk\/blog\/wp-content\/uploads\/2017\/12\/Funny-group-in-Costa-Rica-and-Globalong-min-150x150.jpg 150w, https:\/\/www.vita-explorers.dk\/blog\/wp-content\/uploads\/2017\/12\/Funny-group-in-Costa-Rica-and-Globalong-min.jpg 715w\" sizes=\"(max-width: 300px) 100vw, 300px\" \/><\/p>\n<p style=\"text-align: justify;\">Mellem <strong>2010 og 2016<\/strong> steg andelen af franskm\u00e6nd, der giver tid til andre, <strong>fra 36% til 39% if\u00f8lge unders\u00f8gelsen \u201cLa France b\u00e9n\u00e9vole\u201d.<\/strong><\/p>\n<p style=\"text-align: justify;\"><strong>Frivilligt arbejde i foreninger<\/strong> er det omr\u00e5de, der er vokset mest <strong>(fra 22,6% til 25%).<\/strong> I 2016 vurderede man, at omkring 13 millioner personer var frivillige i foreninger.<\/p>\n<p style=\"text-align: justify;\">Frankrig ligger h\u00f8jt i statistikkerne og er placeret som <strong>nummer 1 i Europa<\/strong> og nummer 6 globalt, n\u00e5r det g\u00e6lder <strong>frivilligt arbejde og internationale ophold.<\/strong><\/p>\n<p style=\"text-align: justify;\">Derudover gennemf\u00f8res mange forl\u00f8b via <strong>VSI (Volontariat de Solidarit\u00e9 Internationale)<\/strong>, som bidrog til at realisere <strong>2143 forl\u00f8b i 2013.<\/strong><\/p>\n<p><img loading=\"lazy\" decoding=\"async\" class=\"wp-image-8195 size-medium aligncenter\" src=\"https:\/\/www.vita-explorers.dk\/blog\/wp-content\/uploads\/2017\/12\/Programme-de-conservation-au-sein-de-la-communaute\u0301-GlobAlong-min-300x200.jpg\" alt=\"\" width=\"300\" height=\"200\" srcset=\"https:\/\/www.vita-explorers.dk\/blog\/wp-content\/uploads\/2017\/12\/Programme-de-conservation-au-sein-de-la-communaute\u0301-GlobAlong-min-300x200.jpg 300w, https:\/\/www.vita-explorers.dk\/blog\/wp-content\/uploads\/2017\/12\/Programme-de-conservation-au-sein-de-la-communaute\u0301-GlobAlong-min-768x512.jpg 768w, https:\/\/www.vita-explorers.dk\/blog\/wp-content\/uploads\/2017\/12\/Programme-de-conservation-au-sein-de-la-communaute\u0301-GlobAlong-min-1024x683.jpg 1024w, https:\/\/www.vita-explorers.dk\/blog\/wp-content\/uploads\/2017\/12\/Programme-de-conservation-au-sein-de-la-communaute\u0301-GlobAlong-min-150x100.jpg 150w, https:\/\/www.vita-explorers.dk\/blog\/wp-content\/uploads\/2017\/12\/Programme-de-conservation-au-sein-de-la-communaute\u0301-GlobAlong-min.jpg 1600w\" sizes=\"(max-width: 300px) 100vw, 300px\" \/><\/p>\n<p style=\"text-align: justify;\">At engagere sig i <strong>service civique<\/strong> for <strong>unge fra 16 til 25 \u00e5r<\/strong> \u2013 og op til <strong>30 \u00e5r<\/strong> for <strong>personer med handicap<\/strong> \u2013 er ogs\u00e5 en m\u00e5de at tage afsted p\u00e5 et frivilligt ophold i udlandet i <strong>samfundets interesse.<\/strong><\/p>\n<p style=\"text-align: justify;\"><strong>I 2014 blev 98 forl\u00f8b<\/strong> gennemf\u00f8rt internationalt via <strong>service civique.<\/strong><\/p>\n<p style=\"text-align: justify;\"><strong><span style=\"color: #b81657;\">At engagere sig i et internationalt frivilligforl\u00f8b med VITA:<\/span><\/strong><\/p>\n<p><strong>Bliv selv VITA Explorer p\u00e5 et internationalt forl\u00f8b!<\/strong><\/p>\n<p><img loading=\"lazy\" decoding=\"async\" class=\"wp-image-8180 size-medium aligncenter\" src=\"https:\/\/www.vita-explorers.dk\/blog\/wp-content\/uploads\/2017\/12\/Camille-b\u00e9n\u00e9vole-en-Inde-du-Nord-GlobAlong-min-300x156.jpg\" alt=\"\" width=\"300\" height=\"156\" srcset=\"https:\/\/www.vita-explorers.dk\/blog\/wp-content\/uploads\/2017\/12\/Camille-b\u00e9n\u00e9vole-en-Inde-du-Nord-GlobAlong-min-300x156.jpg 300w, https:\/\/www.vita-explorers.dk\/blog\/wp-content\/uploads\/2017\/12\/Camille-b\u00e9n\u00e9vole-en-Inde-du-Nord-GlobAlong-min-768x398.jpg 768w, https:\/\/www.vita-explorers.dk\/blog\/wp-content\/uploads\/2017\/12\/Camille-b\u00e9n\u00e9vole-en-Inde-du-Nord-GlobAlong-min-150x78.jpg 150w, https:\/\/www.vita-explorers.dk\/blog\/wp-content\/uploads\/2017\/12\/Camille-b\u00e9n\u00e9vole-en-Inde-du-Nord-GlobAlong-min.jpg 956w\" sizes=\"(max-width: 300px) 100vw, 300px\" \/><\/p>\n<p style=\"text-align: justify;\"><a href=\"https:\/\/www.vita-explorers.dk\/blog\/stop-volontourisme-turisme-frivilligt-arbejde-humanitaert-obs\/\" target=\"_blank\" rel=\"noopener\"><span style=\"text-decoration: underline;\">I mods\u00e6tning til voluntourisme og de udfordringer, der kan f\u00f8lge med<\/span><\/a>, som VITA arbejder aktivt for at undg\u00e5, kan <strong>ansvarlige internationale forl\u00f8b<\/strong> skabe en reel og positiv forskel for mange mennesker verden over.<\/p>\n<p style=\"text-align: justify;\"><strong>Deltagerne<\/strong> kommer fra alle aldersgrupper og baggrunde.<\/p>\n<p style=\"text-align: justify;\">Nogle er unge p\u00e5 <strong>sabbat\u00e5r<\/strong> eller \u00f8nsker at gennemf\u00f8re et <a href=\"https:\/\/www.vita-explorers.dk\/blog\/humanitaer-rejse-etudiant\/\" target=\"_blank\" rel=\"noopener\"><span style=\"text-decoration: underline;\">praktikforl\u00f8b<\/span> <\/a>som en del af deres uddannelse.<\/p>\n<p><img loading=\"lazy\" decoding=\"async\" class=\"size-medium wp-image-8182 aligncenter\" src=\"https:\/\/www.vita-explorers.dk\/blog\/wp-content\/uploads\/2017\/12\/Florence-participe-\u00e0-un-programme-humanitaire-au-Cambodge-GlobAlong-min-300x225.jpg\" alt=\"\" width=\"300\" height=\"225\" srcset=\"https:\/\/www.vita-explorers.dk\/blog\/wp-content\/uploads\/2017\/12\/Florence-participe-\u00e0-un-programme-humanitaire-au-Cambodge-GlobAlong-min-300x225.jpg 300w, https:\/\/www.vita-explorers.dk\/blog\/wp-content\/uploads\/2017\/12\/Florence-participe-\u00e0-un-programme-humanitaire-au-Cambodge-GlobAlong-min-768x576.jpg 768w, https:\/\/www.vita-explorers.dk\/blog\/wp-content\/uploads\/2017\/12\/Florence-participe-\u00e0-un-programme-humanitaire-au-Cambodge-GlobAlong-min-1024x768.jpg 1024w, https:\/\/www.vita-explorers.dk\/blog\/wp-content\/uploads\/2017\/12\/Florence-participe-\u00e0-un-programme-humanitaire-au-Cambodge-GlobAlong-min-150x113.jpg 150w, https:\/\/www.vita-explorers.dk\/blog\/wp-content\/uploads\/2017\/12\/Florence-participe-\u00e0-un-programme-humanitaire-au-Cambodge-GlobAlong-min.jpg 2048w\" sizes=\"(max-width: 300px) 100vw, 300px\" \/><\/p>\n<p style=\"text-align: justify;\">Andre har allerede et stabilt arbejdsliv og \u00f8nsker at bidrage ved at bruge deres faglighed i et land med f\u00e6rre ressourcer \u2013 sammen med mennesker, der har begr\u00e6nsede muligheder.<\/p>\n<p style=\"text-align: justify;\"><strong>Ogs\u00e5 pensionister<\/strong> v\u00e6lger at bruge tid og kompetencer p\u00e5 et ophold i udlandet.<\/p>\n<p style=\"text-align: justify;\"><strong><span style=\"color: #b81657;\">Tak:<\/span><\/strong><\/p>\n<p style=\"text-align: justify;\">Teamet hos <span style=\"text-decoration: underline;\"><a href=\"https:\/\/www.vita-explorers.dk\/association-globalong.html\" target=\"_blank\" rel=\"noopener\">VITA <\/a><\/span>vil gerne sige tak til alle <strong>deltagere<\/strong>, der engagerer sig og bidrager til at styrke livsvilk\u00e5r i de lokalsamfund, de er en del af under deres ophold.<\/p>\n<p><img loading=\"lazy\" decoding=\"async\" class=\"wp-image-8184 aligncenter\" src=\"https:\/\/www.vita-explorers.dk\/blog\/wp-content\/uploads\/2017\/12\/Plantation-in-Costa-Rica-Globalong-min-169x300.jpg\" alt=\"\" width=\"300\" height=\"533\" srcset=\"https:\/\/www.vita-explorers.dk\/blog\/wp-content\/uploads\/2017\/12\/Plantation-in-Costa-Rica-Globalong-min-169x300.jpg 169w, https:\/\/www.vita-explorers.dk\/blog\/wp-content\/uploads\/2017\/12\/Plantation-in-Costa-Rica-Globalong-min-84x150.jpg 84w, https:\/\/www.vita-explorers.dk\/blog\/wp-content\/uploads\/2017\/12\/Plantation-in-Costa-Rica-Globalong-min.jpg 206w\" sizes=\"(max-width: 300px) 100vw, 300px\" \/><\/p>\n<p style=\"text-align: justify;\">Det er takket v\u00e6re alle de <strong>VITA Explorers<\/strong>, der rejser ansvarligt og med omtanke, at sociale projekter kan udvikle sig og komme videre.<\/p>\n<p><strong>G\u00f8r som dem \u2013 v\u00e6lg et forl\u00f8b, der giver mening:<\/strong><\/p>\n<p><span style=\"text-decoration: underline;\"><a href=\"https:\/\/www.vita-explorers.dk\/blog\/avis-globalong\/temoignage-de-linde-du-nord\/\" target=\"_blank\" rel=\"noopener\">Camille, som rejste p\u00e5 et socialt ophold i Nordindien<\/a><\/span>, fort\u00e6ller:<br \/>\n&#8220;Tre uger. Det var den tid, der skulle til for at s\u00e6tte s\u00e5 mange ting fast i mig. Jeg vil aldrig glemme opholdet. Det er den type rejser, der r\u00f8rer os, s\u00e6tter noget i gang og hj\u00e6lper os med at vokse og tr\u00e6ffe valg i livet. Den slags oplevelser er med til at forme os.&#8221;<\/p>\n<p><span style=\"text-decoration: underline;\"><a href=\"https:\/\/www.vita-explorers.dk\/blog\/avis-globalong\/cambodge-benevolat-action-sociale-stage-enseignement-medical-experience-etranger-projet-volontaire-voyage\/\" target=\"_blank\" rel=\"noopener\">Florence, deltager i Cambodja, deler sin oplevelse<\/a> <\/span>:<br \/>\n&#8220;Den her oplevelse kommer til at betyde noget for mig fremover i alt. Jeg t\u00e6nker p\u00e5 det hele tiden, og det har hjulpet mig med at f\u00e5 \u00f8jnene op for sk\u00f8nheden i vores forskelligheder.&#8221;<\/p>\n<p><a href=\"https:\/\/www.vita-explorers.dk\/blog\/avis-globalong\/martin-costa-rica\/\" target=\"_blank\" rel=\"noopener\"><span style=\"text-decoration: underline;\">Martin, der deltog i et program om beskyttelse af skildpadder i Costa Rica, giver sin vurdering<\/span><\/a>:<br \/>\n&#8220;Jeg synes, oplevelsen har l\u00e6rt mig meget om at hj\u00e6lpe hinanden og om at give uden at forvente noget tilbage [&#8230;]. Man bliver klar over b\u00e5de p\u00e5virkningen og den menneskelige fors\u00f8mmelse af milj\u00f8et \u2013 og hvor vigtigt det er at k\u00e6mpe for disse arters overlevelse, som n\u00e6sten udelukkende afh\u00e6nger af frivilligt engagement.&#8221;<\/p>\n<p><img loading=\"lazy\" decoding=\"async\" class=\"size-medium wp-image-8186 aligncenter\" src=\"https:\/\/www.vita-explorers.dk\/blog\/wp-content\/uploads\/2017\/12\/Photo-de-groupe-avec-la-volontaire-GlobAlong-min-300x225.jpg\" alt=\"\" width=\"300\" height=\"225\" srcset=\"https:\/\/www.vita-explorers.dk\/blog\/wp-content\/uploads\/2017\/12\/Photo-de-groupe-avec-la-volontaire-GlobAlong-min-300x225.jpg 300w, https:\/\/www.vita-explorers.dk\/blog\/wp-content\/uploads\/2017\/12\/Photo-de-groupe-avec-la-volontaire-GlobAlong-min-768x576.jpg 768w, https:\/\/www.vita-explorers.dk\/blog\/wp-content\/uploads\/2017\/12\/Photo-de-groupe-avec-la-volontaire-GlobAlong-min-1024x768.jpg 1024w, https:\/\/www.vita-explorers.dk\/blog\/wp-content\/uploads\/2017\/12\/Photo-de-groupe-avec-la-volontaire-GlobAlong-min-150x113.jpg 150w, https:\/\/www.vita-explorers.dk\/blog\/wp-content\/uploads\/2017\/12\/Photo-de-groupe-avec-la-volontaire-GlobAlong-min.jpg 1280w\" sizes=\"(max-width: 300px) 100vw, 300px\" \/><\/p>\n<p><a href=\"https:\/\/www.vita-explorers.dk\/blog\/avis-globalong\/benevolat-madagascar-afrique-alphabetisation-francais-social-humanitaire\/\" target=\"_blank\" rel=\"noopener\"><span style=\"text-decoration: underline;\">Astrid deler sin oplevelse som deltager i Madagaskar<\/span> <\/a>:<br \/>\n<strong>&#8220;Sikke et eventyr! Jeg troede ikke, jeg ville f\u00f8le mig s\u00e5 godt tilpas et sted, der ligger s\u00e5 langt fra det liv, jeg lever i Frankrig. Til sidst finder man ud af, at man ikke har brug for ret meget for at v\u00e6re glad. Jeg ved ikke, hvem der l\u00e6rer mest af den anden.&#8221;<\/strong><\/p>\n<p>Tak til alle internationale frivillige!<\/p>\n<p>Tak til jer!<\/p>\n<p><strong>Sammen kan vi inspirere den forandring, vi gerne vil se!<\/strong><\/p>\n<p><img loading=\"lazy\" decoding=\"async\" class=\"size-medium wp-image-8213 aligncenter\" src=\"https:\/\/www.vita-explorers.dk\/blog\/wp-content\/uploads\/2017\/12\/Australie-Globalong-excursion-min-300x205.jpg\" alt=\"\" width=\"300\" height=\"205\" srcset=\"https:\/\/www.vita-explorers.dk\/blog\/wp-content\/uploads\/2017\/12\/Australie-Globalong-excursion-min-300x205.jpg 300w, https:\/\/www.vita-explorers.dk\/blog\/wp-content\/uploads\/2017\/12\/Australie-Globalong-excursion-min-768x526.jpg 768w, https:\/\/www.vita-explorers.dk\/blog\/wp-content\/uploads\/2017\/12\/Australie-Globalong-excursion-min-150x103.jpg 150w, https:\/\/www.vita-explorers.dk\/blog\/wp-content\/uploads\/2017\/12\/Australie-Globalong-excursion-min.jpg 789w\" sizes=\"(max-width: 300px) 100vw, 300px\" \/><\/p>\n<p style=\"text-align: center;\"><strong>For mere information, kontakt os p\u00e5 f\u00f8lgende adresse: <\/strong><a href=\"mailto:info@globalong.com\" target=\"_blank\" rel=\"noopener\"><span style=\"color: #b81657;\">info@globalong.com<\/span><\/a><\/p>\n<p style=\"text-align: center;\"><a href=\"https:\/\/www.vita-explorers.dk\/que-penser-de-globalong.html\" target=\"_blank\" rel=\"noopener\"><strong>Hvad siger folk om VITA?<\/strong><\/a><\/p>\n<p style=\"text-align: center;\"><strong><a href=\"https:\/\/www.vita-explorers.dk\/services-volontariat-international.html\" target=\"_blank\" rel=\"noopener\">Internationalt frivilligprogram<\/a><\/strong><\/p>\n<p style=\"text-align: center;\"><strong>Hvis du \u00f8nsker at deltage i et socialt ophold i udlandet,<\/strong><a href=\"https:\/\/www.vita-explorers.dk\/frivilligt-arbejde\/\" target=\"_blank\" rel=\"noopener\"> klik her<\/a> !<\/p>\n<p style=\"text-align: center;\">Vil du l\u00e6se deltagernes oplevelser fra internationale forl\u00f8b med <strong>frivilligt arbejde<\/strong>, <a href=\"https:\/\/www.vita-explorers.dk\/blog\/avis-globalong\/\" target=\"_blank\" rel=\"noopener\">s\u00e5 kig med her<\/a> !<\/p>\n<p><img loading=\"lazy\" decoding=\"async\" class=\"wp-image-8250 size-medium aligncenter\" src=\"https:\/\/www.vita-explorers.dk\/blog\/wp-content\/uploads\/2017\/12\/Trail-ride-min-300x200.jpg\" alt=\"\" width=\"300\" height=\"200\" srcset=\"https:\/\/www.vita-explorers.dk\/blog\/wp-content\/uploads\/2017\/12\/Trail-ride-min-300x200.jpg 300w, https:\/\/www.vita-explorers.dk\/blog\/wp-content\/uploads\/2017\/12\/Trail-ride-min-768x512.jpg 768w, https:\/\/www.vita-explorers.dk\/blog\/wp-content\/uploads\/2017\/12\/Trail-ride-min-1024x683.jpg 1024w, https:\/\/www.vita-explorers.dk\/blog\/wp-content\/uploads\/2017\/12\/Trail-ride-min-150x100.jpg 150w\" sizes=\"(max-width: 300px) 100vw, 300px\" \/><\/p>\n<p style=\"text-align: center;\">Vil du se billeder fra frivilligforl\u00f8b, <a href=\"https:\/\/www.flickr.com\/photos\/globalong\/albums\" target=\"_blank\" rel=\"noopener\">s\u00e5 er det her<\/a> !<\/p>\n<p style=\"text-align: center;\"><span style=\"color: #b81657;\"><strong><a href=\"https:\/\/www.vita-explorers.dk\/blog\/videoer-fra-vores-destinationer-frivilligt-arbejde-internationale-forloeb\/\" target=\"_blank\" rel=\"noopener\"> VITA p\u00e5 video!<br \/>\n<\/a><\/strong><\/span><\/p>\n","protected":false},"excerpt":{"rendered":"<p>I 1985 i New York besluttede FN at oprette Den Internationale Frivillighedsdag for at synligg\u00f8re engagementet og potentialet i frivilligt arbejde \u2013 som en\u2026<\/p>\n","protected":false},"author":1,"featured_media":8175,"comment_status":"open","ping_status":"open","sticky":false,"template":"","format":"standard","meta":{"footnotes":""},"categories":[8,1,4],"tags":[506,82,149,505],"yoast_head":"<!-- This site is optimized with the Yoast SEO Premium plugin v23.4 (Yoast SEO v23.4) - https:\/\/yoast.com\/wordpress\/plugins\/seo\/ -->\n<title>International frivillighedsdag (5. december) - VITA Explorers Blog<\/title>\n<meta name=\"robots\" content=\"index, follow, max-snippet:-1, max-image-preview:large, max-video-preview:-1\" \/>\n<link rel=\"canonical\" href=\"https:\/\/www.vita-explorers.dk\/blog\/international-frivillighedsdag-5-december-hvad-skal-man-mene-om-humanitaert-arbejde\/\" \/>\n<meta property=\"og:locale\" content=\"da_DK\" \/>\n<meta property=\"og:type\" content=\"article\" \/>\n<meta property=\"og:title\" content=\"International frivillighedsdag (5. december)\" \/>\n<meta property=\"og:description\" content=\"I 1985 i New York besluttede FN at oprette Den Internationale Frivillighedsdag for at synligg\u00f8re engagementet og potentialet i frivilligt arbejde \u2013 som en\u2026\" \/>\n<meta property=\"og:url\" content=\"https:\/\/www.vita-explorers.dk\/blog\/international-frivillighedsdag-5-december-hvad-skal-man-mene-om-humanitaert-arbejde\/\" \/>\n<meta property=\"og:site_name\" content=\"VITA Explorers Blog\" \/>\n<meta property=\"article:publisher\" content=\"https:\/\/www.facebook.com\/globalong\" \/>\n<meta property=\"article:published_time\" content=\"2017-12-05T11:29:22+00:00\" \/>\n<meta property=\"article:modified_time\" content=\"2023-01-04T14:06:09+00:00\" \/>\n<meta property=\"og:image\" content=\"https:\/\/www.vita-explorers.dk\/blog\/wp-content\/uploads\/2017\/12\/Photo-de-groupe-avec-les-enfants-Globalong-min.jpg\" \/>\n\t<meta property=\"og:image:width\" content=\"960\" \/>\n\t<meta property=\"og:image:height\" content=\"960\" \/>\n\t<meta property=\"og:image:type\" content=\"image\/jpeg\" \/>\n<meta name=\"author\" content=\"VITA Tribe\" \/>\n<meta name=\"twitter:card\" content=\"summary_large_image\" \/>\n<meta name=\"twitter:label1\" content=\"Skrevet af\" \/>\n\t<meta name=\"twitter:data1\" content=\"VITA Tribe\" \/>\n\t<meta name=\"twitter:label2\" content=\"Estimeret l\u00e6setid\" \/>\n\t<meta name=\"twitter:data2\" content=\"4 minutter\" \/>\n<script type=\"application\/ld+json\" class=\"yoast-schema-graph\">{\"@context\":\"https:\/\/schema.org\",\"@graph\":[{\"@type\":\"Article\",\"@id\":\"https:\/\/www.vita-explorers.dk\/blog\/international-frivillighedsdag-5-december-hvad-skal-man-mene-om-humanitaert-arbejde\/#article\",\"isPartOf\":{\"@id\":\"https:\/\/www.vita-explorers.dk\/blog\/international-frivillighedsdag-5-december-hvad-skal-man-mene-om-humanitaert-arbejde\/\"},\"author\":{\"name\":\"VITA Tribe\",\"@id\":\"https:\/\/www.vita-explorers.dk\/blog\/#\/schema\/person\/d7df267b64f23018d1dc519e78fb2735\"},\"headline\":\"International frivillighedsdag (5. december)\",\"datePublished\":\"2017-12-05T11:29:22+00:00\",\"dateModified\":\"2023-01-04T14:06:09+00:00\",\"mainEntityOfPage\":{\"@id\":\"https:\/\/www.vita-explorers.dk\/blog\/international-frivillighedsdag-5-december-hvad-skal-man-mene-om-humanitaert-arbejde\/\"},\"wordCount\":739,\"commentCount\":2,\"publisher\":{\"@id\":\"https:\/\/www.vita-explorers.dk\/blog\/#organization\"},\"image\":{\"@id\":\"https:\/\/www.vita-explorers.dk\/blog\/international-frivillighedsdag-5-december-hvad-skal-man-mene-om-humanitaert-arbejde\/#primaryimage\"},\"thumbnailUrl\":\"https:\/\/www.vita-explorers.dk\/blog\/wp-content\/uploads\/2017\/12\/Photo-de-groupe-avec-les-enfants-Globalong-min.jpg\",\"keywords\":[\"5 d\u00e9cembre\",\"engagement\",\"humanitaire\",\"journ\u00e9e internationale des volontaires\"],\"articleSection\":[\"Humanit\u00e6rt frivilligt arbejde\",\"No Name\",\"VITA Explorers\"],\"inLanguage\":\"da-DK\",\"potentialAction\":[{\"@type\":\"CommentAction\",\"name\":\"Comment\",\"target\":[\"https:\/\/www.vita-explorers.dk\/blog\/international-frivillighedsdag-5-december-hvad-skal-man-mene-om-humanitaert-arbejde\/#respond\"]}]},{\"@type\":\"WebPage\",\"@id\":\"https:\/\/www.vita-explorers.dk\/blog\/international-frivillighedsdag-5-december-hvad-skal-man-mene-om-humanitaert-arbejde\/\",\"url\":\"https:\/\/www.vita-explorers.dk\/blog\/international-frivillighedsdag-5-december-hvad-skal-man-mene-om-humanitaert-arbejde\/\",\"name\":\"International frivillighedsdag (5. december) - VITA Explorers Blog\",\"isPartOf\":{\"@id\":\"https:\/\/www.vita-explorers.dk\/blog\/#website\"},\"primaryImageOfPage\":{\"@id\":\"https:\/\/www.vita-explorers.dk\/blog\/international-frivillighedsdag-5-december-hvad-skal-man-mene-om-humanitaert-arbejde\/#primaryimage\"},\"image\":{\"@id\":\"https:\/\/www.vita-explorers.dk\/blog\/international-frivillighedsdag-5-december-hvad-skal-man-mene-om-humanitaert-arbejde\/#primaryimage\"},\"thumbnailUrl\":\"https:\/\/www.vita-explorers.dk\/blog\/wp-content\/uploads\/2017\/12\/Photo-de-groupe-avec-les-enfants-Globalong-min.jpg\",\"datePublished\":\"2017-12-05T11:29:22+00:00\",\"dateModified\":\"2023-01-04T14:06:09+00:00\",\"breadcrumb\":{\"@id\":\"https:\/\/www.vita-explorers.dk\/blog\/international-frivillighedsdag-5-december-hvad-skal-man-mene-om-humanitaert-arbejde\/#breadcrumb\"},\"inLanguage\":\"da-DK\",\"potentialAction\":[{\"@type\":\"ReadAction\",\"target\":[\"https:\/\/www.vita-explorers.dk\/blog\/international-frivillighedsdag-5-december-hvad-skal-man-mene-om-humanitaert-arbejde\/\"]}]},{\"@type\":\"ImageObject\",\"inLanguage\":\"da-DK\",\"@id\":\"https:\/\/www.vita-explorers.dk\/blog\/international-frivillighedsdag-5-december-hvad-skal-man-mene-om-humanitaert-arbejde\/#primaryimage\",\"url\":\"https:\/\/www.vita-explorers.dk\/blog\/wp-content\/uploads\/2017\/12\/Photo-de-groupe-avec-les-enfants-Globalong-min.jpg\",\"contentUrl\":\"https:\/\/www.vita-explorers.dk\/blog\/wp-content\/uploads\/2017\/12\/Photo-de-groupe-avec-les-enfants-Globalong-min.jpg\",\"width\":960,\"height\":960},{\"@type\":\"BreadcrumbList\",\"@id\":\"https:\/\/www.vita-explorers.dk\/blog\/international-frivillighedsdag-5-december-hvad-skal-man-mene-om-humanitaert-arbejde\/#breadcrumb\",\"itemListElement\":[{\"@type\":\"ListItem\",\"position\":1,\"name\":\"Accueil\",\"item\":\"https:\/\/www.vita-explorers.dk\/blog\/\"},{\"@type\":\"ListItem\",\"position\":2,\"name\":\"International frivillighedsdag (5. december)\"}]},{\"@type\":\"WebSite\",\"@id\":\"https:\/\/www.vita-explorers.dk\/blog\/#website\",\"url\":\"https:\/\/www.vita-explorers.dk\/blog\/\",\"name\":\"Association Globalong\",\"description\":\"Frivilligt arbejde, sprogophold, praktik i udlandet og internationale oplevelser\",\"publisher\":{\"@id\":\"https:\/\/www.vita-explorers.dk\/blog\/#organization\"},\"potentialAction\":[{\"@type\":\"SearchAction\",\"target\":{\"@type\":\"EntryPoint\",\"urlTemplate\":\"https:\/\/www.vita-explorers.dk\/blog\/?s={search_term_string}\"},\"query-input\":{\"@type\":\"PropertyValueSpecification\",\"valueRequired\":true,\"valueName\":\"search_term_string\"}}],\"inLanguage\":\"da-DK\"},{\"@type\":\"Organization\",\"@id\":\"https:\/\/www.vita-explorers.dk\/blog\/#organization\",\"name\":\"Association Globalong\",\"url\":\"https:\/\/www.vita-explorers.dk\/blog\/\",\"logo\":{\"@type\":\"ImageObject\",\"inLanguage\":\"da-DK\",\"@id\":\"https:\/\/www.vita-explorers.dk\/blog\/#\/schema\/logo\/image\/\",\"url\":\"https:\/\/www.globalong.com\/blog\/wp-content\/uploads\/2014\/11\/cropped-cropped-Logo-et-Afrique-Globalong-petite-taille-2.jpg\",\"contentUrl\":\"https:\/\/www.globalong.com\/blog\/wp-content\/uploads\/2014\/11\/cropped-cropped-Logo-et-Afrique-Globalong-petite-taille-2.jpg\",\"width\":512,\"height\":512,\"caption\":\"Association Globalong\"},\"image\":{\"@id\":\"https:\/\/www.vita-explorers.dk\/blog\/#\/schema\/logo\/image\/\"},\"sameAs\":[\"https:\/\/www.facebook.com\/globalong\"]},{\"@type\":\"Person\",\"@id\":\"https:\/\/www.vita-explorers.dk\/blog\/#\/schema\/person\/d7df267b64f23018d1dc519e78fb2735\",\"name\":\"VITA Tribe\",\"image\":{\"@type\":\"ImageObject\",\"inLanguage\":\"da-DK\",\"@id\":\"https:\/\/www.vita-explorers.dk\/blog\/#\/schema\/person\/image\/\",\"url\":\"https:\/\/secure.gravatar.com\/avatar\/81461bcc213d0ff2bdc043d4206648f0?s=96&d=mm&r=g\",\"contentUrl\":\"https:\/\/secure.gravatar.com\/avatar\/81461bcc213d0ff2bdc043d4206648f0?s=96&d=mm&r=g\",\"caption\":\"VITA Tribe\"},\"sameAs\":[\"https:\/\/www.globalong.com\"],\"url\":\"https:\/\/www.vita-explorers.dk\/blog\/author\/sophie\/\"}]}<\/script>\n<!-- \/ Yoast SEO Premium plugin. -->","yoast_head_json":{"title":"International frivillighedsdag (5. december) - VITA Explorers Blog","robots":{"index":"index","follow":"follow","max-snippet":"max-snippet:-1","max-image-preview":"max-image-preview:large","max-video-preview":"max-video-preview:-1"},"canonical":"https:\/\/www.vita-explorers.dk\/blog\/international-frivillighedsdag-5-december-hvad-skal-man-mene-om-humanitaert-arbejde\/","og_locale":"da_DK","og_type":"article","og_title":"International frivillighedsdag (5. december)","og_description":"I 1985 i New York besluttede FN at oprette Den Internationale Frivillighedsdag for at synligg\u00f8re engagementet og potentialet i frivilligt arbejde \u2013 som en\u2026","og_url":"https:\/\/www.vita-explorers.dk\/blog\/international-frivillighedsdag-5-december-hvad-skal-man-mene-om-humanitaert-arbejde\/","og_site_name":"VITA Explorers Blog","article_publisher":"https:\/\/www.facebook.com\/globalong","article_published_time":"2017-12-05T11:29:22+00:00","article_modified_time":"2023-01-04T14:06:09+00:00","og_image":[{"width":960,"height":960,"url":"https:\/\/www.vita-explorers.dk\/blog\/wp-content\/uploads\/2017\/12\/Photo-de-groupe-avec-les-enfants-Globalong-min.jpg","type":"image\/jpeg"}],"author":"VITA Tribe","twitter_card":"summary_large_image","twitter_misc":{"Skrevet af":"VITA Tribe","Estimeret l\u00e6setid":"4 minutter"},"schema":{"@context":"https:\/\/schema.org","@graph":[{"@type":"Article","@id":"https:\/\/www.vita-explorers.dk\/blog\/international-frivillighedsdag-5-december-hvad-skal-man-mene-om-humanitaert-arbejde\/#article","isPartOf":{"@id":"https:\/\/www.vita-explorers.dk\/blog\/international-frivillighedsdag-5-december-hvad-skal-man-mene-om-humanitaert-arbejde\/"},"author":{"name":"VITA Tribe","@id":"https:\/\/www.vita-explorers.dk\/blog\/#\/schema\/person\/d7df267b64f23018d1dc519e78fb2735"},"headline":"International frivillighedsdag (5. december)","datePublished":"2017-12-05T11:29:22+00:00","dateModified":"2023-01-04T14:06:09+00:00","mainEntityOfPage":{"@id":"https:\/\/www.vita-explorers.dk\/blog\/international-frivillighedsdag-5-december-hvad-skal-man-mene-om-humanitaert-arbejde\/"},"wordCount":739,"commentCount":2,"publisher":{"@id":"https:\/\/www.vita-explorers.dk\/blog\/#organization"},"image":{"@id":"https:\/\/www.vita-explorers.dk\/blog\/international-frivillighedsdag-5-december-hvad-skal-man-mene-om-humanitaert-arbejde\/#primaryimage"},"thumbnailUrl":"https:\/\/www.vita-explorers.dk\/blog\/wp-content\/uploads\/2017\/12\/Photo-de-groupe-avec-les-enfants-Globalong-min.jpg","keywords":["5 d\u00e9cembre","engagement","humanitaire","journ\u00e9e internationale des volontaires"],"articleSection":["Humanit\u00e6rt frivilligt arbejde","No Name","VITA Explorers"],"inLanguage":"da-DK","potentialAction":[{"@type":"CommentAction","name":"Comment","target":["https:\/\/www.vita-explorers.dk\/blog\/international-frivillighedsdag-5-december-hvad-skal-man-mene-om-humanitaert-arbejde\/#respond"]}]},{"@type":"WebPage","@id":"https:\/\/www.vita-explorers.dk\/blog\/international-frivillighedsdag-5-december-hvad-skal-man-mene-om-humanitaert-arbejde\/","url":"https:\/\/www.vita-explorers.dk\/blog\/international-frivillighedsdag-5-december-hvad-skal-man-mene-om-humanitaert-arbejde\/","name":"International frivillighedsdag (5. december) - VITA Explorers Blog","isPartOf":{"@id":"https:\/\/www.vita-explorers.dk\/blog\/#website"},"primaryImageOfPage":{"@id":"https:\/\/www.vita-explorers.dk\/blog\/international-frivillighedsdag-5-december-hvad-skal-man-mene-om-humanitaert-arbejde\/#primaryimage"},"image":{"@id":"https:\/\/www.vita-explorers.dk\/blog\/international-frivillighedsdag-5-december-hvad-skal-man-mene-om-humanitaert-arbejde\/#primaryimage"},"thumbnailUrl":"https:\/\/www.vita-explorers.dk\/blog\/wp-content\/uploads\/2017\/12\/Photo-de-groupe-avec-les-enfants-Globalong-min.jpg","datePublished":"2017-12-05T11:29:22+00:00","dateModified":"2023-01-04T14:06:09+00:00","breadcrumb":{"@id":"https:\/\/www.vita-explorers.dk\/blog\/international-frivillighedsdag-5-december-hvad-skal-man-mene-om-humanitaert-arbejde\/#breadcrumb"},"inLanguage":"da-DK","potentialAction":[{"@type":"ReadAction","target":["https:\/\/www.vita-explorers.dk\/blog\/international-frivillighedsdag-5-december-hvad-skal-man-mene-om-humanitaert-arbejde\/"]}]},{"@type":"ImageObject","inLanguage":"da-DK","@id":"https:\/\/www.vita-explorers.dk\/blog\/international-frivillighedsdag-5-december-hvad-skal-man-mene-om-humanitaert-arbejde\/#primaryimage","url":"https:\/\/www.vita-explorers.dk\/blog\/wp-content\/uploads\/2017\/12\/Photo-de-groupe-avec-les-enfants-Globalong-min.jpg","contentUrl":"https:\/\/www.vita-explorers.dk\/blog\/wp-content\/uploads\/2017\/12\/Photo-de-groupe-avec-les-enfants-Globalong-min.jpg","width":960,"height":960},{"@type":"BreadcrumbList","@id":"https:\/\/www.vita-explorers.dk\/blog\/international-frivillighedsdag-5-december-hvad-skal-man-mene-om-humanitaert-arbejde\/#breadcrumb","itemListElement":[{"@type":"ListItem","position":1,"name":"Accueil","item":"https:\/\/www.vita-explorers.dk\/blog\/"},{"@type":"ListItem","position":2,"name":"International frivillighedsdag (5. december)"}]},{"@type":"WebSite","@id":"https:\/\/www.vita-explorers.dk\/blog\/#website","url":"https:\/\/www.vita-explorers.dk\/blog\/","name":"Association Globalong","description":"Frivilligt arbejde, sprogophold, praktik i udlandet og internationale oplevelser","publisher":{"@id":"https:\/\/www.vita-explorers.dk\/blog\/#organization"},"potentialAction":[{"@type":"SearchAction","target":{"@type":"EntryPoint","urlTemplate":"https:\/\/www.vita-explorers.dk\/blog\/?s={search_term_string}"},"query-input":{"@type":"PropertyValueSpecification","valueRequired":true,"valueName":"search_term_string"}}],"inLanguage":"da-DK"},{"@type":"Organization","@id":"https:\/\/www.vita-explorers.dk\/blog\/#organization","name":"Association Globalong","url":"https:\/\/www.vita-explorers.dk\/blog\/","logo":{"@type":"ImageObject","inLanguage":"da-DK","@id":"https:\/\/www.vita-explorers.dk\/blog\/#\/schema\/logo\/image\/","url":"https:\/\/www.globalong.com\/blog\/wp-content\/uploads\/2014\/11\/cropped-cropped-Logo-et-Afrique-Globalong-petite-taille-2.jpg","contentUrl":"https:\/\/www.globalong.com\/blog\/wp-content\/uploads\/2014\/11\/cropped-cropped-Logo-et-Afrique-Globalong-petite-taille-2.jpg","width":512,"height":512,"caption":"Association Globalong"},"image":{"@id":"https:\/\/www.vita-explorers.dk\/blog\/#\/schema\/logo\/image\/"},"sameAs":["https:\/\/www.facebook.com\/globalong"]},{"@type":"Person","@id":"https:\/\/www.vita-explorers.dk\/blog\/#\/schema\/person\/d7df267b64f23018d1dc519e78fb2735","name":"VITA Tribe","image":{"@type":"ImageObject","inLanguage":"da-DK","@id":"https:\/\/www.vita-explorers.dk\/blog\/#\/schema\/person\/image\/","url":"https:\/\/secure.gravatar.com\/avatar\/81461bcc213d0ff2bdc043d4206648f0?s=96&d=mm&r=g","contentUrl":"https:\/\/secure.gravatar.com\/avatar\/81461bcc213d0ff2bdc043d4206648f0?s=96&d=mm&r=g","caption":"VITA Tribe"},"sameAs":["https:\/\/www.globalong.com"],"url":"https:\/\/www.vita-explorers.dk\/blog\/author\/sophie\/"}]}},"_links":{"self":[{"href":"https:\/\/www.vita-explorers.dk\/blog\/wp-json\/wp\/v2\/posts\/8167"}],"collection":[{"href":"https:\/\/www.vita-explorers.dk\/blog\/wp-json\/wp\/v2\/posts"}],"about":[{"href":"https:\/\/www.vita-explorers.dk\/blog\/wp-json\/wp\/v2\/types\/post"}],"author":[{"embeddable":true,"href":"https:\/\/www.vita-explorers.dk\/blog\/wp-json\/wp\/v2\/users\/1"}],"replies":[{"embeddable":true,"href":"https:\/\/www.vita-explorers.dk\/blog\/wp-json\/wp\/v2\/comments?post=8167"}],"version-history":[{"count":81,"href":"https:\/\/www.vita-explorers.dk\/blog\/wp-json\/wp\/v2\/posts\/8167\/revisions"}],"predecessor-version":[{"id":14952,"href":"https:\/\/www.vita-explorers.dk\/blog\/wp-json\/wp\/v2\/posts\/8167\/revisions\/14952"}],"wp:featuredmedia":[{"embeddable":true,"href":"https:\/\/www.vita-explorers.dk\/blog\/wp-json\/wp\/v2\/media\/8175"}],"wp:attachment":[{"href":"https:\/\/www.vita-explorers.dk\/blog\/wp-json\/wp\/v2\/media?parent=8167"}],"wp:term":[{"taxonomy":"category","embeddable":true,"href":"https:\/\/www.vita-explorers.dk\/blog\/wp-json\/wp\/v2\/categories?post=8167"},{"taxonomy":"post_tag","embeddable":true,"href":"https:\/\/www.vita-explorers.dk\/blog\/wp-json\/wp\/v2\/tags?post=8167"}],"curies":[{"name":"wp","href":"https:\/\/api.w.org\/{rel}","templated":true}]}}