{"id":8280,"date":"2017-12-08T14:49:51","date_gmt":"2017-12-08T13:49:51","guid":{"rendered":"https:\/\/www.globalong.com\/blog\/?p=8280"},"modified":"2022-01-12T15:55:31","modified_gmt":"2022-01-12T14:55:31","slug":"international-menneskerettighedsdag-10-december-humanitaert-solidaritet-frivilligt-arbejde","status":"publish","type":"post","link":"https:\/\/www.vita-explorers.dk\/blog\/international-menneskerettighedsdag-10-december-humanitaert-solidaritet-frivilligt-arbejde\/","title":{"rendered":"International dag for menneskerettigheder!"},"content":{"rendered":"<p style=\"text-align: center;\"><span style=\"color: #b81657;\"><strong>\u00ab Alle mennesker er f\u00f8dt frie og lige i v\u00e6rdighed og rettigheder. \u00bb<\/strong><\/span><\/p>\n<p><span style=\"color: #b81657;\"><strong> Hvert \u00e5r den 10. december markeres Menneskerettighedsdagen \u2013 dagen, hvor FN\u2019s Generalforsamling for nu 70 \u00e5r siden vedtog Verdenserkl\u00e6ringen om Menneskerettighederne.<\/strong><\/span><\/p>\n<p style=\"text-align: justify;\"><a href=\"https:\/\/www.vita-explorers.dk\/blog\/wp-content\/uploads\/2017\/12\/Don-de-mate\u0301riel-dans-un-orphelinat-GlobAlong-min.jpg\"><img loading=\"lazy\" decoding=\"async\" class=\"size-medium wp-image-8289 aligncenter\" src=\"https:\/\/www.vita-explorers.dk\/blog\/wp-content\/uploads\/2017\/12\/Don-de-mate\u0301riel-dans-un-orphelinat-GlobAlong-min-300x225.jpg\" alt=\"\" width=\"300\" height=\"225\" srcset=\"https:\/\/www.vita-explorers.dk\/blog\/wp-content\/uploads\/2017\/12\/Don-de-mate\u0301riel-dans-un-orphelinat-GlobAlong-min-300x225.jpg 300w, https:\/\/www.vita-explorers.dk\/blog\/wp-content\/uploads\/2017\/12\/Don-de-mate\u0301riel-dans-un-orphelinat-GlobAlong-min-768x576.jpg 768w, https:\/\/www.vita-explorers.dk\/blog\/wp-content\/uploads\/2017\/12\/Don-de-mate\u0301riel-dans-un-orphelinat-GlobAlong-min-1024x768.jpg 1024w, https:\/\/www.vita-explorers.dk\/blog\/wp-content\/uploads\/2017\/12\/Don-de-mate\u0301riel-dans-un-orphelinat-GlobAlong-min-150x113.jpg 150w, https:\/\/www.vita-explorers.dk\/blog\/wp-content\/uploads\/2017\/12\/Don-de-mate\u0301riel-dans-un-orphelinat-GlobAlong-min.jpg 1280w\" sizes=\"(max-width: 300px) 100vw, 300px\" \/><\/a>Med<strong> 30 artikler og oversat til 360 sprog<\/strong> er <a href=\"https:\/\/www.legifrance.gouv.fr\/Droit-francais\/Constitution\/Declaration-des-Droits-de-l-Homme-et-du-Citoyen-de-1789\" target=\"_blank\" rel=\"noopener\"><span style=\"text-decoration: underline;\">Verdenserkl\u00e6ringen om Menneskerettighederne<\/span> <\/a>pr\u00e6get af erindringen om Anden Verdenskrigs r\u00e6dsler. Allerede indledningsvis st\u00e5r der: <strong>\u00ab Uvidenhed om og foragt for menneskerettighederne har f\u00f8rt til barbariske handlinger, som har opr\u00f8rt menneskehedens samvittighed \u00bb. <\/strong>Principperne i erkl\u00e6ringen er lige s\u00e5 aktuelle i dag, som de var i 1948.<\/p>\n<p style=\"text-align: justify;\"><a href=\"https:\/\/www.vita-explorers.dk\/blog\/wp-content\/uploads\/2017\/12\/super-moment-en-Jamaique-avec-globalong-min.jpg\"><img loading=\"lazy\" decoding=\"async\" class=\"size-medium wp-image-8292 aligncenter\" src=\"https:\/\/www.vita-explorers.dk\/blog\/wp-content\/uploads\/2017\/12\/super-moment-en-Jamaique-avec-globalong-min-300x221.jpg\" alt=\"\" width=\"300\" height=\"221\" srcset=\"https:\/\/www.vita-explorers.dk\/blog\/wp-content\/uploads\/2017\/12\/super-moment-en-Jamaique-avec-globalong-min-300x221.jpg 300w, https:\/\/www.vita-explorers.dk\/blog\/wp-content\/uploads\/2017\/12\/super-moment-en-Jamaique-avec-globalong-min-150x110.jpg 150w, https:\/\/www.vita-explorers.dk\/blog\/wp-content\/uploads\/2017\/12\/super-moment-en-Jamaique-avec-globalong-min.jpg 711w\" sizes=\"(max-width: 300px) 100vw, 300px\" \/><\/a><strong>De taler til vores f\u00e6lles menneskelighed<\/strong> og bygger p\u00e5 <strong>universelle v\u00e6rdier<\/strong>, som vi har et ansvar for at respektere \u2013 for at <strong>bevare freden<\/strong> og styrke menneskers muligheder for at trives verden over. Alligevel <strong>k\u00e6mper tusindvis af mennesker<\/strong> hver dag <strong>for at menneskerettighederne<\/strong> \u2013 og rettigheder for <strong>kvinder<\/strong> og <strong>b\u00f8rn<\/strong> \u2013 bliver respekteret. I nogle lande kan det at ytre en mening i sig selv v\u00e6re en revolution\u00e6r handling, med alvorlige konsekvenser og stor risiko.<\/p>\n<p style=\"text-align: justify;\"><a href=\"https:\/\/www.vita-explorers.dk\/blog\/wp-content\/uploads\/2017\/12\/Fanny-en-Tanzanie-avec-Globalong-min.jpg\"><img loading=\"lazy\" decoding=\"async\" class=\"size-medium wp-image-8294 aligncenter\" src=\"https:\/\/www.vita-explorers.dk\/blog\/wp-content\/uploads\/2017\/12\/Fanny-en-Tanzanie-avec-Globalong-min-300x300.jpg\" alt=\"\" width=\"300\" height=\"300\" srcset=\"https:\/\/www.vita-explorers.dk\/blog\/wp-content\/uploads\/2017\/12\/Fanny-en-Tanzanie-avec-Globalong-min-300x300.jpg 300w, https:\/\/www.vita-explorers.dk\/blog\/wp-content\/uploads\/2017\/12\/Fanny-en-Tanzanie-avec-Globalong-min-150x150.jpg 150w, https:\/\/www.vita-explorers.dk\/blog\/wp-content\/uploads\/2017\/12\/Fanny-en-Tanzanie-avec-Globalong-min-768x768.jpg 768w, https:\/\/www.vita-explorers.dk\/blog\/wp-content\/uploads\/2017\/12\/Fanny-en-Tanzanie-avec-Globalong-min.jpg 960w\" sizes=\"(max-width: 300px) 100vw, 300px\" \/><\/a><strong>Takket v\u00e6re NGO\u2019er, der arbejder m\u00e5lrettet<\/strong> for denne sag, som er vigtig for en b\u00e6redygtig global udvikling, f\u00e5r mange mennesker, der oplever diskrimination, udelukkelse, undertrykkelse og fattigdom, st\u00f8tte til at k\u00e6mpe for deres <strong>frihed<\/strong>, deres <strong>v\u00e6rdighed<\/strong> og deres n\u00e6rmestes. For at sikre, at <strong>grundl\u00e6ggende frihedsrettigheder<\/strong> (ytrings-, bev\u00e6gelses-, religions- og meningsfrihed \u2013 og mange flere) er tilg\u00e6ngelige for alle, har vi et ansvar for at v\u00e6re en stemme for dem, der ikke kan v\u00e6re det selv. <strong>Vi skal st\u00e5 op for vores egne rettigheder og andres!<\/strong> Derfor findes der <strong>forl\u00f8b med frivilligt arbejde<\/strong> i menneskerettighedscentre.<\/p>\n<p style=\"text-align: justify;\"><a href=\"https:\/\/www.vita-explorers.dk\/blog\/wp-content\/uploads\/2017\/12\/B\u00e9n\u00e9volat-international-avce-les-enfants-au-Cambodge-GlobAlong-min.jpg\"><img loading=\"lazy\" decoding=\"async\" class=\"size-medium wp-image-8296 aligncenter\" src=\"https:\/\/www.vita-explorers.dk\/blog\/wp-content\/uploads\/2017\/12\/B\u00e9n\u00e9volat-international-avce-les-enfants-au-Cambodge-GlobAlong-min-300x200.jpg\" alt=\"\" width=\"300\" height=\"200\" srcset=\"https:\/\/www.vita-explorers.dk\/blog\/wp-content\/uploads\/2017\/12\/B\u00e9n\u00e9volat-international-avce-les-enfants-au-Cambodge-GlobAlong-min-300x200.jpg 300w, https:\/\/www.vita-explorers.dk\/blog\/wp-content\/uploads\/2017\/12\/B\u00e9n\u00e9volat-international-avce-les-enfants-au-Cambodge-GlobAlong-min-768x512.jpg 768w, https:\/\/www.vita-explorers.dk\/blog\/wp-content\/uploads\/2017\/12\/B\u00e9n\u00e9volat-international-avce-les-enfants-au-Cambodge-GlobAlong-min-1024x683.jpg 1024w, https:\/\/www.vita-explorers.dk\/blog\/wp-content\/uploads\/2017\/12\/B\u00e9n\u00e9volat-international-avce-les-enfants-au-Cambodge-GlobAlong-min-150x100.jpg 150w\" sizes=\"(max-width: 300px) 100vw, 300px\" \/><\/a>Engag\u00e9r dig i <a href=\"https:\/\/www.vita-explorers.dk\/frivilligt-arbejde\/frivilligt-arbejde-tanzania-internationale-forloeb\/tanzania-humanitaert-arbejde-menneskerettigheder.html\" target=\"_blank\" rel=\"noopener\"><span style=\"text-decoration: underline;\"><span style=\"color: #b81657; text-decoration: underline;\"><strong>Tanzania<\/strong><\/span><\/span><\/a>, i <strong><span style=\"text-decoration: underline;\"><a href=\"https:\/\/www.vita-explorers.dk\/frivilligt-arbejde\/frivilligt-arbejde-cambodja-boern\/frivilligt-arbejde-menneskerettigheder-cambodja.html\" target=\"_blank\" rel=\"noopener\">Cambodja<\/a><\/span><\/strong> eller i <span style=\"text-decoration: underline; color: #b81657;\"><strong><a href=\"https:\/\/www.vita-explorers.dk\/frivilligt-arbejde\/jamaica-praktik-ophold-humanitaert-arbejde-frivilligt-arbejde-undervisning\/forsvar-menneskerettigheder-strafferet-oplevelse-retfaerdighed.html\" target=\"_blank\" rel=\"noopener\">Jamaica<\/a><\/strong><\/span> \u2013 og v\u00e6r med til at styrke menneskerettighederne. <strong>Sammen kan vi v\u00e6re med til at skabe den forandring, vi gerne vil se!<\/strong><\/p>\n<p style=\"text-align: center;\"><strong>Vil du vide mere,<\/strong> <strong><a href=\"https:\/\/www.vita-explorers.dk\/#tel-contact-form-glob\" target=\"_blank\" rel=\"noopener\">s\u00e5 kontakt os<\/a><\/strong>!<\/p>\n<p style=\"text-align: center;\"><a href=\"https:\/\/www.vita-explorers.dk\/que-penser-de-globalong.html\" target=\"_blank\" rel=\"noopener\"><span style=\"text-decoration: underline;\"><strong><span style=\"color: #b81657; text-decoration: underline;\">Hvad siger folk om VITA?<\/span><\/strong><\/span><\/a><\/p>\n<p style=\"text-align: center;\"><a href=\"https:\/\/www.vita-explorers.dk\/services-volontariat-international.html\" target=\"_blank\" rel=\"noopener\"><span style=\"text-decoration: underline;\"><strong><span style=\"color: #b81657; text-decoration: underline;\">VITAs internationale forl\u00f8b<\/span><\/strong><\/span><\/a><\/p>\n<p style=\"text-align: center;\"><a href=\"https:\/\/www.vita-explorers.dk\/blog\/wp-content\/uploads\/2017\/12\/Volontaire-humanrigth-avec-globalong-min.jpg\"><img loading=\"lazy\" decoding=\"async\" class=\"wp-image-8298 size-medium aligncenter\" src=\"https:\/\/www.vita-explorers.dk\/blog\/wp-content\/uploads\/2017\/12\/Volontaire-humanrigth-avec-globalong-min-300x199.jpg\" alt=\"\" width=\"300\" height=\"199\" srcset=\"https:\/\/www.vita-explorers.dk\/blog\/wp-content\/uploads\/2017\/12\/Volontaire-humanrigth-avec-globalong-min-300x199.jpg 300w, https:\/\/www.vita-explorers.dk\/blog\/wp-content\/uploads\/2017\/12\/Volontaire-humanrigth-avec-globalong-min-768x510.jpg 768w, https:\/\/www.vita-explorers.dk\/blog\/wp-content\/uploads\/2017\/12\/Volontaire-humanrigth-avec-globalong-min-1024x681.jpg 1024w, https:\/\/www.vita-explorers.dk\/blog\/wp-content\/uploads\/2017\/12\/Volontaire-humanrigth-avec-globalong-min-150x100.jpg 150w, https:\/\/www.vita-explorers.dk\/blog\/wp-content\/uploads\/2017\/12\/Volontaire-humanrigth-avec-globalong-min.jpg 2048w\" sizes=\"(max-width: 300px) 100vw, 300px\" \/><\/a><strong>S\u00e5dan deltager du i et<\/strong> <a href=\"https:\/\/www.vita-explorers.dk\/frivilligt-arbejde\/\" target=\"_blank\" rel=\"noopener\"><span style=\"text-decoration: underline;\">ansvarligt ophold i udlandet<\/span> <\/a>!<\/p>\n<p style=\"text-align: center;\"><strong>L\u00e6s<\/strong> <span style=\"text-decoration: underline;\"><a href=\"https:\/\/www.vita-explorers.dk\/blog\/avis-globalong\/\" target=\"_blank\" rel=\"noopener\">oplevelser fra tidligere deltagere<\/a><\/span>!<\/p>\n<p style=\"text-align: center;\"><strong>Vil du se billeder fra vores frivillige forl\u00f8b,<\/strong><a href=\"https:\/\/www.flickr.com\/photos\/globalong\/albums\" target=\"_blank\" rel=\"noopener\"><span style=\"text-decoration: underline; color: #b81657;\"><strong>s\u00e5 kig med her<\/strong><\/span><\/a>!<\/p>\n<p style=\"text-align: center;\"><span style=\"color: #b81657;\">\u00a0<a href=\"https:\/\/www.vita-explorers.dk\/blog\/videoer-fra-vores-destinationer-frivilligt-arbejde-internationale-forloeb\/\" target=\"_blank\" rel=\"noopener\"><span style=\"text-decoration: underline;\"><strong>VITA p\u00e5 video!<\/strong><\/span><\/a><\/span><\/p>\n<p style=\"text-align: center;\"><a href=\"https:\/\/www.vita-explorers.dk\/charte-volontaire-benevolat-international-humanitaire.html\" target=\"_blank\" rel=\"noopener\"><span style=\"text-decoration: underline; color: #b81657;\"><strong>Retningslinjer for internationale deltagere<\/strong> <\/span><\/a>!<\/p>\n<p><img loading=\"lazy\" decoding=\"async\" class=\"size-medium wp-image-8301 aligncenter\" src=\"https:\/\/www.vita-explorers.dk\/blog\/wp-content\/uploads\/2017\/12\/b\u00e9n\u00e9volat-humanitaire-au-cambodge-avec-globalong-min-300x169.jpg\" alt=\"\" width=\"300\" height=\"169\" srcset=\"https:\/\/www.vita-explorers.dk\/blog\/wp-content\/uploads\/2017\/12\/b\u00e9n\u00e9volat-humanitaire-au-cambodge-avec-globalong-min-300x169.jpg 300w, https:\/\/www.vita-explorers.dk\/blog\/wp-content\/uploads\/2017\/12\/b\u00e9n\u00e9volat-humanitaire-au-cambodge-avec-globalong-min-768x432.jpg 768w, https:\/\/www.vita-explorers.dk\/blog\/wp-content\/uploads\/2017\/12\/b\u00e9n\u00e9volat-humanitaire-au-cambodge-avec-globalong-min-1024x576.jpg 1024w, https:\/\/www.vita-explorers.dk\/blog\/wp-content\/uploads\/2017\/12\/b\u00e9n\u00e9volat-humanitaire-au-cambodge-avec-globalong-min-150x84.jpg 150w, https:\/\/www.vita-explorers.dk\/blog\/wp-content\/uploads\/2017\/12\/b\u00e9n\u00e9volat-humanitaire-au-cambodge-avec-globalong-min.jpg 2048w\" sizes=\"(max-width: 300px) 100vw, 300px\" \/><\/p>\n<p style=\"text-align: justify;\">Kilde\u00a0:<span style=\"color: #b81657;\"> <a href=\"http:\/\/www.un.org\/fr\/events\/humanrightsday\/\" target=\"_blank\" rel=\"noopener\">Menneskerettighedsdagen (FN)<\/a>\u00a0<\/span><\/p>\n<p>\u00a0<\/p>\n","protected":false},"excerpt":{"rendered":"<p>\u00ab Alle mennesker er f\u00f8dt frie og lige i v\u00e6rdighed og rettigheder. \u00bb Hvert \u00e5r den 10. december markeres Menneskerettighedsdagen \u2013 dagen, hvor FN\u2019s\u2026<\/p>\n","protected":false},"author":1,"featured_media":8286,"comment_status":"open","ping_status":"open","sticky":false,"template":"","format":"standard","meta":{"footnotes":""},"categories":[8,1,4],"tags":[508,17,149,507,25,327],"yoast_head":"<!-- This site is optimized with the Yoast SEO Premium plugin v23.4 (Yoast SEO v23.4) - https:\/\/yoast.com\/wordpress\/plugins\/seo\/ -->\n<title>International dag for menneskerettigheder! - VITA Explorers Blog<\/title>\n<meta name=\"robots\" content=\"index, follow, max-snippet:-1, max-image-preview:large, max-video-preview:-1\" \/>\n<link rel=\"canonical\" href=\"https:\/\/www.vita-explorers.dk\/blog\/international-menneskerettighedsdag-10-december-humanitaert-solidaritet-frivilligt-arbejde\/\" \/>\n<meta property=\"og:locale\" content=\"da_DK\" \/>\n<meta property=\"og:type\" content=\"article\" \/>\n<meta property=\"og:title\" content=\"International dag for menneskerettigheder!\" \/>\n<meta property=\"og:description\" content=\"\u00ab Alle mennesker er f\u00f8dt frie og lige i v\u00e6rdighed og rettigheder. \u00bb Hvert \u00e5r den 10. december markeres Menneskerettighedsdagen \u2013 dagen, hvor FN\u2019s\u2026\" \/>\n<meta property=\"og:url\" content=\"https:\/\/www.vita-explorers.dk\/blog\/international-menneskerettighedsdag-10-december-humanitaert-solidaritet-frivilligt-arbejde\/\" \/>\n<meta property=\"og:site_name\" content=\"VITA Explorers Blog\" \/>\n<meta property=\"article:publisher\" content=\"https:\/\/www.facebook.com\/globalong\" \/>\n<meta property=\"article:published_time\" content=\"2017-12-08T13:49:51+00:00\" \/>\n<meta property=\"article:modified_time\" content=\"2022-01-12T14:55:31+00:00\" \/>\n<meta property=\"og:image\" content=\"https:\/\/www.vita-explorers.dk\/blog\/wp-content\/uploads\/2017\/12\/Engagez-vous-sur-une-mission-humanitaire-en-Tanzanie-GlobAlong-min.jpg\" \/>\n\t<meta property=\"og:image:width\" content=\"3295\" \/>\n\t<meta property=\"og:image:height\" content=\"2474\" \/>\n\t<meta property=\"og:image:type\" content=\"image\/jpeg\" \/>\n<meta name=\"author\" content=\"VITA Tribe\" \/>\n<meta name=\"twitter:card\" content=\"summary_large_image\" \/>\n<meta name=\"twitter:label1\" content=\"Skrevet af\" \/>\n\t<meta name=\"twitter:data1\" content=\"VITA Tribe\" \/>\n\t<meta name=\"twitter:label2\" content=\"Estimeret l\u00e6setid\" \/>\n\t<meta name=\"twitter:data2\" content=\"2 minutter\" \/>\n<script type=\"application\/ld+json\" class=\"yoast-schema-graph\">{\"@context\":\"https:\/\/schema.org\",\"@graph\":[{\"@type\":\"Article\",\"@id\":\"https:\/\/www.vita-explorers.dk\/blog\/international-menneskerettighedsdag-10-december-humanitaert-solidaritet-frivilligt-arbejde\/#article\",\"isPartOf\":{\"@id\":\"https:\/\/www.vita-explorers.dk\/blog\/international-menneskerettighedsdag-10-december-humanitaert-solidaritet-frivilligt-arbejde\/\"},\"author\":{\"name\":\"VITA Tribe\",\"@id\":\"https:\/\/www.vita-explorers.dk\/blog\/#\/schema\/person\/d7df267b64f23018d1dc519e78fb2735\"},\"headline\":\"International dag for menneskerettigheder!\",\"datePublished\":\"2017-12-08T13:49:51+00:00\",\"dateModified\":\"2022-01-12T14:55:31+00:00\",\"mainEntityOfPage\":{\"@id\":\"https:\/\/www.vita-explorers.dk\/blog\/international-menneskerettighedsdag-10-december-humanitaert-solidaritet-frivilligt-arbejde\/\"},\"wordCount\":368,\"commentCount\":0,\"publisher\":{\"@id\":\"https:\/\/www.vita-explorers.dk\/blog\/#organization\"},\"image\":{\"@id\":\"https:\/\/www.vita-explorers.dk\/blog\/international-menneskerettighedsdag-10-december-humanitaert-solidaritet-frivilligt-arbejde\/#primaryimage\"},\"thumbnailUrl\":\"https:\/\/www.vita-explorers.dk\/blog\/wp-content\/uploads\/2017\/12\/Engagez-vous-sur-une-mission-humanitaire-en-Tanzanie-GlobAlong-min.jpg\",\"keywords\":[\"10 d\u00e9cembre\",\"b\u00e9n\u00e9volat\",\"humanitaire\",\"Journ\u00e9e international des droits de l'Homme\",\"solidarit\u00e9\",\"soutien\"],\"articleSection\":[\"Humanit\u00e6rt frivilligt arbejde\",\"No Name\",\"VITA Explorers\"],\"inLanguage\":\"da-DK\",\"potentialAction\":[{\"@type\":\"CommentAction\",\"name\":\"Comment\",\"target\":[\"https:\/\/www.vita-explorers.dk\/blog\/international-menneskerettighedsdag-10-december-humanitaert-solidaritet-frivilligt-arbejde\/#respond\"]}]},{\"@type\":\"WebPage\",\"@id\":\"https:\/\/www.vita-explorers.dk\/blog\/international-menneskerettighedsdag-10-december-humanitaert-solidaritet-frivilligt-arbejde\/\",\"url\":\"https:\/\/www.vita-explorers.dk\/blog\/international-menneskerettighedsdag-10-december-humanitaert-solidaritet-frivilligt-arbejde\/\",\"name\":\"International dag for menneskerettigheder! - VITA Explorers Blog\",\"isPartOf\":{\"@id\":\"https:\/\/www.vita-explorers.dk\/blog\/#website\"},\"primaryImageOfPage\":{\"@id\":\"https:\/\/www.vita-explorers.dk\/blog\/international-menneskerettighedsdag-10-december-humanitaert-solidaritet-frivilligt-arbejde\/#primaryimage\"},\"image\":{\"@id\":\"https:\/\/www.vita-explorers.dk\/blog\/international-menneskerettighedsdag-10-december-humanitaert-solidaritet-frivilligt-arbejde\/#primaryimage\"},\"thumbnailUrl\":\"https:\/\/www.vita-explorers.dk\/blog\/wp-content\/uploads\/2017\/12\/Engagez-vous-sur-une-mission-humanitaire-en-Tanzanie-GlobAlong-min.jpg\",\"datePublished\":\"2017-12-08T13:49:51+00:00\",\"dateModified\":\"2022-01-12T14:55:31+00:00\",\"breadcrumb\":{\"@id\":\"https:\/\/www.vita-explorers.dk\/blog\/international-menneskerettighedsdag-10-december-humanitaert-solidaritet-frivilligt-arbejde\/#breadcrumb\"},\"inLanguage\":\"da-DK\",\"potentialAction\":[{\"@type\":\"ReadAction\",\"target\":[\"https:\/\/www.vita-explorers.dk\/blog\/international-menneskerettighedsdag-10-december-humanitaert-solidaritet-frivilligt-arbejde\/\"]}]},{\"@type\":\"ImageObject\",\"inLanguage\":\"da-DK\",\"@id\":\"https:\/\/www.vita-explorers.dk\/blog\/international-menneskerettighedsdag-10-december-humanitaert-solidaritet-frivilligt-arbejde\/#primaryimage\",\"url\":\"https:\/\/www.vita-explorers.dk\/blog\/wp-content\/uploads\/2017\/12\/Engagez-vous-sur-une-mission-humanitaire-en-Tanzanie-GlobAlong-min.jpg\",\"contentUrl\":\"https:\/\/www.vita-explorers.dk\/blog\/wp-content\/uploads\/2017\/12\/Engagez-vous-sur-une-mission-humanitaire-en-Tanzanie-GlobAlong-min.jpg\",\"width\":3295,\"height\":2474},{\"@type\":\"BreadcrumbList\",\"@id\":\"https:\/\/www.vita-explorers.dk\/blog\/international-menneskerettighedsdag-10-december-humanitaert-solidaritet-frivilligt-arbejde\/#breadcrumb\",\"itemListElement\":[{\"@type\":\"ListItem\",\"position\":1,\"name\":\"Accueil\",\"item\":\"https:\/\/www.vita-explorers.dk\/blog\/\"},{\"@type\":\"ListItem\",\"position\":2,\"name\":\"International dag for menneskerettigheder!\"}]},{\"@type\":\"WebSite\",\"@id\":\"https:\/\/www.vita-explorers.dk\/blog\/#website\",\"url\":\"https:\/\/www.vita-explorers.dk\/blog\/\",\"name\":\"Association Globalong\",\"description\":\"Frivilligt arbejde, sprogophold, praktik i udlandet og internationale oplevelser\",\"publisher\":{\"@id\":\"https:\/\/www.vita-explorers.dk\/blog\/#organization\"},\"potentialAction\":[{\"@type\":\"SearchAction\",\"target\":{\"@type\":\"EntryPoint\",\"urlTemplate\":\"https:\/\/www.vita-explorers.dk\/blog\/?s={search_term_string}\"},\"query-input\":{\"@type\":\"PropertyValueSpecification\",\"valueRequired\":true,\"valueName\":\"search_term_string\"}}],\"inLanguage\":\"da-DK\"},{\"@type\":\"Organization\",\"@id\":\"https:\/\/www.vita-explorers.dk\/blog\/#organization\",\"name\":\"Association Globalong\",\"url\":\"https:\/\/www.vita-explorers.dk\/blog\/\",\"logo\":{\"@type\":\"ImageObject\",\"inLanguage\":\"da-DK\",\"@id\":\"https:\/\/www.vita-explorers.dk\/blog\/#\/schema\/logo\/image\/\",\"url\":\"https:\/\/www.globalong.com\/blog\/wp-content\/uploads\/2014\/11\/cropped-cropped-Logo-et-Afrique-Globalong-petite-taille-2.jpg\",\"contentUrl\":\"https:\/\/www.globalong.com\/blog\/wp-content\/uploads\/2014\/11\/cropped-cropped-Logo-et-Afrique-Globalong-petite-taille-2.jpg\",\"width\":512,\"height\":512,\"caption\":\"Association Globalong\"},\"image\":{\"@id\":\"https:\/\/www.vita-explorers.dk\/blog\/#\/schema\/logo\/image\/\"},\"sameAs\":[\"https:\/\/www.facebook.com\/globalong\"]},{\"@type\":\"Person\",\"@id\":\"https:\/\/www.vita-explorers.dk\/blog\/#\/schema\/person\/d7df267b64f23018d1dc519e78fb2735\",\"name\":\"VITA Tribe\",\"image\":{\"@type\":\"ImageObject\",\"inLanguage\":\"da-DK\",\"@id\":\"https:\/\/www.vita-explorers.dk\/blog\/#\/schema\/person\/image\/\",\"url\":\"https:\/\/secure.gravatar.com\/avatar\/81461bcc213d0ff2bdc043d4206648f0?s=96&d=mm&r=g\",\"contentUrl\":\"https:\/\/secure.gravatar.com\/avatar\/81461bcc213d0ff2bdc043d4206648f0?s=96&d=mm&r=g\",\"caption\":\"VITA Tribe\"},\"sameAs\":[\"https:\/\/www.globalong.com\"],\"url\":\"https:\/\/www.vita-explorers.dk\/blog\/author\/sophie\/\"}]}<\/script>\n<!-- \/ Yoast SEO Premium plugin. -->","yoast_head_json":{"title":"International dag for menneskerettigheder! - VITA Explorers Blog","robots":{"index":"index","follow":"follow","max-snippet":"max-snippet:-1","max-image-preview":"max-image-preview:large","max-video-preview":"max-video-preview:-1"},"canonical":"https:\/\/www.vita-explorers.dk\/blog\/international-menneskerettighedsdag-10-december-humanitaert-solidaritet-frivilligt-arbejde\/","og_locale":"da_DK","og_type":"article","og_title":"International dag for menneskerettigheder!","og_description":"\u00ab Alle mennesker er f\u00f8dt frie og lige i v\u00e6rdighed og rettigheder. \u00bb Hvert \u00e5r den 10. december markeres Menneskerettighedsdagen \u2013 dagen, hvor FN\u2019s\u2026","og_url":"https:\/\/www.vita-explorers.dk\/blog\/international-menneskerettighedsdag-10-december-humanitaert-solidaritet-frivilligt-arbejde\/","og_site_name":"VITA Explorers Blog","article_publisher":"https:\/\/www.facebook.com\/globalong","article_published_time":"2017-12-08T13:49:51+00:00","article_modified_time":"2022-01-12T14:55:31+00:00","og_image":[{"width":3295,"height":2474,"url":"https:\/\/www.vita-explorers.dk\/blog\/wp-content\/uploads\/2017\/12\/Engagez-vous-sur-une-mission-humanitaire-en-Tanzanie-GlobAlong-min.jpg","type":"image\/jpeg"}],"author":"VITA Tribe","twitter_card":"summary_large_image","twitter_misc":{"Skrevet af":"VITA Tribe","Estimeret l\u00e6setid":"2 minutter"},"schema":{"@context":"https:\/\/schema.org","@graph":[{"@type":"Article","@id":"https:\/\/www.vita-explorers.dk\/blog\/international-menneskerettighedsdag-10-december-humanitaert-solidaritet-frivilligt-arbejde\/#article","isPartOf":{"@id":"https:\/\/www.vita-explorers.dk\/blog\/international-menneskerettighedsdag-10-december-humanitaert-solidaritet-frivilligt-arbejde\/"},"author":{"name":"VITA Tribe","@id":"https:\/\/www.vita-explorers.dk\/blog\/#\/schema\/person\/d7df267b64f23018d1dc519e78fb2735"},"headline":"International dag for menneskerettigheder!","datePublished":"2017-12-08T13:49:51+00:00","dateModified":"2022-01-12T14:55:31+00:00","mainEntityOfPage":{"@id":"https:\/\/www.vita-explorers.dk\/blog\/international-menneskerettighedsdag-10-december-humanitaert-solidaritet-frivilligt-arbejde\/"},"wordCount":368,"commentCount":0,"publisher":{"@id":"https:\/\/www.vita-explorers.dk\/blog\/#organization"},"image":{"@id":"https:\/\/www.vita-explorers.dk\/blog\/international-menneskerettighedsdag-10-december-humanitaert-solidaritet-frivilligt-arbejde\/#primaryimage"},"thumbnailUrl":"https:\/\/www.vita-explorers.dk\/blog\/wp-content\/uploads\/2017\/12\/Engagez-vous-sur-une-mission-humanitaire-en-Tanzanie-GlobAlong-min.jpg","keywords":["10 d\u00e9cembre","b\u00e9n\u00e9volat","humanitaire","Journ\u00e9e international des droits de l'Homme","solidarit\u00e9","soutien"],"articleSection":["Humanit\u00e6rt frivilligt arbejde","No Name","VITA Explorers"],"inLanguage":"da-DK","potentialAction":[{"@type":"CommentAction","name":"Comment","target":["https:\/\/www.vita-explorers.dk\/blog\/international-menneskerettighedsdag-10-december-humanitaert-solidaritet-frivilligt-arbejde\/#respond"]}]},{"@type":"WebPage","@id":"https:\/\/www.vita-explorers.dk\/blog\/international-menneskerettighedsdag-10-december-humanitaert-solidaritet-frivilligt-arbejde\/","url":"https:\/\/www.vita-explorers.dk\/blog\/international-menneskerettighedsdag-10-december-humanitaert-solidaritet-frivilligt-arbejde\/","name":"International dag for menneskerettigheder! - VITA Explorers Blog","isPartOf":{"@id":"https:\/\/www.vita-explorers.dk\/blog\/#website"},"primaryImageOfPage":{"@id":"https:\/\/www.vita-explorers.dk\/blog\/international-menneskerettighedsdag-10-december-humanitaert-solidaritet-frivilligt-arbejde\/#primaryimage"},"image":{"@id":"https:\/\/www.vita-explorers.dk\/blog\/international-menneskerettighedsdag-10-december-humanitaert-solidaritet-frivilligt-arbejde\/#primaryimage"},"thumbnailUrl":"https:\/\/www.vita-explorers.dk\/blog\/wp-content\/uploads\/2017\/12\/Engagez-vous-sur-une-mission-humanitaire-en-Tanzanie-GlobAlong-min.jpg","datePublished":"2017-12-08T13:49:51+00:00","dateModified":"2022-01-12T14:55:31+00:00","breadcrumb":{"@id":"https:\/\/www.vita-explorers.dk\/blog\/international-menneskerettighedsdag-10-december-humanitaert-solidaritet-frivilligt-arbejde\/#breadcrumb"},"inLanguage":"da-DK","potentialAction":[{"@type":"ReadAction","target":["https:\/\/www.vita-explorers.dk\/blog\/international-menneskerettighedsdag-10-december-humanitaert-solidaritet-frivilligt-arbejde\/"]}]},{"@type":"ImageObject","inLanguage":"da-DK","@id":"https:\/\/www.vita-explorers.dk\/blog\/international-menneskerettighedsdag-10-december-humanitaert-solidaritet-frivilligt-arbejde\/#primaryimage","url":"https:\/\/www.vita-explorers.dk\/blog\/wp-content\/uploads\/2017\/12\/Engagez-vous-sur-une-mission-humanitaire-en-Tanzanie-GlobAlong-min.jpg","contentUrl":"https:\/\/www.vita-explorers.dk\/blog\/wp-content\/uploads\/2017\/12\/Engagez-vous-sur-une-mission-humanitaire-en-Tanzanie-GlobAlong-min.jpg","width":3295,"height":2474},{"@type":"BreadcrumbList","@id":"https:\/\/www.vita-explorers.dk\/blog\/international-menneskerettighedsdag-10-december-humanitaert-solidaritet-frivilligt-arbejde\/#breadcrumb","itemListElement":[{"@type":"ListItem","position":1,"name":"Accueil","item":"https:\/\/www.vita-explorers.dk\/blog\/"},{"@type":"ListItem","position":2,"name":"International dag for menneskerettigheder!"}]},{"@type":"WebSite","@id":"https:\/\/www.vita-explorers.dk\/blog\/#website","url":"https:\/\/www.vita-explorers.dk\/blog\/","name":"Association Globalong","description":"Frivilligt arbejde, sprogophold, praktik i udlandet og internationale oplevelser","publisher":{"@id":"https:\/\/www.vita-explorers.dk\/blog\/#organization"},"potentialAction":[{"@type":"SearchAction","target":{"@type":"EntryPoint","urlTemplate":"https:\/\/www.vita-explorers.dk\/blog\/?s={search_term_string}"},"query-input":{"@type":"PropertyValueSpecification","valueRequired":true,"valueName":"search_term_string"}}],"inLanguage":"da-DK"},{"@type":"Organization","@id":"https:\/\/www.vita-explorers.dk\/blog\/#organization","name":"Association Globalong","url":"https:\/\/www.vita-explorers.dk\/blog\/","logo":{"@type":"ImageObject","inLanguage":"da-DK","@id":"https:\/\/www.vita-explorers.dk\/blog\/#\/schema\/logo\/image\/","url":"https:\/\/www.globalong.com\/blog\/wp-content\/uploads\/2014\/11\/cropped-cropped-Logo-et-Afrique-Globalong-petite-taille-2.jpg","contentUrl":"https:\/\/www.globalong.com\/blog\/wp-content\/uploads\/2014\/11\/cropped-cropped-Logo-et-Afrique-Globalong-petite-taille-2.jpg","width":512,"height":512,"caption":"Association Globalong"},"image":{"@id":"https:\/\/www.vita-explorers.dk\/blog\/#\/schema\/logo\/image\/"},"sameAs":["https:\/\/www.facebook.com\/globalong"]},{"@type":"Person","@id":"https:\/\/www.vita-explorers.dk\/blog\/#\/schema\/person\/d7df267b64f23018d1dc519e78fb2735","name":"VITA Tribe","image":{"@type":"ImageObject","inLanguage":"da-DK","@id":"https:\/\/www.vita-explorers.dk\/blog\/#\/schema\/person\/image\/","url":"https:\/\/secure.gravatar.com\/avatar\/81461bcc213d0ff2bdc043d4206648f0?s=96&d=mm&r=g","contentUrl":"https:\/\/secure.gravatar.com\/avatar\/81461bcc213d0ff2bdc043d4206648f0?s=96&d=mm&r=g","caption":"VITA Tribe"},"sameAs":["https:\/\/www.globalong.com"],"url":"https:\/\/www.vita-explorers.dk\/blog\/author\/sophie\/"}]}},"_links":{"self":[{"href":"https:\/\/www.vita-explorers.dk\/blog\/wp-json\/wp\/v2\/posts\/8280"}],"collection":[{"href":"https:\/\/www.vita-explorers.dk\/blog\/wp-json\/wp\/v2\/posts"}],"about":[{"href":"https:\/\/www.vita-explorers.dk\/blog\/wp-json\/wp\/v2\/types\/post"}],"author":[{"embeddable":true,"href":"https:\/\/www.vita-explorers.dk\/blog\/wp-json\/wp\/v2\/users\/1"}],"replies":[{"embeddable":true,"href":"https:\/\/www.vita-explorers.dk\/blog\/wp-json\/wp\/v2\/comments?post=8280"}],"version-history":[{"count":27,"href":"https:\/\/www.vita-explorers.dk\/blog\/wp-json\/wp\/v2\/posts\/8280\/revisions"}],"predecessor-version":[{"id":14056,"href":"https:\/\/www.vita-explorers.dk\/blog\/wp-json\/wp\/v2\/posts\/8280\/revisions\/14056"}],"wp:featuredmedia":[{"embeddable":true,"href":"https:\/\/www.vita-explorers.dk\/blog\/wp-json\/wp\/v2\/media\/8286"}],"wp:attachment":[{"href":"https:\/\/www.vita-explorers.dk\/blog\/wp-json\/wp\/v2\/media?parent=8280"}],"wp:term":[{"taxonomy":"category","embeddable":true,"href":"https:\/\/www.vita-explorers.dk\/blog\/wp-json\/wp\/v2\/categories?post=8280"},{"taxonomy":"post_tag","embeddable":true,"href":"https:\/\/www.vita-explorers.dk\/blog\/wp-json\/wp\/v2\/tags?post=8280"}],"curies":[{"name":"wp","href":"https:\/\/api.w.org\/{rel}","templated":true}]}}