{"id":831,"date":"2015-12-13T09:00:42","date_gmt":"2015-12-13T08:00:42","guid":{"rendered":"https:\/\/www.globalong.com\/blog\/?p=831"},"modified":"2025-01-28T23:42:07","modified_gmt":"2025-01-28T22:42:07","slug":"nyhed-visum-ecuador","status":"publish","type":"post","link":"https:\/\/www.vita-explorers.dk\/blog\/nyhed-visum-ecuador\/","title":{"rendered":"Nye visaregler i Ecuador"},"content":{"rendered":"<p style=\"text-align: center;\"><span style=\"color: #b81657;\"><strong><img loading=\"lazy\" decoding=\"async\" class=\"alignright wp-image-832\" src=\"https:\/\/www.vita-explorers.dk\/blog\/wp-content\/uploads\/2015\/12\/Otavalo-market-300x209.jpg\" alt=\"Otavalo market\" width=\"300\" height=\"209\" srcset=\"https:\/\/www.vita-explorers.dk\/blog\/wp-content\/uploads\/2015\/12\/Otavalo-market-300x209.jpg 300w, https:\/\/www.vita-explorers.dk\/blog\/wp-content\/uploads\/2015\/12\/Otavalo-market-150x104.jpg 150w, https:\/\/www.vita-explorers.dk\/blog\/wp-content\/uploads\/2015\/12\/Otavalo-market.jpg 664w\" sizes=\"(max-width: 300px) 100vw, 300px\" \/>Her er de seneste oplysninger om visum til <a href=\"https:\/\/www.vita-explorers.dk\/blog\/ansvarlig-rejse\/\" target=\"_blank\" rel=\"noopener\">Ecuador.<\/a><\/strong><\/span><\/p>\n<p>\u00a0<\/p>\n<p style=\"text-align: justify;\"><span style=\"color: #b81657;\"><strong>Oplysninger om visum<\/strong><\/span><\/p>\n<p style=\"text-align: justify;\">Uanset om du rejser som studerende eller deltager, betragtes du som turist. Derfor kan du ved ankomst til lufthavnen f\u00e5 et turistvisum p\u00e5 90 dage.<\/p>\n<p style=\"text-align: justify;\"><strong><span style=\"color: #b81657;\">For dig, der \u00f8nsker at blive i mere end 90 dage<a href=\"https:\/\/www.vita-explorers.dk\/blog\/wp-content\/uploads\/2015\/12\/ecuador_05.jpg\"><img loading=\"lazy\" decoding=\"async\" class=\"alignright wp-image-1300\" src=\"https:\/\/www.vita-explorers.dk\/blog\/wp-content\/uploads\/2015\/12\/ecuador_05.jpg\" alt=\"Rejs med VITA\" width=\"300\" height=\"300\" srcset=\"https:\/\/www.vita-explorers.dk\/blog\/wp-content\/uploads\/2015\/12\/ecuador_05.jpg 190w, https:\/\/www.vita-explorers.dk\/blog\/wp-content\/uploads\/2015\/12\/ecuador_05-150x150.jpg 150w\" sizes=\"(max-width: 300px) 100vw, 300px\" \/><\/a><br \/>\n<\/span><\/strong><\/p>\n<p style=\"text-align: justify;\">I dialog med udenrigsministeriet og undervisningsministeriet har lederen af sprogskolen f\u00e5et godkendt en forl\u00e6ngelse p\u00e5 yderligere 3 m\u00e5neder for studerende og deltagere. Det betyder, at du kan v\u00e6re i Ecuador i op til 6 sammenh\u00e6ngende m\u00e5neder. Ved ankomst f\u00e5r du dit 90-dages visum i lufthavnen, og derefter skal du kontakte skolen for at f\u00e5 forl\u00e6nget med yderligere 90 dage.<\/p>\n<p style=\"text-align: justify;\">Denne forl\u00e6ngelse af turistvisum koster 250 USD, og det tager typisk omkring to uger at f\u00e5 den p\u00e5 plads.<\/p>\n<p style=\"text-align: justify;\"><span style=\"color: #b81657;\"><strong>V\u00e6r opm\u00e6rksom p\u00e5, at denne aftale kun g\u00e6lder i Ecuador.<\/strong><\/span><\/p>\n<p style=\"text-align: justify;\"><a href=\"https:\/\/www.vita-explorers.dk\/sprog-og-frivilligt-arbejde\/spansk-frivilligt-arbejde-ecuador.html\" target=\"_blank\" rel=\"noopener\">Kombiner sprogophold og frivilligt arbejde<\/a> eller <a href=\"https:\/\/www.vita-explorers.dk\/sprogophold\/spansk-ecuador.html\" target=\"_blank\" rel=\"noopener\">vores sprogophold<\/a><\/p>\n<p style=\"text-align: justify;\"><a href=\"mailto:info@globalong.com\">Kontakt os<\/a><\/p>\n<p style=\"text-align: center;\"><a href=\"https:\/\/www.flickr.com\/photos\/globalong\/albums\/72157645329107728\" target=\"_blank\" rel=\"noopener\">\u00a0Se vores billeder fra Ecuador\u00a0<\/a><\/p>\n","protected":false},"excerpt":{"rendered":"<p>Her er de seneste oplysninger om visum til Ecuador. \u00a0 Oplysninger om visum Uanset om du rejser som studerende eller deltager, betragtes du som\u2026<\/p>\n","protected":false},"author":1,"featured_media":832,"comment_status":"open","ping_status":"open","sticky":false,"template":"","format":"standard","meta":{"footnotes":""},"categories":[191,11,8,6,3,5,4],"tags":[85,106,185,203,201,204,29,202],"yoast_head":"<!-- This site is optimized with the Yoast SEO Premium plugin v23.4 (Yoast SEO v23.4) - https:\/\/yoast.com\/wordpress\/plugins\/seo\/ -->\n<title>Nye visaregler i Ecuador - VITA Explorers Blog<\/title>\n<meta name=\"robots\" content=\"index, follow, max-snippet:-1, max-image-preview:large, max-video-preview:-1\" \/>\n<link rel=\"canonical\" href=\"https:\/\/www.vita-explorers.dk\/blog\/nyhed-visum-ecuador\/\" \/>\n<meta property=\"og:locale\" content=\"da_DK\" \/>\n<meta property=\"og:type\" content=\"article\" \/>\n<meta property=\"og:title\" content=\"Nye visaregler i Ecuador\" \/>\n<meta property=\"og:description\" content=\"Her er de seneste oplysninger om visum til Ecuador. \u00a0 Oplysninger om visum Uanset om du rejser som studerende eller deltager, betragtes du som\u2026\" \/>\n<meta property=\"og:url\" content=\"https:\/\/www.vita-explorers.dk\/blog\/nyhed-visum-ecuador\/\" \/>\n<meta property=\"og:site_name\" content=\"VITA Explorers Blog\" \/>\n<meta property=\"article:publisher\" content=\"https:\/\/www.facebook.com\/globalong\" \/>\n<meta property=\"article:published_time\" content=\"2015-12-13T08:00:42+00:00\" \/>\n<meta property=\"article:modified_time\" content=\"2025-01-28T22:42:07+00:00\" \/>\n<meta property=\"og:image\" content=\"https:\/\/www.vita-explorers.dk\/blog\/wp-content\/uploads\/2015\/12\/Otavalo-market.jpg\" \/>\n\t<meta property=\"og:image:width\" content=\"664\" \/>\n\t<meta property=\"og:image:height\" content=\"462\" \/>\n\t<meta property=\"og:image:type\" content=\"image\/jpeg\" \/>\n<meta name=\"author\" content=\"VITA Tribe\" \/>\n<meta name=\"twitter:card\" content=\"summary_large_image\" \/>\n<meta name=\"twitter:label1\" content=\"Skrevet af\" \/>\n\t<meta name=\"twitter:data1\" content=\"VITA Tribe\" \/>\n\t<meta name=\"twitter:label2\" content=\"Estimeret l\u00e6setid\" \/>\n\t<meta name=\"twitter:data2\" content=\"2 minutter\" \/>\n<script type=\"application\/ld+json\" class=\"yoast-schema-graph\">{\"@context\":\"https:\/\/schema.org\",\"@graph\":[{\"@type\":\"Article\",\"@id\":\"https:\/\/www.vita-explorers.dk\/blog\/nyhed-visum-ecuador\/#article\",\"isPartOf\":{\"@id\":\"https:\/\/www.vita-explorers.dk\/blog\/nyhed-visum-ecuador\/\"},\"author\":{\"name\":\"VITA Tribe\",\"@id\":\"https:\/\/www.vita-explorers.dk\/blog\/#\/schema\/person\/d7df267b64f23018d1dc519e78fb2735\"},\"headline\":\"Nye visaregler i Ecuador\",\"datePublished\":\"2015-12-13T08:00:42+00:00\",\"dateModified\":\"2025-01-28T22:42:07+00:00\",\"mainEntityOfPage\":{\"@id\":\"https:\/\/www.vita-explorers.dk\/blog\/nyhed-visum-ecuador\/\"},\"wordCount\":161,\"commentCount\":0,\"publisher\":{\"@id\":\"https:\/\/www.vita-explorers.dk\/blog\/#organization\"},\"image\":{\"@id\":\"https:\/\/www.vita-explorers.dk\/blog\/nyhed-visum-ecuador\/#primaryimage\"},\"thumbnailUrl\":\"https:\/\/www.vita-explorers.dk\/blog\/wp-content\/uploads\/2015\/12\/Otavalo-market.jpg\",\"keywords\":[\"autorisation\",\"Equateur\",\"globalong\",\"langues\",\"nouveau\",\"touristique\",\"visa\",\"volontaire\"],\"articleSection\":[\"Amerika\",\"Amerika\",\"Humanit\u00e6rt frivilligt arbejde\",\"Nyheder\",\"Rejser - generelle oplysninger\",\"Sprogophold\",\"VITA Explorers\"],\"inLanguage\":\"da-DK\",\"potentialAction\":[{\"@type\":\"CommentAction\",\"name\":\"Comment\",\"target\":[\"https:\/\/www.vita-explorers.dk\/blog\/nyhed-visum-ecuador\/#respond\"]}]},{\"@type\":\"WebPage\",\"@id\":\"https:\/\/www.vita-explorers.dk\/blog\/nyhed-visum-ecuador\/\",\"url\":\"https:\/\/www.vita-explorers.dk\/blog\/nyhed-visum-ecuador\/\",\"name\":\"Nye visaregler i Ecuador - VITA Explorers Blog\",\"isPartOf\":{\"@id\":\"https:\/\/www.vita-explorers.dk\/blog\/#website\"},\"primaryImageOfPage\":{\"@id\":\"https:\/\/www.vita-explorers.dk\/blog\/nyhed-visum-ecuador\/#primaryimage\"},\"image\":{\"@id\":\"https:\/\/www.vita-explorers.dk\/blog\/nyhed-visum-ecuador\/#primaryimage\"},\"thumbnailUrl\":\"https:\/\/www.vita-explorers.dk\/blog\/wp-content\/uploads\/2015\/12\/Otavalo-market.jpg\",\"datePublished\":\"2015-12-13T08:00:42+00:00\",\"dateModified\":\"2025-01-28T22:42:07+00:00\",\"breadcrumb\":{\"@id\":\"https:\/\/www.vita-explorers.dk\/blog\/nyhed-visum-ecuador\/#breadcrumb\"},\"inLanguage\":\"da-DK\",\"potentialAction\":[{\"@type\":\"ReadAction\",\"target\":[\"https:\/\/www.vita-explorers.dk\/blog\/nyhed-visum-ecuador\/\"]}]},{\"@type\":\"ImageObject\",\"inLanguage\":\"da-DK\",\"@id\":\"https:\/\/www.vita-explorers.dk\/blog\/nyhed-visum-ecuador\/#primaryimage\",\"url\":\"https:\/\/www.vita-explorers.dk\/blog\/wp-content\/uploads\/2015\/12\/Otavalo-market.jpg\",\"contentUrl\":\"https:\/\/www.vita-explorers.dk\/blog\/wp-content\/uploads\/2015\/12\/Otavalo-market.jpg\",\"width\":664,\"height\":462},{\"@type\":\"BreadcrumbList\",\"@id\":\"https:\/\/www.vita-explorers.dk\/blog\/nyhed-visum-ecuador\/#breadcrumb\",\"itemListElement\":[{\"@type\":\"ListItem\",\"position\":1,\"name\":\"Accueil\",\"item\":\"https:\/\/www.vita-explorers.dk\/blog\/\"},{\"@type\":\"ListItem\",\"position\":2,\"name\":\"Nye visaregler i Ecuador\"}]},{\"@type\":\"WebSite\",\"@id\":\"https:\/\/www.vita-explorers.dk\/blog\/#website\",\"url\":\"https:\/\/www.vita-explorers.dk\/blog\/\",\"name\":\"Association Globalong\",\"description\":\"Frivilligt arbejde, sprogophold, praktik i udlandet og internationale oplevelser\",\"publisher\":{\"@id\":\"https:\/\/www.vita-explorers.dk\/blog\/#organization\"},\"potentialAction\":[{\"@type\":\"SearchAction\",\"target\":{\"@type\":\"EntryPoint\",\"urlTemplate\":\"https:\/\/www.vita-explorers.dk\/blog\/?s={search_term_string}\"},\"query-input\":{\"@type\":\"PropertyValueSpecification\",\"valueRequired\":true,\"valueName\":\"search_term_string\"}}],\"inLanguage\":\"da-DK\"},{\"@type\":\"Organization\",\"@id\":\"https:\/\/www.vita-explorers.dk\/blog\/#organization\",\"name\":\"Association Globalong\",\"url\":\"https:\/\/www.vita-explorers.dk\/blog\/\",\"logo\":{\"@type\":\"ImageObject\",\"inLanguage\":\"da-DK\",\"@id\":\"https:\/\/www.vita-explorers.dk\/blog\/#\/schema\/logo\/image\/\",\"url\":\"https:\/\/www.globalong.com\/blog\/wp-content\/uploads\/2014\/11\/cropped-cropped-Logo-et-Afrique-Globalong-petite-taille-2.jpg\",\"contentUrl\":\"https:\/\/www.globalong.com\/blog\/wp-content\/uploads\/2014\/11\/cropped-cropped-Logo-et-Afrique-Globalong-petite-taille-2.jpg\",\"width\":512,\"height\":512,\"caption\":\"Association Globalong\"},\"image\":{\"@id\":\"https:\/\/www.vita-explorers.dk\/blog\/#\/schema\/logo\/image\/\"},\"sameAs\":[\"https:\/\/www.facebook.com\/globalong\"]},{\"@type\":\"Person\",\"@id\":\"https:\/\/www.vita-explorers.dk\/blog\/#\/schema\/person\/d7df267b64f23018d1dc519e78fb2735\",\"name\":\"VITA Tribe\",\"image\":{\"@type\":\"ImageObject\",\"inLanguage\":\"da-DK\",\"@id\":\"https:\/\/www.vita-explorers.dk\/blog\/#\/schema\/person\/image\/\",\"url\":\"https:\/\/secure.gravatar.com\/avatar\/81461bcc213d0ff2bdc043d4206648f0?s=96&d=mm&r=g\",\"contentUrl\":\"https:\/\/secure.gravatar.com\/avatar\/81461bcc213d0ff2bdc043d4206648f0?s=96&d=mm&r=g\",\"caption\":\"VITA Tribe\"},\"sameAs\":[\"https:\/\/www.globalong.com\"],\"url\":\"https:\/\/www.vita-explorers.dk\/blog\/author\/sophie\/\"}]}<\/script>\n<!-- \/ Yoast SEO Premium plugin. -->","yoast_head_json":{"title":"Nye visaregler i Ecuador - VITA Explorers Blog","robots":{"index":"index","follow":"follow","max-snippet":"max-snippet:-1","max-image-preview":"max-image-preview:large","max-video-preview":"max-video-preview:-1"},"canonical":"https:\/\/www.vita-explorers.dk\/blog\/nyhed-visum-ecuador\/","og_locale":"da_DK","og_type":"article","og_title":"Nye visaregler i Ecuador","og_description":"Her er de seneste oplysninger om visum til Ecuador. \u00a0 Oplysninger om visum Uanset om du rejser som studerende eller deltager, betragtes du som\u2026","og_url":"https:\/\/www.vita-explorers.dk\/blog\/nyhed-visum-ecuador\/","og_site_name":"VITA Explorers Blog","article_publisher":"https:\/\/www.facebook.com\/globalong","article_published_time":"2015-12-13T08:00:42+00:00","article_modified_time":"2025-01-28T22:42:07+00:00","og_image":[{"width":664,"height":462,"url":"https:\/\/www.vita-explorers.dk\/blog\/wp-content\/uploads\/2015\/12\/Otavalo-market.jpg","type":"image\/jpeg"}],"author":"VITA Tribe","twitter_card":"summary_large_image","twitter_misc":{"Skrevet af":"VITA Tribe","Estimeret l\u00e6setid":"2 minutter"},"schema":{"@context":"https:\/\/schema.org","@graph":[{"@type":"Article","@id":"https:\/\/www.vita-explorers.dk\/blog\/nyhed-visum-ecuador\/#article","isPartOf":{"@id":"https:\/\/www.vita-explorers.dk\/blog\/nyhed-visum-ecuador\/"},"author":{"name":"VITA Tribe","@id":"https:\/\/www.vita-explorers.dk\/blog\/#\/schema\/person\/d7df267b64f23018d1dc519e78fb2735"},"headline":"Nye visaregler i Ecuador","datePublished":"2015-12-13T08:00:42+00:00","dateModified":"2025-01-28T22:42:07+00:00","mainEntityOfPage":{"@id":"https:\/\/www.vita-explorers.dk\/blog\/nyhed-visum-ecuador\/"},"wordCount":161,"commentCount":0,"publisher":{"@id":"https:\/\/www.vita-explorers.dk\/blog\/#organization"},"image":{"@id":"https:\/\/www.vita-explorers.dk\/blog\/nyhed-visum-ecuador\/#primaryimage"},"thumbnailUrl":"https:\/\/www.vita-explorers.dk\/blog\/wp-content\/uploads\/2015\/12\/Otavalo-market.jpg","keywords":["autorisation","Equateur","globalong","langues","nouveau","touristique","visa","volontaire"],"articleSection":["Amerika","Amerika","Humanit\u00e6rt frivilligt arbejde","Nyheder","Rejser - generelle oplysninger","Sprogophold","VITA Explorers"],"inLanguage":"da-DK","potentialAction":[{"@type":"CommentAction","name":"Comment","target":["https:\/\/www.vita-explorers.dk\/blog\/nyhed-visum-ecuador\/#respond"]}]},{"@type":"WebPage","@id":"https:\/\/www.vita-explorers.dk\/blog\/nyhed-visum-ecuador\/","url":"https:\/\/www.vita-explorers.dk\/blog\/nyhed-visum-ecuador\/","name":"Nye visaregler i Ecuador - VITA Explorers Blog","isPartOf":{"@id":"https:\/\/www.vita-explorers.dk\/blog\/#website"},"primaryImageOfPage":{"@id":"https:\/\/www.vita-explorers.dk\/blog\/nyhed-visum-ecuador\/#primaryimage"},"image":{"@id":"https:\/\/www.vita-explorers.dk\/blog\/nyhed-visum-ecuador\/#primaryimage"},"thumbnailUrl":"https:\/\/www.vita-explorers.dk\/blog\/wp-content\/uploads\/2015\/12\/Otavalo-market.jpg","datePublished":"2015-12-13T08:00:42+00:00","dateModified":"2025-01-28T22:42:07+00:00","breadcrumb":{"@id":"https:\/\/www.vita-explorers.dk\/blog\/nyhed-visum-ecuador\/#breadcrumb"},"inLanguage":"da-DK","potentialAction":[{"@type":"ReadAction","target":["https:\/\/www.vita-explorers.dk\/blog\/nyhed-visum-ecuador\/"]}]},{"@type":"ImageObject","inLanguage":"da-DK","@id":"https:\/\/www.vita-explorers.dk\/blog\/nyhed-visum-ecuador\/#primaryimage","url":"https:\/\/www.vita-explorers.dk\/blog\/wp-content\/uploads\/2015\/12\/Otavalo-market.jpg","contentUrl":"https:\/\/www.vita-explorers.dk\/blog\/wp-content\/uploads\/2015\/12\/Otavalo-market.jpg","width":664,"height":462},{"@type":"BreadcrumbList","@id":"https:\/\/www.vita-explorers.dk\/blog\/nyhed-visum-ecuador\/#breadcrumb","itemListElement":[{"@type":"ListItem","position":1,"name":"Accueil","item":"https:\/\/www.vita-explorers.dk\/blog\/"},{"@type":"ListItem","position":2,"name":"Nye visaregler i Ecuador"}]},{"@type":"WebSite","@id":"https:\/\/www.vita-explorers.dk\/blog\/#website","url":"https:\/\/www.vita-explorers.dk\/blog\/","name":"Association Globalong","description":"Frivilligt arbejde, sprogophold, praktik i udlandet og internationale oplevelser","publisher":{"@id":"https:\/\/www.vita-explorers.dk\/blog\/#organization"},"potentialAction":[{"@type":"SearchAction","target":{"@type":"EntryPoint","urlTemplate":"https:\/\/www.vita-explorers.dk\/blog\/?s={search_term_string}"},"query-input":{"@type":"PropertyValueSpecification","valueRequired":true,"valueName":"search_term_string"}}],"inLanguage":"da-DK"},{"@type":"Organization","@id":"https:\/\/www.vita-explorers.dk\/blog\/#organization","name":"Association Globalong","url":"https:\/\/www.vita-explorers.dk\/blog\/","logo":{"@type":"ImageObject","inLanguage":"da-DK","@id":"https:\/\/www.vita-explorers.dk\/blog\/#\/schema\/logo\/image\/","url":"https:\/\/www.globalong.com\/blog\/wp-content\/uploads\/2014\/11\/cropped-cropped-Logo-et-Afrique-Globalong-petite-taille-2.jpg","contentUrl":"https:\/\/www.globalong.com\/blog\/wp-content\/uploads\/2014\/11\/cropped-cropped-Logo-et-Afrique-Globalong-petite-taille-2.jpg","width":512,"height":512,"caption":"Association Globalong"},"image":{"@id":"https:\/\/www.vita-explorers.dk\/blog\/#\/schema\/logo\/image\/"},"sameAs":["https:\/\/www.facebook.com\/globalong"]},{"@type":"Person","@id":"https:\/\/www.vita-explorers.dk\/blog\/#\/schema\/person\/d7df267b64f23018d1dc519e78fb2735","name":"VITA Tribe","image":{"@type":"ImageObject","inLanguage":"da-DK","@id":"https:\/\/www.vita-explorers.dk\/blog\/#\/schema\/person\/image\/","url":"https:\/\/secure.gravatar.com\/avatar\/81461bcc213d0ff2bdc043d4206648f0?s=96&d=mm&r=g","contentUrl":"https:\/\/secure.gravatar.com\/avatar\/81461bcc213d0ff2bdc043d4206648f0?s=96&d=mm&r=g","caption":"VITA Tribe"},"sameAs":["https:\/\/www.globalong.com"],"url":"https:\/\/www.vita-explorers.dk\/blog\/author\/sophie\/"}]}},"_links":{"self":[{"href":"https:\/\/www.vita-explorers.dk\/blog\/wp-json\/wp\/v2\/posts\/831"}],"collection":[{"href":"https:\/\/www.vita-explorers.dk\/blog\/wp-json\/wp\/v2\/posts"}],"about":[{"href":"https:\/\/www.vita-explorers.dk\/blog\/wp-json\/wp\/v2\/types\/post"}],"author":[{"embeddable":true,"href":"https:\/\/www.vita-explorers.dk\/blog\/wp-json\/wp\/v2\/users\/1"}],"replies":[{"embeddable":true,"href":"https:\/\/www.vita-explorers.dk\/blog\/wp-json\/wp\/v2\/comments?post=831"}],"version-history":[{"count":32,"href":"https:\/\/www.vita-explorers.dk\/blog\/wp-json\/wp\/v2\/posts\/831\/revisions"}],"predecessor-version":[{"id":20654,"href":"https:\/\/www.vita-explorers.dk\/blog\/wp-json\/wp\/v2\/posts\/831\/revisions\/20654"}],"wp:featuredmedia":[{"embeddable":true,"href":"https:\/\/www.vita-explorers.dk\/blog\/wp-json\/wp\/v2\/media\/832"}],"wp:attachment":[{"href":"https:\/\/www.vita-explorers.dk\/blog\/wp-json\/wp\/v2\/media?parent=831"}],"wp:term":[{"taxonomy":"category","embeddable":true,"href":"https:\/\/www.vita-explorers.dk\/blog\/wp-json\/wp\/v2\/categories?post=831"},{"taxonomy":"post_tag","embeddable":true,"href":"https:\/\/www.vita-explorers.dk\/blog\/wp-json\/wp\/v2\/tags?post=831"}],"curies":[{"name":"wp","href":"https:\/\/api.w.org\/{rel}","templated":true}]}}