{"id":8311,"date":"2017-12-08T16:41:48","date_gmt":"2017-12-08T15:41:48","guid":{"rendered":"https:\/\/www.globalong.com\/blog\/?p=8311"},"modified":"2024-10-28T14:58:08","modified_gmt":"2024-10-28T13:58:08","slug":"international-dag-for-dyrs-rettigheder-10-december-dyrevelfaerd-frivilligt-arbejde","status":"publish","type":"post","link":"https:\/\/www.vita-explorers.dk\/blog\/international-dag-for-dyrs-rettigheder-10-december-dyrevelfaerd-frivilligt-arbejde\/","title":{"rendered":"International dag for dyrs rettigheder (10. december)"},"content":{"rendered":"<p style=\"text-align: center;\"><span style=\"color: #b81657; font-size: 12pt;\"><strong>Hvert \u00e5r den 10. december markerer dyrevelf\u00e6rdsaktivister Den Internationale Dag for Dyrs Rettigheder (JIDA) med det form\u00e5l at s\u00e6tte fokus p\u00e5 det paradoks, at man ofte anerkender menneskerettigheder, men ikke de grundl\u00e6ggende rettigheder for ikke\u2011menneskelige, sansende v\u00e6sener.<\/strong><\/span><\/p>\n<p style=\"text-align: justify;\"><span style=\"font-size: 12pt;\">Datoen den 10. december er valgt med vilje, da det ogs\u00e5 er dagen, hvor Menneskerettighederne markeres.<\/span><\/p>\n<p style=\"text-align: justify;\"><span style=\"font-size: 12pt;\"><a href=\"https:\/\/www.vita-explorers.dk\/blog\/wp-content\/uploads\/2017\/12\/Une-b\u00e9n\u00e9vole-de-la-patrouille-de-nuit-GlobAlong-min.jpg\"><img loading=\"lazy\" decoding=\"async\" class=\"size-medium wp-image-8323 aligncenter\" src=\"https:\/\/www.vita-explorers.dk\/blog\/wp-content\/uploads\/2017\/12\/Une-b\u00e9n\u00e9vole-de-la-patrouille-de-nuit-GlobAlong-min-300x200.jpg\" alt=\"\" width=\"300\" height=\"200\" srcset=\"https:\/\/www.vita-explorers.dk\/blog\/wp-content\/uploads\/2017\/12\/Une-b\u00e9n\u00e9vole-de-la-patrouille-de-nuit-GlobAlong-min-300x200.jpg 300w, https:\/\/www.vita-explorers.dk\/blog\/wp-content\/uploads\/2017\/12\/Une-b\u00e9n\u00e9vole-de-la-patrouille-de-nuit-GlobAlong-min-768x512.jpg 768w, https:\/\/www.vita-explorers.dk\/blog\/wp-content\/uploads\/2017\/12\/Une-b\u00e9n\u00e9vole-de-la-patrouille-de-nuit-GlobAlong-min-1024x683.jpg 1024w, https:\/\/www.vita-explorers.dk\/blog\/wp-content\/uploads\/2017\/12\/Une-b\u00e9n\u00e9vole-de-la-patrouille-de-nuit-GlobAlong-min-150x100.jpg 150w, https:\/\/www.vita-explorers.dk\/blog\/wp-content\/uploads\/2017\/12\/Une-b\u00e9n\u00e9vole-de-la-patrouille-de-nuit-GlobAlong-min.jpg 2048w\" sizes=\"(max-width: 300px) 100vw, 300px\" \/><\/a>Ved <strong>19. udgave<\/strong> \u2013 som hvert \u00e5r \u2013 vil der blive afholdt <strong>stille demonstrationer<\/strong> foran steder, hvor <strong>dyrs rettigheder<\/strong> bliver kr\u00e6nket, blandt andet ved laboratorier, der udf\u00f8rer dyrefors\u00f8g.<\/span><\/p>\n<p style=\"text-align: justify;\"><span style=\"font-size: 12pt;\">Nogle har valgt at <strong>engagere sig fuldt ud i <a href=\"https:\/\/www.vita-explorers.dk\/blog\/humanit\u00e6rt-forl\u00f8b-animaux\/\" target=\"_blank\" rel=\"noopener\">dyrevelf\u00e6rd<\/a><\/strong> ved at leve vegansk (dvs. ikke at forbruge produkter fra dyr eller fra udnyttelse af dyr), mens andre stadig i dag mangler viden om dyrs vilk\u00e5r rundt om i verden.<\/span><\/p>\n<p style=\"text-align: justify;\"><span style=\"font-size: 12pt;\"><a href=\"https:\/\/www.vita-explorers.dk\/blog\/wp-content\/uploads\/2017\/12\/Protection-des-\u00e9l\u00e9phants-au-Sri-Lanka-GlobAlong-min.jpg\"><img loading=\"lazy\" decoding=\"async\" class=\"size-medium wp-image-8325 aligncenter\" src=\"https:\/\/www.vita-explorers.dk\/blog\/wp-content\/uploads\/2017\/12\/Protection-des-\u00e9l\u00e9phants-au-Sri-Lanka-GlobAlong-min-300x225.jpg\" alt=\"\" width=\"300\" height=\"225\" srcset=\"https:\/\/www.vita-explorers.dk\/blog\/wp-content\/uploads\/2017\/12\/Protection-des-\u00e9l\u00e9phants-au-Sri-Lanka-GlobAlong-min-300x225.jpg 300w, https:\/\/www.vita-explorers.dk\/blog\/wp-content\/uploads\/2017\/12\/Protection-des-\u00e9l\u00e9phants-au-Sri-Lanka-GlobAlong-min-768x576.jpg 768w, https:\/\/www.vita-explorers.dk\/blog\/wp-content\/uploads\/2017\/12\/Protection-des-\u00e9l\u00e9phants-au-Sri-Lanka-GlobAlong-min-1024x768.jpg 1024w, https:\/\/www.vita-explorers.dk\/blog\/wp-content\/uploads\/2017\/12\/Protection-des-\u00e9l\u00e9phants-au-Sri-Lanka-GlobAlong-min-150x113.jpg 150w\" sizes=\"(max-width: 300px) 100vw, 300px\" \/><\/a>Hvis <strong>dyrevelf\u00e6rd ligger dig s\u00e6rligt p\u00e5 sinde<\/strong>, kan du engagere dig i en <strong>NGO<\/strong>, der arbejder med <strong>beskyttelse af dyr<\/strong> i din by \u2013 eller i udlandet!<\/span><\/p>\n<p style=\"text-align: justify;\"><span style=\"font-size: 12pt;\">Der findes mange <span style=\"text-decoration: underline;\"><a href=\"https:\/\/www.vita-explorers.dk\/frivilligt-arbejde\/volontariat-afrique-du-sud-soins-animaliers.html\" target=\"_blank\" rel=\"noopener noreferrer\"><strong>projekter for beskyttelse af dyr<\/strong><\/a><\/span> (i <strong>internater for husdyr<\/strong> eller i <strong>naturreservater for vilde dyr<\/strong>) samt <span style=\"text-decoration: underline;\"><a href=\"https:\/\/www.vita-explorers.dk\/blog\/frivilligt-arbejde-miljoe-i-afrika-asien-australien-og-amerika-ansvarlige-internationale-forloeb-og-groenne-projekter\/\" target=\"_blank\" rel=\"noopener noreferrer\">\u00f8ko-frivilligt arbejde<\/a><\/span> (beskyttelse af truede arter som lemurer, elefanter og skildpadder) arrangeret over hele verden.<\/span><\/p>\n<p style=\"text-align: justify;\"><span style=\"font-size: 12pt;\"><strong>Engag\u00e9r dig for vores dyrevenner!<\/strong><\/span><\/p>\n<p style=\"text-align: justify;\"><span style=\"font-size: 12pt;\"><img loading=\"lazy\" decoding=\"async\" class=\"size-medium wp-image-8337 aligncenter\" src=\"https:\/\/www.vita-explorers.dk\/blog\/wp-content\/uploads\/2017\/12\/Les-l\u00e9muriens-du-centre-de-r\u00e9habilitation-animale-\u00e0-Madagascar-GlobAlong-min-300x200.jpg\" alt=\"\" width=\"300\" height=\"200\" srcset=\"https:\/\/www.vita-explorers.dk\/blog\/wp-content\/uploads\/2017\/12\/Les-l\u00e9muriens-du-centre-de-r\u00e9habilitation-animale-\u00e0-Madagascar-GlobAlong-min-300x200.jpg 300w, https:\/\/www.vita-explorers.dk\/blog\/wp-content\/uploads\/2017\/12\/Les-l\u00e9muriens-du-centre-de-r\u00e9habilitation-animale-\u00e0-Madagascar-GlobAlong-min-768x512.jpg 768w, https:\/\/www.vita-explorers.dk\/blog\/wp-content\/uploads\/2017\/12\/Les-l\u00e9muriens-du-centre-de-r\u00e9habilitation-animale-\u00e0-Madagascar-GlobAlong-min-1024x683.jpg 1024w, https:\/\/www.vita-explorers.dk\/blog\/wp-content\/uploads\/2017\/12\/Les-l\u00e9muriens-du-centre-de-r\u00e9habilitation-animale-\u00e0-Madagascar-GlobAlong-min-150x100.jpg 150w\" sizes=\"(max-width: 300px) 100vw, 300px\" \/><\/span><\/p>\n<p style=\"text-align: justify;\"><span style=\"font-size: 12pt;\">Cookie, den officielle maskot for VITA, opfordrer dig til at st\u00f8tte dyrs rettigheder verden over!<\/span><\/p>\n<p style=\"text-align: center;\"><span style=\"font-size: 12pt;\"><span style=\"text-decoration: underline;\"><a href=\"https:\/\/www.vita-explorers.dk\/frivilligt-arbejde\/\" target=\"_blank\" rel=\"noopener noreferrer\">V\u00e6lg dit internationale frivilligforl\u00f8b med dyr<\/a><\/span> !<\/span><\/p>\n<p style=\"text-align: center;\"><span style=\"font-size: 12pt;\"><strong>For mere information, kontakt os p\u00e5:<\/strong> <a href=\"mailto:info@globalong.com\" target=\"_blank\" rel=\"noopener noreferrer\"><span style=\"text-decoration: underline; color: #b81657;\"><strong>info@globalong.com<\/strong><\/span><\/a> !<\/span><\/p>\n<p style=\"text-align: center;\"><span style=\"font-size: 12pt;\"><a href=\"https:\/\/www.vita-explorers.dk\/que-penser-de-globalong.html\" target=\"_blank\" rel=\"noopener noreferrer\"><span style=\"text-decoration: underline; color: #b81657;\"><strong>Hvad synes man om VITA?<\/strong><\/span><\/a><\/span><\/p>\n<p style=\"text-align: center;\"><span style=\"font-size: 12pt;\"><a href=\"https:\/\/www.vita-explorers.dk\/services-volontariat-international.html\" target=\"_blank\" rel=\"noopener noreferrer\"><span style=\"text-decoration: underline; color: #b81657;\"><strong>VITAs internationale frivilligservice<\/strong><\/span><\/a><\/span><\/p>\n<p><span style=\"font-size: 12pt;\"><img loading=\"lazy\" decoding=\"async\" class=\"size-medium wp-image-8330 aligncenter\" src=\"https:\/\/www.vita-explorers.dk\/blog\/wp-content\/uploads\/2017\/12\/Cookie-GlobALong-min-300x225.jpg\" alt=\"\" width=\"300\" height=\"225\" srcset=\"https:\/\/www.vita-explorers.dk\/blog\/wp-content\/uploads\/2017\/12\/Cookie-GlobALong-min-300x225.jpg 300w, https:\/\/www.vita-explorers.dk\/blog\/wp-content\/uploads\/2017\/12\/Cookie-GlobALong-min-150x113.jpg 150w, https:\/\/www.vita-explorers.dk\/blog\/wp-content\/uploads\/2017\/12\/Cookie-GlobALong-min.jpg 640w\" sizes=\"(max-width: 300px) 100vw, 300px\" \/><\/span><\/p>\n<p style=\"text-align: center;\"><span style=\"font-size: 12pt;\"><span style=\"text-decoration: underline;\"><a href=\"https:\/\/www.vita-explorers.dk\/blog\/avis-globalong\/\" target=\"_blank\" rel=\"noopener noreferrer\">L\u00e6s erfaringer fra tidligere deltagere<\/a> <\/span>!<\/span><\/p>\n<p style=\"text-align: center;\"><span style=\"font-size: 12pt;\"><strong>Se frivilligforl\u00f8bene<\/strong> <span style=\"text-decoration: underline; color: #b81657;\"><strong><a href=\"https:\/\/www.flickr.com\/photos\/globalong\/albums\" target=\"_blank\" rel=\"noopener noreferrer\">i billeder<\/a><\/strong><\/span><\/span><\/p>\n<p style=\"text-align: center;\"><span style=\"font-size: 12pt;\"> <a href=\"https:\/\/www.vita-explorers.dk\/blog\/videoer-fra-vores-destinationer-frivilligt-arbejde-internationale-forloeb\/\" target=\"_blank\" rel=\"noopener noreferrer\"><span style=\"text-decoration: underline; color: #b81657;\"><strong>VITA p\u00e5 video!<\/strong><\/span><\/a><\/span><\/p>\n<p style=\"text-align: center;\"><span style=\"font-size: 12pt;\"><strong>Alle deltagere hos VITA forpligter sig til at f\u00f8lge<\/strong> <a href=\"https:\/\/www.vita-explorers.dk\/charte-volontaire-benevolat-international-humanitaire.html\" target=\"_blank\" rel=\"noopener noreferrer\"><span style=\"text-decoration: underline; color: #b81657;\"><strong>Charteret for internationale deltagere<\/strong><\/span><\/a> !<\/span><\/p>\n","protected":false},"excerpt":{"rendered":"<p>Hvert \u00e5r den 10. december markerer dyrevelf\u00e6rdsaktivister Den Internationale Dag for Dyrs Rettigheder (JIDA) med det form\u00e5l at s\u00e6tte fokus p\u00e5 det paradoks, at\u2026<\/p>\n","protected":false},"author":1,"featured_media":8331,"comment_status":"open","ping_status":"open","sticky":false,"template":"","format":"standard","meta":{"footnotes":""},"categories":[8,1,4],"tags":[508,17,510,509,440],"yoast_head":"<!-- This site is optimized with the Yoast SEO Premium plugin v23.4 (Yoast SEO v23.4) - https:\/\/yoast.com\/wordpress\/plugins\/seo\/ -->\n<title>International dag for dyrs rettigheder (10. december) - VITA Explorers Blog<\/title>\n<meta name=\"robots\" content=\"index, follow, max-snippet:-1, max-image-preview:large, max-video-preview:-1\" \/>\n<link rel=\"canonical\" href=\"https:\/\/www.vita-explorers.dk\/blog\/international-dag-for-dyrs-rettigheder-10-december-dyrevelfaerd-frivilligt-arbejde\/\" \/>\n<meta property=\"og:locale\" content=\"da_DK\" \/>\n<meta property=\"og:type\" content=\"article\" \/>\n<meta property=\"og:title\" content=\"International dag for dyrs rettigheder (10. december)\" \/>\n<meta property=\"og:description\" content=\"Hvert \u00e5r den 10. december markerer dyrevelf\u00e6rdsaktivister Den Internationale Dag for Dyrs Rettigheder (JIDA) med det form\u00e5l at s\u00e6tte fokus p\u00e5 det paradoks, at\u2026\" \/>\n<meta property=\"og:url\" content=\"https:\/\/www.vita-explorers.dk\/blog\/international-dag-for-dyrs-rettigheder-10-december-dyrevelfaerd-frivilligt-arbejde\/\" \/>\n<meta property=\"og:site_name\" content=\"VITA Explorers Blog\" \/>\n<meta property=\"article:publisher\" content=\"https:\/\/www.facebook.com\/globalong\" \/>\n<meta property=\"article:published_time\" content=\"2017-12-08T15:41:48+00:00\" \/>\n<meta property=\"article:modified_time\" content=\"2024-10-28T13:58:08+00:00\" \/>\n<meta property=\"og:image\" content=\"https:\/\/www.vita-explorers.dk\/blog\/wp-content\/uploads\/2017\/12\/Gu\u00e9pard-b\u00e9b\u00e9-Globalong-min.jpg\" \/>\n\t<meta property=\"og:image:width\" content=\"5184\" \/>\n\t<meta property=\"og:image:height\" content=\"3456\" \/>\n\t<meta property=\"og:image:type\" content=\"image\/jpeg\" \/>\n<meta name=\"author\" content=\"VITA Tribe\" \/>\n<meta name=\"twitter:card\" content=\"summary_large_image\" \/>\n<meta name=\"twitter:label1\" content=\"Skrevet af\" \/>\n\t<meta name=\"twitter:data1\" content=\"VITA Tribe\" \/>\n\t<meta name=\"twitter:label2\" content=\"Estimeret l\u00e6setid\" \/>\n\t<meta name=\"twitter:data2\" content=\"3 minutter\" \/>\n<script type=\"application\/ld+json\" class=\"yoast-schema-graph\">{\"@context\":\"https:\/\/schema.org\",\"@graph\":[{\"@type\":\"Article\",\"@id\":\"https:\/\/www.vita-explorers.dk\/blog\/international-dag-for-dyrs-rettigheder-10-december-dyrevelfaerd-frivilligt-arbejde\/#article\",\"isPartOf\":{\"@id\":\"https:\/\/www.vita-explorers.dk\/blog\/international-dag-for-dyrs-rettigheder-10-december-dyrevelfaerd-frivilligt-arbejde\/\"},\"author\":{\"name\":\"VITA Tribe\",\"@id\":\"https:\/\/www.vita-explorers.dk\/blog\/#\/schema\/person\/d7df267b64f23018d1dc519e78fb2735\"},\"headline\":\"International dag for dyrs rettigheder (10. december)\",\"datePublished\":\"2017-12-08T15:41:48+00:00\",\"dateModified\":\"2024-10-28T13:58:08+00:00\",\"mainEntityOfPage\":{\"@id\":\"https:\/\/www.vita-explorers.dk\/blog\/international-dag-for-dyrs-rettigheder-10-december-dyrevelfaerd-frivilligt-arbejde\/\"},\"wordCount\":270,\"commentCount\":2,\"publisher\":{\"@id\":\"https:\/\/www.vita-explorers.dk\/blog\/#organization\"},\"image\":{\"@id\":\"https:\/\/www.vita-explorers.dk\/blog\/international-dag-for-dyrs-rettigheder-10-december-dyrevelfaerd-frivilligt-arbejde\/#primaryimage\"},\"thumbnailUrl\":\"https:\/\/www.vita-explorers.dk\/blog\/wp-content\/uploads\/2017\/12\/Gu\u00e9pard-b\u00e9b\u00e9-Globalong-min.jpg\",\"keywords\":[\"10 d\u00e9cembre\",\"b\u00e9n\u00e9volat\",\"compassion\",\"Journ\u00e9e internationale des droits des animaux\",\"sensibilisation\"],\"articleSection\":[\"Humanit\u00e6rt frivilligt arbejde\",\"No Name\",\"VITA Explorers\"],\"inLanguage\":\"da-DK\",\"potentialAction\":[{\"@type\":\"CommentAction\",\"name\":\"Comment\",\"target\":[\"https:\/\/www.vita-explorers.dk\/blog\/international-dag-for-dyrs-rettigheder-10-december-dyrevelfaerd-frivilligt-arbejde\/#respond\"]}]},{\"@type\":\"WebPage\",\"@id\":\"https:\/\/www.vita-explorers.dk\/blog\/international-dag-for-dyrs-rettigheder-10-december-dyrevelfaerd-frivilligt-arbejde\/\",\"url\":\"https:\/\/www.vita-explorers.dk\/blog\/international-dag-for-dyrs-rettigheder-10-december-dyrevelfaerd-frivilligt-arbejde\/\",\"name\":\"International dag for dyrs rettigheder (10. december) - VITA Explorers Blog\",\"isPartOf\":{\"@id\":\"https:\/\/www.vita-explorers.dk\/blog\/#website\"},\"primaryImageOfPage\":{\"@id\":\"https:\/\/www.vita-explorers.dk\/blog\/international-dag-for-dyrs-rettigheder-10-december-dyrevelfaerd-frivilligt-arbejde\/#primaryimage\"},\"image\":{\"@id\":\"https:\/\/www.vita-explorers.dk\/blog\/international-dag-for-dyrs-rettigheder-10-december-dyrevelfaerd-frivilligt-arbejde\/#primaryimage\"},\"thumbnailUrl\":\"https:\/\/www.vita-explorers.dk\/blog\/wp-content\/uploads\/2017\/12\/Gu\u00e9pard-b\u00e9b\u00e9-Globalong-min.jpg\",\"datePublished\":\"2017-12-08T15:41:48+00:00\",\"dateModified\":\"2024-10-28T13:58:08+00:00\",\"breadcrumb\":{\"@id\":\"https:\/\/www.vita-explorers.dk\/blog\/international-dag-for-dyrs-rettigheder-10-december-dyrevelfaerd-frivilligt-arbejde\/#breadcrumb\"},\"inLanguage\":\"da-DK\",\"potentialAction\":[{\"@type\":\"ReadAction\",\"target\":[\"https:\/\/www.vita-explorers.dk\/blog\/international-dag-for-dyrs-rettigheder-10-december-dyrevelfaerd-frivilligt-arbejde\/\"]}]},{\"@type\":\"ImageObject\",\"inLanguage\":\"da-DK\",\"@id\":\"https:\/\/www.vita-explorers.dk\/blog\/international-dag-for-dyrs-rettigheder-10-december-dyrevelfaerd-frivilligt-arbejde\/#primaryimage\",\"url\":\"https:\/\/www.vita-explorers.dk\/blog\/wp-content\/uploads\/2017\/12\/Gu\u00e9pard-b\u00e9b\u00e9-Globalong-min.jpg\",\"contentUrl\":\"https:\/\/www.vita-explorers.dk\/blog\/wp-content\/uploads\/2017\/12\/Gu\u00e9pard-b\u00e9b\u00e9-Globalong-min.jpg\",\"width\":5184,\"height\":3456},{\"@type\":\"BreadcrumbList\",\"@id\":\"https:\/\/www.vita-explorers.dk\/blog\/international-dag-for-dyrs-rettigheder-10-december-dyrevelfaerd-frivilligt-arbejde\/#breadcrumb\",\"itemListElement\":[{\"@type\":\"ListItem\",\"position\":1,\"name\":\"Accueil\",\"item\":\"https:\/\/www.vita-explorers.dk\/blog\/\"},{\"@type\":\"ListItem\",\"position\":2,\"name\":\"International dag for dyrs rettigheder (10. december)\"}]},{\"@type\":\"WebSite\",\"@id\":\"https:\/\/www.vita-explorers.dk\/blog\/#website\",\"url\":\"https:\/\/www.vita-explorers.dk\/blog\/\",\"name\":\"Association Globalong\",\"description\":\"Frivilligt arbejde, sprogophold, praktik i udlandet og internationale oplevelser\",\"publisher\":{\"@id\":\"https:\/\/www.vita-explorers.dk\/blog\/#organization\"},\"potentialAction\":[{\"@type\":\"SearchAction\",\"target\":{\"@type\":\"EntryPoint\",\"urlTemplate\":\"https:\/\/www.vita-explorers.dk\/blog\/?s={search_term_string}\"},\"query-input\":{\"@type\":\"PropertyValueSpecification\",\"valueRequired\":true,\"valueName\":\"search_term_string\"}}],\"inLanguage\":\"da-DK\"},{\"@type\":\"Organization\",\"@id\":\"https:\/\/www.vita-explorers.dk\/blog\/#organization\",\"name\":\"Association Globalong\",\"url\":\"https:\/\/www.vita-explorers.dk\/blog\/\",\"logo\":{\"@type\":\"ImageObject\",\"inLanguage\":\"da-DK\",\"@id\":\"https:\/\/www.vita-explorers.dk\/blog\/#\/schema\/logo\/image\/\",\"url\":\"https:\/\/www.globalong.com\/blog\/wp-content\/uploads\/2014\/11\/cropped-cropped-Logo-et-Afrique-Globalong-petite-taille-2.jpg\",\"contentUrl\":\"https:\/\/www.globalong.com\/blog\/wp-content\/uploads\/2014\/11\/cropped-cropped-Logo-et-Afrique-Globalong-petite-taille-2.jpg\",\"width\":512,\"height\":512,\"caption\":\"Association Globalong\"},\"image\":{\"@id\":\"https:\/\/www.vita-explorers.dk\/blog\/#\/schema\/logo\/image\/\"},\"sameAs\":[\"https:\/\/www.facebook.com\/globalong\"]},{\"@type\":\"Person\",\"@id\":\"https:\/\/www.vita-explorers.dk\/blog\/#\/schema\/person\/d7df267b64f23018d1dc519e78fb2735\",\"name\":\"VITA Tribe\",\"image\":{\"@type\":\"ImageObject\",\"inLanguage\":\"da-DK\",\"@id\":\"https:\/\/www.vita-explorers.dk\/blog\/#\/schema\/person\/image\/\",\"url\":\"https:\/\/secure.gravatar.com\/avatar\/81461bcc213d0ff2bdc043d4206648f0?s=96&d=mm&r=g\",\"contentUrl\":\"https:\/\/secure.gravatar.com\/avatar\/81461bcc213d0ff2bdc043d4206648f0?s=96&d=mm&r=g\",\"caption\":\"VITA Tribe\"},\"sameAs\":[\"https:\/\/www.globalong.com\"],\"url\":\"https:\/\/www.vita-explorers.dk\/blog\/author\/sophie\/\"}]}<\/script>\n<!-- \/ Yoast SEO Premium plugin. -->","yoast_head_json":{"title":"International dag for dyrs rettigheder (10. december) - VITA Explorers Blog","robots":{"index":"index","follow":"follow","max-snippet":"max-snippet:-1","max-image-preview":"max-image-preview:large","max-video-preview":"max-video-preview:-1"},"canonical":"https:\/\/www.vita-explorers.dk\/blog\/international-dag-for-dyrs-rettigheder-10-december-dyrevelfaerd-frivilligt-arbejde\/","og_locale":"da_DK","og_type":"article","og_title":"International dag for dyrs rettigheder (10. december)","og_description":"Hvert \u00e5r den 10. december markerer dyrevelf\u00e6rdsaktivister Den Internationale Dag for Dyrs Rettigheder (JIDA) med det form\u00e5l at s\u00e6tte fokus p\u00e5 det paradoks, at\u2026","og_url":"https:\/\/www.vita-explorers.dk\/blog\/international-dag-for-dyrs-rettigheder-10-december-dyrevelfaerd-frivilligt-arbejde\/","og_site_name":"VITA Explorers Blog","article_publisher":"https:\/\/www.facebook.com\/globalong","article_published_time":"2017-12-08T15:41:48+00:00","article_modified_time":"2024-10-28T13:58:08+00:00","og_image":[{"width":5184,"height":3456,"url":"https:\/\/www.vita-explorers.dk\/blog\/wp-content\/uploads\/2017\/12\/Gu\u00e9pard-b\u00e9b\u00e9-Globalong-min.jpg","type":"image\/jpeg"}],"author":"VITA Tribe","twitter_card":"summary_large_image","twitter_misc":{"Skrevet af":"VITA Tribe","Estimeret l\u00e6setid":"3 minutter"},"schema":{"@context":"https:\/\/schema.org","@graph":[{"@type":"Article","@id":"https:\/\/www.vita-explorers.dk\/blog\/international-dag-for-dyrs-rettigheder-10-december-dyrevelfaerd-frivilligt-arbejde\/#article","isPartOf":{"@id":"https:\/\/www.vita-explorers.dk\/blog\/international-dag-for-dyrs-rettigheder-10-december-dyrevelfaerd-frivilligt-arbejde\/"},"author":{"name":"VITA Tribe","@id":"https:\/\/www.vita-explorers.dk\/blog\/#\/schema\/person\/d7df267b64f23018d1dc519e78fb2735"},"headline":"International dag for dyrs rettigheder (10. december)","datePublished":"2017-12-08T15:41:48+00:00","dateModified":"2024-10-28T13:58:08+00:00","mainEntityOfPage":{"@id":"https:\/\/www.vita-explorers.dk\/blog\/international-dag-for-dyrs-rettigheder-10-december-dyrevelfaerd-frivilligt-arbejde\/"},"wordCount":270,"commentCount":2,"publisher":{"@id":"https:\/\/www.vita-explorers.dk\/blog\/#organization"},"image":{"@id":"https:\/\/www.vita-explorers.dk\/blog\/international-dag-for-dyrs-rettigheder-10-december-dyrevelfaerd-frivilligt-arbejde\/#primaryimage"},"thumbnailUrl":"https:\/\/www.vita-explorers.dk\/blog\/wp-content\/uploads\/2017\/12\/Gu\u00e9pard-b\u00e9b\u00e9-Globalong-min.jpg","keywords":["10 d\u00e9cembre","b\u00e9n\u00e9volat","compassion","Journ\u00e9e internationale des droits des animaux","sensibilisation"],"articleSection":["Humanit\u00e6rt frivilligt arbejde","No Name","VITA Explorers"],"inLanguage":"da-DK","potentialAction":[{"@type":"CommentAction","name":"Comment","target":["https:\/\/www.vita-explorers.dk\/blog\/international-dag-for-dyrs-rettigheder-10-december-dyrevelfaerd-frivilligt-arbejde\/#respond"]}]},{"@type":"WebPage","@id":"https:\/\/www.vita-explorers.dk\/blog\/international-dag-for-dyrs-rettigheder-10-december-dyrevelfaerd-frivilligt-arbejde\/","url":"https:\/\/www.vita-explorers.dk\/blog\/international-dag-for-dyrs-rettigheder-10-december-dyrevelfaerd-frivilligt-arbejde\/","name":"International dag for dyrs rettigheder (10. december) - VITA Explorers Blog","isPartOf":{"@id":"https:\/\/www.vita-explorers.dk\/blog\/#website"},"primaryImageOfPage":{"@id":"https:\/\/www.vita-explorers.dk\/blog\/international-dag-for-dyrs-rettigheder-10-december-dyrevelfaerd-frivilligt-arbejde\/#primaryimage"},"image":{"@id":"https:\/\/www.vita-explorers.dk\/blog\/international-dag-for-dyrs-rettigheder-10-december-dyrevelfaerd-frivilligt-arbejde\/#primaryimage"},"thumbnailUrl":"https:\/\/www.vita-explorers.dk\/blog\/wp-content\/uploads\/2017\/12\/Gu\u00e9pard-b\u00e9b\u00e9-Globalong-min.jpg","datePublished":"2017-12-08T15:41:48+00:00","dateModified":"2024-10-28T13:58:08+00:00","breadcrumb":{"@id":"https:\/\/www.vita-explorers.dk\/blog\/international-dag-for-dyrs-rettigheder-10-december-dyrevelfaerd-frivilligt-arbejde\/#breadcrumb"},"inLanguage":"da-DK","potentialAction":[{"@type":"ReadAction","target":["https:\/\/www.vita-explorers.dk\/blog\/international-dag-for-dyrs-rettigheder-10-december-dyrevelfaerd-frivilligt-arbejde\/"]}]},{"@type":"ImageObject","inLanguage":"da-DK","@id":"https:\/\/www.vita-explorers.dk\/blog\/international-dag-for-dyrs-rettigheder-10-december-dyrevelfaerd-frivilligt-arbejde\/#primaryimage","url":"https:\/\/www.vita-explorers.dk\/blog\/wp-content\/uploads\/2017\/12\/Gu\u00e9pard-b\u00e9b\u00e9-Globalong-min.jpg","contentUrl":"https:\/\/www.vita-explorers.dk\/blog\/wp-content\/uploads\/2017\/12\/Gu\u00e9pard-b\u00e9b\u00e9-Globalong-min.jpg","width":5184,"height":3456},{"@type":"BreadcrumbList","@id":"https:\/\/www.vita-explorers.dk\/blog\/international-dag-for-dyrs-rettigheder-10-december-dyrevelfaerd-frivilligt-arbejde\/#breadcrumb","itemListElement":[{"@type":"ListItem","position":1,"name":"Accueil","item":"https:\/\/www.vita-explorers.dk\/blog\/"},{"@type":"ListItem","position":2,"name":"International dag for dyrs rettigheder (10. december)"}]},{"@type":"WebSite","@id":"https:\/\/www.vita-explorers.dk\/blog\/#website","url":"https:\/\/www.vita-explorers.dk\/blog\/","name":"Association Globalong","description":"Frivilligt arbejde, sprogophold, praktik i udlandet og internationale oplevelser","publisher":{"@id":"https:\/\/www.vita-explorers.dk\/blog\/#organization"},"potentialAction":[{"@type":"SearchAction","target":{"@type":"EntryPoint","urlTemplate":"https:\/\/www.vita-explorers.dk\/blog\/?s={search_term_string}"},"query-input":{"@type":"PropertyValueSpecification","valueRequired":true,"valueName":"search_term_string"}}],"inLanguage":"da-DK"},{"@type":"Organization","@id":"https:\/\/www.vita-explorers.dk\/blog\/#organization","name":"Association Globalong","url":"https:\/\/www.vita-explorers.dk\/blog\/","logo":{"@type":"ImageObject","inLanguage":"da-DK","@id":"https:\/\/www.vita-explorers.dk\/blog\/#\/schema\/logo\/image\/","url":"https:\/\/www.globalong.com\/blog\/wp-content\/uploads\/2014\/11\/cropped-cropped-Logo-et-Afrique-Globalong-petite-taille-2.jpg","contentUrl":"https:\/\/www.globalong.com\/blog\/wp-content\/uploads\/2014\/11\/cropped-cropped-Logo-et-Afrique-Globalong-petite-taille-2.jpg","width":512,"height":512,"caption":"Association Globalong"},"image":{"@id":"https:\/\/www.vita-explorers.dk\/blog\/#\/schema\/logo\/image\/"},"sameAs":["https:\/\/www.facebook.com\/globalong"]},{"@type":"Person","@id":"https:\/\/www.vita-explorers.dk\/blog\/#\/schema\/person\/d7df267b64f23018d1dc519e78fb2735","name":"VITA Tribe","image":{"@type":"ImageObject","inLanguage":"da-DK","@id":"https:\/\/www.vita-explorers.dk\/blog\/#\/schema\/person\/image\/","url":"https:\/\/secure.gravatar.com\/avatar\/81461bcc213d0ff2bdc043d4206648f0?s=96&d=mm&r=g","contentUrl":"https:\/\/secure.gravatar.com\/avatar\/81461bcc213d0ff2bdc043d4206648f0?s=96&d=mm&r=g","caption":"VITA Tribe"},"sameAs":["https:\/\/www.globalong.com"],"url":"https:\/\/www.vita-explorers.dk\/blog\/author\/sophie\/"}]}},"_links":{"self":[{"href":"https:\/\/www.vita-explorers.dk\/blog\/wp-json\/wp\/v2\/posts\/8311"}],"collection":[{"href":"https:\/\/www.vita-explorers.dk\/blog\/wp-json\/wp\/v2\/posts"}],"about":[{"href":"https:\/\/www.vita-explorers.dk\/blog\/wp-json\/wp\/v2\/types\/post"}],"author":[{"embeddable":true,"href":"https:\/\/www.vita-explorers.dk\/blog\/wp-json\/wp\/v2\/users\/1"}],"replies":[{"embeddable":true,"href":"https:\/\/www.vita-explorers.dk\/blog\/wp-json\/wp\/v2\/comments?post=8311"}],"version-history":[{"count":34,"href":"https:\/\/www.vita-explorers.dk\/blog\/wp-json\/wp\/v2\/posts\/8311\/revisions"}],"predecessor-version":[{"id":18275,"href":"https:\/\/www.vita-explorers.dk\/blog\/wp-json\/wp\/v2\/posts\/8311\/revisions\/18275"}],"wp:featuredmedia":[{"embeddable":true,"href":"https:\/\/www.vita-explorers.dk\/blog\/wp-json\/wp\/v2\/media\/8331"}],"wp:attachment":[{"href":"https:\/\/www.vita-explorers.dk\/blog\/wp-json\/wp\/v2\/media?parent=8311"}],"wp:term":[{"taxonomy":"category","embeddable":true,"href":"https:\/\/www.vita-explorers.dk\/blog\/wp-json\/wp\/v2\/categories?post=8311"},{"taxonomy":"post_tag","embeddable":true,"href":"https:\/\/www.vita-explorers.dk\/blog\/wp-json\/wp\/v2\/tags?post=8311"}],"curies":[{"name":"wp","href":"https:\/\/api.w.org\/{rel}","templated":true}]}}