{"id":8353,"date":"2017-12-13T12:15:13","date_gmt":"2017-12-13T11:15:13","guid":{"rendered":"https:\/\/www.globalong.com\/blog\/?p=8353"},"modified":"2024-10-01T19:53:53","modified_gmt":"2024-10-01T17:53:53","slug":"international-dag-for-menneskelig-solidaritet-20-december-humanitaert-frivilligt-arbejde-erfaringer","status":"publish","type":"post","link":"https:\/\/www.vita-explorers.dk\/blog\/international-dag-for-menneskelig-solidaritet-20-december-humanitaert-frivilligt-arbejde-erfaringer\/","title":{"rendered":"Den internationale dag for menneskelig solidaritet (20. december)"},"content":{"rendered":"<p style=\"text-align: center;\"><strong><span style=\"color: #b81657;\">Den Internationale Dag for Menneskelig Solidaritet markeres hvert \u00e5r den 20. december. Dagen s\u00e6tter fokus p\u00e5, at vi st\u00e5r st\u00e6rkere sammen \u2013 p\u00e5 tv\u00e6rs af forskelligheder \u2013 og p\u00e5 betydningen af solidaritet og gensidig st\u00f8tte mellem lande.<\/span><\/strong><\/p>\n<p><img loading=\"lazy\" decoding=\"async\" class=\"wp-image-8357 size-medium aligncenter\" src=\"https:\/\/www.vita-explorers.dk\/blog\/wp-content\/uploads\/2017\/12\/photo-1-min-300x300.jpg\" alt=\"\" width=\"300\" height=\"300\" srcset=\"https:\/\/www.vita-explorers.dk\/blog\/wp-content\/uploads\/2017\/12\/photo-1-min-300x300.jpg 300w, https:\/\/www.vita-explorers.dk\/blog\/wp-content\/uploads\/2017\/12\/photo-1-min-150x150.jpg 150w, https:\/\/www.vita-explorers.dk\/blog\/wp-content\/uploads\/2017\/12\/photo-1-min-768x768.jpg 768w, https:\/\/www.vita-explorers.dk\/blog\/wp-content\/uploads\/2017\/12\/photo-1-min.jpg 960w\" sizes=\"(max-width: 300px) 100vw, 300px\" \/><\/p>\n<p style=\"text-align: justify;\"><strong>Dagen blev udr\u00e5bt den 20. december<\/strong> <strong>af FN\u2019s Generalforsamling i 2005<\/strong>, og Den Internationale <strong>Dag for Menneskelig Solidaritet<\/strong> understreger v\u00e6rdien af f\u00e6lles ansvar for <strong>social og menneskelig udvikling<\/strong> \u2013 og for at modvirke udfordringer som sult og fattigdom i udviklingslande.<br \/>\n<strong>Siden \u00e5r 2000<\/strong> har verdens ledere arbejdet mod Millenniumudviklingsm\u00e5lene (MDG). <strong>I 2003 blev FN\u2019s Globale Solidaritetfonde<\/strong> etableret for at bek\u00e6mpe fattigdom.<\/p>\n<p style=\"text-align: justify;\">&#8211; <strong>Andelen i ekstrem fattigdom<\/strong> i udviklingslande er faldet markant og gik fra <strong>47% til 14% mellem 1990 og 2015.<\/strong><\/p>\n<p><img loading=\"lazy\" decoding=\"async\" class=\"wp-image-8358 size-medium aligncenter\" src=\"https:\/\/www.vita-explorers.dk\/blog\/wp-content\/uploads\/2017\/12\/photo-pays-MadagascarConflit-min-300x201.jpg\" alt=\"\" width=\"300\" height=\"201\" srcset=\"https:\/\/www.vita-explorers.dk\/blog\/wp-content\/uploads\/2017\/12\/photo-pays-MadagascarConflit-min-300x201.jpg 300w, https:\/\/www.vita-explorers.dk\/blog\/wp-content\/uploads\/2017\/12\/photo-pays-MadagascarConflit-min-768x514.jpg 768w, https:\/\/www.vita-explorers.dk\/blog\/wp-content\/uploads\/2017\/12\/photo-pays-MadagascarConflit-min-1024x685.jpg 1024w, https:\/\/www.vita-explorers.dk\/blog\/wp-content\/uploads\/2017\/12\/photo-pays-MadagascarConflit-min-150x100.jpg 150w\" sizes=\"(max-width: 300px) 100vw, 300px\" \/><\/p>\n<p style=\"text-align: justify;\">&#8211; <strong>Antallet af b\u00f8rn, der ikke g\u00e5r i skole<\/strong> i den prim\u00e6re skolealder p\u00e5 verdensplan <strong>faldt fra 100 millioner til 57 millioner mellem 2000 og 2015.<\/strong><\/p>\n<p style=\"text-align: justify;\">Dagen den <strong>20. december<\/strong> er ogs\u00e5 en anledning til at minde regeringer om deres internationale forpligtelser, <strong>skabe opm\u00e6rksomhed i offentligheden<\/strong> og <strong>styrke forst\u00e5elsen af solidaritet.<\/strong> Samtidig l\u00e6gger den op til debat om, hvordan solidaritet kan fremmes for at n\u00e5 Verdensm\u00e5lene (SDG) \u2013 og til handling, der kan \u00f8ge omfanget af <strong>internationale solidaritetsprojekter.<\/strong><\/p>\n<p><img loading=\"lazy\" decoding=\"async\" class=\"wp-image-8360 size-medium aligncenter\" src=\"https:\/\/www.vita-explorers.dk\/blog\/wp-content\/uploads\/2017\/12\/Une-b\u00e9n\u00e9vole-participe-\u00e0-un-programme-d\u00e9co-volontariat-GlobAlong-min-300x225.jpg\" alt=\"\" width=\"300\" height=\"225\" srcset=\"https:\/\/www.vita-explorers.dk\/blog\/wp-content\/uploads\/2017\/12\/Une-b\u00e9n\u00e9vole-participe-\u00e0-un-programme-d\u00e9co-volontariat-GlobAlong-min-300x225.jpg 300w, https:\/\/www.vita-explorers.dk\/blog\/wp-content\/uploads\/2017\/12\/Une-b\u00e9n\u00e9vole-participe-\u00e0-un-programme-d\u00e9co-volontariat-GlobAlong-min-768x576.jpg 768w, https:\/\/www.vita-explorers.dk\/blog\/wp-content\/uploads\/2017\/12\/Une-b\u00e9n\u00e9vole-participe-\u00e0-un-programme-d\u00e9co-volontariat-GlobAlong-min-1024x768.jpg 1024w, https:\/\/www.vita-explorers.dk\/blog\/wp-content\/uploads\/2017\/12\/Une-b\u00e9n\u00e9vole-participe-\u00e0-un-programme-d\u00e9co-volontariat-GlobAlong-min-150x113.jpg 150w\" sizes=\"(max-width: 300px) 100vw, 300px\" \/><\/p>\n<p style=\"text-align: justify;\">Verdensm\u00e5lene (<strong>SDG<\/strong>) har fokus p\u00e5 mennesker og planeten, <strong>forankret i menneskerettigheder<\/strong> og underst\u00f8ttet af et globalt partnerskab med ambitionen om at bek\u00e6mpe fattigdom, sult og sygdom.<\/p>\n<p style=\"text-align: justify;\"><strong>De arbejder for fred, menneskerettigheder samt \u00f8konomisk og social udvikling i verden.<\/strong><\/p>\n<p><strong>Humanit\u00e6re rejser<\/strong> kan v\u00e6re en god m\u00e5de at bidrage til udvikling for mennesker i s\u00e5rbare situationer.<\/p>\n<p>S\u00e5 <strong>bliv en del af det<\/strong> og deltag som <a href=\"https:\/\/www.vita-explorers.dk\/services-volontariat-international.html\" target=\"_blank\" rel=\"noopener\"><span style=\"text-decoration: underline;\">VITA Explorer p\u00e5 et internationalt forl\u00f8b<\/span><\/a> !<\/p>\n<p><img loading=\"lazy\" decoding=\"async\" class=\"wp-image-8362 size-medium aligncenter\" style=\"text-align: justify;\" src=\"https:\/\/www.vita-explorers.dk\/blog\/wp-content\/uploads\/2017\/12\/enfant-Perou-Charlotte-Globalong-min-300x200.jpg\" alt=\"\" width=\"300\" height=\"200\" srcset=\"https:\/\/www.vita-explorers.dk\/blog\/wp-content\/uploads\/2017\/12\/enfant-Perou-Charlotte-Globalong-min-300x200.jpg 300w, https:\/\/www.vita-explorers.dk\/blog\/wp-content\/uploads\/2017\/12\/enfant-Perou-Charlotte-Globalong-min-768x512.jpg 768w, https:\/\/www.vita-explorers.dk\/blog\/wp-content\/uploads\/2017\/12\/enfant-Perou-Charlotte-Globalong-min-1024x683.jpg 1024w, https:\/\/www.vita-explorers.dk\/blog\/wp-content\/uploads\/2017\/12\/enfant-Perou-Charlotte-Globalong-min-150x100.jpg 150w, https:\/\/www.vita-explorers.dk\/blog\/wp-content\/uploads\/2017\/12\/enfant-Perou-Charlotte-Globalong-min.jpg 1296w\" sizes=\"(max-width: 300px) 100vw, 300px\" \/><\/p>\n<p style=\"text-align: justify;\"><strong>Forl\u00f8bene er \u00e5bne for alle,<\/strong> og findes mange steder i verden, med s\u00e6rligt mange muligheder i lavindkomstlande, fx <strong>i Afrika, Asien eller Latinamerika.<\/strong><\/p>\n<p>Der findes dog ogs\u00e5 mange <strong>natur- og milj\u00f8forl\u00f8b<\/strong> andre steder \u2013 i lande med <strong>store naturomr\u00e5der<\/strong> eller i omr\u00e5der, hvor <strong>dyrearter er truede,<\/strong> og hvor indsatsen for natur- og dyrebeskyttelse kan v\u00e6re vigtig.<\/p>\n<p style=\"text-align: justify;\"><a href=\"https:\/\/www.vita-explorers.dk\/blog\/wp-content\/uploads\/2017\/12\/Photo-de-groupe-min.jpg\"><img loading=\"lazy\" decoding=\"async\" class=\"wp-image-8380 aligncenter\" src=\"https:\/\/www.vita-explorers.dk\/blog\/wp-content\/uploads\/2017\/12\/Photo-de-groupe-min-225x300.jpg\" alt=\"\" width=\"300\" height=\"400\" srcset=\"https:\/\/www.vita-explorers.dk\/blog\/wp-content\/uploads\/2017\/12\/Photo-de-groupe-min-225x300.jpg 225w, https:\/\/www.vita-explorers.dk\/blog\/wp-content\/uploads\/2017\/12\/Photo-de-groupe-min-113x150.jpg 113w, https:\/\/www.vita-explorers.dk\/blog\/wp-content\/uploads\/2017\/12\/Photo-de-groupe-min.jpg 720w\" sizes=\"(max-width: 300px) 100vw, 300px\" \/><\/a>Som den tidligere polske pr\u00e6sident <strong>Lech Wa\u0142\u0119sa<\/strong> har sagt: <strong>\u201cDet er ikke muligt at l\u00f8se verdens store problemer uden et bredt globalt partnerskab.\u201d<\/strong><\/p>\n<p style=\"text-align: center;\"><strong>V\u00e6lg dit internationale frivillige forl\u00f8b<\/strong> <span style=\"text-decoration: underline; color: #b81657;\"><strong><a href=\"https:\/\/www.vita-explorers.dk\/frivilligt-arbejde\/\" target=\"_blank\" rel=\"noopener\">her<\/a><\/strong><\/span> !<\/p>\n<p style=\"text-align: center;\"><strong>Vil du vide mere, s\u00e5 kontakt os p\u00e5:<\/strong> <span style=\"text-decoration: underline;\"><a href=\"mailto:info@globalong.com\" target=\"_blank\" rel=\"noopener\"><strong>info<\/strong><\/a><\/span><a href=\"mailto:info@globalong.com\" target=\"_blank\" rel=\"noopener\"><strong><span style=\"text-decoration: underline;\">@globalong.com<\/span><\/strong><\/a> !<\/p>\n<p style=\"text-align: center;\"><span style=\"text-decoration: underline;\"><a href=\"https:\/\/www.vita-explorers.dk\/que-penser-de-globalong.html\" target=\"_blank\" rel=\"noopener\"><strong>Hvad siger folk om VITA?<\/strong><\/a><\/span><\/p>\n<p style=\"text-align: center;\"><span style=\"text-decoration: underline;\"><a href=\"https:\/\/www.vita-explorers.dk\/services-volontariat-international.html\" target=\"_blank\" rel=\"noopener\"><strong>Internationalt frivilligt arbejde<\/strong><\/a><\/span><\/p>\n<p style=\"text-align: center;\"><strong>L\u00e6s tidligere deltageres oplevelser<\/strong> <span style=\"text-decoration: underline;\"><a href=\"https:\/\/www.vita-explorers.dk\/blog\/avis-globalong\/\" target=\"_blank\" rel=\"noopener\"><strong>her <\/strong><\/a>!<\/span><\/p>\n<p style=\"text-align: center;\"><strong>Se forl\u00f8bene<\/strong> <span style=\"text-decoration: underline;\"><strong><a href=\"https:\/\/www.flickr.com\/photos\/globalong\/albums\" target=\"_blank\" rel=\"noopener\">i billeder<\/a><\/strong><\/span><\/p>\n<p style=\"text-align: center;\"> <span style=\"text-decoration: underline;\"><a href=\"https:\/\/www.vita-explorers.dk\/blog\/videoer-fra-vores-destinationer-frivilligt-arbejde-internationale-forloeb\/\" target=\"_blank\" rel=\"noopener\"><strong>VITA p\u00e5 video!<\/strong><\/a><\/span><\/p>\n<p style=\"text-align: left;\"><strong>Alle VITA Explorers forpligter sig til at f\u00f8lge<\/strong> <span style=\"text-decoration: underline;\"><a href=\"https:\/\/www.vita-explorers.dk\/charte-volontaire-benevolat-international-humanitaire.html\" target=\"_blank\" rel=\"noopener\"><strong>Charteret for internationalt frivilligt arbejde<\/strong><\/a> !<\/span><\/p>\n","protected":false},"excerpt":{"rendered":"<p>Den Internationale Dag for Menneskelig Solidaritet markeres hvert \u00e5r den 20. december. Dagen s\u00e6tter fokus p\u00e5, at vi st\u00e5r st\u00e6rkere sammen \u2013 p\u00e5 tv\u00e6rs\u2026<\/p>\n","protected":false},"author":7,"featured_media":8354,"comment_status":"open","ping_status":"open","sticky":false,"template":"","format":"standard","meta":{"footnotes":""},"categories":[8,4],"tags":[514,149,511,48,25,16,513],"yoast_head":"<!-- This site is optimized with the Yoast SEO Premium plugin v23.4 (Yoast SEO v23.4) - https:\/\/yoast.com\/wordpress\/plugins\/seo\/ -->\n<title>Den internationale dag for menneskelig solidaritet (20. december) - VITA Explorers Blog<\/title>\n<meta name=\"description\" content=\"D\u00e9couvrez la Journ\u00e9e internationale de la solidarit\u00e9 humaine et son importance pour promouvoir l&#039;entraide et le d\u00e9veloppement social.\" \/>\n<meta name=\"robots\" content=\"index, follow, max-snippet:-1, max-image-preview:large, max-video-preview:-1\" \/>\n<link rel=\"canonical\" href=\"https:\/\/www.vita-explorers.dk\/blog\/international-dag-for-menneskelig-solidaritet-20-december-humanitaert-frivilligt-arbejde-erfaringer\/\" \/>\n<meta property=\"og:locale\" content=\"da_DK\" \/>\n<meta property=\"og:type\" content=\"article\" \/>\n<meta property=\"og:title\" content=\"Den internationale dag for menneskelig solidaritet (20. december)\" \/>\n<meta property=\"og:description\" content=\"D\u00e9couvrez la Journ\u00e9e internationale de la solidarit\u00e9 humaine et son importance pour promouvoir l&#039;entraide et le d\u00e9veloppement social.\" \/>\n<meta property=\"og:url\" content=\"https:\/\/www.vita-explorers.dk\/blog\/international-dag-for-menneskelig-solidaritet-20-december-humanitaert-frivilligt-arbejde-erfaringer\/\" \/>\n<meta property=\"og:site_name\" content=\"VITA Explorers Blog\" \/>\n<meta property=\"article:publisher\" content=\"https:\/\/www.facebook.com\/globalong\" \/>\n<meta property=\"article:published_time\" content=\"2017-12-13T11:15:13+00:00\" \/>\n<meta property=\"article:modified_time\" content=\"2024-10-01T17:53:53+00:00\" \/>\n<meta property=\"og:image\" content=\"https:\/\/www.vita-explorers.dk\/blog\/wp-content\/uploads\/2017\/12\/solidarit\u00e9-humaine.png\" \/>\n\t<meta property=\"og:image:width\" content=\"508\" \/>\n\t<meta property=\"og:image:height\" content=\"260\" \/>\n\t<meta property=\"og:image:type\" content=\"image\/png\" \/>\n<meta name=\"author\" content=\"VITA Tribe\" \/>\n<meta name=\"twitter:card\" content=\"summary_large_image\" \/>\n<meta name=\"twitter:label1\" content=\"Skrevet af\" \/>\n\t<meta name=\"twitter:data1\" content=\"VITA Tribe\" \/>\n\t<meta name=\"twitter:label2\" content=\"Estimeret l\u00e6setid\" \/>\n\t<meta name=\"twitter:data2\" content=\"4 minutter\" \/>\n<script type=\"application\/ld+json\" class=\"yoast-schema-graph\">{\"@context\":\"https:\/\/schema.org\",\"@graph\":[{\"@type\":\"Article\",\"@id\":\"https:\/\/www.vita-explorers.dk\/blog\/international-dag-for-menneskelig-solidaritet-20-december-humanitaert-frivilligt-arbejde-erfaringer\/#article\",\"isPartOf\":{\"@id\":\"https:\/\/www.vita-explorers.dk\/blog\/international-dag-for-menneskelig-solidaritet-20-december-humanitaert-frivilligt-arbejde-erfaringer\/\"},\"author\":{\"name\":\"VITA Tribe\",\"@id\":\"https:\/\/www.vita-explorers.dk\/blog\/#\/schema\/person\/fc0343a2f2db2ebb2793c1f62dbe73f0\"},\"headline\":\"Den internationale dag for menneskelig solidaritet (20. december)\",\"datePublished\":\"2017-12-13T11:15:13+00:00\",\"dateModified\":\"2024-10-01T17:53:53+00:00\",\"mainEntityOfPage\":{\"@id\":\"https:\/\/www.vita-explorers.dk\/blog\/international-dag-for-menneskelig-solidaritet-20-december-humanitaert-frivilligt-arbejde-erfaringer\/\"},\"wordCount\":424,\"commentCount\":2,\"publisher\":{\"@id\":\"https:\/\/www.vita-explorers.dk\/blog\/#organization\"},\"image\":{\"@id\":\"https:\/\/www.vita-explorers.dk\/blog\/international-dag-for-menneskelig-solidaritet-20-december-humanitaert-frivilligt-arbejde-erfaringer\/#primaryimage\"},\"thumbnailUrl\":\"https:\/\/www.vita-explorers.dk\/blog\/wp-content\/uploads\/2017\/12\/solidarit\u00e9-humaine.png\",\"keywords\":[\"20 d\u00e9cembre\",\"humanitaire\",\"internationale\",\"journ\u00e9e\",\"solidarit\u00e9\",\"volontariat\",\"voyages\"],\"articleSection\":[\"Humanit\u00e6rt frivilligt arbejde\",\"VITA Explorers\"],\"inLanguage\":\"da-DK\",\"potentialAction\":[{\"@type\":\"CommentAction\",\"name\":\"Comment\",\"target\":[\"https:\/\/www.vita-explorers.dk\/blog\/international-dag-for-menneskelig-solidaritet-20-december-humanitaert-frivilligt-arbejde-erfaringer\/#respond\"]}]},{\"@type\":\"WebPage\",\"@id\":\"https:\/\/www.vita-explorers.dk\/blog\/international-dag-for-menneskelig-solidaritet-20-december-humanitaert-frivilligt-arbejde-erfaringer\/\",\"url\":\"https:\/\/www.vita-explorers.dk\/blog\/international-dag-for-menneskelig-solidaritet-20-december-humanitaert-frivilligt-arbejde-erfaringer\/\",\"name\":\"Den internationale dag for menneskelig solidaritet (20. december) - VITA Explorers Blog\",\"isPartOf\":{\"@id\":\"https:\/\/www.vita-explorers.dk\/blog\/#website\"},\"primaryImageOfPage\":{\"@id\":\"https:\/\/www.vita-explorers.dk\/blog\/international-dag-for-menneskelig-solidaritet-20-december-humanitaert-frivilligt-arbejde-erfaringer\/#primaryimage\"},\"image\":{\"@id\":\"https:\/\/www.vita-explorers.dk\/blog\/international-dag-for-menneskelig-solidaritet-20-december-humanitaert-frivilligt-arbejde-erfaringer\/#primaryimage\"},\"thumbnailUrl\":\"https:\/\/www.vita-explorers.dk\/blog\/wp-content\/uploads\/2017\/12\/solidarit\u00e9-humaine.png\",\"datePublished\":\"2017-12-13T11:15:13+00:00\",\"dateModified\":\"2024-10-01T17:53:53+00:00\",\"description\":\"D\u00e9couvrez la Journ\u00e9e internationale de la solidarit\u00e9 humaine et son importance pour promouvoir l'entraide et le d\u00e9veloppement social.\",\"breadcrumb\":{\"@id\":\"https:\/\/www.vita-explorers.dk\/blog\/international-dag-for-menneskelig-solidaritet-20-december-humanitaert-frivilligt-arbejde-erfaringer\/#breadcrumb\"},\"inLanguage\":\"da-DK\",\"potentialAction\":[{\"@type\":\"ReadAction\",\"target\":[\"https:\/\/www.vita-explorers.dk\/blog\/international-dag-for-menneskelig-solidaritet-20-december-humanitaert-frivilligt-arbejde-erfaringer\/\"]}]},{\"@type\":\"ImageObject\",\"inLanguage\":\"da-DK\",\"@id\":\"https:\/\/www.vita-explorers.dk\/blog\/international-dag-for-menneskelig-solidaritet-20-december-humanitaert-frivilligt-arbejde-erfaringer\/#primaryimage\",\"url\":\"https:\/\/www.vita-explorers.dk\/blog\/wp-content\/uploads\/2017\/12\/solidarit\u00e9-humaine.png\",\"contentUrl\":\"https:\/\/www.vita-explorers.dk\/blog\/wp-content\/uploads\/2017\/12\/solidarit\u00e9-humaine.png\",\"width\":508,\"height\":260,\"caption\":\"Journ\u00e9e internationale de la solidarit\u00e9 humaine\"},{\"@type\":\"BreadcrumbList\",\"@id\":\"https:\/\/www.vita-explorers.dk\/blog\/international-dag-for-menneskelig-solidaritet-20-december-humanitaert-frivilligt-arbejde-erfaringer\/#breadcrumb\",\"itemListElement\":[{\"@type\":\"ListItem\",\"position\":1,\"name\":\"Accueil\",\"item\":\"https:\/\/www.vita-explorers.dk\/blog\/\"},{\"@type\":\"ListItem\",\"position\":2,\"name\":\"Den internationale dag for menneskelig solidaritet (20. december)\"}]},{\"@type\":\"WebSite\",\"@id\":\"https:\/\/www.vita-explorers.dk\/blog\/#website\",\"url\":\"https:\/\/www.vita-explorers.dk\/blog\/\",\"name\":\"Association Globalong\",\"description\":\"Frivilligt arbejde, sprogophold, praktik i udlandet og internationale oplevelser\",\"publisher\":{\"@id\":\"https:\/\/www.vita-explorers.dk\/blog\/#organization\"},\"potentialAction\":[{\"@type\":\"SearchAction\",\"target\":{\"@type\":\"EntryPoint\",\"urlTemplate\":\"https:\/\/www.vita-explorers.dk\/blog\/?s={search_term_string}\"},\"query-input\":{\"@type\":\"PropertyValueSpecification\",\"valueRequired\":true,\"valueName\":\"search_term_string\"}}],\"inLanguage\":\"da-DK\"},{\"@type\":\"Organization\",\"@id\":\"https:\/\/www.vita-explorers.dk\/blog\/#organization\",\"name\":\"Association Globalong\",\"url\":\"https:\/\/www.vita-explorers.dk\/blog\/\",\"logo\":{\"@type\":\"ImageObject\",\"inLanguage\":\"da-DK\",\"@id\":\"https:\/\/www.vita-explorers.dk\/blog\/#\/schema\/logo\/image\/\",\"url\":\"https:\/\/www.globalong.com\/blog\/wp-content\/uploads\/2014\/11\/cropped-cropped-Logo-et-Afrique-Globalong-petite-taille-2.jpg\",\"contentUrl\":\"https:\/\/www.globalong.com\/blog\/wp-content\/uploads\/2014\/11\/cropped-cropped-Logo-et-Afrique-Globalong-petite-taille-2.jpg\",\"width\":512,\"height\":512,\"caption\":\"Association Globalong\"},\"image\":{\"@id\":\"https:\/\/www.vita-explorers.dk\/blog\/#\/schema\/logo\/image\/\"},\"sameAs\":[\"https:\/\/www.facebook.com\/globalong\"]},{\"@type\":\"Person\",\"@id\":\"https:\/\/www.vita-explorers.dk\/blog\/#\/schema\/person\/fc0343a2f2db2ebb2793c1f62dbe73f0\",\"name\":\"VITA Tribe\",\"image\":{\"@type\":\"ImageObject\",\"inLanguage\":\"da-DK\",\"@id\":\"https:\/\/www.vita-explorers.dk\/blog\/#\/schema\/person\/image\/\",\"url\":\"https:\/\/secure.gravatar.com\/avatar\/f7f05026bb439d0c96b30e135e5f852c?s=96&d=mm&r=g\",\"contentUrl\":\"https:\/\/secure.gravatar.com\/avatar\/f7f05026bb439d0c96b30e135e5f852c?s=96&d=mm&r=g\",\"caption\":\"VITA Tribe\"},\"sameAs\":[\"http:\/\/www.globalong.com\"],\"url\":\"https:\/\/www.vita-explorers.dk\/blog\/author\/teamglobalong\/\"}]}<\/script>\n<!-- \/ Yoast SEO Premium plugin. -->","yoast_head_json":{"title":"Den internationale dag for menneskelig solidaritet (20. december) - VITA Explorers Blog","description":"D\u00e9couvrez la Journ\u00e9e internationale de la solidarit\u00e9 humaine et son importance pour promouvoir l'entraide et le d\u00e9veloppement social.","robots":{"index":"index","follow":"follow","max-snippet":"max-snippet:-1","max-image-preview":"max-image-preview:large","max-video-preview":"max-video-preview:-1"},"canonical":"https:\/\/www.vita-explorers.dk\/blog\/international-dag-for-menneskelig-solidaritet-20-december-humanitaert-frivilligt-arbejde-erfaringer\/","og_locale":"da_DK","og_type":"article","og_title":"Den internationale dag for menneskelig solidaritet (20. december)","og_description":"D\u00e9couvrez la Journ\u00e9e internationale de la solidarit\u00e9 humaine et son importance pour promouvoir l'entraide et le d\u00e9veloppement social.","og_url":"https:\/\/www.vita-explorers.dk\/blog\/international-dag-for-menneskelig-solidaritet-20-december-humanitaert-frivilligt-arbejde-erfaringer\/","og_site_name":"VITA Explorers Blog","article_publisher":"https:\/\/www.facebook.com\/globalong","article_published_time":"2017-12-13T11:15:13+00:00","article_modified_time":"2024-10-01T17:53:53+00:00","og_image":[{"width":508,"height":260,"url":"https:\/\/www.vita-explorers.dk\/blog\/wp-content\/uploads\/2017\/12\/solidarit\u00e9-humaine.png","type":"image\/png"}],"author":"VITA Tribe","twitter_card":"summary_large_image","twitter_misc":{"Skrevet af":"VITA Tribe","Estimeret l\u00e6setid":"4 minutter"},"schema":{"@context":"https:\/\/schema.org","@graph":[{"@type":"Article","@id":"https:\/\/www.vita-explorers.dk\/blog\/international-dag-for-menneskelig-solidaritet-20-december-humanitaert-frivilligt-arbejde-erfaringer\/#article","isPartOf":{"@id":"https:\/\/www.vita-explorers.dk\/blog\/international-dag-for-menneskelig-solidaritet-20-december-humanitaert-frivilligt-arbejde-erfaringer\/"},"author":{"name":"VITA Tribe","@id":"https:\/\/www.vita-explorers.dk\/blog\/#\/schema\/person\/fc0343a2f2db2ebb2793c1f62dbe73f0"},"headline":"Den internationale dag for menneskelig solidaritet (20. december)","datePublished":"2017-12-13T11:15:13+00:00","dateModified":"2024-10-01T17:53:53+00:00","mainEntityOfPage":{"@id":"https:\/\/www.vita-explorers.dk\/blog\/international-dag-for-menneskelig-solidaritet-20-december-humanitaert-frivilligt-arbejde-erfaringer\/"},"wordCount":424,"commentCount":2,"publisher":{"@id":"https:\/\/www.vita-explorers.dk\/blog\/#organization"},"image":{"@id":"https:\/\/www.vita-explorers.dk\/blog\/international-dag-for-menneskelig-solidaritet-20-december-humanitaert-frivilligt-arbejde-erfaringer\/#primaryimage"},"thumbnailUrl":"https:\/\/www.vita-explorers.dk\/blog\/wp-content\/uploads\/2017\/12\/solidarit\u00e9-humaine.png","keywords":["20 d\u00e9cembre","humanitaire","internationale","journ\u00e9e","solidarit\u00e9","volontariat","voyages"],"articleSection":["Humanit\u00e6rt frivilligt arbejde","VITA Explorers"],"inLanguage":"da-DK","potentialAction":[{"@type":"CommentAction","name":"Comment","target":["https:\/\/www.vita-explorers.dk\/blog\/international-dag-for-menneskelig-solidaritet-20-december-humanitaert-frivilligt-arbejde-erfaringer\/#respond"]}]},{"@type":"WebPage","@id":"https:\/\/www.vita-explorers.dk\/blog\/international-dag-for-menneskelig-solidaritet-20-december-humanitaert-frivilligt-arbejde-erfaringer\/","url":"https:\/\/www.vita-explorers.dk\/blog\/international-dag-for-menneskelig-solidaritet-20-december-humanitaert-frivilligt-arbejde-erfaringer\/","name":"Den internationale dag for menneskelig solidaritet (20. december) - VITA Explorers Blog","isPartOf":{"@id":"https:\/\/www.vita-explorers.dk\/blog\/#website"},"primaryImageOfPage":{"@id":"https:\/\/www.vita-explorers.dk\/blog\/international-dag-for-menneskelig-solidaritet-20-december-humanitaert-frivilligt-arbejde-erfaringer\/#primaryimage"},"image":{"@id":"https:\/\/www.vita-explorers.dk\/blog\/international-dag-for-menneskelig-solidaritet-20-december-humanitaert-frivilligt-arbejde-erfaringer\/#primaryimage"},"thumbnailUrl":"https:\/\/www.vita-explorers.dk\/blog\/wp-content\/uploads\/2017\/12\/solidarit\u00e9-humaine.png","datePublished":"2017-12-13T11:15:13+00:00","dateModified":"2024-10-01T17:53:53+00:00","description":"D\u00e9couvrez la Journ\u00e9e internationale de la solidarit\u00e9 humaine et son importance pour promouvoir l'entraide et le d\u00e9veloppement social.","breadcrumb":{"@id":"https:\/\/www.vita-explorers.dk\/blog\/international-dag-for-menneskelig-solidaritet-20-december-humanitaert-frivilligt-arbejde-erfaringer\/#breadcrumb"},"inLanguage":"da-DK","potentialAction":[{"@type":"ReadAction","target":["https:\/\/www.vita-explorers.dk\/blog\/international-dag-for-menneskelig-solidaritet-20-december-humanitaert-frivilligt-arbejde-erfaringer\/"]}]},{"@type":"ImageObject","inLanguage":"da-DK","@id":"https:\/\/www.vita-explorers.dk\/blog\/international-dag-for-menneskelig-solidaritet-20-december-humanitaert-frivilligt-arbejde-erfaringer\/#primaryimage","url":"https:\/\/www.vita-explorers.dk\/blog\/wp-content\/uploads\/2017\/12\/solidarit\u00e9-humaine.png","contentUrl":"https:\/\/www.vita-explorers.dk\/blog\/wp-content\/uploads\/2017\/12\/solidarit\u00e9-humaine.png","width":508,"height":260,"caption":"Journ\u00e9e internationale de la solidarit\u00e9 humaine"},{"@type":"BreadcrumbList","@id":"https:\/\/www.vita-explorers.dk\/blog\/international-dag-for-menneskelig-solidaritet-20-december-humanitaert-frivilligt-arbejde-erfaringer\/#breadcrumb","itemListElement":[{"@type":"ListItem","position":1,"name":"Accueil","item":"https:\/\/www.vita-explorers.dk\/blog\/"},{"@type":"ListItem","position":2,"name":"Den internationale dag for menneskelig solidaritet (20. december)"}]},{"@type":"WebSite","@id":"https:\/\/www.vita-explorers.dk\/blog\/#website","url":"https:\/\/www.vita-explorers.dk\/blog\/","name":"Association Globalong","description":"Frivilligt arbejde, sprogophold, praktik i udlandet og internationale oplevelser","publisher":{"@id":"https:\/\/www.vita-explorers.dk\/blog\/#organization"},"potentialAction":[{"@type":"SearchAction","target":{"@type":"EntryPoint","urlTemplate":"https:\/\/www.vita-explorers.dk\/blog\/?s={search_term_string}"},"query-input":{"@type":"PropertyValueSpecification","valueRequired":true,"valueName":"search_term_string"}}],"inLanguage":"da-DK"},{"@type":"Organization","@id":"https:\/\/www.vita-explorers.dk\/blog\/#organization","name":"Association Globalong","url":"https:\/\/www.vita-explorers.dk\/blog\/","logo":{"@type":"ImageObject","inLanguage":"da-DK","@id":"https:\/\/www.vita-explorers.dk\/blog\/#\/schema\/logo\/image\/","url":"https:\/\/www.globalong.com\/blog\/wp-content\/uploads\/2014\/11\/cropped-cropped-Logo-et-Afrique-Globalong-petite-taille-2.jpg","contentUrl":"https:\/\/www.globalong.com\/blog\/wp-content\/uploads\/2014\/11\/cropped-cropped-Logo-et-Afrique-Globalong-petite-taille-2.jpg","width":512,"height":512,"caption":"Association Globalong"},"image":{"@id":"https:\/\/www.vita-explorers.dk\/blog\/#\/schema\/logo\/image\/"},"sameAs":["https:\/\/www.facebook.com\/globalong"]},{"@type":"Person","@id":"https:\/\/www.vita-explorers.dk\/blog\/#\/schema\/person\/fc0343a2f2db2ebb2793c1f62dbe73f0","name":"VITA Tribe","image":{"@type":"ImageObject","inLanguage":"da-DK","@id":"https:\/\/www.vita-explorers.dk\/blog\/#\/schema\/person\/image\/","url":"https:\/\/secure.gravatar.com\/avatar\/f7f05026bb439d0c96b30e135e5f852c?s=96&d=mm&r=g","contentUrl":"https:\/\/secure.gravatar.com\/avatar\/f7f05026bb439d0c96b30e135e5f852c?s=96&d=mm&r=g","caption":"VITA Tribe"},"sameAs":["http:\/\/www.globalong.com"],"url":"https:\/\/www.vita-explorers.dk\/blog\/author\/teamglobalong\/"}]}},"_links":{"self":[{"href":"https:\/\/www.vita-explorers.dk\/blog\/wp-json\/wp\/v2\/posts\/8353"}],"collection":[{"href":"https:\/\/www.vita-explorers.dk\/blog\/wp-json\/wp\/v2\/posts"}],"about":[{"href":"https:\/\/www.vita-explorers.dk\/blog\/wp-json\/wp\/v2\/types\/post"}],"author":[{"embeddable":true,"href":"https:\/\/www.vita-explorers.dk\/blog\/wp-json\/wp\/v2\/users\/7"}],"replies":[{"embeddable":true,"href":"https:\/\/www.vita-explorers.dk\/blog\/wp-json\/wp\/v2\/comments?post=8353"}],"version-history":[{"count":31,"href":"https:\/\/www.vita-explorers.dk\/blog\/wp-json\/wp\/v2\/posts\/8353\/revisions"}],"predecessor-version":[{"id":17696,"href":"https:\/\/www.vita-explorers.dk\/blog\/wp-json\/wp\/v2\/posts\/8353\/revisions\/17696"}],"wp:featuredmedia":[{"embeddable":true,"href":"https:\/\/www.vita-explorers.dk\/blog\/wp-json\/wp\/v2\/media\/8354"}],"wp:attachment":[{"href":"https:\/\/www.vita-explorers.dk\/blog\/wp-json\/wp\/v2\/media?parent=8353"}],"wp:term":[{"taxonomy":"category","embeddable":true,"href":"https:\/\/www.vita-explorers.dk\/blog\/wp-json\/wp\/v2\/categories?post=8353"},{"taxonomy":"post_tag","embeddable":true,"href":"https:\/\/www.vita-explorers.dk\/blog\/wp-json\/wp\/v2\/tags?post=8353"}],"curies":[{"name":"wp","href":"https:\/\/api.w.org\/{rel}","templated":true}]}}