{"id":8604,"date":"2018-01-16T14:29:11","date_gmt":"2018-01-16T13:29:11","guid":{"rendered":"https:\/\/www.globalong.com\/blog\/?p=8604"},"modified":"2022-03-14T19:40:07","modified_gmt":"2022-03-14T18:40:07","slug":"rohingyaer-myanmar-kritisk-erfaring","status":"publish","type":"post","link":"https:\/\/www.vita-explorers.dk\/blog\/rohingyaer-myanmar-kritisk-erfaring\/","title":{"rendered":"Rohingyaernes kaotiske flugtvej"},"content":{"rendered":"<p style=\"text-align: center;\"><span style=\"color: #b81657;\"><strong>Rohingyaerne er en etnisk gruppe, der prim\u00e6rt lever i delstaten Rakhine i det vestlige Myanmar. I 2016 udgjorde de omkring 5 % af landets befolkning \u2013 ca. 1,3 millioner Rohingyaer ud af i alt 52,89 millioner. Som en muslimsk minoritet uden anerkendt statsborgerskab m\u00f8der de udbredt afvisning, blandt andet fra buddhistiske milj\u00f8er, der frygter en \u00f8get islamisering og ser den buddhistiske befolkning, \u201cBamar\u201d, som kernen i Myanmars nationale identitet.<\/strong><\/span><\/p>\n<p style=\"text-align: justify;\"><a href=\"https:\/\/www.vita-explorers.dk\/blog\/wp-content\/uploads\/2018\/01\/Enfants-de-la-communaut\u00e9-Rohingyas-min-1.jpg\"><img loading=\"lazy\" decoding=\"async\" class=\"wp-image-8609 size-medium aligncenter\" src=\"https:\/\/www.vita-explorers.dk\/blog\/wp-content\/uploads\/2018\/01\/Enfants-de-la-communaut\u00e9-Rohingyas-min-1-300x200.jpg\" alt=\"\" width=\"300\" height=\"200\" srcset=\"https:\/\/www.vita-explorers.dk\/blog\/wp-content\/uploads\/2018\/01\/Enfants-de-la-communaut\u00e9-Rohingyas-min-1-300x200.jpg 300w, https:\/\/www.vita-explorers.dk\/blog\/wp-content\/uploads\/2018\/01\/Enfants-de-la-communaut\u00e9-Rohingyas-min-1-768x512.jpg 768w, https:\/\/www.vita-explorers.dk\/blog\/wp-content\/uploads\/2018\/01\/Enfants-de-la-communaut\u00e9-Rohingyas-min-1.jpg 1024w, https:\/\/www.vita-explorers.dk\/blog\/wp-content\/uploads\/2018\/01\/Enfants-de-la-communaut\u00e9-Rohingyas-min-1-150x100.jpg 150w\" sizes=\"(max-width: 300px) 100vw, 300px\" \/><\/a>Siden milit\u00e6rregimernes indf\u00f8relse i 1962 har <strong>Rohingyaerne<\/strong> v\u00e6ret udsat for h\u00e5rd segregation og overgreb. <strong>Afvist som statsl\u00f8se<\/strong> er mange blevet frataget helt grundl\u00e6ggende rettigheder som adgang til uddannelse og sundhedsydelser. De har ogs\u00e5 v\u00e6ret underlagt rejseforbud.<\/p>\n<p style=\"text-align: justify;\"><strong>I 2012<\/strong> f\u00f8rte voldelige sammenst\u00f8d efter en p\u00e5st\u00e5et voldt\u00e6gt af en buddhistisk kvinde beg\u00e5et af en Rohingya til omkring 200 d\u00f8dsfald.<br \/>\nAlligevel var det is\u00e6r <strong>i 2016<\/strong>, efter et angreb<br \/>\np\u00e5 burmesiske gr\u00e6nseposter udf\u00f8rt af<br \/>\nrohingya-opr\u00f8rere<a style=\"text-align: justify;\" href=\"https:\/\/www.vita-explorers.dk\/blog\/wp-content\/uploads\/2018\/01\/Village-en-Birmanie-min.jpg\"><img loading=\"lazy\" decoding=\"async\" class=\"size-medium wp-image-8612 aligncenter\" src=\"https:\/\/www.vita-explorers.dk\/blog\/wp-content\/uploads\/2018\/01\/Village-en-Birmanie-min-300x225.jpg\" alt=\"\" width=\"300\" height=\"225\" srcset=\"https:\/\/www.vita-explorers.dk\/blog\/wp-content\/uploads\/2018\/01\/Village-en-Birmanie-min-300x225.jpg 300w, https:\/\/www.vita-explorers.dk\/blog\/wp-content\/uploads\/2018\/01\/Village-en-Birmanie-min-768x576.jpg 768w, https:\/\/www.vita-explorers.dk\/blog\/wp-content\/uploads\/2018\/01\/Village-en-Birmanie-min-1024x768.jpg 1024w, https:\/\/www.vita-explorers.dk\/blog\/wp-content\/uploads\/2018\/01\/Village-en-Birmanie-min-150x113.jpg 150w, https:\/\/www.vita-explorers.dk\/blog\/wp-content\/uploads\/2018\/01\/Village-en-Birmanie-min.jpg 2048w\" sizes=\"(max-width: 300px) 100vw, 300px\" \/><\/a><br \/>\nog den h\u00e5rde undertrykkelse, der fulgte,<br \/>\nat en ny b\u00f8lge af<\/p>\n<p style=\"text-align: justify;\">flugt satte ind <strong>(helt konkret fra august 2016).<\/strong> Denne gang vurderes det, at over <strong>655.000 Rohingyaer<\/strong> har <strong>s\u00f8gt tilflugt i Bangladesh siden august 2017.<\/strong><\/p>\n<p style=\"text-align: justify;\">Det var ogs\u00e5 her, at en <strong>global b\u00f8lge af solidaritet<\/strong> blev tydelig, da <strong>youtuberen J\u00e9r\u00f4me Jarre<\/strong> lancerede <span style=\"text-decoration: underline; color: #b81657;\"><strong><a href=\"https:\/\/www.gofundme.com\/love-army-for-rohingya\" target=\"_blank\" rel=\"noopener\">LoveArmy<\/a><\/strong><\/span> med det form\u00e5l at indsamle midler til at hj\u00e6lpe Rohingya-befolkningen.<\/p>\n<p><img loading=\"lazy\" decoding=\"async\" class=\"size-medium wp-image-8616 aligncenter\" style=\"color: #0000ee; text-align: justify;\" src=\"https:\/\/www.vita-explorers.dk\/blog\/wp-content\/uploads\/2018\/01\/La-situation-des-Rohingyas-mobilise-lopinion-internationale-min-300x200.jpg\" alt=\"\" width=\"300\" height=\"200\" srcset=\"https:\/\/www.vita-explorers.dk\/blog\/wp-content\/uploads\/2018\/01\/La-situation-des-Rohingyas-mobilise-lopinion-internationale-min-300x200.jpg 300w, https:\/\/www.vita-explorers.dk\/blog\/wp-content\/uploads\/2018\/01\/La-situation-des-Rohingyas-mobilise-lopinion-internationale-min-768x512.jpg 768w, https:\/\/www.vita-explorers.dk\/blog\/wp-content\/uploads\/2018\/01\/La-situation-des-Rohingyas-mobilise-lopinion-internationale-min.jpg 1024w, https:\/\/www.vita-explorers.dk\/blog\/wp-content\/uploads\/2018\/01\/La-situation-des-Rohingyas-mobilise-lopinion-internationale-min-150x100.jpg 150w\" sizes=\"(max-width: 300px) 100vw, 300px\" \/><\/p>\n<p style=\"text-align: justify;\">Bev\u00e6gelsen voksede, da kendte personer som <strong>Omar Sy<\/strong> gik aktivt ind i kampagnen.<\/p>\n<p>\u00a0<\/p>\n<p style=\"text-align: justify;\">P\u00e5 bare \u00e9n dag indsamlede de et bem\u00e6rkelsesv\u00e6rdigt bel\u00f8b p\u00e5 over<strong> 1 million dollars!<\/strong><\/p>\n<p style=\"text-align: justify;\"><strong>I december 2017<\/strong> indf\u00f8rte USA sanktioner mod Maung Maung Soe, tidligere chef for den vestlige kommando i den burmesiske h\u00e6r,<\/p>\n<p><img loading=\"lazy\" decoding=\"async\" class=\"size-medium wp-image-8618 aligncenter\" src=\"https:\/\/www.vita-explorers.dk\/blog\/wp-content\/uploads\/2018\/01\/Camp-de-r\u00e9fugi\u00e9s-au-Bengladesh-min-300x150.jpg\" alt=\"\" width=\"300\" height=\"150\" srcset=\"https:\/\/www.vita-explorers.dk\/blog\/wp-content\/uploads\/2018\/01\/Camp-de-r\u00e9fugi\u00e9s-au-Bengladesh-min-300x150.jpg 300w, https:\/\/www.vita-explorers.dk\/blog\/wp-content\/uploads\/2018\/01\/Camp-de-r\u00e9fugi\u00e9s-au-Bengladesh-min-768x384.jpg 768w, https:\/\/www.vita-explorers.dk\/blog\/wp-content\/uploads\/2018\/01\/Camp-de-r\u00e9fugi\u00e9s-au-Bengladesh-min-1024x512.jpg 1024w, https:\/\/www.vita-explorers.dk\/blog\/wp-content\/uploads\/2018\/01\/Camp-de-r\u00e9fugi\u00e9s-au-Bengladesh-min-150x75.jpg 150w, https:\/\/www.vita-explorers.dk\/blog\/wp-content\/uploads\/2018\/01\/Camp-de-r\u00e9fugi\u00e9s-au-Bengladesh-min.jpg 2000w\" sizes=\"(max-width: 300px) 100vw, 300px\" \/><\/p>\n<p style=\"text-align: justify;\">som if\u00f8lge oplysninger havde \u201coverv\u00e5get milit\u00e6roperationer, der var ansvarlige for <strong>omfattende kr\u00e6nkelser af menneskerettighederne<\/strong> mod Rohingya-civile\u201d.<\/p>\n<p style=\"text-align: justify;\">Onsdag <strong>10. januar 2018 \u00e6ndrede situationen sig<\/strong>. \u201cIndbyggere i landsbyen Inn Din<\/p>\n<p style=\"text-align: justify;\">(i Myanmar) og medlemmer af sikkerhedsstyrkerne erkendte at have dr\u00e6bt ti \u2018bengalske terrorister\u2019\u201d (et neds\u00e6ttende udtryk, der i Myanmar bruges om Rohingyaer),<\/p>\n<p><img loading=\"lazy\" decoding=\"async\" class=\"size-medium wp-image-8622 aligncenter\" style=\"text-align: justify;\" src=\"https:\/\/www.vita-explorers.dk\/blog\/wp-content\/uploads\/2018\/01\/Teknaf-au-Bangladesh-min-300x199.jpg\" alt=\"\" width=\"300\" height=\"199\" srcset=\"https:\/\/www.vita-explorers.dk\/blog\/wp-content\/uploads\/2018\/01\/Teknaf-au-Bangladesh-min-300x199.jpg 300w, https:\/\/www.vita-explorers.dk\/blog\/wp-content\/uploads\/2018\/01\/Teknaf-au-Bangladesh-min-768x511.jpg 768w, https:\/\/www.vita-explorers.dk\/blog\/wp-content\/uploads\/2018\/01\/Teknaf-au-Bangladesh-min-1024x681.jpg 1024w, https:\/\/www.vita-explorers.dk\/blog\/wp-content\/uploads\/2018\/01\/Teknaf-au-Bangladesh-min-150x100.jpg 150w, https:\/\/www.vita-explorers.dk\/blog\/wp-content\/uploads\/2018\/01\/Teknaf-au-Bangladesh-min.jpg 1253w\" sizes=\"(max-width: 300px) 100vw, 300px\" \/><\/p>\n<p style=\"text-align: justify;\">oplyste h\u00e6rledelsens kontor p\u00e5 Facebook og henviste til h\u00e6ndelser den 2. september i delstaten Rakhine.<\/p>\n<p style=\"text-align: justify;\">Mange eksperter ser det som et vigtigt f\u00f8rste skridt, fordi <strong>den burmesiske historiker Thant Myint-U<\/strong> siger: \u201cMan skal huske, at der i \u00e5rtier ikke har v\u00e6ret nogen gennemsigtighed i Myanmar. Enhver handling, der \u00f8ger gennemsigtigheden, og enhver vilje til at st\u00e5 til ansvar, b\u00f8r fremh\u00e6ves\u201d.<\/p>\n<p style=\"text-align: justify;\"><strong>I dag bliver mange befolkningsgrupper stadig afvist og diskrimineret.<\/strong><\/p>\n<p style=\"text-align: justify;\">Mediernes fokus og menneskers engagement kan <a href=\"https:\/\/www.vita-explorers.dk\/blog\/wp-content\/uploads\/2018\/01\/Rohingyas-min.jpg\"><img loading=\"lazy\" decoding=\"async\" class=\"size-medium wp-image-8626 aligncenter\" src=\"https:\/\/www.vita-explorers.dk\/blog\/wp-content\/uploads\/2018\/01\/Rohingyas-min-300x220.jpg\" alt=\"\" width=\"300\" height=\"220\" srcset=\"https:\/\/www.vita-explorers.dk\/blog\/wp-content\/uploads\/2018\/01\/Rohingyas-min-300x220.jpg 300w, https:\/\/www.vita-explorers.dk\/blog\/wp-content\/uploads\/2018\/01\/Rohingyas-min-768x564.jpg 768w, https:\/\/www.vita-explorers.dk\/blog\/wp-content\/uploads\/2018\/01\/Rohingyas-min.jpg 1024w, https:\/\/www.vita-explorers.dk\/blog\/wp-content\/uploads\/2018\/01\/Rohingyas-min-150x110.jpg 150w\" sizes=\"(max-width: 300px) 100vw, 300px\" \/><\/a>g\u00f8re det muligt at st\u00f8tte udsatte grupper og v\u00e6re med til at styrke h\u00e5bet for fremtiden.<\/p>\n<p style=\"text-align: justify;\">Det er <strong>vores ansvar som verdensborgere<\/strong> at <strong>st\u00f8tte mennesker, der undertrykkes<\/strong>. Sammen kan vi skabe en reel forskel.<\/p>\n<p style=\"text-align: justify;\"><strong>Vil du gerne bidrage til f\u00e6llesskaber, der st\u00e5r med f\u00e6rre muligheder?<\/strong><br \/>\nDeltag i et<strong> <span style=\"text-decoration: underline; color: #b81657;\"><a href=\"https:\/\/www.vita-explorers.dk\/frivilligt-arbejde\/\" target=\"_blank\" rel=\"noopener\">internationalt frivilligforl\u00f8b<\/a><\/span><\/strong> og g\u00f8r en konkret forskel sammen med lokale initiativer!<\/p>\n<p style=\"text-align: justify;\">L\u00e6s<strong> <span style=\"text-decoration: underline; color: #b81657;\"><a href=\"https:\/\/www.vita-explorers.dk\/blog\/avis-globalong\/\" target=\"_blank\" rel=\"noopener\">deltagernes oplevelser<\/a><\/span> <\/strong>fra internationale forl\u00f8b!<\/p>\n<p style=\"text-align: justify;\">Se vores projekter inden for <strong><a href=\"https:\/\/www.flickr.com\/photos\/globalong\/albums\" target=\"_blank\" rel=\"noopener\"><span style=\"text-decoration: underline;\"><span style=\"color: #b81657; text-decoration: underline;\">frivilligt arbejde i billeder<\/span><\/span>\u00a0<\/a><\/strong>!<\/p>\n<p style=\"text-align: justify;\"><a href=\"https:\/\/www.vita-explorers.dk\/blog\/videoer-fra-vores-destinationer-frivilligt-arbejde-internationale-forloeb\/\" target=\"_blank\" rel=\"noopener\"><span style=\"text-decoration: underline;\"><strong><span style=\"color: #b81657; text-decoration: underline;\">VITA i videoer!<\/span><\/strong><\/span><\/a><\/p>\n<p>\u00a0<\/p>\n","protected":false},"excerpt":{"rendered":"<p>Rohingyaerne er en etnisk gruppe, der prim\u00e6rt lever i delstaten Rakhine i det vestlige Myanmar. I 2016 udgjorde de omkring 5 % af landets\u2026<\/p>\n","protected":false},"author":1,"featured_media":8608,"comment_status":"open","ping_status":"open","sticky":false,"template":"","format":"standard","meta":{"footnotes":""},"categories":[8,6,4],"tags":[528,230,149,527],"yoast_head":"<!-- This site is optimized with the Yoast SEO Premium plugin v23.4 (Yoast SEO v23.4) - https:\/\/yoast.com\/wordpress\/plugins\/seo\/ -->\n<title>Rohingyaernes kaotiske flugtvej - VITA Explorers Blog<\/title>\n<meta name=\"robots\" content=\"index, follow, max-snippet:-1, max-image-preview:large, max-video-preview:-1\" \/>\n<link rel=\"canonical\" href=\"https:\/\/www.vita-explorers.dk\/blog\/rohingyaer-myanmar-kritisk-erfaring\/\" \/>\n<meta property=\"og:locale\" content=\"da_DK\" \/>\n<meta property=\"og:type\" content=\"article\" \/>\n<meta property=\"og:title\" content=\"Rohingyaernes kaotiske flugtvej\" \/>\n<meta property=\"og:description\" content=\"Rohingyaerne er en etnisk gruppe, der prim\u00e6rt lever i delstaten Rakhine i det vestlige Myanmar. I 2016 udgjorde de omkring 5 % af landets\u2026\" \/>\n<meta property=\"og:url\" content=\"https:\/\/www.vita-explorers.dk\/blog\/rohingyaer-myanmar-kritisk-erfaring\/\" \/>\n<meta property=\"og:site_name\" content=\"VITA Explorers Blog\" \/>\n<meta property=\"article:publisher\" content=\"https:\/\/www.facebook.com\/globalong\" \/>\n<meta property=\"article:published_time\" content=\"2018-01-16T13:29:11+00:00\" \/>\n<meta property=\"article:modified_time\" content=\"2022-03-14T18:40:07+00:00\" \/>\n<meta property=\"og:image\" content=\"https:\/\/www.vita-explorers.dk\/blog\/wp-content\/uploads\/2018\/01\/Enfants-de-la-communaut\u00e9-Rohingyas-min.jpg\" \/>\n\t<meta property=\"og:image:width\" content=\"1024\" \/>\n\t<meta property=\"og:image:height\" content=\"683\" \/>\n\t<meta property=\"og:image:type\" content=\"image\/jpeg\" \/>\n<meta name=\"author\" content=\"VITA Tribe\" \/>\n<meta name=\"twitter:card\" content=\"summary_large_image\" \/>\n<meta name=\"twitter:label1\" content=\"Skrevet af\" \/>\n\t<meta name=\"twitter:data1\" content=\"VITA Tribe\" \/>\n\t<meta name=\"twitter:label2\" content=\"Estimeret l\u00e6setid\" \/>\n\t<meta name=\"twitter:data2\" content=\"2 minutter\" \/>\n<script type=\"application\/ld+json\" class=\"yoast-schema-graph\">{\"@context\":\"https:\/\/schema.org\",\"@graph\":[{\"@type\":\"Article\",\"@id\":\"https:\/\/www.vita-explorers.dk\/blog\/rohingyaer-myanmar-kritisk-erfaring\/#article\",\"isPartOf\":{\"@id\":\"https:\/\/www.vita-explorers.dk\/blog\/rohingyaer-myanmar-kritisk-erfaring\/\"},\"author\":{\"name\":\"VITA Tribe\",\"@id\":\"https:\/\/www.vita-explorers.dk\/blog\/#\/schema\/person\/d7df267b64f23018d1dc519e78fb2735\"},\"headline\":\"Rohingyaernes kaotiske flugtvej\",\"datePublished\":\"2018-01-16T13:29:11+00:00\",\"dateModified\":\"2022-03-14T18:40:07+00:00\",\"mainEntityOfPage\":{\"@id\":\"https:\/\/www.vita-explorers.dk\/blog\/rohingyaer-myanmar-kritisk-erfaring\/\"},\"wordCount\":497,\"commentCount\":2,\"publisher\":{\"@id\":\"https:\/\/www.vita-explorers.dk\/blog\/#organization\"},\"image\":{\"@id\":\"https:\/\/www.vita-explorers.dk\/blog\/rohingyaer-myanmar-kritisk-erfaring\/#primaryimage\"},\"thumbnailUrl\":\"https:\/\/www.vita-explorers.dk\/blog\/wp-content\/uploads\/2018\/01\/Enfants-de-la-communaut\u00e9-Rohingyas-min.jpg\",\"keywords\":[\"birmanie\",\"exp\u00e9rience\",\"humanitaire\",\"rohingyas\"],\"articleSection\":[\"Humanit\u00e6rt frivilligt arbejde\",\"Nyheder\",\"VITA Explorers\"],\"inLanguage\":\"da-DK\",\"potentialAction\":[{\"@type\":\"CommentAction\",\"name\":\"Comment\",\"target\":[\"https:\/\/www.vita-explorers.dk\/blog\/rohingyaer-myanmar-kritisk-erfaring\/#respond\"]}]},{\"@type\":\"WebPage\",\"@id\":\"https:\/\/www.vita-explorers.dk\/blog\/rohingyaer-myanmar-kritisk-erfaring\/\",\"url\":\"https:\/\/www.vita-explorers.dk\/blog\/rohingyaer-myanmar-kritisk-erfaring\/\",\"name\":\"Rohingyaernes kaotiske flugtvej - VITA Explorers Blog\",\"isPartOf\":{\"@id\":\"https:\/\/www.vita-explorers.dk\/blog\/#website\"},\"primaryImageOfPage\":{\"@id\":\"https:\/\/www.vita-explorers.dk\/blog\/rohingyaer-myanmar-kritisk-erfaring\/#primaryimage\"},\"image\":{\"@id\":\"https:\/\/www.vita-explorers.dk\/blog\/rohingyaer-myanmar-kritisk-erfaring\/#primaryimage\"},\"thumbnailUrl\":\"https:\/\/www.vita-explorers.dk\/blog\/wp-content\/uploads\/2018\/01\/Enfants-de-la-communaut\u00e9-Rohingyas-min.jpg\",\"datePublished\":\"2018-01-16T13:29:11+00:00\",\"dateModified\":\"2022-03-14T18:40:07+00:00\",\"breadcrumb\":{\"@id\":\"https:\/\/www.vita-explorers.dk\/blog\/rohingyaer-myanmar-kritisk-erfaring\/#breadcrumb\"},\"inLanguage\":\"da-DK\",\"potentialAction\":[{\"@type\":\"ReadAction\",\"target\":[\"https:\/\/www.vita-explorers.dk\/blog\/rohingyaer-myanmar-kritisk-erfaring\/\"]}]},{\"@type\":\"ImageObject\",\"inLanguage\":\"da-DK\",\"@id\":\"https:\/\/www.vita-explorers.dk\/blog\/rohingyaer-myanmar-kritisk-erfaring\/#primaryimage\",\"url\":\"https:\/\/www.vita-explorers.dk\/blog\/wp-content\/uploads\/2018\/01\/Enfants-de-la-communaut\u00e9-Rohingyas-min.jpg\",\"contentUrl\":\"https:\/\/www.vita-explorers.dk\/blog\/wp-content\/uploads\/2018\/01\/Enfants-de-la-communaut\u00e9-Rohingyas-min.jpg\",\"width\":1024,\"height\":683},{\"@type\":\"BreadcrumbList\",\"@id\":\"https:\/\/www.vita-explorers.dk\/blog\/rohingyaer-myanmar-kritisk-erfaring\/#breadcrumb\",\"itemListElement\":[{\"@type\":\"ListItem\",\"position\":1,\"name\":\"Accueil\",\"item\":\"https:\/\/www.vita-explorers.dk\/blog\/\"},{\"@type\":\"ListItem\",\"position\":2,\"name\":\"Rohingyaernes kaotiske flugtvej\"}]},{\"@type\":\"WebSite\",\"@id\":\"https:\/\/www.vita-explorers.dk\/blog\/#website\",\"url\":\"https:\/\/www.vita-explorers.dk\/blog\/\",\"name\":\"Association Globalong\",\"description\":\"Frivilligt arbejde, sprogophold, praktik i udlandet og internationale oplevelser\",\"publisher\":{\"@id\":\"https:\/\/www.vita-explorers.dk\/blog\/#organization\"},\"potentialAction\":[{\"@type\":\"SearchAction\",\"target\":{\"@type\":\"EntryPoint\",\"urlTemplate\":\"https:\/\/www.vita-explorers.dk\/blog\/?s={search_term_string}\"},\"query-input\":{\"@type\":\"PropertyValueSpecification\",\"valueRequired\":true,\"valueName\":\"search_term_string\"}}],\"inLanguage\":\"da-DK\"},{\"@type\":\"Organization\",\"@id\":\"https:\/\/www.vita-explorers.dk\/blog\/#organization\",\"name\":\"Association Globalong\",\"url\":\"https:\/\/www.vita-explorers.dk\/blog\/\",\"logo\":{\"@type\":\"ImageObject\",\"inLanguage\":\"da-DK\",\"@id\":\"https:\/\/www.vita-explorers.dk\/blog\/#\/schema\/logo\/image\/\",\"url\":\"https:\/\/www.globalong.com\/blog\/wp-content\/uploads\/2014\/11\/cropped-cropped-Logo-et-Afrique-Globalong-petite-taille-2.jpg\",\"contentUrl\":\"https:\/\/www.globalong.com\/blog\/wp-content\/uploads\/2014\/11\/cropped-cropped-Logo-et-Afrique-Globalong-petite-taille-2.jpg\",\"width\":512,\"height\":512,\"caption\":\"Association Globalong\"},\"image\":{\"@id\":\"https:\/\/www.vita-explorers.dk\/blog\/#\/schema\/logo\/image\/\"},\"sameAs\":[\"https:\/\/www.facebook.com\/globalong\"]},{\"@type\":\"Person\",\"@id\":\"https:\/\/www.vita-explorers.dk\/blog\/#\/schema\/person\/d7df267b64f23018d1dc519e78fb2735\",\"name\":\"VITA Tribe\",\"image\":{\"@type\":\"ImageObject\",\"inLanguage\":\"da-DK\",\"@id\":\"https:\/\/www.vita-explorers.dk\/blog\/#\/schema\/person\/image\/\",\"url\":\"https:\/\/secure.gravatar.com\/avatar\/81461bcc213d0ff2bdc043d4206648f0?s=96&d=mm&r=g\",\"contentUrl\":\"https:\/\/secure.gravatar.com\/avatar\/81461bcc213d0ff2bdc043d4206648f0?s=96&d=mm&r=g\",\"caption\":\"VITA Tribe\"},\"sameAs\":[\"https:\/\/www.globalong.com\"],\"url\":\"https:\/\/www.vita-explorers.dk\/blog\/author\/sophie\/\"}]}<\/script>\n<!-- \/ Yoast SEO Premium plugin. -->","yoast_head_json":{"title":"Rohingyaernes kaotiske flugtvej - VITA Explorers Blog","robots":{"index":"index","follow":"follow","max-snippet":"max-snippet:-1","max-image-preview":"max-image-preview:large","max-video-preview":"max-video-preview:-1"},"canonical":"https:\/\/www.vita-explorers.dk\/blog\/rohingyaer-myanmar-kritisk-erfaring\/","og_locale":"da_DK","og_type":"article","og_title":"Rohingyaernes kaotiske flugtvej","og_description":"Rohingyaerne er en etnisk gruppe, der prim\u00e6rt lever i delstaten Rakhine i det vestlige Myanmar. I 2016 udgjorde de omkring 5 % af landets\u2026","og_url":"https:\/\/www.vita-explorers.dk\/blog\/rohingyaer-myanmar-kritisk-erfaring\/","og_site_name":"VITA Explorers Blog","article_publisher":"https:\/\/www.facebook.com\/globalong","article_published_time":"2018-01-16T13:29:11+00:00","article_modified_time":"2022-03-14T18:40:07+00:00","og_image":[{"width":1024,"height":683,"url":"https:\/\/www.vita-explorers.dk\/blog\/wp-content\/uploads\/2018\/01\/Enfants-de-la-communaut\u00e9-Rohingyas-min.jpg","type":"image\/jpeg"}],"author":"VITA Tribe","twitter_card":"summary_large_image","twitter_misc":{"Skrevet af":"VITA Tribe","Estimeret l\u00e6setid":"2 minutter"},"schema":{"@context":"https:\/\/schema.org","@graph":[{"@type":"Article","@id":"https:\/\/www.vita-explorers.dk\/blog\/rohingyaer-myanmar-kritisk-erfaring\/#article","isPartOf":{"@id":"https:\/\/www.vita-explorers.dk\/blog\/rohingyaer-myanmar-kritisk-erfaring\/"},"author":{"name":"VITA Tribe","@id":"https:\/\/www.vita-explorers.dk\/blog\/#\/schema\/person\/d7df267b64f23018d1dc519e78fb2735"},"headline":"Rohingyaernes kaotiske flugtvej","datePublished":"2018-01-16T13:29:11+00:00","dateModified":"2022-03-14T18:40:07+00:00","mainEntityOfPage":{"@id":"https:\/\/www.vita-explorers.dk\/blog\/rohingyaer-myanmar-kritisk-erfaring\/"},"wordCount":497,"commentCount":2,"publisher":{"@id":"https:\/\/www.vita-explorers.dk\/blog\/#organization"},"image":{"@id":"https:\/\/www.vita-explorers.dk\/blog\/rohingyaer-myanmar-kritisk-erfaring\/#primaryimage"},"thumbnailUrl":"https:\/\/www.vita-explorers.dk\/blog\/wp-content\/uploads\/2018\/01\/Enfants-de-la-communaut\u00e9-Rohingyas-min.jpg","keywords":["birmanie","exp\u00e9rience","humanitaire","rohingyas"],"articleSection":["Humanit\u00e6rt frivilligt arbejde","Nyheder","VITA Explorers"],"inLanguage":"da-DK","potentialAction":[{"@type":"CommentAction","name":"Comment","target":["https:\/\/www.vita-explorers.dk\/blog\/rohingyaer-myanmar-kritisk-erfaring\/#respond"]}]},{"@type":"WebPage","@id":"https:\/\/www.vita-explorers.dk\/blog\/rohingyaer-myanmar-kritisk-erfaring\/","url":"https:\/\/www.vita-explorers.dk\/blog\/rohingyaer-myanmar-kritisk-erfaring\/","name":"Rohingyaernes kaotiske flugtvej - VITA Explorers Blog","isPartOf":{"@id":"https:\/\/www.vita-explorers.dk\/blog\/#website"},"primaryImageOfPage":{"@id":"https:\/\/www.vita-explorers.dk\/blog\/rohingyaer-myanmar-kritisk-erfaring\/#primaryimage"},"image":{"@id":"https:\/\/www.vita-explorers.dk\/blog\/rohingyaer-myanmar-kritisk-erfaring\/#primaryimage"},"thumbnailUrl":"https:\/\/www.vita-explorers.dk\/blog\/wp-content\/uploads\/2018\/01\/Enfants-de-la-communaut\u00e9-Rohingyas-min.jpg","datePublished":"2018-01-16T13:29:11+00:00","dateModified":"2022-03-14T18:40:07+00:00","breadcrumb":{"@id":"https:\/\/www.vita-explorers.dk\/blog\/rohingyaer-myanmar-kritisk-erfaring\/#breadcrumb"},"inLanguage":"da-DK","potentialAction":[{"@type":"ReadAction","target":["https:\/\/www.vita-explorers.dk\/blog\/rohingyaer-myanmar-kritisk-erfaring\/"]}]},{"@type":"ImageObject","inLanguage":"da-DK","@id":"https:\/\/www.vita-explorers.dk\/blog\/rohingyaer-myanmar-kritisk-erfaring\/#primaryimage","url":"https:\/\/www.vita-explorers.dk\/blog\/wp-content\/uploads\/2018\/01\/Enfants-de-la-communaut\u00e9-Rohingyas-min.jpg","contentUrl":"https:\/\/www.vita-explorers.dk\/blog\/wp-content\/uploads\/2018\/01\/Enfants-de-la-communaut\u00e9-Rohingyas-min.jpg","width":1024,"height":683},{"@type":"BreadcrumbList","@id":"https:\/\/www.vita-explorers.dk\/blog\/rohingyaer-myanmar-kritisk-erfaring\/#breadcrumb","itemListElement":[{"@type":"ListItem","position":1,"name":"Accueil","item":"https:\/\/www.vita-explorers.dk\/blog\/"},{"@type":"ListItem","position":2,"name":"Rohingyaernes kaotiske flugtvej"}]},{"@type":"WebSite","@id":"https:\/\/www.vita-explorers.dk\/blog\/#website","url":"https:\/\/www.vita-explorers.dk\/blog\/","name":"Association Globalong","description":"Frivilligt arbejde, sprogophold, praktik i udlandet og internationale oplevelser","publisher":{"@id":"https:\/\/www.vita-explorers.dk\/blog\/#organization"},"potentialAction":[{"@type":"SearchAction","target":{"@type":"EntryPoint","urlTemplate":"https:\/\/www.vita-explorers.dk\/blog\/?s={search_term_string}"},"query-input":{"@type":"PropertyValueSpecification","valueRequired":true,"valueName":"search_term_string"}}],"inLanguage":"da-DK"},{"@type":"Organization","@id":"https:\/\/www.vita-explorers.dk\/blog\/#organization","name":"Association Globalong","url":"https:\/\/www.vita-explorers.dk\/blog\/","logo":{"@type":"ImageObject","inLanguage":"da-DK","@id":"https:\/\/www.vita-explorers.dk\/blog\/#\/schema\/logo\/image\/","url":"https:\/\/www.globalong.com\/blog\/wp-content\/uploads\/2014\/11\/cropped-cropped-Logo-et-Afrique-Globalong-petite-taille-2.jpg","contentUrl":"https:\/\/www.globalong.com\/blog\/wp-content\/uploads\/2014\/11\/cropped-cropped-Logo-et-Afrique-Globalong-petite-taille-2.jpg","width":512,"height":512,"caption":"Association Globalong"},"image":{"@id":"https:\/\/www.vita-explorers.dk\/blog\/#\/schema\/logo\/image\/"},"sameAs":["https:\/\/www.facebook.com\/globalong"]},{"@type":"Person","@id":"https:\/\/www.vita-explorers.dk\/blog\/#\/schema\/person\/d7df267b64f23018d1dc519e78fb2735","name":"VITA Tribe","image":{"@type":"ImageObject","inLanguage":"da-DK","@id":"https:\/\/www.vita-explorers.dk\/blog\/#\/schema\/person\/image\/","url":"https:\/\/secure.gravatar.com\/avatar\/81461bcc213d0ff2bdc043d4206648f0?s=96&d=mm&r=g","contentUrl":"https:\/\/secure.gravatar.com\/avatar\/81461bcc213d0ff2bdc043d4206648f0?s=96&d=mm&r=g","caption":"VITA Tribe"},"sameAs":["https:\/\/www.globalong.com"],"url":"https:\/\/www.vita-explorers.dk\/blog\/author\/sophie\/"}]}},"_links":{"self":[{"href":"https:\/\/www.vita-explorers.dk\/blog\/wp-json\/wp\/v2\/posts\/8604"}],"collection":[{"href":"https:\/\/www.vita-explorers.dk\/blog\/wp-json\/wp\/v2\/posts"}],"about":[{"href":"https:\/\/www.vita-explorers.dk\/blog\/wp-json\/wp\/v2\/types\/post"}],"author":[{"embeddable":true,"href":"https:\/\/www.vita-explorers.dk\/blog\/wp-json\/wp\/v2\/users\/1"}],"replies":[{"embeddable":true,"href":"https:\/\/www.vita-explorers.dk\/blog\/wp-json\/wp\/v2\/comments?post=8604"}],"version-history":[{"count":40,"href":"https:\/\/www.vita-explorers.dk\/blog\/wp-json\/wp\/v2\/posts\/8604\/revisions"}],"predecessor-version":[{"id":14241,"href":"https:\/\/www.vita-explorers.dk\/blog\/wp-json\/wp\/v2\/posts\/8604\/revisions\/14241"}],"wp:featuredmedia":[{"embeddable":true,"href":"https:\/\/www.vita-explorers.dk\/blog\/wp-json\/wp\/v2\/media\/8608"}],"wp:attachment":[{"href":"https:\/\/www.vita-explorers.dk\/blog\/wp-json\/wp\/v2\/media?parent=8604"}],"wp:term":[{"taxonomy":"category","embeddable":true,"href":"https:\/\/www.vita-explorers.dk\/blog\/wp-json\/wp\/v2\/categories?post=8604"},{"taxonomy":"post_tag","embeddable":true,"href":"https:\/\/www.vita-explorers.dk\/blog\/wp-json\/wp\/v2\/tags?post=8604"}],"curies":[{"name":"wp","href":"https:\/\/api.w.org\/{rel}","templated":true}]}}