{"id":8669,"date":"2018-01-25T15:03:51","date_gmt":"2018-01-25T14:03:51","guid":{"rendered":"https:\/\/www.globalong.com\/blog\/?p=8669"},"modified":"2022-03-14T19:39:19","modified_gmt":"2022-03-14T18:39:19","slug":"kritik-vita-vandkrise-sydafrika-toerke-ansvarlige-internationale-forloeb-miljoe-og-klima","status":"publish","type":"post","link":"https:\/\/www.vita-explorers.dk\/blog\/kritik-vita-vandkrise-sydafrika-toerke-ansvarlige-internationale-forloeb-miljoe-og-klima\/","title":{"rendered":"Dag Nul: Vandkrisen i Cape Town-omr\u00e5det tager til \u2013 s\u00e5dan kan du v\u00e6re med til at g\u00f8re en forskel"},"content":{"rendered":"<p style=\"text-align: justify;\"><span style=\"color: #b81657;\"><strong>Sydafrika er et land, hvor vandmangel l\u00e6nge har v\u00e6ret et alvorligt tema. Situationen er dog blevet s\u00e5 kritisk, at man taler om \u00e5rhundredets v\u00e6rste t\u00f8rke, og de lokale myndigheder begynder at overveje meget stramme vandrestriktioner (is\u00e6r i Cape Town og omegn).<\/strong><\/span><\/p>\n<p style=\"text-align: justify;\"><a href=\"https:\/\/www.vita-explorers.dk\/blog\/wp-content\/uploads\/2018\/01\/Vue-sur-Cape-Town-en-Afrique-du-Sud-GlobAlong-min.jpg\"><img loading=\"lazy\" decoding=\"async\" class=\"size-medium wp-image-8674 aligncenter\" src=\"https:\/\/www.vita-explorers.dk\/blog\/wp-content\/uploads\/2018\/01\/Vue-sur-Cape-Town-en-Afrique-du-Sud-GlobAlong-min-300x300.jpg\" alt=\"\" width=\"300\" height=\"300\" srcset=\"https:\/\/www.vita-explorers.dk\/blog\/wp-content\/uploads\/2018\/01\/Vue-sur-Cape-Town-en-Afrique-du-Sud-GlobAlong-min-300x300.jpg 300w, https:\/\/www.vita-explorers.dk\/blog\/wp-content\/uploads\/2018\/01\/Vue-sur-Cape-Town-en-Afrique-du-Sud-GlobAlong-min-150x150.jpg 150w, https:\/\/www.vita-explorers.dk\/blog\/wp-content\/uploads\/2018\/01\/Vue-sur-Cape-Town-en-Afrique-du-Sud-GlobAlong-min.jpg 640w\" sizes=\"(max-width: 300px) 100vw, 300px\" \/><\/a><strong>Restriktionerne rammer<\/strong> f\u00f8rst og fremmest <strong>borgerne<\/strong> i omr\u00e5det, men ogs\u00e5 de <strong>mange internationale bes\u00f8gende<\/strong>, som kommer til \u2013 og som b\u00f8r kende til reglerne for vandforbrug, inden de ankommer.<\/p>\n<p style=\"text-align: justify;\">Cape Town blev s\u00e5 sent som sidste m\u00e5ned k\u00e5ret til <strong>verdens smukkeste by<\/strong> af l\u00e6serne hos <span style=\"text-decoration: underline;\"><strong><a href=\"http:\/\/www.telegraph.co.uk\/travel\/galleries\/The-worlds-best-cities-in-pictures\/cape-town\/\" target=\"_blank\" rel=\"noopener\">Telegraph<\/a><\/strong><\/span> (en britisk avis) \u2013 og det for andet \u00e5r i tr\u00e6k!<\/p>\n<p style=\"text-align: justify;\">Derfor er det helt afg\u00f8rende, at <strong>vi alle hj\u00e6lper med at spare p\u00e5 vandet<\/strong> \u2013 en sj\u00e6lden og v\u00e6rdifuld ressource \u2013 s\u00e5 meget som muligt\u2026 og s\u00e5 hurtigt som muligt.<\/p>\n<p style=\"text-align: justify;\"><strong>De lokale myndigheder opfordrer bes\u00f8gende<\/strong> til stadig at opleve landet (andre omr\u00e5der, som Garden Route, er mindre ber\u00f8rte), <strong>men sl\u00e5r samtidig alarm<\/strong><br \/>\nom de tiltag, man skal respektere.<\/p>\n<p style=\"text-align: justify;\"><a href=\"https:\/\/www.vita-explorers.dk\/blog\/wp-content\/uploads\/2018\/01\/Paysages-sud-africains-GlobAlong-min.jpg\"><img loading=\"lazy\" decoding=\"async\" class=\"size-medium wp-image-8678 aligncenter\" src=\"https:\/\/www.vita-explorers.dk\/blog\/wp-content\/uploads\/2018\/01\/Paysages-sud-africains-GlobAlong-min-300x225.jpg\" alt=\"\" width=\"300\" height=\"225\" srcset=\"https:\/\/www.vita-explorers.dk\/blog\/wp-content\/uploads\/2018\/01\/Paysages-sud-africains-GlobAlong-min-300x225.jpg 300w, https:\/\/www.vita-explorers.dk\/blog\/wp-content\/uploads\/2018\/01\/Paysages-sud-africains-GlobAlong-min-768x576.jpg 768w, https:\/\/www.vita-explorers.dk\/blog\/wp-content\/uploads\/2018\/01\/Paysages-sud-africains-GlobAlong-min-1024x768.jpg 1024w, https:\/\/www.vita-explorers.dk\/blog\/wp-content\/uploads\/2018\/01\/Paysages-sud-africains-GlobAlong-min-150x113.jpg 150w\" sizes=\"(max-width: 300px) 100vw, 300px\" \/><\/a>Reservoirerne er n\u00e6sten tomme<strong> (med kun 16% brugbart vand tilbage)<\/strong>, og hvis regnen udebliver, og byens vandreserver bliver for lave, kan man <strong>miste adgangen til rindende vand.<\/strong><\/p>\n<p style=\"text-align: justify;\"><strong>Denne hidtil usete og meget alvorlige situation,<\/strong> kendt som <strong>Day Zero<\/strong> (&#8220;<a href=\"https:\/\/www.sciencesetavenir.fr\/nature-environnement\/secheresse-en-afrique-du-sud-restrictions-drastiques-d-eau-au-cap_119985\" target=\"_blank\" rel=\"noopener\"><span style=\"text-decoration: underline; color: #b81657;\"><strong>Dag Nul<\/strong><\/span><\/a>&#8220;), kan komme tidligere end forventet.<br \/>\nMan regnede med denne mulighed inden for nogle m\u00e5neder.<br \/>\nDatoen <strong>22. april 2018<\/strong> blev n\u00e6vnt, men med den aktuelle vandmangel kan &#8220;Dag Nul&#8221; blive rykket til <strong>18. marts 2018<\/strong>. Om mindre end 2 m\u00e5neder\u2026<\/p>\n<p style=\"text-align: justify;\"><a href=\"https:\/\/www.vita-explorers.dk\/blog\/wp-content\/uploads\/2018\/01\/parc-etudiants-afrique-du-sud-min.jpg\"><img loading=\"lazy\" decoding=\"async\" class=\"size-medium wp-image-8681 aligncenter\" src=\"https:\/\/www.vita-explorers.dk\/blog\/wp-content\/uploads\/2018\/01\/parc-etudiants-afrique-du-sud-min-300x225.jpg\" alt=\"\" width=\"300\" height=\"225\" srcset=\"https:\/\/www.vita-explorers.dk\/blog\/wp-content\/uploads\/2018\/01\/parc-etudiants-afrique-du-sud-min-300x225.jpg 300w, https:\/\/www.vita-explorers.dk\/blog\/wp-content\/uploads\/2018\/01\/parc-etudiants-afrique-du-sud-min-768x576.jpg 768w, https:\/\/www.vita-explorers.dk\/blog\/wp-content\/uploads\/2018\/01\/parc-etudiants-afrique-du-sud-min-1024x768.jpg 1024w, https:\/\/www.vita-explorers.dk\/blog\/wp-content\/uploads\/2018\/01\/parc-etudiants-afrique-du-sud-min-150x113.jpg 150w, https:\/\/www.vita-explorers.dk\/blog\/wp-content\/uploads\/2018\/01\/parc-etudiants-afrique-du-sud-min.jpg 1600w\" sizes=\"(max-width: 300px) 100vw, 300px\" \/><\/a><strong>Postevandet<\/strong> vil i s\u00e5 fald v\u00e6re <strong>uegnet til at drikke<\/strong> af sundhedsm\u00e6ssige \u00e5rsager, indtil byens vandtanke igen bliver fyldt op. <strong>Flaskevand kan da blive udleveret til befolkningen<\/strong> for at d\u00e6kke alles basale behov (v\u00e6ske og hygiejne). Landets hverdag vil forts\u00e6tte trods de <strong>stramme restriktioner<\/strong>: \u00f8konomien (is\u00e6r <strong>hotel- og restaurationsbranchen<\/strong>, som i m\u00e5neder har tilpasset sig for b\u00e5de at levere god service og g\u00f8re bes\u00f8gende opm\u00e6rksomme p\u00e5 Sydafrikas vandkrise), og <strong>sundheds- og beredskabstjenester vil fortsat v\u00e6re i drift.<\/strong><\/p>\n<p style=\"text-align: justify;\"><a href=\"https:\/\/www.vita-explorers.dk\/blog\/wp-content\/uploads\/2018\/01\/FB_IMG_1439416842111-min.jpg\"><img loading=\"lazy\" decoding=\"async\" class=\"size-medium wp-image-8683 aligncenter\" src=\"https:\/\/www.vita-explorers.dk\/blog\/wp-content\/uploads\/2018\/01\/FB_IMG_1439416842111-min-300x200.jpg\" alt=\"\" width=\"300\" height=\"200\" srcset=\"https:\/\/www.vita-explorers.dk\/blog\/wp-content\/uploads\/2018\/01\/FB_IMG_1439416842111-min-300x200.jpg 300w, https:\/\/www.vita-explorers.dk\/blog\/wp-content\/uploads\/2018\/01\/FB_IMG_1439416842111-min-150x100.jpg 150w, https:\/\/www.vita-explorers.dk\/blog\/wp-content\/uploads\/2018\/01\/FB_IMG_1439416842111-min.jpg 720w\" sizes=\"(max-width: 300px) 100vw, 300px\" \/><\/a>De restriktioner, der kan blive n\u00f8dvendige p\u00e5 <strong>&#8220;Dag Nul&#8221;<\/strong>, kan f\u00e5 det til at lyde som noget fra en science fiction-roman. <strong>Desv\u00e6rre er vandkrise allerede en realitet i mange dele af verden.<\/strong><\/p>\n<p style=\"text-align: justify;\">Cape-regionen oplever krisen mere ekstremt, men <strong>konsekvenserne af klimaforandringer<\/strong> rammer ogs\u00e5 mange andre steder i verden<a href=\"https:\/\/www.vita-explorers.dk\/frivilligt-arbejde\/usa-oko-frivilligt-arbejde-californien.html\" target=\"_blank\" rel=\"noopener\">, <span style=\"text-decoration: underline;\">som for eksempel Californien.<\/span><\/a><\/p>\n<p style=\"text-align: justify;\"><a href=\"https:\/\/www.vita-explorers.dk\/blog\/wp-content\/uploads\/2018\/01\/B\u00e9n\u00e9volat-Afrique-GlobAlong-min.jpg\"><img loading=\"lazy\" decoding=\"async\" class=\"wp-image-8687 aligncenter\" src=\"https:\/\/www.vita-explorers.dk\/blog\/wp-content\/uploads\/2018\/01\/B\u00e9n\u00e9volat-Afrique-GlobAlong-min-225x300.jpg\" alt=\"\" width=\"300\" height=\"400\" srcset=\"https:\/\/www.vita-explorers.dk\/blog\/wp-content\/uploads\/2018\/01\/B\u00e9n\u00e9volat-Afrique-GlobAlong-min-225x300.jpg 225w, https:\/\/www.vita-explorers.dk\/blog\/wp-content\/uploads\/2018\/01\/B\u00e9n\u00e9volat-Afrique-GlobAlong-min-768x1024.jpg 768w, https:\/\/www.vita-explorers.dk\/blog\/wp-content\/uploads\/2018\/01\/B\u00e9n\u00e9volat-Afrique-GlobAlong-min-113x150.jpg 113w, https:\/\/www.vita-explorers.dk\/blog\/wp-content\/uploads\/2018\/01\/B\u00e9n\u00e9volat-Afrique-GlobAlong-min.jpg 1200w\" sizes=\"(max-width: 300px) 100vw, 300px\" \/><\/a>Muligheden for en <strong>&#8220;Dag Nul&#8221;<\/strong> minder os om, at <strong>vi alle har et ansvar<\/strong> i forhold til milj\u00f8 og klima: ansvaret for <strong>at passe p\u00e5 naturens ressourcer<\/strong>, uanset hvor vi er \u2013 men is\u00e6r n\u00e5r vi rejser i omr\u00e5der, der er ramt af knaphed, og hvor <strong>lokale borgere hver dag g\u00f8r en indsats<\/strong> for at begr\u00e6nse konsekvenserne.<\/p>\n<p style=\"text-align: justify;\">Som <span style=\"text-decoration: underline;\"><a href=\"https:\/\/www.vita-explorers.dk\/frivilligt-arbejde\/frivilligt-arbejde-sydafrika.html\" target=\"_blank\" rel=\"noopener\">internationale deltagere i Sydafrika<\/a><\/span> har <strong>I et ansvar<\/strong> for at g\u00f8re jeres bedste for <strong>kun at bruge det vand, der er n\u00f8dvendigt<\/strong> til basale behov.<\/p>\n<p style=\"text-align: justify;\">Sydafrikanere er blevet bedt om at <strong>bruge under 87 liter vand pr. person pr. dag.<\/strong> Til sammenligning svarer 15 liter vand til \u00e9t minut i bad eller et toiletskyl.<\/p>\n<p style=\"text-align: justify;\"><strong>Det er vigtigt, at du f\u00e5r nok at drikke,<\/strong> men du kan samtidig v\u00e6re opm\u00e6rksom p\u00e5 at:<\/p>\n<ul style=\"text-align: justify;\">\n<li><strong><a href=\"https:\/\/fr-fr.facebook.com\/washin5challenge\/\" target=\"_blank\" rel=\"noopener\"><span style=\"text-decoration: underline; color: #b81657;\">minimere den tid, du<br \/>\nbruger i bad<\/span><\/a><\/strong><br \/>\n<img loading=\"lazy\" decoding=\"async\" class=\"size-medium wp-image-8692 aligncenter\" src=\"https:\/\/www.vita-explorers.dk\/blog\/wp-content\/uploads\/2018\/01\/workshop-min-300x234.jpg\" alt=\"\" width=\"300\" height=\"234\" srcset=\"https:\/\/www.vita-explorers.dk\/blog\/wp-content\/uploads\/2018\/01\/workshop-min-300x234.jpg 300w, https:\/\/www.vita-explorers.dk\/blog\/wp-content\/uploads\/2018\/01\/workshop-min-768x598.jpg 768w, https:\/\/www.vita-explorers.dk\/blog\/wp-content\/uploads\/2018\/01\/workshop-min-150x117.jpg 150w, https:\/\/www.vita-explorers.dk\/blog\/wp-content\/uploads\/2018\/01\/workshop-min.jpg 960w\" sizes=\"(max-width: 300px) 100vw, 300px\" \/>(maks. 2 minutter pr. person pr. dag)<\/li>\n<li><strong>ikke lade vandet l\u00f8be<\/strong>, n\u00e5r du vasker h\u00e6nder og b\u00f8rster t\u00e6nder<\/li>\n<li>ikke skylle ud i toilettet hver eneste gang<\/li>\n<li>vente med at vaske t\u00f8j, til du har en fuld maskine<\/li>\n<li>osv.<\/li>\n<\/ul>\n<p style=\"text-align: justify;\"><strong>De sm\u00e5 vaner i hverdagen kan g\u00f8re en m\u00e6rkbar forskel. Hvis mange hj\u00e6lper til, kan vi m\u00e5ske undg\u00e5 den frygtede &#8220;Dag Nul&#8221;!<\/strong><\/p>\n<p style=\"text-align: justify;\"><a href=\"https:\/\/www.vita-explorers.dk\/blog\/avis-globalong\/\" target=\"_blank\" rel=\"noopener\"><span style=\"text-decoration: underline;\">Tak for jeres engagement!<\/span><\/a><\/p>\n<p style=\"text-align: justify;\"><a href=\"https:\/\/www.vita-explorers.dk\/blog\/wp-content\/uploads\/2018\/01\/DSC00884-1-min.jpg\"><img loading=\"lazy\" decoding=\"async\" class=\"size-medium wp-image-8694 aligncenter\" src=\"https:\/\/www.vita-explorers.dk\/blog\/wp-content\/uploads\/2018\/01\/DSC00884-1-min-300x225.jpg\" alt=\"\" width=\"300\" height=\"225\" srcset=\"https:\/\/www.vita-explorers.dk\/blog\/wp-content\/uploads\/2018\/01\/DSC00884-1-min-300x225.jpg 300w, https:\/\/www.vita-explorers.dk\/blog\/wp-content\/uploads\/2018\/01\/DSC00884-1-min-768x576.jpg 768w, https:\/\/www.vita-explorers.dk\/blog\/wp-content\/uploads\/2018\/01\/DSC00884-1-min-1024x768.jpg 1024w, https:\/\/www.vita-explorers.dk\/blog\/wp-content\/uploads\/2018\/01\/DSC00884-1-min-150x113.jpg 150w\" sizes=\"(max-width: 300px) 100vw, 300px\" \/><\/a>VITA-teamet<\/p>\n<p style=\"text-align: justify;\">Find <a href=\"https:\/\/www.vita-explorers.dk\/blog\/wash-in-5-challenge-oplysning-om-vand-og-toerke-i-sydafrika-solidaritet-borgerhandling-frivilligt-arbejde-internationalt-engagement\/\" target=\"_blank\" rel=\"noopener\"><span style=\"text-decoration: underline;\"><strong>praktiske tips til at reducere dit vandforbrug<\/strong><\/span><\/a>!<\/p>\n<p style=\"text-align: justify;\">Deltag i et <a href=\"https:\/\/www.vita-explorers.dk\/frivilligt-arbejde\/frivilligt-arbejde-sydafrika.html\" target=\"_blank\" rel=\"noopener\"><span style=\"text-decoration: underline; color: #b81657;\"><strong>internationalt forl\u00f8b i Sydafrika<\/strong><\/span><\/a> og bidrag til en positiv forskel i hverdagen for mennesker lokalt.<\/p>\n<p style=\"text-align: justify;\">L\u00e6s <strong><a href=\"https:\/\/www.vita-explorers.dk\/blog\/avis-globalong\/\" target=\"_blank\" rel=\"noopener\"><span style=\"text-decoration: underline;\">oplevelser<\/span><\/a><\/strong> fra deltagere p\u00e5 internationale forl\u00f8b!<\/p>\n<p style=\"text-align: justify;\">Se forl\u00f8b i Sydafrika i <a href=\"https:\/\/www.flickr.com\/photos\/globalong\/albums\/72157640876582423\" target=\"_blank\" rel=\"noopener\"><strong><span style=\"text-decoration: underline;\"><span style=\"color: #b81657; text-decoration: underline;\">billeder<\/span><\/span><\/strong><\/a>!<\/p>\n<p style=\"text-align: justify;\"><span style=\"color: #b81657;\"><strong><a href=\"https:\/\/www.vita-explorers.dk\/blog\/wp-content\/uploads\/2018\/01\/Coucher-de-soleil-en-Afrique-du-Sud-Globalong-min.jpg\"><img loading=\"lazy\" decoding=\"async\" class=\"size-medium wp-image-8696 aligncenter\" src=\"https:\/\/www.vita-explorers.dk\/blog\/wp-content\/uploads\/2018\/01\/Coucher-de-soleil-en-Afrique-du-Sud-Globalong-min-300x225.jpg\" alt=\"\" width=\"300\" height=\"225\" srcset=\"https:\/\/www.vita-explorers.dk\/blog\/wp-content\/uploads\/2018\/01\/Coucher-de-soleil-en-Afrique-du-Sud-Globalong-min-300x225.jpg 300w, https:\/\/www.vita-explorers.dk\/blog\/wp-content\/uploads\/2018\/01\/Coucher-de-soleil-en-Afrique-du-Sud-Globalong-min-768x575.jpg 768w, https:\/\/www.vita-explorers.dk\/blog\/wp-content\/uploads\/2018\/01\/Coucher-de-soleil-en-Afrique-du-Sud-Globalong-min-1024x767.jpg 1024w, https:\/\/www.vita-explorers.dk\/blog\/wp-content\/uploads\/2018\/01\/Coucher-de-soleil-en-Afrique-du-Sud-Globalong-min-150x112.jpg 150w\" sizes=\"(max-width: 300px) 100vw, 300px\" \/><\/a>VITA p\u00e5 video!<\/strong><\/span><\/p>\n<p style=\"text-align: justify;\">Alt om <a href=\"https:\/\/www.vita-explorers.dk\/association-globalong.html\" target=\"_blank\" rel=\"noopener\"><span style=\"text-decoration: underline; color: #b81657;\"><strong>VITA Institute<\/strong><\/span><\/a><\/p>\n<p style=\"text-align: justify;\"><span style=\"text-decoration: underline;\">Kilder<\/span> :<\/p>\n<p style=\"text-align: justify;\"><span style=\"text-decoration: underline;\"><strong><a href=\"http:\/\/www.telegraph.co.uk\/travel\/destinations\/africa\/south-africa\/cape-town\/articles\/cape-town-drought-water-crisis-how-visitors-help\/\" target=\"_blank\" rel=\"noopener\">Artikel i Telegraph<\/a><\/strong><\/span> (p\u00e5 engelsk)<\/p>\n<p style=\"text-align: justify;\"><span style=\"text-decoration: underline;\"><strong><a href=\"http:\/\/fedhasa.co.za\/cape-town-water-tourism-facts\/\" target=\"_blank\" rel=\"noopener\">Information fra FEDHASA<\/a><\/strong><\/span>, sydafrikansk brancheorganisation for hotel- og restaurationsomr\u00e5det (p\u00e5 engelsk)<\/p>\n","protected":false},"excerpt":{"rendered":"<p>Sydafrika er et land, hvor vandmangel l\u00e6nge har v\u00e6ret et alvorligt tema. Situationen er dog blevet s\u00e5 kritisk, at man taler om \u00e5rhundredets v\u00e6rste\u2026<\/p>\n","protected":false},"author":1,"featured_media":8952,"comment_status":"open","ping_status":"open","sticky":false,"template":"","format":"standard","meta":{"footnotes":""},"categories":[13,8,6,472,4],"tags":[164,529,533,104,95,530,531,532,440,520],"yoast_head":"<!-- This site is optimized with the Yoast SEO Premium plugin v23.4 (Yoast SEO v23.4) - https:\/\/yoast.com\/wordpress\/plugins\/seo\/ -->\n<title>Dag Nul: Vandkrisen i Cape Town-omr\u00e5det tager til \u2013 s\u00e5dan kan du v\u00e6re med til at g\u00f8re en forskel - VITA Explorers Blog<\/title>\n<meta name=\"robots\" content=\"index, follow, max-snippet:-1, max-image-preview:large, max-video-preview:-1\" \/>\n<link rel=\"canonical\" href=\"https:\/\/www.vita-explorers.dk\/blog\/kritik-vita-vandkrise-sydafrika-toerke-ansvarlige-internationale-forloeb-miljoe-og-klima\/\" \/>\n<meta property=\"og:locale\" content=\"da_DK\" \/>\n<meta property=\"og:type\" content=\"article\" \/>\n<meta property=\"og:title\" content=\"Dag Nul: Vandkrisen i Cape Town-omr\u00e5det tager til \u2013 s\u00e5dan kan du v\u00e6re med til at g\u00f8re en forskel\" \/>\n<meta property=\"og:description\" content=\"Sydafrika er et land, hvor vandmangel l\u00e6nge har v\u00e6ret et alvorligt tema. Situationen er dog blevet s\u00e5 kritisk, at man taler om \u00e5rhundredets v\u00e6rste\u2026\" \/>\n<meta property=\"og:url\" content=\"https:\/\/www.vita-explorers.dk\/blog\/kritik-vita-vandkrise-sydafrika-toerke-ansvarlige-internationale-forloeb-miljoe-og-klima\/\" \/>\n<meta property=\"og:site_name\" content=\"VITA Explorers Blog\" \/>\n<meta property=\"article:publisher\" content=\"https:\/\/www.facebook.com\/globalong\" \/>\n<meta property=\"article:published_time\" content=\"2018-01-25T14:03:51+00:00\" \/>\n<meta property=\"article:modified_time\" content=\"2022-03-14T18:39:19+00:00\" \/>\n<meta property=\"og:image\" content=\"https:\/\/www.vita-explorers.dk\/blog\/wp-content\/uploads\/2018\/01\/Vue-sur-Cape-Town-en-Afrique-du-Sud-GlobAlong-min-1.jpg\" \/>\n\t<meta property=\"og:image:width\" content=\"640\" \/>\n\t<meta property=\"og:image:height\" content=\"640\" \/>\n\t<meta property=\"og:image:type\" content=\"image\/jpeg\" \/>\n<meta name=\"author\" content=\"VITA Tribe\" \/>\n<meta name=\"twitter:card\" content=\"summary_large_image\" \/>\n<meta name=\"twitter:label1\" content=\"Skrevet af\" \/>\n\t<meta name=\"twitter:data1\" content=\"VITA Tribe\" \/>\n\t<meta name=\"twitter:label2\" content=\"Estimeret l\u00e6setid\" \/>\n\t<meta name=\"twitter:data2\" content=\"3 minutter\" \/>\n<script type=\"application\/ld+json\" class=\"yoast-schema-graph\">{\"@context\":\"https:\/\/schema.org\",\"@graph\":[{\"@type\":\"Article\",\"@id\":\"https:\/\/www.vita-explorers.dk\/blog\/kritik-vita-vandkrise-sydafrika-toerke-ansvarlige-internationale-forloeb-miljoe-og-klima\/#article\",\"isPartOf\":{\"@id\":\"https:\/\/www.vita-explorers.dk\/blog\/kritik-vita-vandkrise-sydafrika-toerke-ansvarlige-internationale-forloeb-miljoe-og-klima\/\"},\"author\":{\"name\":\"VITA Tribe\",\"@id\":\"https:\/\/www.vita-explorers.dk\/blog\/#\/schema\/person\/d7df267b64f23018d1dc519e78fb2735\"},\"headline\":\"Dag Nul: Vandkrisen i Cape Town-omr\u00e5det tager til \u2013 s\u00e5dan kan du v\u00e6re med til at g\u00f8re en forskel\",\"datePublished\":\"2018-01-25T14:03:51+00:00\",\"dateModified\":\"2022-03-14T18:39:19+00:00\",\"mainEntityOfPage\":{\"@id\":\"https:\/\/www.vita-explorers.dk\/blog\/kritik-vita-vandkrise-sydafrika-toerke-ansvarlige-internationale-forloeb-miljoe-og-klima\/\"},\"wordCount\":700,\"commentCount\":0,\"publisher\":{\"@id\":\"https:\/\/www.vita-explorers.dk\/blog\/#organization\"},\"image\":{\"@id\":\"https:\/\/www.vita-explorers.dk\/blog\/kritik-vita-vandkrise-sydafrika-toerke-ansvarlige-internationale-forloeb-miljoe-og-klima\/#primaryimage\"},\"thumbnailUrl\":\"https:\/\/www.vita-explorers.dk\/blog\/wp-content\/uploads\/2018\/01\/Vue-sur-Cape-Town-en-Afrique-du-Sud-GlobAlong-min-1.jpg\",\"keywords\":[\"Afrique du Sud\",\"crise de l'eau\",\"Day Zero\",\"\u00e9cologie\",\"environnement\",\"Le Cap\",\"p\u00e9nurie\",\"restrictions\",\"sensibilisation\",\"volontariat responsable\"],\"articleSection\":[\"Afrika\",\"Humanit\u00e6rt frivilligt arbejde\",\"Nyheder\",\"Oplysning\",\"VITA Explorers\"],\"inLanguage\":\"da-DK\",\"potentialAction\":[{\"@type\":\"CommentAction\",\"name\":\"Comment\",\"target\":[\"https:\/\/www.vita-explorers.dk\/blog\/kritik-vita-vandkrise-sydafrika-toerke-ansvarlige-internationale-forloeb-miljoe-og-klima\/#respond\"]}]},{\"@type\":\"WebPage\",\"@id\":\"https:\/\/www.vita-explorers.dk\/blog\/kritik-vita-vandkrise-sydafrika-toerke-ansvarlige-internationale-forloeb-miljoe-og-klima\/\",\"url\":\"https:\/\/www.vita-explorers.dk\/blog\/kritik-vita-vandkrise-sydafrika-toerke-ansvarlige-internationale-forloeb-miljoe-og-klima\/\",\"name\":\"Dag Nul: Vandkrisen i Cape Town-omr\u00e5det tager til \u2013 s\u00e5dan kan du v\u00e6re med til at g\u00f8re en forskel - VITA Explorers Blog\",\"isPartOf\":{\"@id\":\"https:\/\/www.vita-explorers.dk\/blog\/#website\"},\"primaryImageOfPage\":{\"@id\":\"https:\/\/www.vita-explorers.dk\/blog\/kritik-vita-vandkrise-sydafrika-toerke-ansvarlige-internationale-forloeb-miljoe-og-klima\/#primaryimage\"},\"image\":{\"@id\":\"https:\/\/www.vita-explorers.dk\/blog\/kritik-vita-vandkrise-sydafrika-toerke-ansvarlige-internationale-forloeb-miljoe-og-klima\/#primaryimage\"},\"thumbnailUrl\":\"https:\/\/www.vita-explorers.dk\/blog\/wp-content\/uploads\/2018\/01\/Vue-sur-Cape-Town-en-Afrique-du-Sud-GlobAlong-min-1.jpg\",\"datePublished\":\"2018-01-25T14:03:51+00:00\",\"dateModified\":\"2022-03-14T18:39:19+00:00\",\"breadcrumb\":{\"@id\":\"https:\/\/www.vita-explorers.dk\/blog\/kritik-vita-vandkrise-sydafrika-toerke-ansvarlige-internationale-forloeb-miljoe-og-klima\/#breadcrumb\"},\"inLanguage\":\"da-DK\",\"potentialAction\":[{\"@type\":\"ReadAction\",\"target\":[\"https:\/\/www.vita-explorers.dk\/blog\/kritik-vita-vandkrise-sydafrika-toerke-ansvarlige-internationale-forloeb-miljoe-og-klima\/\"]}]},{\"@type\":\"ImageObject\",\"inLanguage\":\"da-DK\",\"@id\":\"https:\/\/www.vita-explorers.dk\/blog\/kritik-vita-vandkrise-sydafrika-toerke-ansvarlige-internationale-forloeb-miljoe-og-klima\/#primaryimage\",\"url\":\"https:\/\/www.vita-explorers.dk\/blog\/wp-content\/uploads\/2018\/01\/Vue-sur-Cape-Town-en-Afrique-du-Sud-GlobAlong-min-1.jpg\",\"contentUrl\":\"https:\/\/www.vita-explorers.dk\/blog\/wp-content\/uploads\/2018\/01\/Vue-sur-Cape-Town-en-Afrique-du-Sud-GlobAlong-min-1.jpg\",\"width\":640,\"height\":640},{\"@type\":\"BreadcrumbList\",\"@id\":\"https:\/\/www.vita-explorers.dk\/blog\/kritik-vita-vandkrise-sydafrika-toerke-ansvarlige-internationale-forloeb-miljoe-og-klima\/#breadcrumb\",\"itemListElement\":[{\"@type\":\"ListItem\",\"position\":1,\"name\":\"Accueil\",\"item\":\"https:\/\/www.vita-explorers.dk\/blog\/\"},{\"@type\":\"ListItem\",\"position\":2,\"name\":\"Dag Nul: Vandkrisen i Cape Town-omr\u00e5det tager til \u2013 s\u00e5dan kan du v\u00e6re med til at g\u00f8re en forskel\"}]},{\"@type\":\"WebSite\",\"@id\":\"https:\/\/www.vita-explorers.dk\/blog\/#website\",\"url\":\"https:\/\/www.vita-explorers.dk\/blog\/\",\"name\":\"Association Globalong\",\"description\":\"Frivilligt arbejde, sprogophold, praktik i udlandet og internationale oplevelser\",\"publisher\":{\"@id\":\"https:\/\/www.vita-explorers.dk\/blog\/#organization\"},\"potentialAction\":[{\"@type\":\"SearchAction\",\"target\":{\"@type\":\"EntryPoint\",\"urlTemplate\":\"https:\/\/www.vita-explorers.dk\/blog\/?s={search_term_string}\"},\"query-input\":{\"@type\":\"PropertyValueSpecification\",\"valueRequired\":true,\"valueName\":\"search_term_string\"}}],\"inLanguage\":\"da-DK\"},{\"@type\":\"Organization\",\"@id\":\"https:\/\/www.vita-explorers.dk\/blog\/#organization\",\"name\":\"Association Globalong\",\"url\":\"https:\/\/www.vita-explorers.dk\/blog\/\",\"logo\":{\"@type\":\"ImageObject\",\"inLanguage\":\"da-DK\",\"@id\":\"https:\/\/www.vita-explorers.dk\/blog\/#\/schema\/logo\/image\/\",\"url\":\"https:\/\/www.globalong.com\/blog\/wp-content\/uploads\/2014\/11\/cropped-cropped-Logo-et-Afrique-Globalong-petite-taille-2.jpg\",\"contentUrl\":\"https:\/\/www.globalong.com\/blog\/wp-content\/uploads\/2014\/11\/cropped-cropped-Logo-et-Afrique-Globalong-petite-taille-2.jpg\",\"width\":512,\"height\":512,\"caption\":\"Association Globalong\"},\"image\":{\"@id\":\"https:\/\/www.vita-explorers.dk\/blog\/#\/schema\/logo\/image\/\"},\"sameAs\":[\"https:\/\/www.facebook.com\/globalong\"]},{\"@type\":\"Person\",\"@id\":\"https:\/\/www.vita-explorers.dk\/blog\/#\/schema\/person\/d7df267b64f23018d1dc519e78fb2735\",\"name\":\"VITA Tribe\",\"image\":{\"@type\":\"ImageObject\",\"inLanguage\":\"da-DK\",\"@id\":\"https:\/\/www.vita-explorers.dk\/blog\/#\/schema\/person\/image\/\",\"url\":\"https:\/\/secure.gravatar.com\/avatar\/81461bcc213d0ff2bdc043d4206648f0?s=96&d=mm&r=g\",\"contentUrl\":\"https:\/\/secure.gravatar.com\/avatar\/81461bcc213d0ff2bdc043d4206648f0?s=96&d=mm&r=g\",\"caption\":\"VITA Tribe\"},\"sameAs\":[\"https:\/\/www.globalong.com\"],\"url\":\"https:\/\/www.vita-explorers.dk\/blog\/author\/sophie\/\"}]}<\/script>\n<!-- \/ Yoast SEO Premium plugin. -->","yoast_head_json":{"title":"Dag Nul: Vandkrisen i Cape Town-omr\u00e5det tager til \u2013 s\u00e5dan kan du v\u00e6re med til at g\u00f8re en forskel - VITA Explorers Blog","robots":{"index":"index","follow":"follow","max-snippet":"max-snippet:-1","max-image-preview":"max-image-preview:large","max-video-preview":"max-video-preview:-1"},"canonical":"https:\/\/www.vita-explorers.dk\/blog\/kritik-vita-vandkrise-sydafrika-toerke-ansvarlige-internationale-forloeb-miljoe-og-klima\/","og_locale":"da_DK","og_type":"article","og_title":"Dag Nul: Vandkrisen i Cape Town-omr\u00e5det tager til \u2013 s\u00e5dan kan du v\u00e6re med til at g\u00f8re en forskel","og_description":"Sydafrika er et land, hvor vandmangel l\u00e6nge har v\u00e6ret et alvorligt tema. Situationen er dog blevet s\u00e5 kritisk, at man taler om \u00e5rhundredets v\u00e6rste\u2026","og_url":"https:\/\/www.vita-explorers.dk\/blog\/kritik-vita-vandkrise-sydafrika-toerke-ansvarlige-internationale-forloeb-miljoe-og-klima\/","og_site_name":"VITA Explorers Blog","article_publisher":"https:\/\/www.facebook.com\/globalong","article_published_time":"2018-01-25T14:03:51+00:00","article_modified_time":"2022-03-14T18:39:19+00:00","og_image":[{"width":640,"height":640,"url":"https:\/\/www.vita-explorers.dk\/blog\/wp-content\/uploads\/2018\/01\/Vue-sur-Cape-Town-en-Afrique-du-Sud-GlobAlong-min-1.jpg","type":"image\/jpeg"}],"author":"VITA Tribe","twitter_card":"summary_large_image","twitter_misc":{"Skrevet af":"VITA Tribe","Estimeret l\u00e6setid":"3 minutter"},"schema":{"@context":"https:\/\/schema.org","@graph":[{"@type":"Article","@id":"https:\/\/www.vita-explorers.dk\/blog\/kritik-vita-vandkrise-sydafrika-toerke-ansvarlige-internationale-forloeb-miljoe-og-klima\/#article","isPartOf":{"@id":"https:\/\/www.vita-explorers.dk\/blog\/kritik-vita-vandkrise-sydafrika-toerke-ansvarlige-internationale-forloeb-miljoe-og-klima\/"},"author":{"name":"VITA Tribe","@id":"https:\/\/www.vita-explorers.dk\/blog\/#\/schema\/person\/d7df267b64f23018d1dc519e78fb2735"},"headline":"Dag Nul: Vandkrisen i Cape Town-omr\u00e5det tager til \u2013 s\u00e5dan kan du v\u00e6re med til at g\u00f8re en forskel","datePublished":"2018-01-25T14:03:51+00:00","dateModified":"2022-03-14T18:39:19+00:00","mainEntityOfPage":{"@id":"https:\/\/www.vita-explorers.dk\/blog\/kritik-vita-vandkrise-sydafrika-toerke-ansvarlige-internationale-forloeb-miljoe-og-klima\/"},"wordCount":700,"commentCount":0,"publisher":{"@id":"https:\/\/www.vita-explorers.dk\/blog\/#organization"},"image":{"@id":"https:\/\/www.vita-explorers.dk\/blog\/kritik-vita-vandkrise-sydafrika-toerke-ansvarlige-internationale-forloeb-miljoe-og-klima\/#primaryimage"},"thumbnailUrl":"https:\/\/www.vita-explorers.dk\/blog\/wp-content\/uploads\/2018\/01\/Vue-sur-Cape-Town-en-Afrique-du-Sud-GlobAlong-min-1.jpg","keywords":["Afrique du Sud","crise de l'eau","Day Zero","\u00e9cologie","environnement","Le Cap","p\u00e9nurie","restrictions","sensibilisation","volontariat responsable"],"articleSection":["Afrika","Humanit\u00e6rt frivilligt arbejde","Nyheder","Oplysning","VITA Explorers"],"inLanguage":"da-DK","potentialAction":[{"@type":"CommentAction","name":"Comment","target":["https:\/\/www.vita-explorers.dk\/blog\/kritik-vita-vandkrise-sydafrika-toerke-ansvarlige-internationale-forloeb-miljoe-og-klima\/#respond"]}]},{"@type":"WebPage","@id":"https:\/\/www.vita-explorers.dk\/blog\/kritik-vita-vandkrise-sydafrika-toerke-ansvarlige-internationale-forloeb-miljoe-og-klima\/","url":"https:\/\/www.vita-explorers.dk\/blog\/kritik-vita-vandkrise-sydafrika-toerke-ansvarlige-internationale-forloeb-miljoe-og-klima\/","name":"Dag Nul: Vandkrisen i Cape Town-omr\u00e5det tager til \u2013 s\u00e5dan kan du v\u00e6re med til at g\u00f8re en forskel - VITA Explorers Blog","isPartOf":{"@id":"https:\/\/www.vita-explorers.dk\/blog\/#website"},"primaryImageOfPage":{"@id":"https:\/\/www.vita-explorers.dk\/blog\/kritik-vita-vandkrise-sydafrika-toerke-ansvarlige-internationale-forloeb-miljoe-og-klima\/#primaryimage"},"image":{"@id":"https:\/\/www.vita-explorers.dk\/blog\/kritik-vita-vandkrise-sydafrika-toerke-ansvarlige-internationale-forloeb-miljoe-og-klima\/#primaryimage"},"thumbnailUrl":"https:\/\/www.vita-explorers.dk\/blog\/wp-content\/uploads\/2018\/01\/Vue-sur-Cape-Town-en-Afrique-du-Sud-GlobAlong-min-1.jpg","datePublished":"2018-01-25T14:03:51+00:00","dateModified":"2022-03-14T18:39:19+00:00","breadcrumb":{"@id":"https:\/\/www.vita-explorers.dk\/blog\/kritik-vita-vandkrise-sydafrika-toerke-ansvarlige-internationale-forloeb-miljoe-og-klima\/#breadcrumb"},"inLanguage":"da-DK","potentialAction":[{"@type":"ReadAction","target":["https:\/\/www.vita-explorers.dk\/blog\/kritik-vita-vandkrise-sydafrika-toerke-ansvarlige-internationale-forloeb-miljoe-og-klima\/"]}]},{"@type":"ImageObject","inLanguage":"da-DK","@id":"https:\/\/www.vita-explorers.dk\/blog\/kritik-vita-vandkrise-sydafrika-toerke-ansvarlige-internationale-forloeb-miljoe-og-klima\/#primaryimage","url":"https:\/\/www.vita-explorers.dk\/blog\/wp-content\/uploads\/2018\/01\/Vue-sur-Cape-Town-en-Afrique-du-Sud-GlobAlong-min-1.jpg","contentUrl":"https:\/\/www.vita-explorers.dk\/blog\/wp-content\/uploads\/2018\/01\/Vue-sur-Cape-Town-en-Afrique-du-Sud-GlobAlong-min-1.jpg","width":640,"height":640},{"@type":"BreadcrumbList","@id":"https:\/\/www.vita-explorers.dk\/blog\/kritik-vita-vandkrise-sydafrika-toerke-ansvarlige-internationale-forloeb-miljoe-og-klima\/#breadcrumb","itemListElement":[{"@type":"ListItem","position":1,"name":"Accueil","item":"https:\/\/www.vita-explorers.dk\/blog\/"},{"@type":"ListItem","position":2,"name":"Dag Nul: Vandkrisen i Cape Town-omr\u00e5det tager til \u2013 s\u00e5dan kan du v\u00e6re med til at g\u00f8re en forskel"}]},{"@type":"WebSite","@id":"https:\/\/www.vita-explorers.dk\/blog\/#website","url":"https:\/\/www.vita-explorers.dk\/blog\/","name":"Association Globalong","description":"Frivilligt arbejde, sprogophold, praktik i udlandet og internationale oplevelser","publisher":{"@id":"https:\/\/www.vita-explorers.dk\/blog\/#organization"},"potentialAction":[{"@type":"SearchAction","target":{"@type":"EntryPoint","urlTemplate":"https:\/\/www.vita-explorers.dk\/blog\/?s={search_term_string}"},"query-input":{"@type":"PropertyValueSpecification","valueRequired":true,"valueName":"search_term_string"}}],"inLanguage":"da-DK"},{"@type":"Organization","@id":"https:\/\/www.vita-explorers.dk\/blog\/#organization","name":"Association Globalong","url":"https:\/\/www.vita-explorers.dk\/blog\/","logo":{"@type":"ImageObject","inLanguage":"da-DK","@id":"https:\/\/www.vita-explorers.dk\/blog\/#\/schema\/logo\/image\/","url":"https:\/\/www.globalong.com\/blog\/wp-content\/uploads\/2014\/11\/cropped-cropped-Logo-et-Afrique-Globalong-petite-taille-2.jpg","contentUrl":"https:\/\/www.globalong.com\/blog\/wp-content\/uploads\/2014\/11\/cropped-cropped-Logo-et-Afrique-Globalong-petite-taille-2.jpg","width":512,"height":512,"caption":"Association Globalong"},"image":{"@id":"https:\/\/www.vita-explorers.dk\/blog\/#\/schema\/logo\/image\/"},"sameAs":["https:\/\/www.facebook.com\/globalong"]},{"@type":"Person","@id":"https:\/\/www.vita-explorers.dk\/blog\/#\/schema\/person\/d7df267b64f23018d1dc519e78fb2735","name":"VITA Tribe","image":{"@type":"ImageObject","inLanguage":"da-DK","@id":"https:\/\/www.vita-explorers.dk\/blog\/#\/schema\/person\/image\/","url":"https:\/\/secure.gravatar.com\/avatar\/81461bcc213d0ff2bdc043d4206648f0?s=96&d=mm&r=g","contentUrl":"https:\/\/secure.gravatar.com\/avatar\/81461bcc213d0ff2bdc043d4206648f0?s=96&d=mm&r=g","caption":"VITA Tribe"},"sameAs":["https:\/\/www.globalong.com"],"url":"https:\/\/www.vita-explorers.dk\/blog\/author\/sophie\/"}]}},"_links":{"self":[{"href":"https:\/\/www.vita-explorers.dk\/blog\/wp-json\/wp\/v2\/posts\/8669"}],"collection":[{"href":"https:\/\/www.vita-explorers.dk\/blog\/wp-json\/wp\/v2\/posts"}],"about":[{"href":"https:\/\/www.vita-explorers.dk\/blog\/wp-json\/wp\/v2\/types\/post"}],"author":[{"embeddable":true,"href":"https:\/\/www.vita-explorers.dk\/blog\/wp-json\/wp\/v2\/users\/1"}],"replies":[{"embeddable":true,"href":"https:\/\/www.vita-explorers.dk\/blog\/wp-json\/wp\/v2\/comments?post=8669"}],"version-history":[{"count":28,"href":"https:\/\/www.vita-explorers.dk\/blog\/wp-json\/wp\/v2\/posts\/8669\/revisions"}],"predecessor-version":[{"id":14240,"href":"https:\/\/www.vita-explorers.dk\/blog\/wp-json\/wp\/v2\/posts\/8669\/revisions\/14240"}],"wp:featuredmedia":[{"embeddable":true,"href":"https:\/\/www.vita-explorers.dk\/blog\/wp-json\/wp\/v2\/media\/8952"}],"wp:attachment":[{"href":"https:\/\/www.vita-explorers.dk\/blog\/wp-json\/wp\/v2\/media?parent=8669"}],"wp:term":[{"taxonomy":"category","embeddable":true,"href":"https:\/\/www.vita-explorers.dk\/blog\/wp-json\/wp\/v2\/categories?post=8669"},{"taxonomy":"post_tag","embeddable":true,"href":"https:\/\/www.vita-explorers.dk\/blog\/wp-json\/wp\/v2\/tags?post=8669"}],"curies":[{"name":"wp","href":"https:\/\/api.w.org\/{rel}","templated":true}]}}