{"id":8965,"date":"2018-02-22T10:58:02","date_gmt":"2018-02-22T09:58:02","guid":{"rendered":"https:\/\/www.globalong.com\/blog\/?p=8965"},"modified":"2022-03-14T19:37:58","modified_gmt":"2022-03-14T18:37:58","slug":"vita-institute-pas-til-frivilligt-arbejde-i-frankrig-frivillighed-deltagelse","status":"publish","type":"post","link":"https:\/\/www.vita-explorers.dk\/blog\/vita-institute-pas-til-frivilligt-arbejde-i-frankrig-frivillighed-deltagelse\/","title":{"rendered":"Bliv en del af VITA \u2013 og f\u00e5 dit VITA Explorer-pas!"},"content":{"rendered":"<p style=\"text-align: center;\"><span style=\"color: #b81657;\"><strong><a href=\"https:\/\/www.vita-explorers.dk\/frivilligt-arbejde\/\" target=\"_blank\" rel=\"noopener\"><span style=\"text-decoration: underline;\">Frivilligt arbejde<\/span><\/a> kan v\u00e6re meget berigende menneskeligt \u2013 men hvordan sikrer du, at dit engagement t\u00e6ller p\u00e5 linje med en uddannelse eller relevant erhvervserfaring?<\/strong><\/span><\/p>\n<p style=\"text-align: justify;\"><a href=\"https:\/\/www.vita-explorers.dk\/blog\/wp-content\/uploads\/2018\/02\/image-PB-couv-et-interieur-5cm-150dpi-internet_0-min.jpg\"><img loading=\"lazy\" decoding=\"async\" class=\"wp-image-8967 aligncenter\" src=\"https:\/\/www.vita-explorers.dk\/blog\/wp-content\/uploads\/2018\/02\/image-PB-couv-et-interieur-5cm-150dpi-internet_0-min.jpg\" alt=\"\" width=\"300\" height=\"304\" srcset=\"https:\/\/www.vita-explorers.dk\/blog\/wp-content\/uploads\/2018\/02\/image-PB-couv-et-interieur-5cm-150dpi-internet_0-min.jpg 295w, https:\/\/www.vita-explorers.dk\/blog\/wp-content\/uploads\/2018\/02\/image-PB-couv-et-interieur-5cm-150dpi-internet_0-min-148x150.jpg 148w\" sizes=\"(max-width: 300px) 100vw, 300px\" \/><\/a>I 2007 lancerede netv\u00e6rket af organisationer <a href=\"https:\/\/www.francebenevolat.org\/\" target=\"_blank\" rel=\"noopener\"><span style=\"text-decoration: underline; color: #b81657;\"><strong>France B\u00e9n\u00e9volat<\/strong><\/span><\/a>, som samarbejdspartner til VITA, et <span style=\"color: #b81657;\"><strong><span style=\"text-decoration: underline;\"><a href=\"https:\/\/www.francebenevolat.org\/actions-et-programmes\/valorisation-de-l-experience-benevole\/passeport-et-benevoles\" target=\"_blank\" rel=\"noopener\">Frivilligpas<\/a><\/span><\/strong><\/span>, der f\u00f8lger dig gennem dine forl\u00f8b, s\u00e5 din indsats kan blive anerkendt.<\/p>\n<p style=\"text-align: justify;\"><span style=\"color: #b81657;\"><strong>Frivilligpasset er udviklet med tre overordnede form\u00e5l:<\/strong><\/span><\/p>\n<ul>\n<li style=\"text-align: justify;\"><strong>At fremme frivilligt arbejde<\/strong> til gavn for f\u00e6llesskabet<\/li>\n<li style=\"text-align: justify;\"><strong>At skabe kontakt mellem interesserede personer og organisationer<\/strong> som engagerer frivillige<strong> <\/strong><\/li>\n<li style=\"text-align: justify;\"><strong>At st\u00f8tte organisationer<\/strong> i at styrke anerkendelsen og synligg\u00f8relsen af deres frivillige<\/li>\n<\/ul>\n<p style=\"text-align: justify;\"><span style=\"color: #b81657;\"><strong>Hvem er France B\u00e9n\u00e9volat?<\/strong><\/span><\/p>\n<p style=\"text-align: justify;\"><a href=\"https:\/\/www.vita-explorers.dk\/blog\/wp-content\/uploads\/2018\/02\/passeport_benevole-min.jpg\"><img loading=\"lazy\" decoding=\"async\" class=\"wp-image-8969 aligncenter\" src=\"https:\/\/www.vita-explorers.dk\/blog\/wp-content\/uploads\/2018\/02\/passeport_benevole-min.jpg\" alt=\"\" width=\"300\" height=\"229\" srcset=\"https:\/\/www.vita-explorers.dk\/blog\/wp-content\/uploads\/2018\/02\/passeport_benevole-min.jpg 278w, https:\/\/www.vita-explorers.dk\/blog\/wp-content\/uploads\/2018\/02\/passeport_benevole-min-150x114.jpg 150w\" sizes=\"(max-width: 300px) 100vw, 300px\" \/><\/a>France B\u00e9n\u00e9volat er et netv\u00e6rk af organisationer med r\u00f8dder tilbage til 1970\u2019erne.<\/p>\n<p style=\"text-align: justify;\">P\u00e5 det tidspunkt etablerede store nationale velg\u00f8rende netv\u00e6rk med et f\u00e6lles \u00f8nske om at styrke frivillighedens rolle i Frankrig Centre National du Volontariat (CNV). I 2003 f\u00f8rte en sammenl\u00e6gning mellem CNV og Plan\u00e8te Solidarit\u00e9 \u2013 en af de allerf\u00f8rste datingsider, der matchede frivillige og organisationer \u2013 til dannelsen af France B\u00e9n\u00e9volat.<\/p>\n<p style=\"text-align: justify;\"><strong>Den 22. januar 2010 blev France B\u00e9n\u00e9volat anerkendt som en organisation til gavn for samfundet.<\/strong><\/p>\n<p><img loading=\"lazy\" decoding=\"async\" class=\"wp-image-8971 size-medium aligncenter\" src=\"https:\/\/www.vita-explorers.dk\/blog\/wp-content\/uploads\/2018\/02\/csm_Sports_for_Development_4_b243a987a7-min-300x200.jpg\" alt=\"\" width=\"300\" height=\"200\" srcset=\"https:\/\/www.vita-explorers.dk\/blog\/wp-content\/uploads\/2018\/02\/csm_Sports_for_Development_4_b243a987a7-min-300x200.jpg 300w, https:\/\/www.vita-explorers.dk\/blog\/wp-content\/uploads\/2018\/02\/csm_Sports_for_Development_4_b243a987a7-min-768x512.jpg 768w, https:\/\/www.vita-explorers.dk\/blog\/wp-content\/uploads\/2018\/02\/csm_Sports_for_Development_4_b243a987a7-min-150x100.jpg 150w, https:\/\/www.vita-explorers.dk\/blog\/wp-content\/uploads\/2018\/02\/csm_Sports_for_Development_4_b243a987a7-min.jpg 800w\" sizes=\"(max-width: 300px) 100vw, 300px\" \/><\/p>\n<p style=\"text-align: justify;\">France B\u00e9n\u00e9volat bygger relationer og internationale samarbejder med tilsvarende akt\u00f8rer i udlandet og repr\u00e6senterer Frankrig \u2013 s\u00e6rligt i EU-sammenh\u00e6ng.<\/p>\n<p style=\"text-align: justify;\">France B\u00e9n\u00e9volat er valgt, aktivt medlem af bestyrelsen i CEV (European Volunteer Centre) og medlem af IAVE (International Association for Volunteer Effort). I den sammenh\u00e6ng udvikler, formidler og deler France B\u00e9n\u00e9volat international viden om frivillighed: udveksling af gode erfaringer, kurser, analyser m.m.<\/p>\n<p><img loading=\"lazy\" decoding=\"async\" class=\"wp-image-8977 aligncenter\" src=\"https:\/\/www.vita-explorers.dk\/blog\/wp-content\/uploads\/2018\/02\/Complicit\u00e9-min-225x300.jpg\" alt=\"\" width=\"300\" height=\"400\" srcset=\"https:\/\/www.vita-explorers.dk\/blog\/wp-content\/uploads\/2018\/02\/Complicit\u00e9-min-225x300.jpg 225w, https:\/\/www.vita-explorers.dk\/blog\/wp-content\/uploads\/2018\/02\/Complicit\u00e9-min-113x150.jpg 113w, https:\/\/www.vita-explorers.dk\/blog\/wp-content\/uploads\/2018\/02\/Complicit\u00e9-min.jpg 720w\" sizes=\"(max-width: 300px) 100vw, 300px\" \/><\/p>\n<p style=\"text-align: justify;\">France B\u00e9n\u00e9volat tr\u00e6kker ogs\u00e5 p\u00e5 internationale partnernetv\u00e6rk som EVEN (Employee Volunteering European Network) og GCVC (Global Corporate Volunteering Council).<\/p>\n<p style=\"text-align: justify;\"><span style=\"color: #b81657;\"><strong>Hvad er Frivilligpasset?<\/strong><\/span><\/p>\n<p style=\"text-align: justify;\"><strong>Frivilligpasset er et personligt h\u00e6fte, der anerkender din frivillige erfaring og g\u00f8r de kompetencer synlige, som du bruger og\/eller opbygger undervejs.<\/strong><\/p>\n<p style=\"text-align: justify;\"><strong>Det anerkendes af st\u00f8rre offentlige instanser i Frankrig, herunder P\u00f4le Emploi, Undervisningsministeriet, ministeriet for sundhed, unge og sport samt AFPA (den nationale institution for voksen- og erhvervsuddannelse) \u2013 og g\u00e6lder hele livet.<\/strong><\/p>\n<p style=\"text-align: justify;\">Med frivilligpasset kan kompetencer, der er brugt eller opn\u00e5et gennem frivillige forl\u00f8b, synligg\u00f8res med henblik p\u00e5 <strong>jobs\u00f8gning<\/strong> eller <strong>karriereudvikling<\/strong>.<\/p>\n<p><img loading=\"lazy\" decoding=\"async\" class=\"wp-image-8973 size-medium aligncenter\" src=\"https:\/\/www.vita-explorers.dk\/blog\/wp-content\/uploads\/2018\/02\/Vol1_turtle-2-min-300x204.jpg\" alt=\"\" width=\"300\" height=\"204\" srcset=\"https:\/\/www.vita-explorers.dk\/blog\/wp-content\/uploads\/2018\/02\/Vol1_turtle-2-min-300x204.jpg 300w, https:\/\/www.vita-explorers.dk\/blog\/wp-content\/uploads\/2018\/02\/Vol1_turtle-2-min-768x522.jpg 768w, https:\/\/www.vita-explorers.dk\/blog\/wp-content\/uploads\/2018\/02\/Vol1_turtle-2-min-1024x697.jpg 1024w, https:\/\/www.vita-explorers.dk\/blog\/wp-content\/uploads\/2018\/02\/Vol1_turtle-2-min-150x102.jpg 150w, https:\/\/www.vita-explorers.dk\/blog\/wp-content\/uploads\/2018\/02\/Vol1_turtle-2-min.jpg 1426w\" sizes=\"(max-width: 300px) 100vw, 300px\" \/><\/p>\n<p style=\"text-align: justify;\">Siden 2002 kan frivilligt arbejde desuden indg\u00e5 i ans\u00f8gninger om <a href=\"http:\/\/www.vae.gouv.fr\/\" target=\"_blank\" rel=\"noopener\"><span style=\"text-decoration: underline; color: #b81657;\"><strong>Validation des Acquis de l\u2019Exp\u00e9rience (VAE)<\/strong><\/span><\/a>. Det betyder, at dine perioder med frivilligt arbejde kan hj\u00e6lpe dig med at opn\u00e5 en hel eller delvis certificering (diplom, erhvervstitel, branchecertifikat m.m.).<\/p>\n<p style=\"text-align: justify;\">Det er v\u00e6rd at vide, at alle med mindst 1 \u00e5rs erfaring, der er direkte relevant for den \u00f8nskede certificering, kan s\u00f8ge VAE \u2013 uanset alder, nationalitet, status eller uddannelsesniveau.<\/p>\n<p><img loading=\"lazy\" decoding=\"async\" class=\"wp-image-8999 aligncenter\" src=\"https:\/\/www.vita-explorers.dk\/blog\/wp-content\/uploads\/2018\/02\/Une-b\u00e9n\u00e9vole-en-Equateur-min-225x300.jpg\" alt=\"\" width=\"300\" height=\"400\" srcset=\"https:\/\/www.vita-explorers.dk\/blog\/wp-content\/uploads\/2018\/02\/Une-b\u00e9n\u00e9vole-en-Equateur-min-225x300.jpg 225w, https:\/\/www.vita-explorers.dk\/blog\/wp-content\/uploads\/2018\/02\/Une-b\u00e9n\u00e9vole-en-Equateur-min-768x1024.jpg 768w, https:\/\/www.vita-explorers.dk\/blog\/wp-content\/uploads\/2018\/02\/Une-b\u00e9n\u00e9vole-en-Equateur-min-113x150.jpg 113w\" sizes=\"(max-width: 300px) 100vw, 300px\" \/><\/p>\n<p style=\"text-align: justify;\">Og s\u00e5 er der naturligvis den positive effekt af, at du deltager i et frivilligt forl\u00f8b.<\/p>\n<p>Det er ogs\u00e5 et st\u00e6rkt kort at fremh\u00e6ve p\u00e5 dit CV!<\/p>\n<p>Din indsats i en <a href=\"https:\/\/www.vita-explorers.dk\/association-globalong.html\" target=\"_blank\" rel=\"noopener\"><span style=\"text-decoration: underline; color: #b81657;\"><strong>organisation<\/strong><\/span><\/a> siger nemlig meget \u2013 ikke kun om dine faglige kompetencer, men ogs\u00e5 om din m\u00e5de at samarbejde p\u00e5 og tage ansvar. Det er kvaliteter, som mange arbejdsgivere l\u00e6gger v\u00e6gt p\u00e5.<\/p>\n<p style=\"text-align: justify;\">Hvert medlem af VITA Institute f\u00e5r udleveret et Frivilligpas. P\u00e5 den m\u00e5de bliver dit engagement anerkendt*.<\/p>\n<p style=\"text-align: center;\">Deltag i et <a href=\"https:\/\/www.vita-explorers.dk\/frivilligt-arbejde\/\" target=\"_blank\" rel=\"noopener\"><span style=\"text-decoration: underline; color: #b81657;\"><strong>internationalt frivilligforl\u00f8b<\/strong><\/span> <\/a>!<\/p>\n<p style=\"text-align: center;\">L\u00e6s <a href=\"https:\/\/www.vita-explorers.dk\/blog\/avis-globalong\/\" target=\"_blank\" rel=\"noopener\"><span style=\"text-decoration: underline; color: #b81657;\"><strong>oplevelser<\/strong><\/span><\/a> fra deltagere p\u00e5 internationale frivilligforl\u00f8b!<\/p>\n<p style=\"text-align: left;\">Se frivilligforl\u00f8bene i <a href=\"https:\/\/www.flickr.com\/photos\/globalong\/albums\" target=\"_blank\" rel=\"noopener\"><span style=\"text-decoration: underline; color: #b81657;\"><strong>billeder<\/strong><\/span><\/a>!<\/p>\n<p style=\"text-align: left;\"><a href=\"https:\/\/www.vita-explorers.dk\/blog\/videoer-fra-vores-destinationer-frivilligt-arbejde-internationale-forloeb\/\" target=\"_blank\" rel=\"noopener\"><span style=\"text-decoration: underline; color: #b81657;\"><strong>VITA i videoer!<\/strong><\/span><\/a><\/p>\n<p style=\"text-align: left;\"><img loading=\"lazy\" decoding=\"async\" class=\"size-medium wp-image-8984 aligncenter\" src=\"https:\/\/www.vita-explorers.dk\/blog\/wp-content\/uploads\/2018\/02\/volontariat-m\u00e9dical-en-Jamaique-min-300x199.jpg\" alt=\"\" width=\"300\" height=\"199\" srcset=\"https:\/\/www.vita-explorers.dk\/blog\/wp-content\/uploads\/2018\/02\/volontariat-m\u00e9dical-en-Jamaique-min-300x199.jpg 300w, https:\/\/www.vita-explorers.dk\/blog\/wp-content\/uploads\/2018\/02\/volontariat-m\u00e9dical-en-Jamaique-min-768x510.jpg 768w, https:\/\/www.vita-explorers.dk\/blog\/wp-content\/uploads\/2018\/02\/volontariat-m\u00e9dical-en-Jamaique-min-150x100.jpg 150w, https:\/\/www.vita-explorers.dk\/blog\/wp-content\/uploads\/2018\/02\/volontariat-m\u00e9dical-en-Jamaique-min.jpg 832w\" sizes=\"(max-width: 300px) 100vw, 300px\" \/><\/p>\n<p style=\"text-align: left;\">L\u00e6s mere om <a href=\"https:\/\/www.vita-explorers.dk\/association-globalong.html\" target=\"_blank\" rel=\"noopener\"><span style=\"text-decoration: underline; color: #b81657;\"><strong>VITA Institute<\/strong><\/span><\/a><\/p>\n<p style=\"text-align: justify;\"><span style=\"font-size: 10pt;\">*Frivilligpasset anerkendes af franske institutioner.<\/span><\/p>\n<p><span style=\"font-size: 10pt;\">Billederne er vejledende<\/span><\/p>\n<p>\u00a0<\/p>\n","protected":false},"excerpt":{"rendered":"<p>Frivilligt arbejde kan v\u00e6re meget berigende menneskeligt \u2013 men hvordan sikrer du, at dit engagement t\u00e6ller p\u00e5 linje med en uddannelse eller relevant erhvervserfaring?\u2026<\/p>\n","protected":false},"author":1,"featured_media":8967,"comment_status":"open","ping_status":"open","sticky":false,"template":"","format":"standard","meta":{"footnotes":""},"categories":[8,1,6,4],"tags":[534,547,82,545,149,544,546],"yoast_head":"<!-- This site is optimized with the Yoast SEO Premium plugin v23.4 (Yoast SEO v23.4) - https:\/\/yoast.com\/wordpress\/plugins\/seo\/ -->\n<title>Bliv en del af VITA \u2013 og f\u00e5 dit VITA Explorer-pas! - VITA Explorers Blog<\/title>\n<meta name=\"robots\" content=\"index, follow, max-snippet:-1, max-image-preview:large, max-video-preview:-1\" \/>\n<link rel=\"canonical\" href=\"https:\/\/www.vita-explorers.dk\/blog\/vita-institute-pas-til-frivilligt-arbejde-i-frankrig-frivillighed-deltagelse\/\" \/>\n<meta property=\"og:locale\" content=\"da_DK\" \/>\n<meta property=\"og:type\" content=\"article\" \/>\n<meta property=\"og:title\" content=\"Bliv en del af VITA \u2013 og f\u00e5 dit VITA Explorer-pas!\" \/>\n<meta property=\"og:description\" content=\"Frivilligt arbejde kan v\u00e6re meget berigende menneskeligt \u2013 men hvordan sikrer du, at dit engagement t\u00e6ller p\u00e5 linje med en uddannelse eller relevant erhvervserfaring?\u2026\" \/>\n<meta property=\"og:url\" content=\"https:\/\/www.vita-explorers.dk\/blog\/vita-institute-pas-til-frivilligt-arbejde-i-frankrig-frivillighed-deltagelse\/\" \/>\n<meta property=\"og:site_name\" content=\"VITA Explorers Blog\" \/>\n<meta property=\"article:publisher\" content=\"https:\/\/www.facebook.com\/globalong\" \/>\n<meta property=\"article:published_time\" content=\"2018-02-22T09:58:02+00:00\" \/>\n<meta property=\"article:modified_time\" content=\"2022-03-14T18:37:58+00:00\" \/>\n<meta property=\"og:image\" content=\"https:\/\/www.vita-explorers.dk\/blog\/wp-content\/uploads\/2018\/02\/image-PB-couv-et-interieur-5cm-150dpi-internet_0-min.jpg\" \/>\n\t<meta property=\"og:image:width\" content=\"295\" \/>\n\t<meta property=\"og:image:height\" content=\"299\" \/>\n\t<meta property=\"og:image:type\" content=\"image\/jpeg\" \/>\n<meta name=\"author\" content=\"VITA Tribe\" \/>\n<meta name=\"twitter:card\" content=\"summary_large_image\" \/>\n<meta name=\"twitter:label1\" content=\"Skrevet af\" \/>\n\t<meta name=\"twitter:data1\" content=\"VITA Tribe\" \/>\n\t<meta name=\"twitter:label2\" content=\"Estimeret l\u00e6setid\" \/>\n\t<meta name=\"twitter:data2\" content=\"3 minutter\" \/>\n<script type=\"application\/ld+json\" class=\"yoast-schema-graph\">{\"@context\":\"https:\/\/schema.org\",\"@graph\":[{\"@type\":\"Article\",\"@id\":\"https:\/\/www.vita-explorers.dk\/blog\/vita-institute-pas-til-frivilligt-arbejde-i-frankrig-frivillighed-deltagelse\/#article\",\"isPartOf\":{\"@id\":\"https:\/\/www.vita-explorers.dk\/blog\/vita-institute-pas-til-frivilligt-arbejde-i-frankrig-frivillighed-deltagelse\/\"},\"author\":{\"name\":\"VITA Tribe\",\"@id\":\"https:\/\/www.vita-explorers.dk\/blog\/#\/schema\/person\/d7df267b64f23018d1dc519e78fb2735\"},\"headline\":\"Bliv en del af VITA \u2013 og f\u00e5 dit VITA Explorer-pas!\",\"datePublished\":\"2018-02-22T09:58:02+00:00\",\"dateModified\":\"2022-03-14T18:37:58+00:00\",\"mainEntityOfPage\":{\"@id\":\"https:\/\/www.vita-explorers.dk\/blog\/vita-institute-pas-til-frivilligt-arbejde-i-frankrig-frivillighed-deltagelse\/\"},\"wordCount\":575,\"commentCount\":0,\"publisher\":{\"@id\":\"https:\/\/www.vita-explorers.dk\/blog\/#organization\"},\"image\":{\"@id\":\"https:\/\/www.vita-explorers.dk\/blog\/vita-institute-pas-til-frivilligt-arbejde-i-frankrig-frivillighed-deltagelse\/#primaryimage\"},\"thumbnailUrl\":\"https:\/\/www.vita-explorers.dk\/blog\/wp-content\/uploads\/2018\/02\/image-PB-couv-et-interieur-5cm-150dpi-internet_0-min.jpg\",\"keywords\":[\"Association GlobAlong\",\"comp\u00e9tences\",\"engagement\",\"France B\u00e9n\u00e9volat\",\"humanitaire\",\"passeport b\u00e9n\u00e9vole\",\"reconnaissance\"],\"articleSection\":[\"Humanit\u00e6rt frivilligt arbejde\",\"No Name\",\"Nyheder\",\"VITA Explorers\"],\"inLanguage\":\"da-DK\",\"potentialAction\":[{\"@type\":\"CommentAction\",\"name\":\"Comment\",\"target\":[\"https:\/\/www.vita-explorers.dk\/blog\/vita-institute-pas-til-frivilligt-arbejde-i-frankrig-frivillighed-deltagelse\/#respond\"]}]},{\"@type\":\"WebPage\",\"@id\":\"https:\/\/www.vita-explorers.dk\/blog\/vita-institute-pas-til-frivilligt-arbejde-i-frankrig-frivillighed-deltagelse\/\",\"url\":\"https:\/\/www.vita-explorers.dk\/blog\/vita-institute-pas-til-frivilligt-arbejde-i-frankrig-frivillighed-deltagelse\/\",\"name\":\"Bliv en del af VITA \u2013 og f\u00e5 dit VITA Explorer-pas! - VITA Explorers Blog\",\"isPartOf\":{\"@id\":\"https:\/\/www.vita-explorers.dk\/blog\/#website\"},\"primaryImageOfPage\":{\"@id\":\"https:\/\/www.vita-explorers.dk\/blog\/vita-institute-pas-til-frivilligt-arbejde-i-frankrig-frivillighed-deltagelse\/#primaryimage\"},\"image\":{\"@id\":\"https:\/\/www.vita-explorers.dk\/blog\/vita-institute-pas-til-frivilligt-arbejde-i-frankrig-frivillighed-deltagelse\/#primaryimage\"},\"thumbnailUrl\":\"https:\/\/www.vita-explorers.dk\/blog\/wp-content\/uploads\/2018\/02\/image-PB-couv-et-interieur-5cm-150dpi-internet_0-min.jpg\",\"datePublished\":\"2018-02-22T09:58:02+00:00\",\"dateModified\":\"2022-03-14T18:37:58+00:00\",\"breadcrumb\":{\"@id\":\"https:\/\/www.vita-explorers.dk\/blog\/vita-institute-pas-til-frivilligt-arbejde-i-frankrig-frivillighed-deltagelse\/#breadcrumb\"},\"inLanguage\":\"da-DK\",\"potentialAction\":[{\"@type\":\"ReadAction\",\"target\":[\"https:\/\/www.vita-explorers.dk\/blog\/vita-institute-pas-til-frivilligt-arbejde-i-frankrig-frivillighed-deltagelse\/\"]}]},{\"@type\":\"ImageObject\",\"inLanguage\":\"da-DK\",\"@id\":\"https:\/\/www.vita-explorers.dk\/blog\/vita-institute-pas-til-frivilligt-arbejde-i-frankrig-frivillighed-deltagelse\/#primaryimage\",\"url\":\"https:\/\/www.vita-explorers.dk\/blog\/wp-content\/uploads\/2018\/02\/image-PB-couv-et-interieur-5cm-150dpi-internet_0-min.jpg\",\"contentUrl\":\"https:\/\/www.vita-explorers.dk\/blog\/wp-content\/uploads\/2018\/02\/image-PB-couv-et-interieur-5cm-150dpi-internet_0-min.jpg\",\"width\":295,\"height\":299},{\"@type\":\"BreadcrumbList\",\"@id\":\"https:\/\/www.vita-explorers.dk\/blog\/vita-institute-pas-til-frivilligt-arbejde-i-frankrig-frivillighed-deltagelse\/#breadcrumb\",\"itemListElement\":[{\"@type\":\"ListItem\",\"position\":1,\"name\":\"Accueil\",\"item\":\"https:\/\/www.vita-explorers.dk\/blog\/\"},{\"@type\":\"ListItem\",\"position\":2,\"name\":\"Bliv en del af VITA \u2013 og f\u00e5 dit VITA Explorer-pas!\"}]},{\"@type\":\"WebSite\",\"@id\":\"https:\/\/www.vita-explorers.dk\/blog\/#website\",\"url\":\"https:\/\/www.vita-explorers.dk\/blog\/\",\"name\":\"Association Globalong\",\"description\":\"Frivilligt arbejde, sprogophold, praktik i udlandet og internationale oplevelser\",\"publisher\":{\"@id\":\"https:\/\/www.vita-explorers.dk\/blog\/#organization\"},\"potentialAction\":[{\"@type\":\"SearchAction\",\"target\":{\"@type\":\"EntryPoint\",\"urlTemplate\":\"https:\/\/www.vita-explorers.dk\/blog\/?s={search_term_string}\"},\"query-input\":{\"@type\":\"PropertyValueSpecification\",\"valueRequired\":true,\"valueName\":\"search_term_string\"}}],\"inLanguage\":\"da-DK\"},{\"@type\":\"Organization\",\"@id\":\"https:\/\/www.vita-explorers.dk\/blog\/#organization\",\"name\":\"Association Globalong\",\"url\":\"https:\/\/www.vita-explorers.dk\/blog\/\",\"logo\":{\"@type\":\"ImageObject\",\"inLanguage\":\"da-DK\",\"@id\":\"https:\/\/www.vita-explorers.dk\/blog\/#\/schema\/logo\/image\/\",\"url\":\"https:\/\/www.globalong.com\/blog\/wp-content\/uploads\/2014\/11\/cropped-cropped-Logo-et-Afrique-Globalong-petite-taille-2.jpg\",\"contentUrl\":\"https:\/\/www.globalong.com\/blog\/wp-content\/uploads\/2014\/11\/cropped-cropped-Logo-et-Afrique-Globalong-petite-taille-2.jpg\",\"width\":512,\"height\":512,\"caption\":\"Association Globalong\"},\"image\":{\"@id\":\"https:\/\/www.vita-explorers.dk\/blog\/#\/schema\/logo\/image\/\"},\"sameAs\":[\"https:\/\/www.facebook.com\/globalong\"]},{\"@type\":\"Person\",\"@id\":\"https:\/\/www.vita-explorers.dk\/blog\/#\/schema\/person\/d7df267b64f23018d1dc519e78fb2735\",\"name\":\"VITA Tribe\",\"image\":{\"@type\":\"ImageObject\",\"inLanguage\":\"da-DK\",\"@id\":\"https:\/\/www.vita-explorers.dk\/blog\/#\/schema\/person\/image\/\",\"url\":\"https:\/\/secure.gravatar.com\/avatar\/81461bcc213d0ff2bdc043d4206648f0?s=96&d=mm&r=g\",\"contentUrl\":\"https:\/\/secure.gravatar.com\/avatar\/81461bcc213d0ff2bdc043d4206648f0?s=96&d=mm&r=g\",\"caption\":\"VITA Tribe\"},\"sameAs\":[\"https:\/\/www.globalong.com\"],\"url\":\"https:\/\/www.vita-explorers.dk\/blog\/author\/sophie\/\"}]}<\/script>\n<!-- \/ Yoast SEO Premium plugin. -->","yoast_head_json":{"title":"Bliv en del af VITA \u2013 og f\u00e5 dit VITA Explorer-pas! - VITA Explorers Blog","robots":{"index":"index","follow":"follow","max-snippet":"max-snippet:-1","max-image-preview":"max-image-preview:large","max-video-preview":"max-video-preview:-1"},"canonical":"https:\/\/www.vita-explorers.dk\/blog\/vita-institute-pas-til-frivilligt-arbejde-i-frankrig-frivillighed-deltagelse\/","og_locale":"da_DK","og_type":"article","og_title":"Bliv en del af VITA \u2013 og f\u00e5 dit VITA Explorer-pas!","og_description":"Frivilligt arbejde kan v\u00e6re meget berigende menneskeligt \u2013 men hvordan sikrer du, at dit engagement t\u00e6ller p\u00e5 linje med en uddannelse eller relevant erhvervserfaring?\u2026","og_url":"https:\/\/www.vita-explorers.dk\/blog\/vita-institute-pas-til-frivilligt-arbejde-i-frankrig-frivillighed-deltagelse\/","og_site_name":"VITA Explorers Blog","article_publisher":"https:\/\/www.facebook.com\/globalong","article_published_time":"2018-02-22T09:58:02+00:00","article_modified_time":"2022-03-14T18:37:58+00:00","og_image":[{"width":295,"height":299,"url":"https:\/\/www.vita-explorers.dk\/blog\/wp-content\/uploads\/2018\/02\/image-PB-couv-et-interieur-5cm-150dpi-internet_0-min.jpg","type":"image\/jpeg"}],"author":"VITA Tribe","twitter_card":"summary_large_image","twitter_misc":{"Skrevet af":"VITA Tribe","Estimeret l\u00e6setid":"3 minutter"},"schema":{"@context":"https:\/\/schema.org","@graph":[{"@type":"Article","@id":"https:\/\/www.vita-explorers.dk\/blog\/vita-institute-pas-til-frivilligt-arbejde-i-frankrig-frivillighed-deltagelse\/#article","isPartOf":{"@id":"https:\/\/www.vita-explorers.dk\/blog\/vita-institute-pas-til-frivilligt-arbejde-i-frankrig-frivillighed-deltagelse\/"},"author":{"name":"VITA Tribe","@id":"https:\/\/www.vita-explorers.dk\/blog\/#\/schema\/person\/d7df267b64f23018d1dc519e78fb2735"},"headline":"Bliv en del af VITA \u2013 og f\u00e5 dit VITA Explorer-pas!","datePublished":"2018-02-22T09:58:02+00:00","dateModified":"2022-03-14T18:37:58+00:00","mainEntityOfPage":{"@id":"https:\/\/www.vita-explorers.dk\/blog\/vita-institute-pas-til-frivilligt-arbejde-i-frankrig-frivillighed-deltagelse\/"},"wordCount":575,"commentCount":0,"publisher":{"@id":"https:\/\/www.vita-explorers.dk\/blog\/#organization"},"image":{"@id":"https:\/\/www.vita-explorers.dk\/blog\/vita-institute-pas-til-frivilligt-arbejde-i-frankrig-frivillighed-deltagelse\/#primaryimage"},"thumbnailUrl":"https:\/\/www.vita-explorers.dk\/blog\/wp-content\/uploads\/2018\/02\/image-PB-couv-et-interieur-5cm-150dpi-internet_0-min.jpg","keywords":["Association GlobAlong","comp\u00e9tences","engagement","France B\u00e9n\u00e9volat","humanitaire","passeport b\u00e9n\u00e9vole","reconnaissance"],"articleSection":["Humanit\u00e6rt frivilligt arbejde","No Name","Nyheder","VITA Explorers"],"inLanguage":"da-DK","potentialAction":[{"@type":"CommentAction","name":"Comment","target":["https:\/\/www.vita-explorers.dk\/blog\/vita-institute-pas-til-frivilligt-arbejde-i-frankrig-frivillighed-deltagelse\/#respond"]}]},{"@type":"WebPage","@id":"https:\/\/www.vita-explorers.dk\/blog\/vita-institute-pas-til-frivilligt-arbejde-i-frankrig-frivillighed-deltagelse\/","url":"https:\/\/www.vita-explorers.dk\/blog\/vita-institute-pas-til-frivilligt-arbejde-i-frankrig-frivillighed-deltagelse\/","name":"Bliv en del af VITA \u2013 og f\u00e5 dit VITA Explorer-pas! - VITA Explorers Blog","isPartOf":{"@id":"https:\/\/www.vita-explorers.dk\/blog\/#website"},"primaryImageOfPage":{"@id":"https:\/\/www.vita-explorers.dk\/blog\/vita-institute-pas-til-frivilligt-arbejde-i-frankrig-frivillighed-deltagelse\/#primaryimage"},"image":{"@id":"https:\/\/www.vita-explorers.dk\/blog\/vita-institute-pas-til-frivilligt-arbejde-i-frankrig-frivillighed-deltagelse\/#primaryimage"},"thumbnailUrl":"https:\/\/www.vita-explorers.dk\/blog\/wp-content\/uploads\/2018\/02\/image-PB-couv-et-interieur-5cm-150dpi-internet_0-min.jpg","datePublished":"2018-02-22T09:58:02+00:00","dateModified":"2022-03-14T18:37:58+00:00","breadcrumb":{"@id":"https:\/\/www.vita-explorers.dk\/blog\/vita-institute-pas-til-frivilligt-arbejde-i-frankrig-frivillighed-deltagelse\/#breadcrumb"},"inLanguage":"da-DK","potentialAction":[{"@type":"ReadAction","target":["https:\/\/www.vita-explorers.dk\/blog\/vita-institute-pas-til-frivilligt-arbejde-i-frankrig-frivillighed-deltagelse\/"]}]},{"@type":"ImageObject","inLanguage":"da-DK","@id":"https:\/\/www.vita-explorers.dk\/blog\/vita-institute-pas-til-frivilligt-arbejde-i-frankrig-frivillighed-deltagelse\/#primaryimage","url":"https:\/\/www.vita-explorers.dk\/blog\/wp-content\/uploads\/2018\/02\/image-PB-couv-et-interieur-5cm-150dpi-internet_0-min.jpg","contentUrl":"https:\/\/www.vita-explorers.dk\/blog\/wp-content\/uploads\/2018\/02\/image-PB-couv-et-interieur-5cm-150dpi-internet_0-min.jpg","width":295,"height":299},{"@type":"BreadcrumbList","@id":"https:\/\/www.vita-explorers.dk\/blog\/vita-institute-pas-til-frivilligt-arbejde-i-frankrig-frivillighed-deltagelse\/#breadcrumb","itemListElement":[{"@type":"ListItem","position":1,"name":"Accueil","item":"https:\/\/www.vita-explorers.dk\/blog\/"},{"@type":"ListItem","position":2,"name":"Bliv en del af VITA \u2013 og f\u00e5 dit VITA Explorer-pas!"}]},{"@type":"WebSite","@id":"https:\/\/www.vita-explorers.dk\/blog\/#website","url":"https:\/\/www.vita-explorers.dk\/blog\/","name":"Association Globalong","description":"Frivilligt arbejde, sprogophold, praktik i udlandet og internationale oplevelser","publisher":{"@id":"https:\/\/www.vita-explorers.dk\/blog\/#organization"},"potentialAction":[{"@type":"SearchAction","target":{"@type":"EntryPoint","urlTemplate":"https:\/\/www.vita-explorers.dk\/blog\/?s={search_term_string}"},"query-input":{"@type":"PropertyValueSpecification","valueRequired":true,"valueName":"search_term_string"}}],"inLanguage":"da-DK"},{"@type":"Organization","@id":"https:\/\/www.vita-explorers.dk\/blog\/#organization","name":"Association Globalong","url":"https:\/\/www.vita-explorers.dk\/blog\/","logo":{"@type":"ImageObject","inLanguage":"da-DK","@id":"https:\/\/www.vita-explorers.dk\/blog\/#\/schema\/logo\/image\/","url":"https:\/\/www.globalong.com\/blog\/wp-content\/uploads\/2014\/11\/cropped-cropped-Logo-et-Afrique-Globalong-petite-taille-2.jpg","contentUrl":"https:\/\/www.globalong.com\/blog\/wp-content\/uploads\/2014\/11\/cropped-cropped-Logo-et-Afrique-Globalong-petite-taille-2.jpg","width":512,"height":512,"caption":"Association Globalong"},"image":{"@id":"https:\/\/www.vita-explorers.dk\/blog\/#\/schema\/logo\/image\/"},"sameAs":["https:\/\/www.facebook.com\/globalong"]},{"@type":"Person","@id":"https:\/\/www.vita-explorers.dk\/blog\/#\/schema\/person\/d7df267b64f23018d1dc519e78fb2735","name":"VITA Tribe","image":{"@type":"ImageObject","inLanguage":"da-DK","@id":"https:\/\/www.vita-explorers.dk\/blog\/#\/schema\/person\/image\/","url":"https:\/\/secure.gravatar.com\/avatar\/81461bcc213d0ff2bdc043d4206648f0?s=96&d=mm&r=g","contentUrl":"https:\/\/secure.gravatar.com\/avatar\/81461bcc213d0ff2bdc043d4206648f0?s=96&d=mm&r=g","caption":"VITA Tribe"},"sameAs":["https:\/\/www.globalong.com"],"url":"https:\/\/www.vita-explorers.dk\/blog\/author\/sophie\/"}]}},"_links":{"self":[{"href":"https:\/\/www.vita-explorers.dk\/blog\/wp-json\/wp\/v2\/posts\/8965"}],"collection":[{"href":"https:\/\/www.vita-explorers.dk\/blog\/wp-json\/wp\/v2\/posts"}],"about":[{"href":"https:\/\/www.vita-explorers.dk\/blog\/wp-json\/wp\/v2\/types\/post"}],"author":[{"embeddable":true,"href":"https:\/\/www.vita-explorers.dk\/blog\/wp-json\/wp\/v2\/users\/1"}],"replies":[{"embeddable":true,"href":"https:\/\/www.vita-explorers.dk\/blog\/wp-json\/wp\/v2\/comments?post=8965"}],"version-history":[{"count":48,"href":"https:\/\/www.vita-explorers.dk\/blog\/wp-json\/wp\/v2\/posts\/8965\/revisions"}],"predecessor-version":[{"id":14238,"href":"https:\/\/www.vita-explorers.dk\/blog\/wp-json\/wp\/v2\/posts\/8965\/revisions\/14238"}],"wp:featuredmedia":[{"embeddable":true,"href":"https:\/\/www.vita-explorers.dk\/blog\/wp-json\/wp\/v2\/media\/8967"}],"wp:attachment":[{"href":"https:\/\/www.vita-explorers.dk\/blog\/wp-json\/wp\/v2\/media?parent=8965"}],"wp:term":[{"taxonomy":"category","embeddable":true,"href":"https:\/\/www.vita-explorers.dk\/blog\/wp-json\/wp\/v2\/categories?post=8965"},{"taxonomy":"post_tag","embeddable":true,"href":"https:\/\/www.vita-explorers.dk\/blog\/wp-json\/wp\/v2\/tags?post=8965"}],"curies":[{"name":"wp","href":"https:\/\/api.w.org\/{rel}","templated":true}]}}