{"id":9087,"date":"2018-03-08T17:46:39","date_gmt":"2018-03-08T16:46:39","guid":{"rendered":"https:\/\/www.globalong.com\/blog\/?p=9087"},"modified":"2018-05-22T16:53:43","modified_gmt":"2018-05-22T14:53:43","slug":"vita-8-marts-international-kvindedag-rettigheder-for-kvinder-og-piger-uddannelse-frivilligt-arbejde-ngo","status":"publish","type":"post","link":"https:\/\/www.vita-explorers.dk\/blog\/vita-8-marts-international-kvindedag-rettigheder-for-kvinder-og-piger-uddannelse-frivilligt-arbejde-ngo\/","title":{"rendered":"St\u00f8t kvinders rettigheder verden over! \u2013 8. marts 2018"},"content":{"rendered":"<p style=\"text-align: center;\"><span style=\"color: #b81657;\"><strong>VITA Explorers engagerer sig for kvinders rettigheder verden over!<\/strong><\/span><\/p>\n<p style=\"text-align: justify;\"><a href=\"https:\/\/www.vita-explorers.dk\/blog\/wp-content\/uploads\/2018\/03\/Be\u0301ne\u0301volat-infirmier-au-Cambodge-GlobAlong-min.jpg\"><img loading=\"lazy\" decoding=\"async\" class=\"alignright size-medium wp-image-9089\" src=\"https:\/\/www.vita-explorers.dk\/blog\/wp-content\/uploads\/2018\/03\/Be\u0301ne\u0301volat-infirmier-au-Cambodge-GlobAlong-min-300x225.jpg\" alt=\"\" width=\"300\" height=\"225\" srcset=\"https:\/\/www.vita-explorers.dk\/blog\/wp-content\/uploads\/2018\/03\/Be\u0301ne\u0301volat-infirmier-au-Cambodge-GlobAlong-min-300x225.jpg 300w, https:\/\/www.vita-explorers.dk\/blog\/wp-content\/uploads\/2018\/03\/Be\u0301ne\u0301volat-infirmier-au-Cambodge-GlobAlong-min-768x576.jpg 768w, https:\/\/www.vita-explorers.dk\/blog\/wp-content\/uploads\/2018\/03\/Be\u0301ne\u0301volat-infirmier-au-Cambodge-GlobAlong-min-1024x768.jpg 1024w, https:\/\/www.vita-explorers.dk\/blog\/wp-content\/uploads\/2018\/03\/Be\u0301ne\u0301volat-infirmier-au-Cambodge-GlobAlong-min-150x113.jpg 150w, https:\/\/www.vita-explorers.dk\/blog\/wp-content\/uploads\/2018\/03\/Be\u0301ne\u0301volat-infirmier-au-Cambodge-GlobAlong-min.jpg 1280w\" sizes=\"(max-width: 300px) 100vw, 300px\" \/><\/a>\u00c9n enkelt dag om \u00e5ret er trods alt ikke meget!<\/p>\n<p style=\"text-align: justify;\">L\u00f8nligestilling, mental belastning (fordelingen af opgaver i hjemmet) og kampen mod vold mod kvinder er emner, der har fyldt meget i debatten de seneste m\u00e5neder.<\/p>\n<p style=\"text-align: justify;\">Mens vi arbejder os hen imod reel ligestilling, er 8. marts en anledning for os alle til at se p\u00e5 kvinders rettigheder internationalt: Hvordan kan vi st\u00f8tte <strong>kvinder og piger verden over<\/strong> \u2013 s\u00e6rligt i <strong>lande med f\u00e6rre muligheder<\/strong>, hvor ulighederne ofte rammer h\u00e5rdest?<\/p>\n<p style=\"text-align: justify;\"><strong><a href=\"https:\/\/www.vita-explorers.dk\/blog\/wp-content\/uploads\/2018\/03\/Jeunes-filles-Madagascar-Globalong-min.jpg\"><img loading=\"lazy\" decoding=\"async\" class=\"alignright size-medium wp-image-9091\" src=\"https:\/\/www.vita-explorers.dk\/blog\/wp-content\/uploads\/2018\/03\/Jeunes-filles-Madagascar-Globalong-min-300x205.jpg\" alt=\"\" width=\"300\" height=\"205\" srcset=\"https:\/\/www.vita-explorers.dk\/blog\/wp-content\/uploads\/2018\/03\/Jeunes-filles-Madagascar-Globalong-min-300x205.jpg 300w, https:\/\/www.vita-explorers.dk\/blog\/wp-content\/uploads\/2018\/03\/Jeunes-filles-Madagascar-Globalong-min-768x526.jpg 768w, https:\/\/www.vita-explorers.dk\/blog\/wp-content\/uploads\/2018\/03\/Jeunes-filles-Madagascar-Globalong-min-150x103.jpg 150w, https:\/\/www.vita-explorers.dk\/blog\/wp-content\/uploads\/2018\/03\/Jeunes-filles-Madagascar-Globalong-min.jpg 887w\" sizes=\"(max-width: 300px) 100vw, 300px\" \/><\/a>08\/03\/2018<\/strong><\/p>\n<p style=\"text-align: justify;\">I \u00e5r har kvindernes internationale kampdag <a href=\"http:\/\/madame.lefigaro.fr\/societe\/journee-des-droits-des-femmes-8-mars-pas-comme-les-autres-weinstein-me-too-times-up-maintenant-on-agit-070318-147708\" target=\"_blank\" rel=\"noopener\"><span style=\"text-decoration: underline; color: #b81657;\"><strong>en s\u00e6rlig klang<\/strong><\/span><\/a> i Vesten efter et 2017, hvor flere kvinder oplevede, at der blev lyttet: Weinstein-sagen rystede Hollywood og var med til at s\u00e6tte gang i bev\u00e6gelser som \u201cMe Too\u201d, \u201cBalance ton porc\u201d og \u201cTime\u2019s Up\u201d.<br \/>\nI starten af december 2017 hyldede Time Magazine dem, der \u201cbr\u00f8d tavsheden\u201d: Kvinder, der havde oplevet chikane, blev k\u00e5ret som \u201c\u00e5rets person\u201d.<\/p>\n<p style=\"text-align: justify;\"><a href=\"https:\/\/www.vita-explorers.dk\/blog\/wp-content\/uploads\/2018\/03\/be\u0301ne\u0301volat-dans-un-centre-pour-filles-GlobAlong-min.jpg\"><img loading=\"lazy\" decoding=\"async\" class=\"alignright wp-image-9092\" src=\"https:\/\/www.vita-explorers.dk\/blog\/wp-content\/uploads\/2018\/03\/be\u0301ne\u0301volat-dans-un-centre-pour-filles-GlobAlong-min.jpg\" alt=\"\" width=\"300\" height=\"210\" srcset=\"https:\/\/www.vita-explorers.dk\/blog\/wp-content\/uploads\/2018\/03\/be\u0301ne\u0301volat-dans-un-centre-pour-filles-GlobAlong-min.jpg 200w, https:\/\/www.vita-explorers.dk\/blog\/wp-content\/uploads\/2018\/03\/be\u0301ne\u0301volat-dans-un-centre-pour-filles-GlobAlong-min-150x105.jpg 150w\" sizes=\"(max-width: 300px) 100vw, 300px\" \/><\/a>Men der er stadig langt igen\u2026<\/p>\n<p style=\"text-align: justify;\"><strong>Uddannelse: en del af l\u00f8sningen?<\/strong><\/p>\n<p style=\"text-align: justify;\"><a href=\"http:\/\/femmedinfluence.fr\/7-conseils-de-malala-yousafzai-2\/\" target=\"_blank\" rel=\"noopener\"><span style=\"text-decoration: underline;\"><strong>Malala Yousafzai<\/strong><\/span><\/a>, modtager af Nobels Fredspris i 2014 og en ung stemme for kvinders rettigheder og retten til uddannelse, har sagt:<\/p>\n<p><strong>\u201cLad os tage vores b\u00f8ger og vores kuglepenne. De er vores st\u00e6rkeste v\u00e5ben. \u00c9t barn, \u00e9n l\u00e6rer, \u00e9n bog og \u00e9n kuglepen kan \u00e6ndre verden.\u201d<\/strong><\/p>\n<p style=\"text-align: justify;\"><img loading=\"lazy\" decoding=\"async\" class=\"alignright wp-image-9097\" src=\"https:\/\/www.vita-explorers.dk\/blog\/wp-content\/uploads\/2018\/03\/Selfie-avec-un-animal-Globalong-min.jpg\" alt=\"\" width=\"300\" height=\"300\" srcset=\"https:\/\/www.vita-explorers.dk\/blog\/wp-content\/uploads\/2018\/03\/Selfie-avec-un-animal-Globalong-min.jpg 206w, https:\/\/www.vita-explorers.dk\/blog\/wp-content\/uploads\/2018\/03\/Selfie-avec-un-animal-Globalong-min-150x150.jpg 150w\" sizes=\"(max-width: 300px) 100vw, 300px\" \/>Det peger p\u00e5, at udfordringen ogs\u00e5 skal tackles ved roden: Vejen mod lige muligheder kr\u00e6ver b\u00e5de <strong>f\u00e6lles ansvar<\/strong> og <strong>uddannelse<\/strong>!<\/p>\n<p style=\"text-align: justify;\">Vi skal hj\u00e6lpe piger og drenge verden over med adgang til skolegang \u2013 og samtidig l\u00e6re dem, sammen, at m\u00f8de hinanden med respekt fra en tidlig alder.<\/p>\n<p style=\"text-align: justify;\">Kvinders rettigheder globalt er et komplekst omr\u00e5de og rummer mange andre forhold, men kampen for pigers ret til uddannelse verden over er et vigtigt sted at begynde!<\/p>\n<p style=\"text-align: justify;\"><strong>Hvad kan vi g\u00f8re for at st\u00f8tte?<\/strong><\/p>\n<p style=\"text-align: justify;\"><a href=\"https:\/\/www.vita-explorers.dk\/blog\/wp-content\/uploads\/2018\/03\/Chicas-Costa-Rica-Globalong-volunteering-min.jpg\"><img loading=\"lazy\" decoding=\"async\" class=\"alignright size-medium wp-image-9108\" src=\"https:\/\/www.vita-explorers.dk\/blog\/wp-content\/uploads\/2018\/03\/Chicas-Costa-Rica-Globalong-volunteering-min-300x225.jpg\" alt=\"\" width=\"300\" height=\"225\" srcset=\"https:\/\/www.vita-explorers.dk\/blog\/wp-content\/uploads\/2018\/03\/Chicas-Costa-Rica-Globalong-volunteering-min-300x225.jpg 300w, https:\/\/www.vita-explorers.dk\/blog\/wp-content\/uploads\/2018\/03\/Chicas-Costa-Rica-Globalong-volunteering-min-768x577.jpg 768w, https:\/\/www.vita-explorers.dk\/blog\/wp-content\/uploads\/2018\/03\/Chicas-Costa-Rica-Globalong-volunteering-min-150x113.jpg 150w, https:\/\/www.vita-explorers.dk\/blog\/wp-content\/uploads\/2018\/03\/Chicas-Costa-Rica-Globalong-volunteering-min.jpg 852w\" sizes=\"(max-width: 300px) 100vw, 300px\" \/><\/a>Kvinder og piger fra udsatte lokalsamfund i lande med f\u00e6rre muligheder har brug for st\u00f8tte til at skabe egne muligheder og st\u00e5 st\u00e6rkere!<\/p>\n<ul>\n<li>Gennem <strong>frivilligt arbejde i udlandet<\/strong> kan du bidrage positivt i hverdagen for piger og kvinder, der har brug for, at deres stemmer bliver h\u00f8rt. Du kan for eksempel engagere dig i en <span style=\"text-decoration: underline;\"><a href=\"https:\/\/www.vita-explorers.dk\/frivilligt-arbejde\/senegal-frivilligt-arbejde-internationalt-ophold\/undervisning-senegal-skoler.html\" target=\"_blank\" rel=\"noopener\"><strong>lokal skole i Senegal<\/strong><\/a><\/span>, i et <a href=\"https:\/\/www.vita-explorers.dk\/frivilligt-arbejde\/sri-lanka\/humanitaert-socialt-center-for-unge-piger-reintegration-internationalt-forlob.html\" target=\"_blank\" rel=\"noopener\"><strong><span style=\"text-decoration: underline;\">center for unge piger i Sri Lanka<\/span><\/strong><\/a>, i et <span style=\"color: #b81657;\"><a href=\"https:\/\/www.vita-explorers.dk\/frivilligt-arbejde\/madagaskar-frivilligt-arbejde-humanitaert-og-praktik\/socialt-frivilligt-arbejde-madagaskar-pigecenter.html\" target=\"_blank\" rel=\"noopener\"><span style=\"text-decoration: underline;\"><strong>center for teenagere p\u00e5 Madagaskar<\/strong><\/span><\/a><\/span> eller i et<span style=\"text-decoration: underline;\"> <a href=\"https:\/\/www.vita-explorers.dk\/frivilligt-arbejde\/frivilligt-arbejde-cambodja-boern\/kvinders-rettigheder-cambodja-frivilligt-arbejde.html\" target=\"_blank\" rel=\"noopener\"><strong>program for beskyttelse af kvinder i Cambodja<\/strong><\/a><\/span>.<\/li>\n<li><strong><img loading=\"lazy\" decoding=\"async\" class=\"alignright size-medium wp-image-9096\" src=\"https:\/\/www.vita-explorers.dk\/blog\/wp-content\/uploads\/2018\/03\/20180221_141023-min-1-300x169.jpg\" alt=\"\" width=\"300\" height=\"169\" srcset=\"https:\/\/www.vita-explorers.dk\/blog\/wp-content\/uploads\/2018\/03\/20180221_141023-min-1-300x169.jpg 300w, https:\/\/www.vita-explorers.dk\/blog\/wp-content\/uploads\/2018\/03\/20180221_141023-min-1-768x432.jpg 768w, https:\/\/www.vita-explorers.dk\/blog\/wp-content\/uploads\/2018\/03\/20180221_141023-min-1-1024x576.jpg 1024w, https:\/\/www.vita-explorers.dk\/blog\/wp-content\/uploads\/2018\/03\/20180221_141023-min-1-150x84.jpg 150w\" sizes=\"(max-width: 300px) 100vw, 300px\" \/>Ved at sponsorere et barn<\/strong> fra et udsat lokalsamfund kan du give barnet bedre muligheder for at skabe en st\u00e6rkere fremtid.<\/li>\n<\/ul>\n<p style=\"text-align: justify;\">Tak til jer alle for jeres engagement!<br \/>\nTak til VITA Explorers og de lokalsamfund, der g\u00f8r indsatsen mulig sammen med os!<\/p>\n<p style=\"text-align: center;\"><a href=\"https:\/\/www.vita-explorers.dk\/frivilligt-arbejde\/\" target=\"_blank\" rel=\"noopener\"><span style=\"color: #b81657;\"><strong><span style=\"text-decoration: underline;\">Deltag i et ansvarligt internationalt forl\u00f8b!<\/span><\/strong><\/span><\/a><\/p>\n<p style=\"text-align: center;\"><strong><a href=\"https:\/\/www.vita-explorers.dk\/blog\/wp-content\/uploads\/2018\/03\/Ludivine-et-les-enfants-de-l\u00e9cole-participent-\u00e0-une-collecte-de-d\u00e9chets-02-2018-min.jpg\"><img loading=\"lazy\" decoding=\"async\" class=\"alignright size-medium wp-image-9111\" src=\"https:\/\/www.vita-explorers.dk\/blog\/wp-content\/uploads\/2018\/03\/Ludivine-et-les-enfants-de-l\u00e9cole-participent-\u00e0-une-collecte-de-d\u00e9chets-02-2018-min-300x169.jpg\" alt=\"\" width=\"300\" height=\"169\" srcset=\"https:\/\/www.vita-explorers.dk\/blog\/wp-content\/uploads\/2018\/03\/Ludivine-et-les-enfants-de-l\u00e9cole-participent-\u00e0-une-collecte-de-d\u00e9chets-02-2018-min-300x169.jpg 300w, https:\/\/www.vita-explorers.dk\/blog\/wp-content\/uploads\/2018\/03\/Ludivine-et-les-enfants-de-l\u00e9cole-participent-\u00e0-une-collecte-de-d\u00e9chets-02-2018-min-768x432.jpg 768w, https:\/\/www.vita-explorers.dk\/blog\/wp-content\/uploads\/2018\/03\/Ludivine-et-les-enfants-de-l\u00e9cole-participent-\u00e0-une-collecte-de-d\u00e9chets-02-2018-min-1024x576.jpg 1024w, https:\/\/www.vita-explorers.dk\/blog\/wp-content\/uploads\/2018\/03\/Ludivine-et-les-enfants-de-l\u00e9cole-participent-\u00e0-une-collecte-de-d\u00e9chets-02-2018-min-150x84.jpg 150w\" sizes=\"(max-width: 300px) 100vw, 300px\" \/><\/a><a href=\"https:\/\/www.vita-explorers.dk\/blog\/avis-globalong\/\" target=\"_blank\" rel=\"noopener\"><span style=\"text-decoration: underline;\">L\u00e6s deltagernes oplevelser!<\/span><\/a><\/strong><\/p>\n<p style=\"text-align: center;\"><a href=\"https:\/\/www.flickr.com\/photos\/globalong\/albums\" target=\"_blank\" rel=\"noopener\"><span style=\"color: #b81657;\"><strong><span style=\"text-decoration: underline;\">Se vores internationale forl\u00f8b i billeder!<\/span><\/strong><\/span><\/a><\/p>\n<p style=\"text-align: center;\"><a href=\"https:\/\/www.vita-explorers.dk\/blog\/videoer-fra-vores-destinationer-frivilligt-arbejde-internationale-forloeb\/\" target=\"_blank\" rel=\"noopener\"><span style=\"color: #b81657;\"><strong><span style=\"text-decoration: underline;\">VITA i video!<\/span><\/strong><\/span><\/a><\/p>\n<p style=\"text-align: center;\"><a href=\"https:\/\/www.vita-explorers.dk\/que-penser-de-globalong.html\" target=\"_blank\" rel=\"noopener\"><span style=\"color: #b81657;\"><strong><span style=\"text-decoration: underline;\">Alt om VITA Institute<\/span><\/strong><\/span><\/a><\/p>\n<p style=\"text-align: justify;\"><span style=\"font-size: 10pt;\">Billederne er vejledende<\/span><\/p>\n","protected":false},"excerpt":{"rendered":"<p>VITA Explorers engagerer sig for kvinders rettigheder verden over! \u00c9n enkelt dag om \u00e5ret er trods alt ikke meget! L\u00f8nligestilling, mental belastning (fordelingen af\u2026<\/p>\n","protected":false},"author":1,"featured_media":9091,"comment_status":"open","ping_status":"open","sticky":false,"template":"","format":"standard","meta":{"footnotes":""},"categories":[8,6,4],"tags":[82,55,553,149,551,111,552,16],"yoast_head":"<!-- This site is optimized with the Yoast SEO Premium plugin v23.4 (Yoast SEO v23.4) - https:\/\/yoast.com\/wordpress\/plugins\/seo\/ -->\n<title>St\u00f8t kvinders rettigheder verden over! \u2013 8. marts 2018 - VITA Explorers Blog<\/title>\n<meta name=\"robots\" content=\"index, follow, max-snippet:-1, max-image-preview:large, max-video-preview:-1\" \/>\n<link rel=\"canonical\" href=\"https:\/\/www.vita-explorers.dk\/blog\/vita-8-marts-international-kvindedag-rettigheder-for-kvinder-og-piger-uddannelse-frivilligt-arbejde-ngo\/\" \/>\n<meta property=\"og:locale\" content=\"da_DK\" \/>\n<meta property=\"og:type\" content=\"article\" \/>\n<meta property=\"og:title\" content=\"St\u00f8t kvinders rettigheder verden over! \u2013 8. marts 2018\" \/>\n<meta property=\"og:description\" content=\"VITA Explorers engagerer sig for kvinders rettigheder verden over! \u00c9n enkelt dag om \u00e5ret er trods alt ikke meget! L\u00f8nligestilling, mental belastning (fordelingen af\u2026\" \/>\n<meta property=\"og:url\" content=\"https:\/\/www.vita-explorers.dk\/blog\/vita-8-marts-international-kvindedag-rettigheder-for-kvinder-og-piger-uddannelse-frivilligt-arbejde-ngo\/\" \/>\n<meta property=\"og:site_name\" content=\"VITA Explorers Blog\" \/>\n<meta property=\"article:publisher\" content=\"https:\/\/www.facebook.com\/globalong\" \/>\n<meta property=\"article:published_time\" content=\"2018-03-08T16:46:39+00:00\" \/>\n<meta property=\"article:modified_time\" content=\"2018-05-22T14:53:43+00:00\" \/>\n<meta property=\"og:image\" content=\"https:\/\/www.vita-explorers.dk\/blog\/wp-content\/uploads\/2018\/03\/Jeunes-filles-Madagascar-Globalong-min.jpg\" \/>\n\t<meta property=\"og:image:width\" content=\"887\" \/>\n\t<meta property=\"og:image:height\" content=\"607\" \/>\n\t<meta property=\"og:image:type\" content=\"image\/jpeg\" \/>\n<meta name=\"author\" content=\"VITA Tribe\" \/>\n<meta name=\"twitter:card\" content=\"summary_large_image\" \/>\n<meta name=\"twitter:label1\" content=\"Skrevet af\" \/>\n\t<meta name=\"twitter:data1\" content=\"VITA Tribe\" \/>\n\t<meta name=\"twitter:label2\" content=\"Estimeret l\u00e6setid\" \/>\n\t<meta name=\"twitter:data2\" content=\"2 minutter\" \/>\n<script type=\"application\/ld+json\" class=\"yoast-schema-graph\">{\"@context\":\"https:\/\/schema.org\",\"@graph\":[{\"@type\":\"Article\",\"@id\":\"https:\/\/www.vita-explorers.dk\/blog\/vita-8-marts-international-kvindedag-rettigheder-for-kvinder-og-piger-uddannelse-frivilligt-arbejde-ngo\/#article\",\"isPartOf\":{\"@id\":\"https:\/\/www.vita-explorers.dk\/blog\/vita-8-marts-international-kvindedag-rettigheder-for-kvinder-og-piger-uddannelse-frivilligt-arbejde-ngo\/\"},\"author\":{\"name\":\"VITA Tribe\",\"@id\":\"https:\/\/www.vita-explorers.dk\/blog\/#\/schema\/person\/d7df267b64f23018d1dc519e78fb2735\"},\"headline\":\"St\u00f8t kvinders rettigheder verden over! \u2013 8. marts 2018\",\"datePublished\":\"2018-03-08T16:46:39+00:00\",\"dateModified\":\"2018-05-22T14:53:43+00:00\",\"mainEntityOfPage\":{\"@id\":\"https:\/\/www.vita-explorers.dk\/blog\/vita-8-marts-international-kvindedag-rettigheder-for-kvinder-og-piger-uddannelse-frivilligt-arbejde-ngo\/\"},\"wordCount\":479,\"commentCount\":0,\"publisher\":{\"@id\":\"https:\/\/www.vita-explorers.dk\/blog\/#organization\"},\"image\":{\"@id\":\"https:\/\/www.vita-explorers.dk\/blog\/vita-8-marts-international-kvindedag-rettigheder-for-kvinder-og-piger-uddannelse-frivilligt-arbejde-ngo\/#primaryimage\"},\"thumbnailUrl\":\"https:\/\/www.vita-explorers.dk\/blog\/wp-content\/uploads\/2018\/03\/Jeunes-filles-Madagascar-Globalong-min.jpg\",\"keywords\":[\"engagement\",\"femmes\",\"filles\",\"humanitaire\",\"Journ\u00e9e internationale des droits des femmes\",\"monde\",\"parit\u00e9\",\"volontariat\"],\"articleSection\":[\"Humanit\u00e6rt frivilligt arbejde\",\"Nyheder\",\"VITA Explorers\"],\"inLanguage\":\"da-DK\",\"potentialAction\":[{\"@type\":\"CommentAction\",\"name\":\"Comment\",\"target\":[\"https:\/\/www.vita-explorers.dk\/blog\/vita-8-marts-international-kvindedag-rettigheder-for-kvinder-og-piger-uddannelse-frivilligt-arbejde-ngo\/#respond\"]}]},{\"@type\":\"WebPage\",\"@id\":\"https:\/\/www.vita-explorers.dk\/blog\/vita-8-marts-international-kvindedag-rettigheder-for-kvinder-og-piger-uddannelse-frivilligt-arbejde-ngo\/\",\"url\":\"https:\/\/www.vita-explorers.dk\/blog\/vita-8-marts-international-kvindedag-rettigheder-for-kvinder-og-piger-uddannelse-frivilligt-arbejde-ngo\/\",\"name\":\"St\u00f8t kvinders rettigheder verden over! \u2013 8. marts 2018 - VITA Explorers Blog\",\"isPartOf\":{\"@id\":\"https:\/\/www.vita-explorers.dk\/blog\/#website\"},\"primaryImageOfPage\":{\"@id\":\"https:\/\/www.vita-explorers.dk\/blog\/vita-8-marts-international-kvindedag-rettigheder-for-kvinder-og-piger-uddannelse-frivilligt-arbejde-ngo\/#primaryimage\"},\"image\":{\"@id\":\"https:\/\/www.vita-explorers.dk\/blog\/vita-8-marts-international-kvindedag-rettigheder-for-kvinder-og-piger-uddannelse-frivilligt-arbejde-ngo\/#primaryimage\"},\"thumbnailUrl\":\"https:\/\/www.vita-explorers.dk\/blog\/wp-content\/uploads\/2018\/03\/Jeunes-filles-Madagascar-Globalong-min.jpg\",\"datePublished\":\"2018-03-08T16:46:39+00:00\",\"dateModified\":\"2018-05-22T14:53:43+00:00\",\"breadcrumb\":{\"@id\":\"https:\/\/www.vita-explorers.dk\/blog\/vita-8-marts-international-kvindedag-rettigheder-for-kvinder-og-piger-uddannelse-frivilligt-arbejde-ngo\/#breadcrumb\"},\"inLanguage\":\"da-DK\",\"potentialAction\":[{\"@type\":\"ReadAction\",\"target\":[\"https:\/\/www.vita-explorers.dk\/blog\/vita-8-marts-international-kvindedag-rettigheder-for-kvinder-og-piger-uddannelse-frivilligt-arbejde-ngo\/\"]}]},{\"@type\":\"ImageObject\",\"inLanguage\":\"da-DK\",\"@id\":\"https:\/\/www.vita-explorers.dk\/blog\/vita-8-marts-international-kvindedag-rettigheder-for-kvinder-og-piger-uddannelse-frivilligt-arbejde-ngo\/#primaryimage\",\"url\":\"https:\/\/www.vita-explorers.dk\/blog\/wp-content\/uploads\/2018\/03\/Jeunes-filles-Madagascar-Globalong-min.jpg\",\"contentUrl\":\"https:\/\/www.vita-explorers.dk\/blog\/wp-content\/uploads\/2018\/03\/Jeunes-filles-Madagascar-Globalong-min.jpg\",\"width\":887,\"height\":607,\"caption\":\"Jeune mission de volontariat international\"},{\"@type\":\"BreadcrumbList\",\"@id\":\"https:\/\/www.vita-explorers.dk\/blog\/vita-8-marts-international-kvindedag-rettigheder-for-kvinder-og-piger-uddannelse-frivilligt-arbejde-ngo\/#breadcrumb\",\"itemListElement\":[{\"@type\":\"ListItem\",\"position\":1,\"name\":\"Accueil\",\"item\":\"https:\/\/www.vita-explorers.dk\/blog\/\"},{\"@type\":\"ListItem\",\"position\":2,\"name\":\"St\u00f8t kvinders rettigheder verden over! \u2013 8. marts 2018\"}]},{\"@type\":\"WebSite\",\"@id\":\"https:\/\/www.vita-explorers.dk\/blog\/#website\",\"url\":\"https:\/\/www.vita-explorers.dk\/blog\/\",\"name\":\"Association Globalong\",\"description\":\"Frivilligt arbejde, sprogophold, praktik i udlandet og internationale oplevelser\",\"publisher\":{\"@id\":\"https:\/\/www.vita-explorers.dk\/blog\/#organization\"},\"potentialAction\":[{\"@type\":\"SearchAction\",\"target\":{\"@type\":\"EntryPoint\",\"urlTemplate\":\"https:\/\/www.vita-explorers.dk\/blog\/?s={search_term_string}\"},\"query-input\":{\"@type\":\"PropertyValueSpecification\",\"valueRequired\":true,\"valueName\":\"search_term_string\"}}],\"inLanguage\":\"da-DK\"},{\"@type\":\"Organization\",\"@id\":\"https:\/\/www.vita-explorers.dk\/blog\/#organization\",\"name\":\"Association Globalong\",\"url\":\"https:\/\/www.vita-explorers.dk\/blog\/\",\"logo\":{\"@type\":\"ImageObject\",\"inLanguage\":\"da-DK\",\"@id\":\"https:\/\/www.vita-explorers.dk\/blog\/#\/schema\/logo\/image\/\",\"url\":\"https:\/\/www.globalong.com\/blog\/wp-content\/uploads\/2014\/11\/cropped-cropped-Logo-et-Afrique-Globalong-petite-taille-2.jpg\",\"contentUrl\":\"https:\/\/www.globalong.com\/blog\/wp-content\/uploads\/2014\/11\/cropped-cropped-Logo-et-Afrique-Globalong-petite-taille-2.jpg\",\"width\":512,\"height\":512,\"caption\":\"Association Globalong\"},\"image\":{\"@id\":\"https:\/\/www.vita-explorers.dk\/blog\/#\/schema\/logo\/image\/\"},\"sameAs\":[\"https:\/\/www.facebook.com\/globalong\"]},{\"@type\":\"Person\",\"@id\":\"https:\/\/www.vita-explorers.dk\/blog\/#\/schema\/person\/d7df267b64f23018d1dc519e78fb2735\",\"name\":\"VITA Tribe\",\"image\":{\"@type\":\"ImageObject\",\"inLanguage\":\"da-DK\",\"@id\":\"https:\/\/www.vita-explorers.dk\/blog\/#\/schema\/person\/image\/\",\"url\":\"https:\/\/secure.gravatar.com\/avatar\/81461bcc213d0ff2bdc043d4206648f0?s=96&d=mm&r=g\",\"contentUrl\":\"https:\/\/secure.gravatar.com\/avatar\/81461bcc213d0ff2bdc043d4206648f0?s=96&d=mm&r=g\",\"caption\":\"VITA Tribe\"},\"sameAs\":[\"https:\/\/www.globalong.com\"],\"url\":\"https:\/\/www.vita-explorers.dk\/blog\/author\/sophie\/\"}]}<\/script>\n<!-- \/ Yoast SEO Premium plugin. -->","yoast_head_json":{"title":"St\u00f8t kvinders rettigheder verden over! \u2013 8. marts 2018 - VITA Explorers Blog","robots":{"index":"index","follow":"follow","max-snippet":"max-snippet:-1","max-image-preview":"max-image-preview:large","max-video-preview":"max-video-preview:-1"},"canonical":"https:\/\/www.vita-explorers.dk\/blog\/vita-8-marts-international-kvindedag-rettigheder-for-kvinder-og-piger-uddannelse-frivilligt-arbejde-ngo\/","og_locale":"da_DK","og_type":"article","og_title":"St\u00f8t kvinders rettigheder verden over! \u2013 8. marts 2018","og_description":"VITA Explorers engagerer sig for kvinders rettigheder verden over! \u00c9n enkelt dag om \u00e5ret er trods alt ikke meget! L\u00f8nligestilling, mental belastning (fordelingen af\u2026","og_url":"https:\/\/www.vita-explorers.dk\/blog\/vita-8-marts-international-kvindedag-rettigheder-for-kvinder-og-piger-uddannelse-frivilligt-arbejde-ngo\/","og_site_name":"VITA Explorers Blog","article_publisher":"https:\/\/www.facebook.com\/globalong","article_published_time":"2018-03-08T16:46:39+00:00","article_modified_time":"2018-05-22T14:53:43+00:00","og_image":[{"width":887,"height":607,"url":"https:\/\/www.vita-explorers.dk\/blog\/wp-content\/uploads\/2018\/03\/Jeunes-filles-Madagascar-Globalong-min.jpg","type":"image\/jpeg"}],"author":"VITA Tribe","twitter_card":"summary_large_image","twitter_misc":{"Skrevet af":"VITA Tribe","Estimeret l\u00e6setid":"2 minutter"},"schema":{"@context":"https:\/\/schema.org","@graph":[{"@type":"Article","@id":"https:\/\/www.vita-explorers.dk\/blog\/vita-8-marts-international-kvindedag-rettigheder-for-kvinder-og-piger-uddannelse-frivilligt-arbejde-ngo\/#article","isPartOf":{"@id":"https:\/\/www.vita-explorers.dk\/blog\/vita-8-marts-international-kvindedag-rettigheder-for-kvinder-og-piger-uddannelse-frivilligt-arbejde-ngo\/"},"author":{"name":"VITA Tribe","@id":"https:\/\/www.vita-explorers.dk\/blog\/#\/schema\/person\/d7df267b64f23018d1dc519e78fb2735"},"headline":"St\u00f8t kvinders rettigheder verden over! \u2013 8. marts 2018","datePublished":"2018-03-08T16:46:39+00:00","dateModified":"2018-05-22T14:53:43+00:00","mainEntityOfPage":{"@id":"https:\/\/www.vita-explorers.dk\/blog\/vita-8-marts-international-kvindedag-rettigheder-for-kvinder-og-piger-uddannelse-frivilligt-arbejde-ngo\/"},"wordCount":479,"commentCount":0,"publisher":{"@id":"https:\/\/www.vita-explorers.dk\/blog\/#organization"},"image":{"@id":"https:\/\/www.vita-explorers.dk\/blog\/vita-8-marts-international-kvindedag-rettigheder-for-kvinder-og-piger-uddannelse-frivilligt-arbejde-ngo\/#primaryimage"},"thumbnailUrl":"https:\/\/www.vita-explorers.dk\/blog\/wp-content\/uploads\/2018\/03\/Jeunes-filles-Madagascar-Globalong-min.jpg","keywords":["engagement","femmes","filles","humanitaire","Journ\u00e9e internationale des droits des femmes","monde","parit\u00e9","volontariat"],"articleSection":["Humanit\u00e6rt frivilligt arbejde","Nyheder","VITA Explorers"],"inLanguage":"da-DK","potentialAction":[{"@type":"CommentAction","name":"Comment","target":["https:\/\/www.vita-explorers.dk\/blog\/vita-8-marts-international-kvindedag-rettigheder-for-kvinder-og-piger-uddannelse-frivilligt-arbejde-ngo\/#respond"]}]},{"@type":"WebPage","@id":"https:\/\/www.vita-explorers.dk\/blog\/vita-8-marts-international-kvindedag-rettigheder-for-kvinder-og-piger-uddannelse-frivilligt-arbejde-ngo\/","url":"https:\/\/www.vita-explorers.dk\/blog\/vita-8-marts-international-kvindedag-rettigheder-for-kvinder-og-piger-uddannelse-frivilligt-arbejde-ngo\/","name":"St\u00f8t kvinders rettigheder verden over! \u2013 8. marts 2018 - VITA Explorers Blog","isPartOf":{"@id":"https:\/\/www.vita-explorers.dk\/blog\/#website"},"primaryImageOfPage":{"@id":"https:\/\/www.vita-explorers.dk\/blog\/vita-8-marts-international-kvindedag-rettigheder-for-kvinder-og-piger-uddannelse-frivilligt-arbejde-ngo\/#primaryimage"},"image":{"@id":"https:\/\/www.vita-explorers.dk\/blog\/vita-8-marts-international-kvindedag-rettigheder-for-kvinder-og-piger-uddannelse-frivilligt-arbejde-ngo\/#primaryimage"},"thumbnailUrl":"https:\/\/www.vita-explorers.dk\/blog\/wp-content\/uploads\/2018\/03\/Jeunes-filles-Madagascar-Globalong-min.jpg","datePublished":"2018-03-08T16:46:39+00:00","dateModified":"2018-05-22T14:53:43+00:00","breadcrumb":{"@id":"https:\/\/www.vita-explorers.dk\/blog\/vita-8-marts-international-kvindedag-rettigheder-for-kvinder-og-piger-uddannelse-frivilligt-arbejde-ngo\/#breadcrumb"},"inLanguage":"da-DK","potentialAction":[{"@type":"ReadAction","target":["https:\/\/www.vita-explorers.dk\/blog\/vita-8-marts-international-kvindedag-rettigheder-for-kvinder-og-piger-uddannelse-frivilligt-arbejde-ngo\/"]}]},{"@type":"ImageObject","inLanguage":"da-DK","@id":"https:\/\/www.vita-explorers.dk\/blog\/vita-8-marts-international-kvindedag-rettigheder-for-kvinder-og-piger-uddannelse-frivilligt-arbejde-ngo\/#primaryimage","url":"https:\/\/www.vita-explorers.dk\/blog\/wp-content\/uploads\/2018\/03\/Jeunes-filles-Madagascar-Globalong-min.jpg","contentUrl":"https:\/\/www.vita-explorers.dk\/blog\/wp-content\/uploads\/2018\/03\/Jeunes-filles-Madagascar-Globalong-min.jpg","width":887,"height":607,"caption":"Jeune mission de volontariat international"},{"@type":"BreadcrumbList","@id":"https:\/\/www.vita-explorers.dk\/blog\/vita-8-marts-international-kvindedag-rettigheder-for-kvinder-og-piger-uddannelse-frivilligt-arbejde-ngo\/#breadcrumb","itemListElement":[{"@type":"ListItem","position":1,"name":"Accueil","item":"https:\/\/www.vita-explorers.dk\/blog\/"},{"@type":"ListItem","position":2,"name":"St\u00f8t kvinders rettigheder verden over! \u2013 8. marts 2018"}]},{"@type":"WebSite","@id":"https:\/\/www.vita-explorers.dk\/blog\/#website","url":"https:\/\/www.vita-explorers.dk\/blog\/","name":"Association Globalong","description":"Frivilligt arbejde, sprogophold, praktik i udlandet og internationale oplevelser","publisher":{"@id":"https:\/\/www.vita-explorers.dk\/blog\/#organization"},"potentialAction":[{"@type":"SearchAction","target":{"@type":"EntryPoint","urlTemplate":"https:\/\/www.vita-explorers.dk\/blog\/?s={search_term_string}"},"query-input":{"@type":"PropertyValueSpecification","valueRequired":true,"valueName":"search_term_string"}}],"inLanguage":"da-DK"},{"@type":"Organization","@id":"https:\/\/www.vita-explorers.dk\/blog\/#organization","name":"Association Globalong","url":"https:\/\/www.vita-explorers.dk\/blog\/","logo":{"@type":"ImageObject","inLanguage":"da-DK","@id":"https:\/\/www.vita-explorers.dk\/blog\/#\/schema\/logo\/image\/","url":"https:\/\/www.globalong.com\/blog\/wp-content\/uploads\/2014\/11\/cropped-cropped-Logo-et-Afrique-Globalong-petite-taille-2.jpg","contentUrl":"https:\/\/www.globalong.com\/blog\/wp-content\/uploads\/2014\/11\/cropped-cropped-Logo-et-Afrique-Globalong-petite-taille-2.jpg","width":512,"height":512,"caption":"Association Globalong"},"image":{"@id":"https:\/\/www.vita-explorers.dk\/blog\/#\/schema\/logo\/image\/"},"sameAs":["https:\/\/www.facebook.com\/globalong"]},{"@type":"Person","@id":"https:\/\/www.vita-explorers.dk\/blog\/#\/schema\/person\/d7df267b64f23018d1dc519e78fb2735","name":"VITA Tribe","image":{"@type":"ImageObject","inLanguage":"da-DK","@id":"https:\/\/www.vita-explorers.dk\/blog\/#\/schema\/person\/image\/","url":"https:\/\/secure.gravatar.com\/avatar\/81461bcc213d0ff2bdc043d4206648f0?s=96&d=mm&r=g","contentUrl":"https:\/\/secure.gravatar.com\/avatar\/81461bcc213d0ff2bdc043d4206648f0?s=96&d=mm&r=g","caption":"VITA Tribe"},"sameAs":["https:\/\/www.globalong.com"],"url":"https:\/\/www.vita-explorers.dk\/blog\/author\/sophie\/"}]}},"_links":{"self":[{"href":"https:\/\/www.vita-explorers.dk\/blog\/wp-json\/wp\/v2\/posts\/9087"}],"collection":[{"href":"https:\/\/www.vita-explorers.dk\/blog\/wp-json\/wp\/v2\/posts"}],"about":[{"href":"https:\/\/www.vita-explorers.dk\/blog\/wp-json\/wp\/v2\/types\/post"}],"author":[{"embeddable":true,"href":"https:\/\/www.vita-explorers.dk\/blog\/wp-json\/wp\/v2\/users\/1"}],"replies":[{"embeddable":true,"href":"https:\/\/www.vita-explorers.dk\/blog\/wp-json\/wp\/v2\/comments?post=9087"}],"version-history":[{"count":20,"href":"https:\/\/www.vita-explorers.dk\/blog\/wp-json\/wp\/v2\/posts\/9087\/revisions"}],"predecessor-version":[{"id":10015,"href":"https:\/\/www.vita-explorers.dk\/blog\/wp-json\/wp\/v2\/posts\/9087\/revisions\/10015"}],"wp:featuredmedia":[{"embeddable":true,"href":"https:\/\/www.vita-explorers.dk\/blog\/wp-json\/wp\/v2\/media\/9091"}],"wp:attachment":[{"href":"https:\/\/www.vita-explorers.dk\/blog\/wp-json\/wp\/v2\/media?parent=9087"}],"wp:term":[{"taxonomy":"category","embeddable":true,"href":"https:\/\/www.vita-explorers.dk\/blog\/wp-json\/wp\/v2\/categories?post=9087"},{"taxonomy":"post_tag","embeddable":true,"href":"https:\/\/www.vita-explorers.dk\/blog\/wp-json\/wp\/v2\/tags?post=9087"}],"curies":[{"name":"wp","href":"https:\/\/api.w.org\/{rel}","templated":true}]}}