{"id":9234,"date":"2018-03-22T14:27:33","date_gmt":"2018-03-22T13:27:33","guid":{"rendered":"https:\/\/www.globalong.com\/blog\/?p=9234"},"modified":"2022-03-14T19:33:57","modified_gmt":"2022-03-14T18:33:57","slug":"22-marts-vita-institute-verdens-vanddag-day-zero-sydafrika-vandkrise-klima-miljoe-handling-baeredygtig-udvikling","status":"publish","type":"post","link":"https:\/\/www.vita-explorers.dk\/blog\/22-marts-vita-institute-verdens-vanddag-day-zero-sydafrika-vandkrise-klima-miljoe-handling-baeredygtig-udvikling\/","title":{"rendered":"Vand: en v\u00e6rdifuld naturressource! \u2013 22. marts 2018"},"content":{"rendered":"<p><span style=\"color: #b81657;\"><strong><span style=\"font-family: verdana, geneva, sans-serif;\">I anledning af Verdens Vanddag den 22. marts g\u00f8r teamet status p\u00e5 den vandkrise, der har rystet Cape Town-omr\u00e5det i Sydafrika de seneste m\u00e5neder.<\/span><\/strong><\/span><\/p>\n<p style=\"text-align: justify;\"><span style=\"font-family: verdana, geneva, sans-serif;\"><img loading=\"lazy\" decoding=\"async\" class=\"wp-image-8973 size-medium aligncenter\" src=\"https:\/\/www.vita-explorers.dk\/blog\/wp-content\/uploads\/2018\/02\/Vol1_turtle-2-min-300x204.jpg\" alt=\"\" width=\"300\" height=\"204\" srcset=\"https:\/\/www.vita-explorers.dk\/blog\/wp-content\/uploads\/2018\/02\/Vol1_turtle-2-min-300x204.jpg 300w, https:\/\/www.vita-explorers.dk\/blog\/wp-content\/uploads\/2018\/02\/Vol1_turtle-2-min-768x522.jpg 768w, https:\/\/www.vita-explorers.dk\/blog\/wp-content\/uploads\/2018\/02\/Vol1_turtle-2-min-1024x697.jpg 1024w, https:\/\/www.vita-explorers.dk\/blog\/wp-content\/uploads\/2018\/02\/Vol1_turtle-2-min-150x102.jpg 150w, https:\/\/www.vita-explorers.dk\/blog\/wp-content\/uploads\/2018\/02\/Vol1_turtle-2-min.jpg 1426w\" sizes=\"(max-width: 300px) 100vw, 300px\" \/><span style=\"text-decoration: underline;\"><a href=\"https:\/\/www.vita-explorers.dk\/blog\/kritik-vita-vandkrise-sydafrika-toerke-ansvarlige-internationale-forloeb-miljoe-og-klima\/\" target=\"_blank\" rel=\"noopener\">Det var t\u00e6t p\u00e5!<\/a><\/span><\/span><\/p>\n<p style=\"text-align: justify;\"><span style=\"font-family: verdana, geneva, sans-serif;\"><strong>\u201dDay Zero\u201d bliver ikke til noget i 2018,<\/strong> takket v\u00e6re en bred f\u00e6lles indsats!<\/span><\/p>\n<p style=\"text-align: justify;\"><span style=\"font-family: verdana, geneva, sans-serif;\">I Cape Town-omr\u00e5det frygtede man <strong>\u201dDay Zero\u201d<\/strong> \u2013 den dato (f\u00f8rst vurderet til 22. april, senere 18. marts 2018), hvor de sydafrikanske myndigheder forventede at blive n\u00f8dt til at indf\u00f8re drastiske tiltag, hvis situationen fortsatte med at forv\u00e6rres: <strong>at lukke for vandet i hanerne i regionen (som i s\u00e5 fald ville v\u00e6re blevet uegnet til at drikke af sundhedsm\u00e6ssige grunde), indf\u00f8re rationering og uddele<\/strong><br \/>\n<strong> vand p\u00e5 flaske til befolkningen<\/strong><strong>, osv.<\/strong><\/span><\/p>\n<p style=\"text-align: justify;\"><span style=\"font-family: verdana, geneva, sans-serif;\"><img loading=\"lazy\" decoding=\"async\" class=\"size-medium wp-image-8806 aligncenter\" src=\"https:\/\/www.vita-explorers.dk\/blog\/wp-content\/uploads\/2017\/12\/Paysage-Vietnam-min-300x225.jpg\" alt=\"\" width=\"300\" height=\"225\" srcset=\"https:\/\/www.vita-explorers.dk\/blog\/wp-content\/uploads\/2017\/12\/Paysage-Vietnam-min-300x225.jpg 300w, https:\/\/www.vita-explorers.dk\/blog\/wp-content\/uploads\/2017\/12\/Paysage-Vietnam-min-768x576.jpg 768w, https:\/\/www.vita-explorers.dk\/blog\/wp-content\/uploads\/2017\/12\/Paysage-Vietnam-min-1024x768.jpg 1024w, https:\/\/www.vita-explorers.dk\/blog\/wp-content\/uploads\/2017\/12\/Paysage-Vietnam-min-150x113.jpg 150w\" sizes=\"(max-width: 300px) 100vw, 300px\" \/>Ramt af <strong>den mest ekstreme t\u00f8rke registreret i et \u00e5rtusinde<\/strong> st\u00e5r Sydafrika reelt over for en alvorlig situation: <strong>vandkrisen<\/strong> var vokset markant de seneste m\u00e5neder, fordi vinterm\u00e5nederne ikke gav regn i Western Cape, som man havde h\u00e5bet. De lokale teams har l\u00f8bende holdt os orienteret om udviklingen uge for uge. <strong>Da byens vandreservoirer var t\u00e6t p\u00e5 at v\u00e6re tomme, skulle der hurtigt findes en akut l\u00f8sning.<\/strong><\/span><\/p>\n<p style=\"text-align: justify;\"><span style=\"font-family: verdana, geneva, sans-serif;\"><strong>Heldigvis<\/strong> kunne vandforbruget <img loading=\"lazy\" decoding=\"async\" class=\"size-medium wp-image-6301 aligncenter\" src=\"https:\/\/www.vita-explorers.dk\/blog\/wp-content\/uploads\/2017\/03\/globalong-cascade-maroc-300x200.jpg\" alt=\"Volontariat international eu Maroc - GlobAlong\" width=\"300\" height=\"200\" srcset=\"https:\/\/www.vita-explorers.dk\/blog\/wp-content\/uploads\/2017\/03\/globalong-cascade-maroc-300x200.jpg 300w, https:\/\/www.vita-explorers.dk\/blog\/wp-content\/uploads\/2017\/03\/globalong-cascade-maroc-768x512.jpg 768w, https:\/\/www.vita-explorers.dk\/blog\/wp-content\/uploads\/2017\/03\/globalong-cascade-maroc-1024x683.jpg 1024w, https:\/\/www.vita-explorers.dk\/blog\/wp-content\/uploads\/2017\/03\/globalong-cascade-maroc-150x100.jpg 150w\" sizes=\"(max-width: 300px) 100vw, 300px\" \/>reduceres i tide gennem <strong>forebyggende tiltag<\/strong>\u00a0<\/span><span style=\"font-family: verdana, geneva, sans-serif;\">og <strong>internationale oplysningskampagner<\/strong>: <strong>indbyggerne<\/strong> i Cape Town-omr\u00e5det og bes\u00f8gende <strong>stod sammen<\/strong> om at spare p\u00e5 vandet, og i dag <strong>undgik man det v\u00e6rste.<\/strong> Men det er stadig ikke tid til at slippe de f\u00e6lles vaner, for <strong>vand er fortsat et centralt tema i b\u00e6redygtig udvikling<\/strong> \u2013 ikke mindst i lande i det globale syd, som kan blive ramt af gentagne t\u00f8rkeperioder.<\/span><\/p>\n<p style=\"text-align: justify;\"><span style=\"font-family: verdana, geneva, sans-serif;\"><img loading=\"lazy\" decoding=\"async\" class=\"size-medium wp-image-6119 aligncenter\" src=\"https:\/\/www.vita-explorers.dk\/blog\/wp-content\/uploads\/2017\/01\/Programme-de-be\u0301ne\u0301volat-au-Vietnam-GlobAlong--300x169.jpg\" alt=\"\" width=\"300\" height=\"169\" srcset=\"https:\/\/www.vita-explorers.dk\/blog\/wp-content\/uploads\/2017\/01\/Programme-de-be\u0301ne\u0301volat-au-Vietnam-GlobAlong--300x169.jpg 300w, https:\/\/www.vita-explorers.dk\/blog\/wp-content\/uploads\/2017\/01\/Programme-de-be\u0301ne\u0301volat-au-Vietnam-GlobAlong--768x432.jpg 768w, https:\/\/www.vita-explorers.dk\/blog\/wp-content\/uploads\/2017\/01\/Programme-de-be\u0301ne\u0301volat-au-Vietnam-GlobAlong--1024x576.jpg 1024w, https:\/\/www.vita-explorers.dk\/blog\/wp-content\/uploads\/2017\/01\/Programme-de-be\u0301ne\u0301volat-au-Vietnam-GlobAlong--150x84.jpg 150w, https:\/\/www.vita-explorers.dk\/blog\/wp-content\/uploads\/2017\/01\/Programme-de-be\u0301ne\u0301volat-au-Vietnam-GlobAlong-.jpg 1280w\" sizes=\"(max-width: 300px) 100vw, 300px\" \/><strong>Vand er en uvurderlig ressource<\/strong>, som vi skal passe p\u00e5 \u2013 b\u00e5de for at beskytte milj\u00f8et (t\u00f8rke, oversv\u00f8mmelser, forurening af hav og vandl\u00f8b) og for at underst\u00f8tte et lands \u00f8konomiske udvikling (landbrug, industri, service m.m.) og dermed mindske fattigdom.<\/span><\/p>\n<p style=\"text-align: justify;\"><span style=\"font-family: verdana, geneva, sans-serif;\"><strong>Verdens Vanddag den 22. marts 2018<\/strong> har temaet: <strong>\u201eVand: Svaret findes i naturen\u201c<\/strong>. \u00a0<\/span><\/p>\n<p style=\"text-align: justify;\"><img loading=\"lazy\" decoding=\"async\" class=\"size-medium wp-image-9078 aligncenter\" src=\"https:\/\/www.vita-explorers.dk\/blog\/wp-content\/uploads\/2018\/03\/workshop-min-300x234.jpg\" alt=\"\" width=\"300\" height=\"234\" srcset=\"https:\/\/www.vita-explorers.dk\/blog\/wp-content\/uploads\/2018\/03\/workshop-min-300x234.jpg 300w, https:\/\/www.vita-explorers.dk\/blog\/wp-content\/uploads\/2018\/03\/workshop-min-768x598.jpg 768w, https:\/\/www.vita-explorers.dk\/blog\/wp-content\/uploads\/2018\/03\/workshop-min-150x117.jpg 150w, https:\/\/www.vita-explorers.dk\/blog\/wp-content\/uploads\/2018\/03\/workshop-min.jpg 960w\" sizes=\"(max-width: 300px) 100vw, 300px\" \/><\/p>\n<p style=\"text-align: justify;\"><span style=\"font-family: verdana, geneva, sans-serif;\">Lad os markere dagen ved, at vi alle g\u00f8r en konkret indsats for at spare p\u00e5 vandet \u2013 hver p\u00e5 vores egen m\u00e5de.<\/span><\/p>\n<p style=\"text-align: justify;\"><span style=\"font-family: verdana, geneva, sans-serif;\"><span style=\"text-decoration: underline;\">Du kan for eksempel<\/span>\u00a0:<\/span><\/p>\n<ul style=\"text-align: justify;\">\n<li style=\"text-align: justify;\"><a href=\"https:\/\/www.vita-explorers.dk\/blog\/wash-in-5-challenge-oplysning-om-vand-og-toerke-i-sydafrika-solidaritet-borgerhandling-frivilligt-arbejde-internationalt-engagement\/\" target=\"_blank\" rel=\"noopener\"><span style=\"font-family: verdana, geneva, sans-serif;\">tage et bad p\u00e5 under 5 minutter<\/span><\/a><\/li>\n<li style=\"text-align: justify;\"><strong><span style=\"font-family: verdana, geneva, sans-serif;\">ikke lade vandet l\u00f8be, mens du vasker h\u00e6nder eller b\u00f8rster t\u00e6nder<\/span><\/strong><\/li>\n<li style=\"text-align: left;\"><span style=\"font-family: verdana, geneva, sans-serif;\">vente, til du har nok vasket\u00f8j til <span style=\"text-decoration: underline;\"><a href=\"https:\/\/www.vita-explorers.dk\/blog\/humanit\u00e6rt-forl\u00f8b-volontaire-international-astuce-conseil-avis-backpacker-voyage\/\" target=\"_blank\" rel=\"noopener\">at k\u00f8re en vaskemaskine<\/a><\/span><\/span><\/li>\n<\/ul>\n<p style=\"text-align: justify;\"><span style=\"font-family: verdana, geneva, sans-serif;\">Del gerne <strong>dine egne tips<\/strong> til, hvordan man kan spare p\u00e5 vandet i hverdagen.<\/span><\/p>\n<p style=\"text-align: justify;\"><span style=\"text-decoration: underline;\"><a href=\"https:\/\/www.vita-explorers.dk\/blog\/avis-globalong\/\" target=\"_blank\" rel=\"noopener\"><span style=\"font-family: verdana, geneva, sans-serif;\">Tak for dit engagement!<\/span><\/a><\/span><\/p>\n<p style=\"text-align: justify;\"><span style=\"font-family: verdana, geneva, sans-serif;\">Teamet hos VITA Institute<\/span><\/p>\n<p style=\"text-align: justify;\"><span style=\"text-decoration: underline;\"><strong><a href=\"https:\/\/www.vita-explorers.dk\/frivilligt-arbejde\/frivilligt-arbejde-sydafrika.html\" target=\"_blank\" rel=\"noopener\"><span style=\"font-family: verdana, geneva, sans-serif;\">Se vores frivillige forl\u00f8b i Sydafrika her<\/span><\/a><\/strong><\/span><\/p>\n","protected":false},"excerpt":{"rendered":"<p>I anledning af Verdens Vanddag den 22. marts g\u00f8r teamet status p\u00e5 den vandkrise, der har rystet Cape Town-omr\u00e5det i Sydafrika de seneste m\u00e5neder.\u2026<\/p>\n","protected":false},"author":7,"featured_media":9258,"comment_status":"open","ping_status":"open","sticky":false,"template":"","format":"standard","meta":{"footnotes":""},"categories":[470,472,4],"tags":[205,57,114,109,52,104,94,185],"yoast_head":"<!-- This site is optimized with the Yoast SEO Premium plugin v23.4 (Yoast SEO v23.4) - https:\/\/yoast.com\/wordpress\/plugins\/seo\/ -->\n<title>Vand: en v\u00e6rdifuld naturressource! \u2013 22. marts 2018 - VITA Explorers Blog<\/title>\n<meta name=\"robots\" content=\"index, follow, max-snippet:-1, max-image-preview:large, max-video-preview:-1\" \/>\n<link rel=\"canonical\" href=\"https:\/\/www.vita-explorers.dk\/blog\/22-marts-vita-institute-verdens-vanddag-day-zero-sydafrika-vandkrise-klima-miljoe-handling-baeredygtig-udvikling\/\" \/>\n<meta property=\"og:locale\" content=\"da_DK\" \/>\n<meta property=\"og:type\" content=\"article\" \/>\n<meta property=\"og:title\" content=\"Vand: en v\u00e6rdifuld naturressource! \u2013 22. marts 2018\" \/>\n<meta property=\"og:description\" content=\"I anledning af Verdens Vanddag den 22. marts g\u00f8r teamet status p\u00e5 den vandkrise, der har rystet Cape Town-omr\u00e5det i Sydafrika de seneste m\u00e5neder.\u2026\" \/>\n<meta property=\"og:url\" content=\"https:\/\/www.vita-explorers.dk\/blog\/22-marts-vita-institute-verdens-vanddag-day-zero-sydafrika-vandkrise-klima-miljoe-handling-baeredygtig-udvikling\/\" \/>\n<meta property=\"og:site_name\" content=\"VITA Explorers Blog\" \/>\n<meta property=\"article:publisher\" content=\"https:\/\/www.facebook.com\/globalong\" \/>\n<meta property=\"article:published_time\" content=\"2018-03-22T13:27:33+00:00\" \/>\n<meta property=\"article:modified_time\" content=\"2022-03-14T18:33:57+00:00\" \/>\n<meta property=\"og:image\" content=\"https:\/\/www.vita-explorers.dk\/blog\/wp-content\/uploads\/2018\/03\/goutte-deau-e1521732795121.jpeg\" \/>\n\t<meta property=\"og:image:width\" content=\"275\" \/>\n\t<meta property=\"og:image:height\" content=\"183\" \/>\n\t<meta property=\"og:image:type\" content=\"image\/jpeg\" \/>\n<meta name=\"author\" content=\"VITA Tribe\" \/>\n<meta name=\"twitter:card\" content=\"summary_large_image\" \/>\n<meta name=\"twitter:label1\" content=\"Skrevet af\" \/>\n\t<meta name=\"twitter:data1\" content=\"VITA Tribe\" \/>\n\t<meta name=\"twitter:label2\" content=\"Estimeret l\u00e6setid\" \/>\n\t<meta name=\"twitter:data2\" content=\"2 minutter\" \/>\n<script type=\"application\/ld+json\" class=\"yoast-schema-graph\">{\"@context\":\"https:\/\/schema.org\",\"@graph\":[{\"@type\":\"Article\",\"@id\":\"https:\/\/www.vita-explorers.dk\/blog\/22-marts-vita-institute-verdens-vanddag-day-zero-sydafrika-vandkrise-klima-miljoe-handling-baeredygtig-udvikling\/#article\",\"isPartOf\":{\"@id\":\"https:\/\/www.vita-explorers.dk\/blog\/22-marts-vita-institute-verdens-vanddag-day-zero-sydafrika-vandkrise-klima-miljoe-handling-baeredygtig-udvikling\/\"},\"author\":{\"name\":\"VITA Tribe\",\"@id\":\"https:\/\/www.vita-explorers.dk\/blog\/#\/schema\/person\/fc0343a2f2db2ebb2793c1f62dbe73f0\"},\"headline\":\"Vand: en v\u00e6rdifuld naturressource! \u2013 22. marts 2018\",\"datePublished\":\"2018-03-22T13:27:33+00:00\",\"dateModified\":\"2022-03-14T18:33:57+00:00\",\"mainEntityOfPage\":{\"@id\":\"https:\/\/www.vita-explorers.dk\/blog\/22-marts-vita-institute-verdens-vanddag-day-zero-sydafrika-vandkrise-klima-miljoe-handling-baeredygtig-udvikling\/\"},\"wordCount\":424,\"commentCount\":0,\"publisher\":{\"@id\":\"https:\/\/www.vita-explorers.dk\/blog\/#organization\"},\"image\":{\"@id\":\"https:\/\/www.vita-explorers.dk\/blog\/22-marts-vita-institute-verdens-vanddag-day-zero-sydafrika-vandkrise-klima-miljoe-handling-baeredygtig-udvikling\/#primaryimage\"},\"thumbnailUrl\":\"https:\/\/www.vita-explorers.dk\/blog\/wp-content\/uploads\/2018\/03\/goutte-deau-e1521732795121.jpeg\",\"keywords\":[\"#voyagerautrement\",\"afrique\",\"ann\u00e9e sabbatique\",\"climat\",\"Eco-volontariat\",\"\u00e9cologie\",\"Ecovolontariat\",\"globalong\"],\"articleSection\":[\"Natur- og milj\u00f8frivilligt arbejde\",\"Oplysning\",\"VITA Explorers\"],\"inLanguage\":\"da-DK\",\"potentialAction\":[{\"@type\":\"CommentAction\",\"name\":\"Comment\",\"target\":[\"https:\/\/www.vita-explorers.dk\/blog\/22-marts-vita-institute-verdens-vanddag-day-zero-sydafrika-vandkrise-klima-miljoe-handling-baeredygtig-udvikling\/#respond\"]}]},{\"@type\":\"WebPage\",\"@id\":\"https:\/\/www.vita-explorers.dk\/blog\/22-marts-vita-institute-verdens-vanddag-day-zero-sydafrika-vandkrise-klima-miljoe-handling-baeredygtig-udvikling\/\",\"url\":\"https:\/\/www.vita-explorers.dk\/blog\/22-marts-vita-institute-verdens-vanddag-day-zero-sydafrika-vandkrise-klima-miljoe-handling-baeredygtig-udvikling\/\",\"name\":\"Vand: en v\u00e6rdifuld naturressource! \u2013 22. marts 2018 - VITA Explorers Blog\",\"isPartOf\":{\"@id\":\"https:\/\/www.vita-explorers.dk\/blog\/#website\"},\"primaryImageOfPage\":{\"@id\":\"https:\/\/www.vita-explorers.dk\/blog\/22-marts-vita-institute-verdens-vanddag-day-zero-sydafrika-vandkrise-klima-miljoe-handling-baeredygtig-udvikling\/#primaryimage\"},\"image\":{\"@id\":\"https:\/\/www.vita-explorers.dk\/blog\/22-marts-vita-institute-verdens-vanddag-day-zero-sydafrika-vandkrise-klima-miljoe-handling-baeredygtig-udvikling\/#primaryimage\"},\"thumbnailUrl\":\"https:\/\/www.vita-explorers.dk\/blog\/wp-content\/uploads\/2018\/03\/goutte-deau-e1521732795121.jpeg\",\"datePublished\":\"2018-03-22T13:27:33+00:00\",\"dateModified\":\"2022-03-14T18:33:57+00:00\",\"breadcrumb\":{\"@id\":\"https:\/\/www.vita-explorers.dk\/blog\/22-marts-vita-institute-verdens-vanddag-day-zero-sydafrika-vandkrise-klima-miljoe-handling-baeredygtig-udvikling\/#breadcrumb\"},\"inLanguage\":\"da-DK\",\"potentialAction\":[{\"@type\":\"ReadAction\",\"target\":[\"https:\/\/www.vita-explorers.dk\/blog\/22-marts-vita-institute-verdens-vanddag-day-zero-sydafrika-vandkrise-klima-miljoe-handling-baeredygtig-udvikling\/\"]}]},{\"@type\":\"ImageObject\",\"inLanguage\":\"da-DK\",\"@id\":\"https:\/\/www.vita-explorers.dk\/blog\/22-marts-vita-institute-verdens-vanddag-day-zero-sydafrika-vandkrise-klima-miljoe-handling-baeredygtig-udvikling\/#primaryimage\",\"url\":\"https:\/\/www.vita-explorers.dk\/blog\/wp-content\/uploads\/2018\/03\/goutte-deau-e1521732795121.jpeg\",\"contentUrl\":\"https:\/\/www.vita-explorers.dk\/blog\/wp-content\/uploads\/2018\/03\/goutte-deau-e1521732795121.jpeg\",\"width\":275,\"height\":183,\"caption\":\"Pr\u00e9servation de l'eau\"},{\"@type\":\"BreadcrumbList\",\"@id\":\"https:\/\/www.vita-explorers.dk\/blog\/22-marts-vita-institute-verdens-vanddag-day-zero-sydafrika-vandkrise-klima-miljoe-handling-baeredygtig-udvikling\/#breadcrumb\",\"itemListElement\":[{\"@type\":\"ListItem\",\"position\":1,\"name\":\"Accueil\",\"item\":\"https:\/\/www.vita-explorers.dk\/blog\/\"},{\"@type\":\"ListItem\",\"position\":2,\"name\":\"Vand: en v\u00e6rdifuld naturressource! \u2013 22. marts 2018\"}]},{\"@type\":\"WebSite\",\"@id\":\"https:\/\/www.vita-explorers.dk\/blog\/#website\",\"url\":\"https:\/\/www.vita-explorers.dk\/blog\/\",\"name\":\"Association Globalong\",\"description\":\"Frivilligt arbejde, sprogophold, praktik i udlandet og internationale oplevelser\",\"publisher\":{\"@id\":\"https:\/\/www.vita-explorers.dk\/blog\/#organization\"},\"potentialAction\":[{\"@type\":\"SearchAction\",\"target\":{\"@type\":\"EntryPoint\",\"urlTemplate\":\"https:\/\/www.vita-explorers.dk\/blog\/?s={search_term_string}\"},\"query-input\":{\"@type\":\"PropertyValueSpecification\",\"valueRequired\":true,\"valueName\":\"search_term_string\"}}],\"inLanguage\":\"da-DK\"},{\"@type\":\"Organization\",\"@id\":\"https:\/\/www.vita-explorers.dk\/blog\/#organization\",\"name\":\"Association Globalong\",\"url\":\"https:\/\/www.vita-explorers.dk\/blog\/\",\"logo\":{\"@type\":\"ImageObject\",\"inLanguage\":\"da-DK\",\"@id\":\"https:\/\/www.vita-explorers.dk\/blog\/#\/schema\/logo\/image\/\",\"url\":\"https:\/\/www.globalong.com\/blog\/wp-content\/uploads\/2014\/11\/cropped-cropped-Logo-et-Afrique-Globalong-petite-taille-2.jpg\",\"contentUrl\":\"https:\/\/www.globalong.com\/blog\/wp-content\/uploads\/2014\/11\/cropped-cropped-Logo-et-Afrique-Globalong-petite-taille-2.jpg\",\"width\":512,\"height\":512,\"caption\":\"Association Globalong\"},\"image\":{\"@id\":\"https:\/\/www.vita-explorers.dk\/blog\/#\/schema\/logo\/image\/\"},\"sameAs\":[\"https:\/\/www.facebook.com\/globalong\"]},{\"@type\":\"Person\",\"@id\":\"https:\/\/www.vita-explorers.dk\/blog\/#\/schema\/person\/fc0343a2f2db2ebb2793c1f62dbe73f0\",\"name\":\"VITA Tribe\",\"image\":{\"@type\":\"ImageObject\",\"inLanguage\":\"da-DK\",\"@id\":\"https:\/\/www.vita-explorers.dk\/blog\/#\/schema\/person\/image\/\",\"url\":\"https:\/\/secure.gravatar.com\/avatar\/f7f05026bb439d0c96b30e135e5f852c?s=96&d=mm&r=g\",\"contentUrl\":\"https:\/\/secure.gravatar.com\/avatar\/f7f05026bb439d0c96b30e135e5f852c?s=96&d=mm&r=g\",\"caption\":\"VITA Tribe\"},\"sameAs\":[\"http:\/\/www.globalong.com\"],\"url\":\"https:\/\/www.vita-explorers.dk\/blog\/author\/teamglobalong\/\"}]}<\/script>\n<!-- \/ Yoast SEO Premium plugin. -->","yoast_head_json":{"title":"Vand: en v\u00e6rdifuld naturressource! \u2013 22. marts 2018 - VITA Explorers Blog","robots":{"index":"index","follow":"follow","max-snippet":"max-snippet:-1","max-image-preview":"max-image-preview:large","max-video-preview":"max-video-preview:-1"},"canonical":"https:\/\/www.vita-explorers.dk\/blog\/22-marts-vita-institute-verdens-vanddag-day-zero-sydafrika-vandkrise-klima-miljoe-handling-baeredygtig-udvikling\/","og_locale":"da_DK","og_type":"article","og_title":"Vand: en v\u00e6rdifuld naturressource! \u2013 22. marts 2018","og_description":"I anledning af Verdens Vanddag den 22. marts g\u00f8r teamet status p\u00e5 den vandkrise, der har rystet Cape Town-omr\u00e5det i Sydafrika de seneste m\u00e5neder.\u2026","og_url":"https:\/\/www.vita-explorers.dk\/blog\/22-marts-vita-institute-verdens-vanddag-day-zero-sydafrika-vandkrise-klima-miljoe-handling-baeredygtig-udvikling\/","og_site_name":"VITA Explorers Blog","article_publisher":"https:\/\/www.facebook.com\/globalong","article_published_time":"2018-03-22T13:27:33+00:00","article_modified_time":"2022-03-14T18:33:57+00:00","og_image":[{"width":275,"height":183,"url":"https:\/\/www.vita-explorers.dk\/blog\/wp-content\/uploads\/2018\/03\/goutte-deau-e1521732795121.jpeg","type":"image\/jpeg"}],"author":"VITA Tribe","twitter_card":"summary_large_image","twitter_misc":{"Skrevet af":"VITA Tribe","Estimeret l\u00e6setid":"2 minutter"},"schema":{"@context":"https:\/\/schema.org","@graph":[{"@type":"Article","@id":"https:\/\/www.vita-explorers.dk\/blog\/22-marts-vita-institute-verdens-vanddag-day-zero-sydafrika-vandkrise-klima-miljoe-handling-baeredygtig-udvikling\/#article","isPartOf":{"@id":"https:\/\/www.vita-explorers.dk\/blog\/22-marts-vita-institute-verdens-vanddag-day-zero-sydafrika-vandkrise-klima-miljoe-handling-baeredygtig-udvikling\/"},"author":{"name":"VITA Tribe","@id":"https:\/\/www.vita-explorers.dk\/blog\/#\/schema\/person\/fc0343a2f2db2ebb2793c1f62dbe73f0"},"headline":"Vand: en v\u00e6rdifuld naturressource! \u2013 22. marts 2018","datePublished":"2018-03-22T13:27:33+00:00","dateModified":"2022-03-14T18:33:57+00:00","mainEntityOfPage":{"@id":"https:\/\/www.vita-explorers.dk\/blog\/22-marts-vita-institute-verdens-vanddag-day-zero-sydafrika-vandkrise-klima-miljoe-handling-baeredygtig-udvikling\/"},"wordCount":424,"commentCount":0,"publisher":{"@id":"https:\/\/www.vita-explorers.dk\/blog\/#organization"},"image":{"@id":"https:\/\/www.vita-explorers.dk\/blog\/22-marts-vita-institute-verdens-vanddag-day-zero-sydafrika-vandkrise-klima-miljoe-handling-baeredygtig-udvikling\/#primaryimage"},"thumbnailUrl":"https:\/\/www.vita-explorers.dk\/blog\/wp-content\/uploads\/2018\/03\/goutte-deau-e1521732795121.jpeg","keywords":["#voyagerautrement","afrique","ann\u00e9e sabbatique","climat","Eco-volontariat","\u00e9cologie","Ecovolontariat","globalong"],"articleSection":["Natur- og milj\u00f8frivilligt arbejde","Oplysning","VITA Explorers"],"inLanguage":"da-DK","potentialAction":[{"@type":"CommentAction","name":"Comment","target":["https:\/\/www.vita-explorers.dk\/blog\/22-marts-vita-institute-verdens-vanddag-day-zero-sydafrika-vandkrise-klima-miljoe-handling-baeredygtig-udvikling\/#respond"]}]},{"@type":"WebPage","@id":"https:\/\/www.vita-explorers.dk\/blog\/22-marts-vita-institute-verdens-vanddag-day-zero-sydafrika-vandkrise-klima-miljoe-handling-baeredygtig-udvikling\/","url":"https:\/\/www.vita-explorers.dk\/blog\/22-marts-vita-institute-verdens-vanddag-day-zero-sydafrika-vandkrise-klima-miljoe-handling-baeredygtig-udvikling\/","name":"Vand: en v\u00e6rdifuld naturressource! \u2013 22. marts 2018 - VITA Explorers Blog","isPartOf":{"@id":"https:\/\/www.vita-explorers.dk\/blog\/#website"},"primaryImageOfPage":{"@id":"https:\/\/www.vita-explorers.dk\/blog\/22-marts-vita-institute-verdens-vanddag-day-zero-sydafrika-vandkrise-klima-miljoe-handling-baeredygtig-udvikling\/#primaryimage"},"image":{"@id":"https:\/\/www.vita-explorers.dk\/blog\/22-marts-vita-institute-verdens-vanddag-day-zero-sydafrika-vandkrise-klima-miljoe-handling-baeredygtig-udvikling\/#primaryimage"},"thumbnailUrl":"https:\/\/www.vita-explorers.dk\/blog\/wp-content\/uploads\/2018\/03\/goutte-deau-e1521732795121.jpeg","datePublished":"2018-03-22T13:27:33+00:00","dateModified":"2022-03-14T18:33:57+00:00","breadcrumb":{"@id":"https:\/\/www.vita-explorers.dk\/blog\/22-marts-vita-institute-verdens-vanddag-day-zero-sydafrika-vandkrise-klima-miljoe-handling-baeredygtig-udvikling\/#breadcrumb"},"inLanguage":"da-DK","potentialAction":[{"@type":"ReadAction","target":["https:\/\/www.vita-explorers.dk\/blog\/22-marts-vita-institute-verdens-vanddag-day-zero-sydafrika-vandkrise-klima-miljoe-handling-baeredygtig-udvikling\/"]}]},{"@type":"ImageObject","inLanguage":"da-DK","@id":"https:\/\/www.vita-explorers.dk\/blog\/22-marts-vita-institute-verdens-vanddag-day-zero-sydafrika-vandkrise-klima-miljoe-handling-baeredygtig-udvikling\/#primaryimage","url":"https:\/\/www.vita-explorers.dk\/blog\/wp-content\/uploads\/2018\/03\/goutte-deau-e1521732795121.jpeg","contentUrl":"https:\/\/www.vita-explorers.dk\/blog\/wp-content\/uploads\/2018\/03\/goutte-deau-e1521732795121.jpeg","width":275,"height":183,"caption":"Pr\u00e9servation de l'eau"},{"@type":"BreadcrumbList","@id":"https:\/\/www.vita-explorers.dk\/blog\/22-marts-vita-institute-verdens-vanddag-day-zero-sydafrika-vandkrise-klima-miljoe-handling-baeredygtig-udvikling\/#breadcrumb","itemListElement":[{"@type":"ListItem","position":1,"name":"Accueil","item":"https:\/\/www.vita-explorers.dk\/blog\/"},{"@type":"ListItem","position":2,"name":"Vand: en v\u00e6rdifuld naturressource! \u2013 22. marts 2018"}]},{"@type":"WebSite","@id":"https:\/\/www.vita-explorers.dk\/blog\/#website","url":"https:\/\/www.vita-explorers.dk\/blog\/","name":"Association Globalong","description":"Frivilligt arbejde, sprogophold, praktik i udlandet og internationale oplevelser","publisher":{"@id":"https:\/\/www.vita-explorers.dk\/blog\/#organization"},"potentialAction":[{"@type":"SearchAction","target":{"@type":"EntryPoint","urlTemplate":"https:\/\/www.vita-explorers.dk\/blog\/?s={search_term_string}"},"query-input":{"@type":"PropertyValueSpecification","valueRequired":true,"valueName":"search_term_string"}}],"inLanguage":"da-DK"},{"@type":"Organization","@id":"https:\/\/www.vita-explorers.dk\/blog\/#organization","name":"Association Globalong","url":"https:\/\/www.vita-explorers.dk\/blog\/","logo":{"@type":"ImageObject","inLanguage":"da-DK","@id":"https:\/\/www.vita-explorers.dk\/blog\/#\/schema\/logo\/image\/","url":"https:\/\/www.globalong.com\/blog\/wp-content\/uploads\/2014\/11\/cropped-cropped-Logo-et-Afrique-Globalong-petite-taille-2.jpg","contentUrl":"https:\/\/www.globalong.com\/blog\/wp-content\/uploads\/2014\/11\/cropped-cropped-Logo-et-Afrique-Globalong-petite-taille-2.jpg","width":512,"height":512,"caption":"Association Globalong"},"image":{"@id":"https:\/\/www.vita-explorers.dk\/blog\/#\/schema\/logo\/image\/"},"sameAs":["https:\/\/www.facebook.com\/globalong"]},{"@type":"Person","@id":"https:\/\/www.vita-explorers.dk\/blog\/#\/schema\/person\/fc0343a2f2db2ebb2793c1f62dbe73f0","name":"VITA Tribe","image":{"@type":"ImageObject","inLanguage":"da-DK","@id":"https:\/\/www.vita-explorers.dk\/blog\/#\/schema\/person\/image\/","url":"https:\/\/secure.gravatar.com\/avatar\/f7f05026bb439d0c96b30e135e5f852c?s=96&d=mm&r=g","contentUrl":"https:\/\/secure.gravatar.com\/avatar\/f7f05026bb439d0c96b30e135e5f852c?s=96&d=mm&r=g","caption":"VITA Tribe"},"sameAs":["http:\/\/www.globalong.com"],"url":"https:\/\/www.vita-explorers.dk\/blog\/author\/teamglobalong\/"}]}},"_links":{"self":[{"href":"https:\/\/www.vita-explorers.dk\/blog\/wp-json\/wp\/v2\/posts\/9234"}],"collection":[{"href":"https:\/\/www.vita-explorers.dk\/blog\/wp-json\/wp\/v2\/posts"}],"about":[{"href":"https:\/\/www.vita-explorers.dk\/blog\/wp-json\/wp\/v2\/types\/post"}],"author":[{"embeddable":true,"href":"https:\/\/www.vita-explorers.dk\/blog\/wp-json\/wp\/v2\/users\/7"}],"replies":[{"embeddable":true,"href":"https:\/\/www.vita-explorers.dk\/blog\/wp-json\/wp\/v2\/comments?post=9234"}],"version-history":[{"count":33,"href":"https:\/\/www.vita-explorers.dk\/blog\/wp-json\/wp\/v2\/posts\/9234\/revisions"}],"predecessor-version":[{"id":14236,"href":"https:\/\/www.vita-explorers.dk\/blog\/wp-json\/wp\/v2\/posts\/9234\/revisions\/14236"}],"wp:featuredmedia":[{"embeddable":true,"href":"https:\/\/www.vita-explorers.dk\/blog\/wp-json\/wp\/v2\/media\/9258"}],"wp:attachment":[{"href":"https:\/\/www.vita-explorers.dk\/blog\/wp-json\/wp\/v2\/media?parent=9234"}],"wp:term":[{"taxonomy":"category","embeddable":true,"href":"https:\/\/www.vita-explorers.dk\/blog\/wp-json\/wp\/v2\/categories?post=9234"},{"taxonomy":"post_tag","embeddable":true,"href":"https:\/\/www.vita-explorers.dk\/blog\/wp-json\/wp\/v2\/tags?post=9234"}],"curies":[{"name":"wp","href":"https:\/\/api.w.org\/{rel}","templated":true}]}}