{"id":9304,"date":"2018-03-29T10:57:44","date_gmt":"2018-03-29T08:57:44","guid":{"rendered":"https:\/\/www.globalong.com\/blog\/?p=9304"},"modified":"2024-11-05T23:02:58","modified_gmt":"2024-11-05T22:02:58","slug":"service-civique-vita-institute-engagement","status":"publish","type":"post","link":"https:\/\/www.vita-explorers.dk\/blog\/service-civique-vita-institute-engagement\/","title":{"rendered":"Hvorfor jeg valgte at tage et civilforl\u00f8b"},"content":{"rendered":"<h2 style=\"text-align: justify;\"><strong>Derfor valgte jeg at engagere mig i et civilt engagementforl\u00f8b: at finde retning og l\u00e6re mig selv bedre at kende<\/strong><\/h2>\n<hr \/>\n<p style=\"text-align: justify;\"><strong>Leder du efter et form\u00e5l \u2013 et forl\u00f8b, der kan give ny retning og hj\u00e6lpe dig med at trives?<\/strong> Et <strong>civilt engagementforl\u00f8b<\/strong> kan v\u00e6re et godt svar. For mig blev det meget mere end \u201cbare\u201d frivilligt arbejde; det blev et tydeligt vendepunkt i mit liv.<\/p>\n<p style=\"text-align: justify;\">Efter studier i samfundsvidenskab med fokus p\u00e5 b\u00f8rns l\u00e6ring og udvikling \u2013 med en bachelor og f\u00f8rste \u00e5r af kandidatuddannelsen p\u00e5 ESPE i Paris \u2013 flyttede jeg til Sydfrankrig og stod pludselig uden de vante holdepunkter. Heldigvis fortalte en veninde om sit <strong>civile engagementforl\u00f8b<\/strong> og den positive betydning, det havde haft for hende. Inspireret af hendes oplevelser begyndte jeg at unders\u00f8ge mulighederne, og efter lidt research fandt jeg det helt rigtige match: at blive en del af en <a href=\"https:\/\/www.montessori-france.asso.fr\/page\/156818-accueil\" target=\"_new\" rel=\"noopener\">Montessori-skole<\/a> drevet af en forening. Det passede perfekt til mine faglige interesser og mit \u00f8nske om at bidrage p\u00e5 en meningsfuld m\u00e5de.<\/p>\n<hr \/>\n<h3 style=\"text-align: justify;\"><strong>At opleve et civilt engagementforl\u00f8b i Montessori-uddannelse: et forl\u00f8b ud over det s\u00e6dvanlige<\/strong><\/h3>\n<p style=\"text-align: justify;\">Muligheden for at arbejde i en <strong>Montessori-forening<\/strong> gjorde, at jeg kunne kombinere min interesse for p\u00e6dagogik med lysten til at hj\u00e6lpe. Forl\u00f8bet var en god balance mellem personligt engagement og faglig l\u00e6ring. Som deltager fik jeg indsigt i og kunne arbejde med principperne i <strong>Montessori-p\u00e6dagogik<\/strong> \u2013 en tilgang, der bygger p\u00e5 respekt for barnet, selvst\u00e6ndighed og omsorg.<\/p>\n<p style=\"text-align: justify;\"><strong>Sammen med mine to med-deltagere havde vi varierede og l\u00e6rerige opgaver:<\/strong><\/p>\n<ul style=\"text-align: justify;\">\n<li><strong>Aktiviteter og lege<\/strong> i frikvartererne, hvor vi satte gang i spil og kreative aktiviteter, der underst\u00f8ttede b\u00f8rnenes fantasi.<\/li>\n<li><strong>Rammerne omkring morgen- og eftermiddagsmodtagelse<\/strong>, s\u00e5 b\u00f8rnene m\u00f8dte en tryg og im\u00f8dekommende start og afslutning p\u00e5 dagen.<\/li>\n<li><strong>Udvikling af Montessori-materialer<\/strong>, som underst\u00f8tter b\u00f8rnenes mulighed for at l\u00e6re selvst\u00e6ndigt.<\/li>\n<li><strong>Planl\u00e6gning af skolearrangementer<\/strong> gennem \u00e5ret, som skabte liv og f\u00e6llesskab p\u00e5 skolen.<\/li>\n<\/ul>\n<p style=\"text-align: justify;\">Hver dag b\u00f8d p\u00e5 nye erfaringer og sm\u00e5 udfordringer. Opholdet i Montessori-milj\u00f8et styrkede min motivation for at arbejde et sted, hvor barnet er omdrejningspunktet for l\u00e6ring.<\/p>\n<hr \/>\n<h3 style=\"text-align: justify;\"><strong>Udbyttet af et civilt engagementforl\u00f8b: personlig og faglig udvikling<\/strong><\/h3>\n<p style=\"text-align: justify;\"><a href=\"https:\/\/www.vita-explorers.dk\/blog\/civiltjeneste-i-udlandet-2024-og-2025\/\" target=\"_blank\" rel=\"noopener\">At tage et <strong>civilt engagementforl\u00f8b<\/strong> <\/a>blev en rejse \u2013 b\u00e5de menneskeligt og fagligt. Erfaringen gav mig udvikling p\u00e5 flere omr\u00e5der og efterlod mig med kompetencer og styrker, jeg stadig bruger.<\/p>\n<h4 style=\"text-align: justify;\"><strong>Montessori-p\u00e6dagogik og anerkendende kommunikation: l\u00e6ring der holder<\/strong><\/h4>\n<p style=\"text-align: justify;\">Gennem <strong>Montessori-p\u00e6dagogik<\/strong> l\u00e6rte jeg, hvor vigtigt <strong>anerkendende kommunikation<\/strong> og <strong>aktiv lytning<\/strong> er. Det gjorde en stor forskel i samspillet med b\u00e5de b\u00f8rn og kolleger, fordi jeg arbejdede mere respektfuldt og med st\u00f8rre forst\u00e5else. Metoden l\u00e6rte mig blandt andet at:<\/p>\n<ul style=\"text-align: justify;\">\n<li><strong>Forst\u00e5 og h\u00e5ndtere mine f\u00f8lelser<\/strong> i stressede situationer eller ved uenighed,<\/li>\n<li><strong>Udtrykke mine tanker og behov<\/strong> p\u00e5 en konstruktiv m\u00e5de,<\/li>\n<li><strong>Styrke min evne til selvrefleksion<\/strong>, s\u00e5 jeg bedre forst\u00e5r mine egne reaktioner og kan justere min adf\u00e6rd.<\/li>\n<\/ul>\n<p style=\"text-align: justify;\">De kompetencer f\u00f8lger mig stadig i dag og hj\u00e6lper mig med at m\u00f8de situationer med ro, respekt og empati.<\/p>\n<hr \/>\n<h3 style=\"text-align: justify;\"><strong>Nye interesser gennem foreningsdrevet eventarbejde<\/strong><\/h3>\n<p style=\"text-align: justify;\">Ved at v\u00e6re med til at organisere skolearrangementer opdagede jeg en ny interesse for <strong>eventkommunikation<\/strong>. At planl\u00e6gge aktiviteter, koordinere praktikken og se b\u00f8rnenes gl\u00e6de i de f\u00e6lles \u00f8jeblikke gjorde det tydeligt for mig, hvilken betydning events kan have for trivsel, sammenhold og f\u00e6llesskab.<\/p>\n<p style=\"text-align: justify;\">Den opdagelse gjorde, at jeg valgte at skifte retning og fokusere p\u00e5 eventkommunikation. <strong>Det civile engagementforl\u00f8b<\/strong> blev dermed et <strong>reelt springbr\u00e6t<\/strong> til en ny faglig vej, jeg ikke havde forestillet mig f\u00f8r.<\/p>\n<hr \/>\n<h3 style=\"text-align: justify;\"><strong>Hvorfor v\u00e6lge et civilt engagementforl\u00f8b? En erfaring der giver noget med videre<\/strong><\/h3>\n<p style=\"text-align: justify;\">Et civilt engagementforl\u00f8b kan v\u00e6re b\u00e5de l\u00e6rerigt og meningsfuldt. Uanset om du s\u00f8ger nye kompetencer, en menneskelig erfaring eller en m\u00e5de at bidrage positivt til samfundet p\u00e5, kan forl\u00f8bet give et s\u00e6rligt udbytte. Her er nogle af grundene til, at erfaringen kan v\u00e6re v\u00e6rdifuld:<\/p>\n<ul style=\"text-align: justify;\">\n<li><strong>Udvikling af konkrete kompetencer<\/strong> : uanset om det handler om projektstyring, kommunikation eller samarbejde, giver hvert forl\u00f8b brugbare f\u00e6rdigheder.<\/li>\n<li><strong>Afklaring af retning og motivation<\/strong> : mange deltagere opdager omr\u00e5der, der interesserer dem, og som de ikke havde overvejet tidligere.<\/li>\n<li><strong>Engagement i en social indsats<\/strong> : et civilt engagementforl\u00f8b giver mulighed for at bidrage til projekter med f\u00e6lles v\u00e6rdi og g\u00f8re en konkret forskel i hverdagen.<\/li>\n<\/ul>\n<hr \/>\n<h3 style=\"text-align: justify;\"><strong>FAQ om civilt engagementforl\u00f8b<\/strong><\/h3>\n<p style=\"text-align: justify;\"><strong>Hvorfor tage et civilt engagementforl\u00f8b?<\/strong><br \/>\nEt civilt engagementforl\u00f8b kan styrke dine kompetencer, samtidig med at du bidrager til en indsats, der giver mening. Det er en l\u00e6rerig erfaring, som kan udvikle dig b\u00e5de personligt og fagligt.<\/p>\n<p style=\"text-align: justify;\"><strong>Hvilke kompetencer kan man udvikle i et civilt engagementforl\u00f8b?<\/strong><br \/>\nDet afh\u00e6nger af opgaven, men det kan ofte v\u00e6re projektarbejde, kommunikation, p\u00e6dagogik, selvst\u00e6ndighed \u2013 og i nogle tilf\u00e6lde ogs\u00e5 mere tekniske f\u00e6rdigheder.<\/p>\n<p style=\"text-align: justify;\"><strong>Hvordan finder man et civilt engagementforl\u00f8b i uddannelsesomr\u00e5det?<\/strong><br \/>\nDer findes mange forl\u00f8b inden for uddannelse og p\u00e6dagogik. Se p\u00e5 officielle platforme eller tag kontakt til foreninger, fx Montessori-skoler, for at h\u00f8re om aktuelle muligheder.<\/p>\n<p style=\"text-align: justify;\"><strong>Er et civilt engagementforl\u00f8b l\u00f8nnet?<\/strong><br \/>\nJa, deltagere modtager typisk en m\u00e5nedlig godtg\u00f8relse, som kan d\u00e6kke almindelige leveomkostninger.<\/p>\n<p style=\"text-align: justify;\"><strong>Kan et civilt engagementforl\u00f8b \u00e6ndre din karrierevej?<\/strong><br \/>\nJa. Mange finder en ny retning eller justerer deres karriere p\u00e5 baggrund af de kompetencer, erfaringer og netv\u00e6rk, de opbygger under forl\u00f8bet.<\/p>\n<p style=\"text-align: justify;\"><strong>Kan man tage et civilt engagementforl\u00f8b efter studierne?<\/strong><br \/>\nJa, mange nyuddannede v\u00e6lger et civilt engagementforl\u00f8b for at f\u00e5 praktisk erfaring og blive skarpere p\u00e5, hvad de vil arbejde med.<\/p>\n<hr \/>\n<h3 style=\"text-align: justify;\"><strong>Tag n\u00e6ste skridt \u2013 og giv din vej ny retning med et civilt engagementforl\u00f8b<\/strong><\/h3>\n<p style=\"text-align: justify;\">Kort sagt kan et <strong>civilt engagementforl\u00f8b<\/strong> v\u00e6re en erfaring, der s\u00e6tter spor. Hvis du har lyst til at engagere dig, l\u00e6re nye kompetencer og f\u00e5 en menneskelig oplevelse, der udvider din horisont, kan det v\u00e6re et godt match for dig.<\/p>\n<p style=\"text-align: justify;\"><a href=\"https:\/\/www.vita-explorers.dk\/frivilligt-arbejde\/\" target=\"_new\" rel=\"noopener\">Deltag i et internationalt frivilligt forl\u00f8b!<\/a><br \/>\n<a href=\"https:\/\/www.vita-explorers.dk\/association-globalong.html\" target=\"_new\" rel=\"noopener\">L\u00e6s mere om VITA Institute<\/a><br \/>\n<a href=\"https:\/\/www.vita-explorers.dk\/charte-volontaire-benevolat-international-humanitaire.html\" target=\"_new\" rel=\"noopener\">Se vores charter for ansvarlige internationale forl\u00f8b<\/a><\/p>\n<hr \/>\n<h3 style=\"text-align: justify;\"><strong>Konklusion<\/strong><\/h3>\n<p style=\"text-align: justify;\">At engagere mig i et <strong>civilt engagementforl\u00f8b<\/strong> p\u00e5 en Montessori-skole var en beslutning, der b\u00e5de styrkede mig personligt og fagligt \u2013 og samtidig \u00e5bnede nye muligheder. Med de kompetencer, erfaringer og indsigter jeg fik undervejs, kunne jeg give mit livs- og karriereprojekt et nyt afs\u00e6t.<\/p>\n<p style=\"text-align: justify;\">Hvis du s\u00f8ger en erfaring, der kan udvide dit perspektiv og fungere som et springbr\u00e6t til dit n\u00e6ste skridt, kan et <strong>civilt engagementforl\u00f8b<\/strong> v\u00e6re en oplagt mulighed.<\/p>\n<div class=\"ti-widget ti-goog\" data-layout-id=\"4\" data-set-id=\"light-background\" data-pid=\"\" data-language=\"fr\" data-version=\"2\" data-review-target-width=\"300\" data-review-text-mode=\"readmore\" data-pager-autoplay-timeout=\"6\" > <div class=\"ti-widget-container ti-col-3\"> <div class=\"ti-reviews-container\"> <div class=\"ti-controls\"> <div class=\"ti-next\" aria-label=\"Avis suivante\" role=\"button\"><\/div> <div class=\"ti-prev\" aria-label=\"Avis pr\u00e9c\u00e9dent\" role=\"button\"><\/div> <\/div> <div class=\"ti-reviews-container-wrapper\">  <div data-empty=\"0\" class=\"ti-review-item source-Google ti-image-layout-thumbnail\" data-id=\"cfcd208495d565ef66e7dff9f98764da\" > <div class=\"ti-inner\"> <div class=\"ti-review-header\"> <div class=\"ti-profile-img\"> <img decoding=\"async\" src=\"https:\/\/lh3.googleusercontent.com\/a\/ACg8ocKpaoKe37CD0_POxO97KqB60GsWQRsIuG2vmCfXT-W_FY44vw=s120-c-rp-mo-br100\" srcset=\"https:\/\/lh3.googleusercontent.com\/a\/ACg8ocKpaoKe37CD0_POxO97KqB60GsWQRsIuG2vmCfXT-W_FY44vw=s120-c-rp-mo-br100 2x\" alt=\"Lucie Correia\" loading=\"lazy\" \/> <\/div> <div class=\"ti-profile-details\"> <div class=\"ti-name\"> Lucie Correia <\/div> <div class=\"ti-date\">2024-10-17<\/div> <\/div> <\/div> <span class=\"ti-stars\"><span class=\"ti-star f\"><\/span><span class=\"ti-star f\"><\/span><span class=\"ti-star f\"><\/span><span class=\"ti-star f\"><\/span><span class=\"ti-star f\"><\/span><\/span> <div class=\"ti-review-text-container ti-review-content\"><!-- R-CONTENT -->La communication avec Globalong est super, personnes tr\u00e8s pr\u00e9sentes pour les b\u00e9n\u00e9voles et \u00e9tudiants partant avec cette association. Elles r\u00e9pondent \u00e0 toutes nos questions et sont tr\u00e8s accessibles au t\u00e9l\u00e9phone.<!-- R-CONTENT --><\/div> <span class=\"ti-read-more\" data-container=\".ti-review-content\" data-collapse-text=\"Cacher\" data-open-text=\"Lire la suite\" ><\/span> <\/div> <\/div>  <div data-empty=\"0\" class=\"ti-review-item source-Google ti-image-layout-thumbnail\" data-id=\"cfcd208495d565ef66e7dff9f98764da\" > <div class=\"ti-inner\"> <div class=\"ti-review-header\"> <div class=\"ti-profile-img\"> <img decoding=\"async\" src=\"https:\/\/lh3.googleusercontent.com\/a-\/ALV-UjWqnnzM7-7c9BDqeTDF-a7pOgNjvLkJ3WshRd_Tn7z0Eu-AGQwo=s120-c-rp-mo-br100\" srcset=\"https:\/\/lh3.googleusercontent.com\/a-\/ALV-UjWqnnzM7-7c9BDqeTDF-a7pOgNjvLkJ3WshRd_Tn7z0Eu-AGQwo=s120-c-rp-mo-br100 2x\" alt=\"Ra\u00efssa Frisch\" loading=\"lazy\" \/> <\/div> <div class=\"ti-profile-details\"> <div class=\"ti-name\"> Ra\u00efssa Frisch <\/div> <div class=\"ti-date\">2024-10-14<\/div> <\/div> <\/div> <span class=\"ti-stars\"><span class=\"ti-star f\"><\/span><span class=\"ti-star f\"><\/span><span class=\"ti-star f\"><\/span><span class=\"ti-star f\"><\/span><span class=\"ti-star f\"><\/span><\/span> <div class=\"ti-review-text-container ti-review-content\"><!-- R-CONTENT -->J\u2019ai d\u00e9j\u00e0 eu l\u2019opportunit\u00e9 de r\u00e9aliser deux projets humanitaires avec l\u2019association Globalong. Je ne peux que la recommander, car j\u2019ai toujours b\u00e9n\u00e9fici\u00e9 d\u2019un excellent accompagnement, aussi bien avant que pendant le voyage. On ne vous laisse pas vous d\u00e9brouiller seuls, bien au contraire, vous \u00eates tr\u00e8s bien encadr\u00e9s pour accomplir toutes les d\u00e9marches dans les d\u00e9lais.\n\nAu-del\u00e0 du suivi, les exp\u00e9riences humanitaires propos\u00e9es par Globalong ne peuvent que transformer votre vie de mani\u00e8re positive. Elles vous apportent une richesse humaine inestimable.<!-- R-CONTENT --><\/div> <span class=\"ti-read-more\" data-container=\".ti-review-content\" data-collapse-text=\"Cacher\" data-open-text=\"Lire la suite\" ><\/span> <\/div> <\/div>  <div data-empty=\"0\" class=\"ti-review-item source-Google ti-image-layout-thumbnail\" data-id=\"cfcd208495d565ef66e7dff9f98764da\" > <div class=\"ti-inner\"> <div class=\"ti-review-header\"> <div class=\"ti-profile-img\"> <img decoding=\"async\" src=\"https:\/\/lh3.googleusercontent.com\/a\/ACg8ocJL-Dxv25YkXK2QwWPNRxTVqZCv5uTmDQDFg5qslKra3vRZew=s120-c-rp-mo-br100\" srcset=\"https:\/\/lh3.googleusercontent.com\/a\/ACg8ocJL-Dxv25YkXK2QwWPNRxTVqZCv5uTmDQDFg5qslKra3vRZew=s120-c-rp-mo-br100 2x\" alt=\"Tara Turan\" loading=\"lazy\" \/> <\/div> <div class=\"ti-profile-details\"> <div class=\"ti-name\"> Tara Turan <\/div> <div class=\"ti-date\">2024-10-14<\/div> <\/div> <\/div> <span class=\"ti-stars\"><span class=\"ti-star f\"><\/span><span class=\"ti-star f\"><\/span><span class=\"ti-star f\"><\/span><span class=\"ti-star f\"><\/span><span class=\"ti-star f\"><\/span><\/span> <div class=\"ti-review-text-container ti-review-content\"><!-- R-CONTENT -->Une des meilleures associations que j\u2019ai pu faire !\nUne organisation et un suivi vraiment parfait, c\u2019est avec grand plaisir que je referai un projet avec eux.<!-- R-CONTENT --><\/div> <span class=\"ti-read-more\" data-container=\".ti-review-content\" data-collapse-text=\"Cacher\" data-open-text=\"Lire la suite\" ><\/span> <\/div> <\/div>  <div data-empty=\"0\" class=\"ti-review-item source-Google ti-image-layout-thumbnail\" data-id=\"cfcd208495d565ef66e7dff9f98764da\" > <div class=\"ti-inner\"> <div class=\"ti-review-header\"> <div class=\"ti-profile-img\"> <img decoding=\"async\" src=\"https:\/\/lh3.googleusercontent.com\/a\/ACg8ocLctTPNovSk3eKM0b_MIPOfcFEQsz2135Cdu59_BWRVsIYC7Q=s120-c-rp-mo-br100\" srcset=\"https:\/\/lh3.googleusercontent.com\/a\/ACg8ocLctTPNovSk3eKM0b_MIPOfcFEQsz2135Cdu59_BWRVsIYC7Q=s120-c-rp-mo-br100 2x\" alt=\"Repiquet Julie\" loading=\"lazy\" \/> <\/div> <div class=\"ti-profile-details\"> <div class=\"ti-name\"> Repiquet Julie <\/div> <div class=\"ti-date\">2024-10-13<\/div> <\/div> <\/div> <span class=\"ti-stars\"><span class=\"ti-star f\"><\/span><span class=\"ti-star f\"><\/span><span class=\"ti-star f\"><\/span><span class=\"ti-star f\"><\/span><span class=\"ti-star f\"><\/span><\/span> <div class=\"ti-review-text-container ti-review-content\"><!-- R-CONTENT -->Tr\u00e8s bon accompagnement de la part de Globalong, du premier jour avec toutes mes interrogations, jusqu'au d\u00e9part dans quelques jours. Le dossier transmis apr\u00e8s validation de la mission est plus que complet, les webmaster tr\u00e8s int\u00e9ressantes et permettent de d\u00e9charger mentalement ce genre de pr\u00e9paration, tout est pr\u00e9vu il n'y a plus qu'\u00e0 suivre ! Merci \u00e0 Florence de r\u00e9pondre \u00e0 toutes mes questions avec gentillesse et bienveillance, cela m'a permis de passer le cap!\nMaintenant, il n'y a plus qu'\u00e0 \ud83d\ude00<!-- R-CONTENT --><\/div> <span class=\"ti-read-more\" data-container=\".ti-review-content\" data-collapse-text=\"Cacher\" data-open-text=\"Lire la suite\" ><\/span> <\/div> <\/div>  <div data-empty=\"0\" class=\"ti-review-item source-Google ti-image-layout-thumbnail\" data-id=\"cfcd208495d565ef66e7dff9f98764da\" > <div class=\"ti-inner\"> <div class=\"ti-review-header\"> <div class=\"ti-profile-img\"> <img decoding=\"async\" src=\"https:\/\/lh3.googleusercontent.com\/a\/ACg8ocJJTdmTWs8nAA0yuH_cKOUgzc6GFAkHBiXhpnnVYXaWMBZsHw=s120-c-rp-mo-br100\" srcset=\"https:\/\/lh3.googleusercontent.com\/a\/ACg8ocJJTdmTWs8nAA0yuH_cKOUgzc6GFAkHBiXhpnnVYXaWMBZsHw=s120-c-rp-mo-br100 2x\" alt=\"Marine Guilhamat\" loading=\"lazy\" \/> <\/div> <div class=\"ti-profile-details\"> <div class=\"ti-name\"> Marine Guilhamat <\/div> <div class=\"ti-date\">2024-10-09<\/div> <\/div> <\/div> <span class=\"ti-stars\"><span class=\"ti-star f\"><\/span><span class=\"ti-star f\"><\/span><span class=\"ti-star f\"><\/span><span class=\"ti-star f\"><\/span><span class=\"ti-star f\"><\/span><\/span> <div class=\"ti-review-text-container ti-review-content\"><!-- R-CONTENT -->Tr\u00e8s belle association qui offre un cadre super s\u00e9curisant et permet de s\u2019investir dans des projets qui ont du sens. Merci \u00e0 l\u2019\u00e9quipe Globalong pour votre disponibilit\u00e9, gentillesse et accompagnement !<!-- R-CONTENT --><\/div> <span class=\"ti-read-more\" data-container=\".ti-review-content\" data-collapse-text=\"Cacher\" data-open-text=\"Lire la suite\" ><\/span> <\/div> <\/div>  <div data-empty=\"0\" class=\"ti-review-item source-Google ti-image-layout-thumbnail\" data-id=\"cfcd208495d565ef66e7dff9f98764da\" > <div class=\"ti-inner\"> <div class=\"ti-review-header\"> <div class=\"ti-profile-img\"> <img decoding=\"async\" src=\"https:\/\/lh3.googleusercontent.com\/a\/ACg8ocIgITHXKo46qgJyPqlJeAcxz11gCKUJpGIk2qauiIe2O3iZ6w=s120-c-rp-mo-br100\" srcset=\"https:\/\/lh3.googleusercontent.com\/a\/ACg8ocIgITHXKo46qgJyPqlJeAcxz11gCKUJpGIk2qauiIe2O3iZ6w=s120-c-rp-mo-br100 2x\" alt=\"Laura Mercier\" loading=\"lazy\" \/> <\/div> <div class=\"ti-profile-details\"> <div class=\"ti-name\"> Laura Mercier <\/div> <div class=\"ti-date\">2024-10-08<\/div> <\/div> <\/div> <span class=\"ti-stars\"><span class=\"ti-star f\"><\/span><span class=\"ti-star f\"><\/span><span class=\"ti-star f\"><\/span><span class=\"ti-star f\"><\/span><span class=\"ti-star f\"><\/span><\/span> <div class=\"ti-review-text-container ti-review-content\"><!-- R-CONTENT -->Mon d\u00e9part approche, je pars dans une semaine, et depuis le d\u00e9but de mon inscription je suis tr\u00e8s satisfaite du suivi effectu\u00e9 par l\u2019association. Ils sont tr\u00e8s disponibles et r\u00e9pondent rapidement \u00e0 l\u2019ensemble des questions. Je suis tr\u00e8s contente de partir faire cette mission humanitaire encadr\u00e9e par cette association. Je recommande vraiment.<!-- R-CONTENT --><\/div> <span class=\"ti-read-more\" data-container=\".ti-review-content\" data-collapse-text=\"Cacher\" data-open-text=\"Lire la suite\" ><\/span> <\/div> <\/div>  <div data-empty=\"0\" class=\"ti-review-item source-Google ti-image-layout-thumbnail\" data-id=\"cfcd208495d565ef66e7dff9f98764da\" > <div class=\"ti-inner\"> <div class=\"ti-review-header\"> <div class=\"ti-profile-img\"> <img decoding=\"async\" src=\"https:\/\/lh3.googleusercontent.com\/a-\/ALV-UjVVr0YMQhXl8QNEEB32l-rnoaYwvRZUjIEX9OEwPE_1fQwzIyk=s120-c-rp-mo-br100\" srcset=\"https:\/\/lh3.googleusercontent.com\/a-\/ALV-UjVVr0YMQhXl8QNEEB32l-rnoaYwvRZUjIEX9OEwPE_1fQwzIyk=s120-c-rp-mo-br100 2x\" alt=\"Anouk Rzkt\" loading=\"lazy\" \/> <\/div> <div class=\"ti-profile-details\"> <div class=\"ti-name\"> Anouk Rzkt <\/div> <div class=\"ti-date\">2024-10-02<\/div> <\/div> <\/div> <span class=\"ti-stars\"><span class=\"ti-star f\"><\/span><span class=\"ti-star f\"><\/span><span class=\"ti-star f\"><\/span><span class=\"ti-star f\"><\/span><span class=\"ti-star f\"><\/span><\/span> <div class=\"ti-review-text-container ti-review-content\"><!-- R-CONTENT -->Globalong est l'association parfaite. L'\u00e9quipe offre un v\u00e9ritable accompagnement rythm\u00e9 par beaucoup de conseils et d'\u00e9coute. Le site est tr\u00e8s bien fait avec des dossiers complets allant des sujets tr\u00e8s pratiques a d'autres plus th\u00e9oriques (tels que le choc culturel par exemple). Je recommande vivement et remercie sinc\u00e8rement toute l'\u00e9quipe pour leur gentillesse et investissement !<!-- R-CONTENT --><\/div> <span class=\"ti-read-more\" data-container=\".ti-review-content\" data-collapse-text=\"Cacher\" data-open-text=\"Lire la suite\" ><\/span> <\/div> <\/div>  <\/div> <div class=\"ti-controls-line\"> <div class=\"dot\"><\/div> <\/div> <\/div> <div class=\"ti-footer\"> <div class=\"ti-rating-text\"> <span class=\"nowrap\">\u00c9valuation <strong>Google<\/strong> : <\/span><span class=\"nowrap\"><strong>4.8<\/strong> sur 5, <\/span><span class=\"nowrap\">Bas\u00e9e sur <strong>240 avis<\/strong><\/span> <\/div> <\/div>  <\/div> <\/div> \n","protected":false},"excerpt":{"rendered":"<p>Derfor valgte jeg at engagere mig i et civilt engagementforl\u00f8b: at finde retning og l\u00e6re mig selv bedre at kende Leder du efter et\u2026<\/p>\n","protected":false},"author":1,"featured_media":16806,"comment_status":"open","ping_status":"open","sticky":false,"template":"","format":"standard","meta":{"footnotes":""},"categories":[1],"tags":[543,557,82,403],"yoast_head":"<!-- This site is optimized with the Yoast SEO Premium plugin v23.4 (Yoast SEO v23.4) - https:\/\/yoast.com\/wordpress\/plugins\/seo\/ -->\n<title>Tag frivilligt arbejde: find mening og se dig selv i et nyt lys - VITA Explorers Blog<\/title>\n<meta name=\"description\" content=\"Ma d\u00e9couverte du Service Civique : une exp\u00e9rience qui a chang\u00e9 ma vie. D\u00e9couvrez comment cette mission m&#039;a aid\u00e9 \u00e0 m&#039;\u00e9panouir.\" \/>\n<meta name=\"robots\" content=\"index, follow, max-snippet:-1, max-image-preview:large, max-video-preview:-1\" \/>\n<link rel=\"canonical\" href=\"https:\/\/www.vita-explorers.dk\/blog\/service-civique-vita-institute-engagement\/\" \/>\n<meta property=\"og:locale\" content=\"da_DK\" \/>\n<meta property=\"og:type\" content=\"article\" \/>\n<meta property=\"og:title\" content=\"Hvorfor jeg valgte at tage et civilforl\u00f8b\" \/>\n<meta property=\"og:description\" content=\"Ma d\u00e9couverte du Service Civique : une exp\u00e9rience qui a chang\u00e9 ma vie. D\u00e9couvrez comment cette mission m&#039;a aid\u00e9 \u00e0 m&#039;\u00e9panouir.\" \/>\n<meta property=\"og:url\" content=\"https:\/\/www.vita-explorers.dk\/blog\/service-civique-vita-institute-engagement\/\" \/>\n<meta property=\"og:site_name\" content=\"VITA Explorers Blog\" \/>\n<meta property=\"article:publisher\" content=\"https:\/\/www.facebook.com\/globalong\" \/>\n<meta property=\"article:published_time\" content=\"2018-03-29T08:57:44+00:00\" \/>\n<meta property=\"article:modified_time\" content=\"2024-11-05T22:02:58+00:00\" \/>\n<meta property=\"og:image\" content=\"https:\/\/www.vita-explorers.dk\/blog\/wp-content\/uploads\/2024\/06\/DALL\u00b7E-2024-06-07-06.48.29-Create-an-image-depicting-European-volunteering.-Show-diverse-young-volunteers-working-together-on-a-community-project-such-as-cleaning-up-a-park-or-.webp\" \/>\n\t<meta property=\"og:image:width\" content=\"1792\" \/>\n\t<meta property=\"og:image:height\" content=\"1024\" \/>\n\t<meta property=\"og:image:type\" content=\"image\/webp\" \/>\n<meta name=\"author\" content=\"VITA Tribe\" \/>\n<meta name=\"twitter:card\" content=\"summary_large_image\" \/>\n<meta name=\"twitter:label1\" content=\"Skrevet af\" \/>\n\t<meta name=\"twitter:data1\" content=\"VITA Tribe\" \/>\n\t<meta name=\"twitter:label2\" content=\"Estimeret l\u00e6setid\" \/>\n\t<meta name=\"twitter:data2\" content=\"6 minutter\" \/>\n<script type=\"application\/ld+json\" class=\"yoast-schema-graph\">{\"@context\":\"https:\/\/schema.org\",\"@graph\":[{\"@type\":\"Article\",\"@id\":\"https:\/\/www.vita-explorers.dk\/blog\/service-civique-vita-institute-engagement\/#article\",\"isPartOf\":{\"@id\":\"https:\/\/www.vita-explorers.dk\/blog\/service-civique-vita-institute-engagement\/\"},\"author\":{\"name\":\"VITA Tribe\",\"@id\":\"https:\/\/www.vita-explorers.dk\/blog\/#\/schema\/person\/d7df267b64f23018d1dc519e78fb2735\"},\"headline\":\"Hvorfor jeg valgte at tage et civilforl\u00f8b\",\"datePublished\":\"2018-03-29T08:57:44+00:00\",\"dateModified\":\"2024-11-05T22:02:58+00:00\",\"mainEntityOfPage\":{\"@id\":\"https:\/\/www.vita-explorers.dk\/blog\/service-civique-vita-institute-engagement\/\"},\"wordCount\":1129,\"commentCount\":0,\"publisher\":{\"@id\":\"https:\/\/www.vita-explorers.dk\/blog\/#organization\"},\"image\":{\"@id\":\"https:\/\/www.vita-explorers.dk\/blog\/service-civique-vita-institute-engagement\/#primaryimage\"},\"thumbnailUrl\":\"https:\/\/www.vita-explorers.dk\/blog\/wp-content\/uploads\/2024\/06\/DALL\u00b7E-2024-06-07-06.48.29-Create-an-image-depicting-European-volunteering.-Show-diverse-young-volunteers-working-together-on-a-community-project-such-as-cleaning-up-a-park-or-.webp\",\"keywords\":[\"association\",\"caritatif\",\"engagement\",\"service civique\"],\"articleSection\":[\"No Name\"],\"inLanguage\":\"da-DK\",\"potentialAction\":[{\"@type\":\"CommentAction\",\"name\":\"Comment\",\"target\":[\"https:\/\/www.vita-explorers.dk\/blog\/service-civique-vita-institute-engagement\/#respond\"]}]},{\"@type\":\"WebPage\",\"@id\":\"https:\/\/www.vita-explorers.dk\/blog\/service-civique-vita-institute-engagement\/\",\"url\":\"https:\/\/www.vita-explorers.dk\/blog\/service-civique-vita-institute-engagement\/\",\"name\":\"Tag frivilligt arbejde: find mening og se dig selv i et nyt lys - VITA Explorers Blog\",\"isPartOf\":{\"@id\":\"https:\/\/www.vita-explorers.dk\/blog\/#website\"},\"primaryImageOfPage\":{\"@id\":\"https:\/\/www.vita-explorers.dk\/blog\/service-civique-vita-institute-engagement\/#primaryimage\"},\"image\":{\"@id\":\"https:\/\/www.vita-explorers.dk\/blog\/service-civique-vita-institute-engagement\/#primaryimage\"},\"thumbnailUrl\":\"https:\/\/www.vita-explorers.dk\/blog\/wp-content\/uploads\/2024\/06\/DALL\u00b7E-2024-06-07-06.48.29-Create-an-image-depicting-European-volunteering.-Show-diverse-young-volunteers-working-together-on-a-community-project-such-as-cleaning-up-a-park-or-.webp\",\"datePublished\":\"2018-03-29T08:57:44+00:00\",\"dateModified\":\"2024-11-05T22:02:58+00:00\",\"description\":\"Ma d\u00e9couverte du Service Civique : une exp\u00e9rience qui a chang\u00e9 ma vie. D\u00e9couvrez comment cette mission m'a aid\u00e9 \u00e0 m'\u00e9panouir.\",\"breadcrumb\":{\"@id\":\"https:\/\/www.vita-explorers.dk\/blog\/service-civique-vita-institute-engagement\/#breadcrumb\"},\"inLanguage\":\"da-DK\",\"potentialAction\":[{\"@type\":\"ReadAction\",\"target\":[\"https:\/\/www.vita-explorers.dk\/blog\/service-civique-vita-institute-engagement\/\"]}]},{\"@type\":\"ImageObject\",\"inLanguage\":\"da-DK\",\"@id\":\"https:\/\/www.vita-explorers.dk\/blog\/service-civique-vita-institute-engagement\/#primaryimage\",\"url\":\"https:\/\/www.vita-explorers.dk\/blog\/wp-content\/uploads\/2024\/06\/DALL\u00b7E-2024-06-07-06.48.29-Create-an-image-depicting-European-volunteering.-Show-diverse-young-volunteers-working-together-on-a-community-project-such-as-cleaning-up-a-park-or-.webp\",\"contentUrl\":\"https:\/\/www.vita-explorers.dk\/blog\/wp-content\/uploads\/2024\/06\/DALL\u00b7E-2024-06-07-06.48.29-Create-an-image-depicting-European-volunteering.-Show-diverse-young-volunteers-working-together-on-a-community-project-such-as-cleaning-up-a-park-or-.webp\",\"width\":1792,\"height\":1024,\"caption\":\"Faire un service civique \u00e0 l'\u00e9tranger\"},{\"@type\":\"BreadcrumbList\",\"@id\":\"https:\/\/www.vita-explorers.dk\/blog\/service-civique-vita-institute-engagement\/#breadcrumb\",\"itemListElement\":[{\"@type\":\"ListItem\",\"position\":1,\"name\":\"Accueil\",\"item\":\"https:\/\/www.vita-explorers.dk\/blog\/\"},{\"@type\":\"ListItem\",\"position\":2,\"name\":\"Hvorfor jeg valgte at tage et civilforl\u00f8b\"}]},{\"@type\":\"WebSite\",\"@id\":\"https:\/\/www.vita-explorers.dk\/blog\/#website\",\"url\":\"https:\/\/www.vita-explorers.dk\/blog\/\",\"name\":\"Association Globalong\",\"description\":\"Frivilligt arbejde, sprogophold, praktik i udlandet og internationale oplevelser\",\"publisher\":{\"@id\":\"https:\/\/www.vita-explorers.dk\/blog\/#organization\"},\"potentialAction\":[{\"@type\":\"SearchAction\",\"target\":{\"@type\":\"EntryPoint\",\"urlTemplate\":\"https:\/\/www.vita-explorers.dk\/blog\/?s={search_term_string}\"},\"query-input\":{\"@type\":\"PropertyValueSpecification\",\"valueRequired\":true,\"valueName\":\"search_term_string\"}}],\"inLanguage\":\"da-DK\"},{\"@type\":\"Organization\",\"@id\":\"https:\/\/www.vita-explorers.dk\/blog\/#organization\",\"name\":\"Association Globalong\",\"url\":\"https:\/\/www.vita-explorers.dk\/blog\/\",\"logo\":{\"@type\":\"ImageObject\",\"inLanguage\":\"da-DK\",\"@id\":\"https:\/\/www.vita-explorers.dk\/blog\/#\/schema\/logo\/image\/\",\"url\":\"https:\/\/www.globalong.com\/blog\/wp-content\/uploads\/2014\/11\/cropped-cropped-Logo-et-Afrique-Globalong-petite-taille-2.jpg\",\"contentUrl\":\"https:\/\/www.globalong.com\/blog\/wp-content\/uploads\/2014\/11\/cropped-cropped-Logo-et-Afrique-Globalong-petite-taille-2.jpg\",\"width\":512,\"height\":512,\"caption\":\"Association Globalong\"},\"image\":{\"@id\":\"https:\/\/www.vita-explorers.dk\/blog\/#\/schema\/logo\/image\/\"},\"sameAs\":[\"https:\/\/www.facebook.com\/globalong\"]},{\"@type\":\"Person\",\"@id\":\"https:\/\/www.vita-explorers.dk\/blog\/#\/schema\/person\/d7df267b64f23018d1dc519e78fb2735\",\"name\":\"VITA Tribe\",\"image\":{\"@type\":\"ImageObject\",\"inLanguage\":\"da-DK\",\"@id\":\"https:\/\/www.vita-explorers.dk\/blog\/#\/schema\/person\/image\/\",\"url\":\"https:\/\/secure.gravatar.com\/avatar\/81461bcc213d0ff2bdc043d4206648f0?s=96&d=mm&r=g\",\"contentUrl\":\"https:\/\/secure.gravatar.com\/avatar\/81461bcc213d0ff2bdc043d4206648f0?s=96&d=mm&r=g\",\"caption\":\"VITA Tribe\"},\"sameAs\":[\"https:\/\/www.globalong.com\"],\"url\":\"https:\/\/www.vita-explorers.dk\/blog\/author\/sophie\/\"}]}<\/script>\n<!-- \/ Yoast SEO Premium plugin. -->","yoast_head_json":{"title":"Tag frivilligt arbejde: find mening og se dig selv i et nyt lys - VITA Explorers Blog","description":"Ma d\u00e9couverte du Service Civique : une exp\u00e9rience qui a chang\u00e9 ma vie. D\u00e9couvrez comment cette mission m'a aid\u00e9 \u00e0 m'\u00e9panouir.","robots":{"index":"index","follow":"follow","max-snippet":"max-snippet:-1","max-image-preview":"max-image-preview:large","max-video-preview":"max-video-preview:-1"},"canonical":"https:\/\/www.vita-explorers.dk\/blog\/service-civique-vita-institute-engagement\/","og_locale":"da_DK","og_type":"article","og_title":"Hvorfor jeg valgte at tage et civilforl\u00f8b","og_description":"Ma d\u00e9couverte du Service Civique : une exp\u00e9rience qui a chang\u00e9 ma vie. D\u00e9couvrez comment cette mission m'a aid\u00e9 \u00e0 m'\u00e9panouir.","og_url":"https:\/\/www.vita-explorers.dk\/blog\/service-civique-vita-institute-engagement\/","og_site_name":"VITA Explorers Blog","article_publisher":"https:\/\/www.facebook.com\/globalong","article_published_time":"2018-03-29T08:57:44+00:00","article_modified_time":"2024-11-05T22:02:58+00:00","og_image":[{"width":1792,"height":1024,"url":"https:\/\/www.vita-explorers.dk\/blog\/wp-content\/uploads\/2024\/06\/DALL\u00b7E-2024-06-07-06.48.29-Create-an-image-depicting-European-volunteering.-Show-diverse-young-volunteers-working-together-on-a-community-project-such-as-cleaning-up-a-park-or-.webp","type":"image\/webp"}],"author":"VITA Tribe","twitter_card":"summary_large_image","twitter_misc":{"Skrevet af":"VITA Tribe","Estimeret l\u00e6setid":"6 minutter"},"schema":{"@context":"https:\/\/schema.org","@graph":[{"@type":"Article","@id":"https:\/\/www.vita-explorers.dk\/blog\/service-civique-vita-institute-engagement\/#article","isPartOf":{"@id":"https:\/\/www.vita-explorers.dk\/blog\/service-civique-vita-institute-engagement\/"},"author":{"name":"VITA Tribe","@id":"https:\/\/www.vita-explorers.dk\/blog\/#\/schema\/person\/d7df267b64f23018d1dc519e78fb2735"},"headline":"Hvorfor jeg valgte at tage et civilforl\u00f8b","datePublished":"2018-03-29T08:57:44+00:00","dateModified":"2024-11-05T22:02:58+00:00","mainEntityOfPage":{"@id":"https:\/\/www.vita-explorers.dk\/blog\/service-civique-vita-institute-engagement\/"},"wordCount":1129,"commentCount":0,"publisher":{"@id":"https:\/\/www.vita-explorers.dk\/blog\/#organization"},"image":{"@id":"https:\/\/www.vita-explorers.dk\/blog\/service-civique-vita-institute-engagement\/#primaryimage"},"thumbnailUrl":"https:\/\/www.vita-explorers.dk\/blog\/wp-content\/uploads\/2024\/06\/DALL\u00b7E-2024-06-07-06.48.29-Create-an-image-depicting-European-volunteering.-Show-diverse-young-volunteers-working-together-on-a-community-project-such-as-cleaning-up-a-park-or-.webp","keywords":["association","caritatif","engagement","service civique"],"articleSection":["No Name"],"inLanguage":"da-DK","potentialAction":[{"@type":"CommentAction","name":"Comment","target":["https:\/\/www.vita-explorers.dk\/blog\/service-civique-vita-institute-engagement\/#respond"]}]},{"@type":"WebPage","@id":"https:\/\/www.vita-explorers.dk\/blog\/service-civique-vita-institute-engagement\/","url":"https:\/\/www.vita-explorers.dk\/blog\/service-civique-vita-institute-engagement\/","name":"Tag frivilligt arbejde: find mening og se dig selv i et nyt lys - VITA Explorers Blog","isPartOf":{"@id":"https:\/\/www.vita-explorers.dk\/blog\/#website"},"primaryImageOfPage":{"@id":"https:\/\/www.vita-explorers.dk\/blog\/service-civique-vita-institute-engagement\/#primaryimage"},"image":{"@id":"https:\/\/www.vita-explorers.dk\/blog\/service-civique-vita-institute-engagement\/#primaryimage"},"thumbnailUrl":"https:\/\/www.vita-explorers.dk\/blog\/wp-content\/uploads\/2024\/06\/DALL\u00b7E-2024-06-07-06.48.29-Create-an-image-depicting-European-volunteering.-Show-diverse-young-volunteers-working-together-on-a-community-project-such-as-cleaning-up-a-park-or-.webp","datePublished":"2018-03-29T08:57:44+00:00","dateModified":"2024-11-05T22:02:58+00:00","description":"Ma d\u00e9couverte du Service Civique : une exp\u00e9rience qui a chang\u00e9 ma vie. D\u00e9couvrez comment cette mission m'a aid\u00e9 \u00e0 m'\u00e9panouir.","breadcrumb":{"@id":"https:\/\/www.vita-explorers.dk\/blog\/service-civique-vita-institute-engagement\/#breadcrumb"},"inLanguage":"da-DK","potentialAction":[{"@type":"ReadAction","target":["https:\/\/www.vita-explorers.dk\/blog\/service-civique-vita-institute-engagement\/"]}]},{"@type":"ImageObject","inLanguage":"da-DK","@id":"https:\/\/www.vita-explorers.dk\/blog\/service-civique-vita-institute-engagement\/#primaryimage","url":"https:\/\/www.vita-explorers.dk\/blog\/wp-content\/uploads\/2024\/06\/DALL\u00b7E-2024-06-07-06.48.29-Create-an-image-depicting-European-volunteering.-Show-diverse-young-volunteers-working-together-on-a-community-project-such-as-cleaning-up-a-park-or-.webp","contentUrl":"https:\/\/www.vita-explorers.dk\/blog\/wp-content\/uploads\/2024\/06\/DALL\u00b7E-2024-06-07-06.48.29-Create-an-image-depicting-European-volunteering.-Show-diverse-young-volunteers-working-together-on-a-community-project-such-as-cleaning-up-a-park-or-.webp","width":1792,"height":1024,"caption":"Faire un service civique \u00e0 l'\u00e9tranger"},{"@type":"BreadcrumbList","@id":"https:\/\/www.vita-explorers.dk\/blog\/service-civique-vita-institute-engagement\/#breadcrumb","itemListElement":[{"@type":"ListItem","position":1,"name":"Accueil","item":"https:\/\/www.vita-explorers.dk\/blog\/"},{"@type":"ListItem","position":2,"name":"Hvorfor jeg valgte at tage et civilforl\u00f8b"}]},{"@type":"WebSite","@id":"https:\/\/www.vita-explorers.dk\/blog\/#website","url":"https:\/\/www.vita-explorers.dk\/blog\/","name":"Association Globalong","description":"Frivilligt arbejde, sprogophold, praktik i udlandet og internationale oplevelser","publisher":{"@id":"https:\/\/www.vita-explorers.dk\/blog\/#organization"},"potentialAction":[{"@type":"SearchAction","target":{"@type":"EntryPoint","urlTemplate":"https:\/\/www.vita-explorers.dk\/blog\/?s={search_term_string}"},"query-input":{"@type":"PropertyValueSpecification","valueRequired":true,"valueName":"search_term_string"}}],"inLanguage":"da-DK"},{"@type":"Organization","@id":"https:\/\/www.vita-explorers.dk\/blog\/#organization","name":"Association Globalong","url":"https:\/\/www.vita-explorers.dk\/blog\/","logo":{"@type":"ImageObject","inLanguage":"da-DK","@id":"https:\/\/www.vita-explorers.dk\/blog\/#\/schema\/logo\/image\/","url":"https:\/\/www.globalong.com\/blog\/wp-content\/uploads\/2014\/11\/cropped-cropped-Logo-et-Afrique-Globalong-petite-taille-2.jpg","contentUrl":"https:\/\/www.globalong.com\/blog\/wp-content\/uploads\/2014\/11\/cropped-cropped-Logo-et-Afrique-Globalong-petite-taille-2.jpg","width":512,"height":512,"caption":"Association Globalong"},"image":{"@id":"https:\/\/www.vita-explorers.dk\/blog\/#\/schema\/logo\/image\/"},"sameAs":["https:\/\/www.facebook.com\/globalong"]},{"@type":"Person","@id":"https:\/\/www.vita-explorers.dk\/blog\/#\/schema\/person\/d7df267b64f23018d1dc519e78fb2735","name":"VITA Tribe","image":{"@type":"ImageObject","inLanguage":"da-DK","@id":"https:\/\/www.vita-explorers.dk\/blog\/#\/schema\/person\/image\/","url":"https:\/\/secure.gravatar.com\/avatar\/81461bcc213d0ff2bdc043d4206648f0?s=96&d=mm&r=g","contentUrl":"https:\/\/secure.gravatar.com\/avatar\/81461bcc213d0ff2bdc043d4206648f0?s=96&d=mm&r=g","caption":"VITA Tribe"},"sameAs":["https:\/\/www.globalong.com"],"url":"https:\/\/www.vita-explorers.dk\/blog\/author\/sophie\/"}]}},"_links":{"self":[{"href":"https:\/\/www.vita-explorers.dk\/blog\/wp-json\/wp\/v2\/posts\/9304"}],"collection":[{"href":"https:\/\/www.vita-explorers.dk\/blog\/wp-json\/wp\/v2\/posts"}],"about":[{"href":"https:\/\/www.vita-explorers.dk\/blog\/wp-json\/wp\/v2\/types\/post"}],"author":[{"embeddable":true,"href":"https:\/\/www.vita-explorers.dk\/blog\/wp-json\/wp\/v2\/users\/1"}],"replies":[{"embeddable":true,"href":"https:\/\/www.vita-explorers.dk\/blog\/wp-json\/wp\/v2\/comments?post=9304"}],"version-history":[{"count":13,"href":"https:\/\/www.vita-explorers.dk\/blog\/wp-json\/wp\/v2\/posts\/9304\/revisions"}],"predecessor-version":[{"id":18629,"href":"https:\/\/www.vita-explorers.dk\/blog\/wp-json\/wp\/v2\/posts\/9304\/revisions\/18629"}],"wp:featuredmedia":[{"embeddable":true,"href":"https:\/\/www.vita-explorers.dk\/blog\/wp-json\/wp\/v2\/media\/16806"}],"wp:attachment":[{"href":"https:\/\/www.vita-explorers.dk\/blog\/wp-json\/wp\/v2\/media?parent=9304"}],"wp:term":[{"taxonomy":"category","embeddable":true,"href":"https:\/\/www.vita-explorers.dk\/blog\/wp-json\/wp\/v2\/categories?post=9304"},{"taxonomy":"post_tag","embeddable":true,"href":"https:\/\/www.vita-explorers.dk\/blog\/wp-json\/wp\/v2\/tags?post=9304"}],"curies":[{"name":"wp","href":"https:\/\/api.w.org\/{rel}","templated":true}]}}