{"id":9401,"date":"2018-04-06T16:57:07","date_gmt":"2018-04-06T14:57:07","guid":{"rendered":"https:\/\/www.globalong.com\/blog\/?p=9401"},"modified":"2023-01-04T16:23:59","modified_gmt":"2023-01-04T15:23:59","slug":"praktik-sygepleje-frivilligt-medicinsk-forloeb-verdens-sundhedsdag-7-april-2018-vita","status":"publish","type":"post","link":"https:\/\/www.vita-explorers.dk\/blog\/praktik-sygepleje-frivilligt-medicinsk-forloeb-verdens-sundhedsdag-7-april-2018-vita\/","title":{"rendered":"Tak til medlemmerne i sundhedsindsatsen."},"content":{"rendered":"<div class=\"ti-widget ti-goog\" data-layout-id=\"4\" data-set-id=\"light-background\" data-pid=\"\" data-language=\"fr\" data-version=\"2\" data-review-target-width=\"300\" data-review-text-mode=\"readmore\" data-pager-autoplay-timeout=\"6\" > <div class=\"ti-widget-container ti-col-3\"> <div class=\"ti-reviews-container\"> <div class=\"ti-controls\"> <div class=\"ti-next\" aria-label=\"Avis suivante\" role=\"button\"><\/div> <div class=\"ti-prev\" aria-label=\"Avis pr\u00e9c\u00e9dent\" role=\"button\"><\/div> <\/div> <div class=\"ti-reviews-container-wrapper\">  <div data-empty=\"0\" class=\"ti-review-item source-Google ti-image-layout-thumbnail\" data-id=\"cfcd208495d565ef66e7dff9f98764da\" > <div class=\"ti-inner\"> <div class=\"ti-review-header\"> <div class=\"ti-profile-img\"> <img decoding=\"async\" src=\"https:\/\/lh3.googleusercontent.com\/a\/ACg8ocKpaoKe37CD0_POxO97KqB60GsWQRsIuG2vmCfXT-W_FY44vw=s120-c-rp-mo-br100\" srcset=\"https:\/\/lh3.googleusercontent.com\/a\/ACg8ocKpaoKe37CD0_POxO97KqB60GsWQRsIuG2vmCfXT-W_FY44vw=s120-c-rp-mo-br100 2x\" alt=\"Lucie Correia\" loading=\"lazy\" \/> <\/div> <div class=\"ti-profile-details\"> <div class=\"ti-name\"> Lucie Correia <\/div> <div class=\"ti-date\">2024-10-17<\/div> <\/div> <\/div> <span class=\"ti-stars\"><span class=\"ti-star f\"><\/span><span class=\"ti-star f\"><\/span><span class=\"ti-star f\"><\/span><span class=\"ti-star f\"><\/span><span class=\"ti-star f\"><\/span><\/span> <div class=\"ti-review-text-container ti-review-content\"><!-- R-CONTENT -->La communication avec Globalong est super, personnes tr\u00e8s pr\u00e9sentes pour les b\u00e9n\u00e9voles et \u00e9tudiants partant avec cette association. Elles r\u00e9pondent \u00e0 toutes nos questions et sont tr\u00e8s accessibles au t\u00e9l\u00e9phone.<!-- R-CONTENT --><\/div> <span class=\"ti-read-more\" data-container=\".ti-review-content\" data-collapse-text=\"Cacher\" data-open-text=\"Lire la suite\" ><\/span> <\/div> <\/div>  <div data-empty=\"0\" class=\"ti-review-item source-Google ti-image-layout-thumbnail\" data-id=\"cfcd208495d565ef66e7dff9f98764da\" > <div class=\"ti-inner\"> <div class=\"ti-review-header\"> <div class=\"ti-profile-img\"> <img decoding=\"async\" src=\"https:\/\/lh3.googleusercontent.com\/a-\/ALV-UjWqnnzM7-7c9BDqeTDF-a7pOgNjvLkJ3WshRd_Tn7z0Eu-AGQwo=s120-c-rp-mo-br100\" srcset=\"https:\/\/lh3.googleusercontent.com\/a-\/ALV-UjWqnnzM7-7c9BDqeTDF-a7pOgNjvLkJ3WshRd_Tn7z0Eu-AGQwo=s120-c-rp-mo-br100 2x\" alt=\"Ra\u00efssa Frisch\" loading=\"lazy\" \/> <\/div> <div class=\"ti-profile-details\"> <div class=\"ti-name\"> Ra\u00efssa Frisch <\/div> <div class=\"ti-date\">2024-10-14<\/div> <\/div> <\/div> <span class=\"ti-stars\"><span class=\"ti-star f\"><\/span><span class=\"ti-star f\"><\/span><span class=\"ti-star f\"><\/span><span class=\"ti-star f\"><\/span><span class=\"ti-star f\"><\/span><\/span> <div class=\"ti-review-text-container ti-review-content\"><!-- R-CONTENT -->J\u2019ai d\u00e9j\u00e0 eu l\u2019opportunit\u00e9 de r\u00e9aliser deux projets humanitaires avec l\u2019association Globalong. Je ne peux que la recommander, car j\u2019ai toujours b\u00e9n\u00e9fici\u00e9 d\u2019un excellent accompagnement, aussi bien avant que pendant le voyage. On ne vous laisse pas vous d\u00e9brouiller seuls, bien au contraire, vous \u00eates tr\u00e8s bien encadr\u00e9s pour accomplir toutes les d\u00e9marches dans les d\u00e9lais.\n\nAu-del\u00e0 du suivi, les exp\u00e9riences humanitaires propos\u00e9es par Globalong ne peuvent que transformer votre vie de mani\u00e8re positive. Elles vous apportent une richesse humaine inestimable.<!-- R-CONTENT --><\/div> <span class=\"ti-read-more\" data-container=\".ti-review-content\" data-collapse-text=\"Cacher\" data-open-text=\"Lire la suite\" ><\/span> <\/div> <\/div>  <div data-empty=\"0\" class=\"ti-review-item source-Google ti-image-layout-thumbnail\" data-id=\"cfcd208495d565ef66e7dff9f98764da\" > <div class=\"ti-inner\"> <div class=\"ti-review-header\"> <div class=\"ti-profile-img\"> <img decoding=\"async\" src=\"https:\/\/lh3.googleusercontent.com\/a\/ACg8ocJL-Dxv25YkXK2QwWPNRxTVqZCv5uTmDQDFg5qslKra3vRZew=s120-c-rp-mo-br100\" srcset=\"https:\/\/lh3.googleusercontent.com\/a\/ACg8ocJL-Dxv25YkXK2QwWPNRxTVqZCv5uTmDQDFg5qslKra3vRZew=s120-c-rp-mo-br100 2x\" alt=\"Tara Turan\" loading=\"lazy\" \/> <\/div> <div class=\"ti-profile-details\"> <div class=\"ti-name\"> Tara Turan <\/div> <div class=\"ti-date\">2024-10-14<\/div> <\/div> <\/div> <span class=\"ti-stars\"><span class=\"ti-star f\"><\/span><span class=\"ti-star f\"><\/span><span class=\"ti-star f\"><\/span><span class=\"ti-star f\"><\/span><span class=\"ti-star f\"><\/span><\/span> <div class=\"ti-review-text-container ti-review-content\"><!-- R-CONTENT -->Une des meilleures associations que j\u2019ai pu faire !\nUne organisation et un suivi vraiment parfait, c\u2019est avec grand plaisir que je referai un projet avec eux.<!-- R-CONTENT --><\/div> <span class=\"ti-read-more\" data-container=\".ti-review-content\" data-collapse-text=\"Cacher\" data-open-text=\"Lire la suite\" ><\/span> <\/div> <\/div>  <div data-empty=\"0\" class=\"ti-review-item source-Google ti-image-layout-thumbnail\" data-id=\"cfcd208495d565ef66e7dff9f98764da\" > <div class=\"ti-inner\"> <div class=\"ti-review-header\"> <div class=\"ti-profile-img\"> <img decoding=\"async\" src=\"https:\/\/lh3.googleusercontent.com\/a\/ACg8ocLctTPNovSk3eKM0b_MIPOfcFEQsz2135Cdu59_BWRVsIYC7Q=s120-c-rp-mo-br100\" srcset=\"https:\/\/lh3.googleusercontent.com\/a\/ACg8ocLctTPNovSk3eKM0b_MIPOfcFEQsz2135Cdu59_BWRVsIYC7Q=s120-c-rp-mo-br100 2x\" alt=\"Repiquet Julie\" loading=\"lazy\" \/> <\/div> <div class=\"ti-profile-details\"> <div class=\"ti-name\"> Repiquet Julie <\/div> <div class=\"ti-date\">2024-10-13<\/div> <\/div> <\/div> <span class=\"ti-stars\"><span class=\"ti-star f\"><\/span><span class=\"ti-star f\"><\/span><span class=\"ti-star f\"><\/span><span class=\"ti-star f\"><\/span><span class=\"ti-star f\"><\/span><\/span> <div class=\"ti-review-text-container ti-review-content\"><!-- R-CONTENT -->Tr\u00e8s bon accompagnement de la part de Globalong, du premier jour avec toutes mes interrogations, jusqu'au d\u00e9part dans quelques jours. Le dossier transmis apr\u00e8s validation de la mission est plus que complet, les webmaster tr\u00e8s int\u00e9ressantes et permettent de d\u00e9charger mentalement ce genre de pr\u00e9paration, tout est pr\u00e9vu il n'y a plus qu'\u00e0 suivre ! Merci \u00e0 Florence de r\u00e9pondre \u00e0 toutes mes questions avec gentillesse et bienveillance, cela m'a permis de passer le cap!\nMaintenant, il n'y a plus qu'\u00e0 \ud83d\ude00<!-- R-CONTENT --><\/div> <span class=\"ti-read-more\" data-container=\".ti-review-content\" data-collapse-text=\"Cacher\" data-open-text=\"Lire la suite\" ><\/span> <\/div> <\/div>  <div data-empty=\"0\" class=\"ti-review-item source-Google ti-image-layout-thumbnail\" data-id=\"cfcd208495d565ef66e7dff9f98764da\" > <div class=\"ti-inner\"> <div class=\"ti-review-header\"> <div class=\"ti-profile-img\"> <img decoding=\"async\" src=\"https:\/\/lh3.googleusercontent.com\/a\/ACg8ocJJTdmTWs8nAA0yuH_cKOUgzc6GFAkHBiXhpnnVYXaWMBZsHw=s120-c-rp-mo-br100\" srcset=\"https:\/\/lh3.googleusercontent.com\/a\/ACg8ocJJTdmTWs8nAA0yuH_cKOUgzc6GFAkHBiXhpnnVYXaWMBZsHw=s120-c-rp-mo-br100 2x\" alt=\"Marine Guilhamat\" loading=\"lazy\" \/> <\/div> <div class=\"ti-profile-details\"> <div class=\"ti-name\"> Marine Guilhamat <\/div> <div class=\"ti-date\">2024-10-09<\/div> <\/div> <\/div> <span class=\"ti-stars\"><span class=\"ti-star f\"><\/span><span class=\"ti-star f\"><\/span><span class=\"ti-star f\"><\/span><span class=\"ti-star f\"><\/span><span class=\"ti-star f\"><\/span><\/span> <div class=\"ti-review-text-container ti-review-content\"><!-- R-CONTENT -->Tr\u00e8s belle association qui offre un cadre super s\u00e9curisant et permet de s\u2019investir dans des projets qui ont du sens. Merci \u00e0 l\u2019\u00e9quipe Globalong pour votre disponibilit\u00e9, gentillesse et accompagnement !<!-- R-CONTENT --><\/div> <span class=\"ti-read-more\" data-container=\".ti-review-content\" data-collapse-text=\"Cacher\" data-open-text=\"Lire la suite\" ><\/span> <\/div> <\/div>  <div data-empty=\"0\" class=\"ti-review-item source-Google ti-image-layout-thumbnail\" data-id=\"cfcd208495d565ef66e7dff9f98764da\" > <div class=\"ti-inner\"> <div class=\"ti-review-header\"> <div class=\"ti-profile-img\"> <img decoding=\"async\" src=\"https:\/\/lh3.googleusercontent.com\/a\/ACg8ocIgITHXKo46qgJyPqlJeAcxz11gCKUJpGIk2qauiIe2O3iZ6w=s120-c-rp-mo-br100\" srcset=\"https:\/\/lh3.googleusercontent.com\/a\/ACg8ocIgITHXKo46qgJyPqlJeAcxz11gCKUJpGIk2qauiIe2O3iZ6w=s120-c-rp-mo-br100 2x\" alt=\"Laura Mercier\" loading=\"lazy\" \/> <\/div> <div class=\"ti-profile-details\"> <div class=\"ti-name\"> Laura Mercier <\/div> <div class=\"ti-date\">2024-10-08<\/div> <\/div> <\/div> <span class=\"ti-stars\"><span class=\"ti-star f\"><\/span><span class=\"ti-star f\"><\/span><span class=\"ti-star f\"><\/span><span class=\"ti-star f\"><\/span><span class=\"ti-star f\"><\/span><\/span> <div class=\"ti-review-text-container ti-review-content\"><!-- R-CONTENT -->Mon d\u00e9part approche, je pars dans une semaine, et depuis le d\u00e9but de mon inscription je suis tr\u00e8s satisfaite du suivi effectu\u00e9 par l\u2019association. Ils sont tr\u00e8s disponibles et r\u00e9pondent rapidement \u00e0 l\u2019ensemble des questions. Je suis tr\u00e8s contente de partir faire cette mission humanitaire encadr\u00e9e par cette association. Je recommande vraiment.<!-- R-CONTENT --><\/div> <span class=\"ti-read-more\" data-container=\".ti-review-content\" data-collapse-text=\"Cacher\" data-open-text=\"Lire la suite\" ><\/span> <\/div> <\/div>  <div data-empty=\"0\" class=\"ti-review-item source-Google ti-image-layout-thumbnail\" data-id=\"cfcd208495d565ef66e7dff9f98764da\" > <div class=\"ti-inner\"> <div class=\"ti-review-header\"> <div class=\"ti-profile-img\"> <img decoding=\"async\" src=\"https:\/\/lh3.googleusercontent.com\/a-\/ALV-UjVVr0YMQhXl8QNEEB32l-rnoaYwvRZUjIEX9OEwPE_1fQwzIyk=s120-c-rp-mo-br100\" srcset=\"https:\/\/lh3.googleusercontent.com\/a-\/ALV-UjVVr0YMQhXl8QNEEB32l-rnoaYwvRZUjIEX9OEwPE_1fQwzIyk=s120-c-rp-mo-br100 2x\" alt=\"Anouk Rzkt\" loading=\"lazy\" \/> <\/div> <div class=\"ti-profile-details\"> <div class=\"ti-name\"> Anouk Rzkt <\/div> <div class=\"ti-date\">2024-10-02<\/div> <\/div> <\/div> <span class=\"ti-stars\"><span class=\"ti-star f\"><\/span><span class=\"ti-star f\"><\/span><span class=\"ti-star f\"><\/span><span class=\"ti-star f\"><\/span><span class=\"ti-star f\"><\/span><\/span> <div class=\"ti-review-text-container ti-review-content\"><!-- R-CONTENT -->Globalong est l'association parfaite. L'\u00e9quipe offre un v\u00e9ritable accompagnement rythm\u00e9 par beaucoup de conseils et d'\u00e9coute. Le site est tr\u00e8s bien fait avec des dossiers complets allant des sujets tr\u00e8s pratiques a d'autres plus th\u00e9oriques (tels que le choc culturel par exemple). Je recommande vivement et remercie sinc\u00e8rement toute l'\u00e9quipe pour leur gentillesse et investissement !<!-- R-CONTENT --><\/div> <span class=\"ti-read-more\" data-container=\".ti-review-content\" data-collapse-text=\"Cacher\" data-open-text=\"Lire la suite\" ><\/span> <\/div> <\/div>  <\/div> <div class=\"ti-controls-line\"> <div class=\"dot\"><\/div> <\/div> <\/div> <div class=\"ti-footer\"> <div class=\"ti-rating-text\"> <span class=\"nowrap\">\u00c9valuation <strong>Google<\/strong> : <\/span><span class=\"nowrap\"><strong>4.8<\/strong> sur 5, <\/span><span class=\"nowrap\">Bas\u00e9e sur <strong>240 avis<\/strong><\/span> <\/div> <\/div>  <\/div> <\/div> \n<p style=\"text-align: center;\"><img loading=\"lazy\" decoding=\"async\" class=\"size-medium wp-image-9403 aligncenter\" src=\"https:\/\/www.vita-explorers.dk\/blog\/wp-content\/uploads\/2018\/04\/volontariat-me\u0301dical-en-Jamaique-min-300x199.jpg\" alt=\"\" width=\"300\" height=\"199\" srcset=\"https:\/\/www.vita-explorers.dk\/blog\/wp-content\/uploads\/2018\/04\/volontariat-me\u0301dical-en-Jamaique-min-300x199.jpg 300w, https:\/\/www.vita-explorers.dk\/blog\/wp-content\/uploads\/2018\/04\/volontariat-me\u0301dical-en-Jamaique-min-768x510.jpg 768w, https:\/\/www.vita-explorers.dk\/blog\/wp-content\/uploads\/2018\/04\/volontariat-me\u0301dical-en-Jamaique-min-150x100.jpg 150w, https:\/\/www.vita-explorers.dk\/blog\/wp-content\/uploads\/2018\/04\/volontariat-me\u0301dical-en-Jamaique-min.jpg 832w\" sizes=\"(max-width: 300px) 100vw, 300px\" \/><span style=\"color: #b81657;\">I 2018 fejrer <strong>WHO<\/strong> (Verdenssundhedsorganisationen) sit <strong>70-\u00e5rs jubil\u00e6um. <\/strong>Organisationen s\u00e6tter gang i en global og lokal samtale om, hvordan vi kan sikre sundhed for alle. Samtidig lancerer den hashtags som <strong>#HealthForAll<\/strong> og <strong>#WorldHealthDay.<\/strong><\/span><\/p>\n<p style=\"text-align: justify;\">Det er vigtigt at fremh\u00e6ve v\u00e6rdien af, at sundhedsprofessionelle engagerer sig i <strong>humanit\u00e6re<\/strong> <strong>sundhedsforl\u00f8b<\/strong>.<\/p>\n<p style=\"text-align: justify;\">For mens nogle lande har ressourcer til at forebygge sygdom og f\u00e5 behandling uden betaling, har andre stadig ikke adgang til den samme st\u00f8tte \u2013 s\u00e6rligt i de fattigste lande.<img loading=\"lazy\" decoding=\"async\" class=\"size-full wp-image-9405 aligncenter\" src=\"https:\/\/www.vita-explorers.dk\/blog\/wp-content\/uploads\/2018\/04\/Be\u0301ne\u0301volat-dans-le-domaine-pe\u0301diatrique-GlobAlong-Maldives-min.jpg\" alt=\"\" width=\"300\" height=\"300\" srcset=\"https:\/\/www.vita-explorers.dk\/blog\/wp-content\/uploads\/2018\/04\/Be\u0301ne\u0301volat-dans-le-domaine-pe\u0301diatrique-GlobAlong-Maldives-min.jpg 300w, https:\/\/www.vita-explorers.dk\/blog\/wp-content\/uploads\/2018\/04\/Be\u0301ne\u0301volat-dans-le-domaine-pe\u0301diatrique-GlobAlong-Maldives-min-150x150.jpg 150w\" sizes=\"(max-width: 300px) 100vw, 300px\" \/><\/p>\n<p style=\"text-align: justify;\">For eksempel: I 2016 havde Frankrig \u2013 blandt andet takket v\u00e6re forebyggelse \u2013 omkring 1.000 d\u00f8dsfald som f\u00f8lge af <span style=\"text-decoration: underline;\"><strong><a href=\"https:\/\/www.vita-explorers.dk\/blog\/vita-stoette-frivilligt-arbejde-kampen-mod-hiv-aids-1-december\/\" target=\"_blank\" rel=\"noopener\">HIV\/AIDS<\/a><\/strong><\/span>. I Sydafrika blev der i samme periode registreret 110.000 tilf\u00e6lde.<\/p>\n<p style=\"text-align: justify;\">Det er ogs\u00e5 afg\u00f8rende at minde om, hvor vigtigt det er at blive vaccineret.<\/p>\n<p style=\"text-align: justify;\">De seneste \u00e5r har <strong>tusindvis af <a href=\"https:\/\/www.vita-explorers.dk\/blog\/humanitaer-rejse-etudiant\/\" target=\"_blank\" rel=\"noopener\"><span style=\"text-decoration: underline; color: #b81657;\">deltagere<\/span><\/a><\/strong> <strong>engageret sig<\/strong> i <strong>internationale sundhedsforl\u00f8b<\/strong> verden over. Undervejs har de l\u00e6rt andre metoder end dem, vi kender hjemmefra, og bidraget til et respektfuldt <strong>kompetencedelingsforl\u00f8b<\/strong> i dialog med sundhedsteams i v\u00e6rtslandet.<\/p>\n<p style=\"text-align: justify;\"><img loading=\"lazy\" decoding=\"async\" class=\"size-medium wp-image-9409 aligncenter\" src=\"https:\/\/www.vita-explorers.dk\/blog\/wp-content\/uploads\/2018\/04\/Programme-me\u0301dical-en-Tanzanie-GlobAlong-min-300x225.jpg\" alt=\"\" width=\"300\" height=\"225\" srcset=\"https:\/\/www.vita-explorers.dk\/blog\/wp-content\/uploads\/2018\/04\/Programme-me\u0301dical-en-Tanzanie-GlobAlong-min-300x225.jpg 300w, https:\/\/www.vita-explorers.dk\/blog\/wp-content\/uploads\/2018\/04\/Programme-me\u0301dical-en-Tanzanie-GlobAlong-min-768x576.jpg 768w, https:\/\/www.vita-explorers.dk\/blog\/wp-content\/uploads\/2018\/04\/Programme-me\u0301dical-en-Tanzanie-GlobAlong-min-1024x768.jpg 1024w, https:\/\/www.vita-explorers.dk\/blog\/wp-content\/uploads\/2018\/04\/Programme-me\u0301dical-en-Tanzanie-GlobAlong-min-150x113.jpg 150w, https:\/\/www.vita-explorers.dk\/blog\/wp-content\/uploads\/2018\/04\/Programme-me\u0301dical-en-Tanzanie-GlobAlong-min.jpg 2048w\" sizes=\"(max-width: 300px) 100vw, 300px\" \/>Muligheden for at tage afsted p\u00e5 ansvarlige ophold, der kan indg\u00e5 i en <a href=\"https:\/\/www.vita-explorers.dk\/blog\/humanitaer-rejse-etudiant\/\" target=\"_blank\" rel=\"noopener\"><span style=\"text-decoration: underline; color: #b81657;\"><strong>praktik<\/strong><\/span><\/a>, eftersp\u00f8rges is\u00e6r af <strong>sygeplejestuderende<\/strong>, som gerne vil f\u00e5 indblik i sundhedsmilj\u00f8er i udlandet. Mange sundhedsprofessionelle engagerer sig ogs\u00e5 hver dag og bidrager inden for omr\u00e5der som <strong>psykologi<\/strong>, <strong>oplysning<\/strong> og <strong>st\u00f8tte til mennesker, der lever med sygdom<\/strong>. Ud over faglig l\u00e6ring giver denne type internationale forl\u00f8b deltagerne et bredere perspektiv og en tydeligere forst\u00e5else af de globale sundhedsudfordringer.<\/p>\n<p style=\"text-align: justify;\"><img loading=\"lazy\" decoding=\"async\" class=\"wp-image-9412 aligncenter\" src=\"https:\/\/www.vita-explorers.dk\/blog\/wp-content\/uploads\/2018\/04\/Michele-be\u0301ne\u0301vole-avec-GlobAlong-au-Togo-min-224x300.jpg\" alt=\"\" width=\"300\" height=\"401\" srcset=\"https:\/\/www.vita-explorers.dk\/blog\/wp-content\/uploads\/2018\/04\/Michele-be\u0301ne\u0301vole-avec-GlobAlong-au-Togo-min-224x300.jpg 224w, https:\/\/www.vita-explorers.dk\/blog\/wp-content\/uploads\/2018\/04\/Michele-be\u0301ne\u0301vole-avec-GlobAlong-au-Togo-min-768x1027.jpg 768w, https:\/\/www.vita-explorers.dk\/blog\/wp-content\/uploads\/2018\/04\/Michele-be\u0301ne\u0301vole-avec-GlobAlong-au-Togo-min-766x1024.jpg 766w, https:\/\/www.vita-explorers.dk\/blog\/wp-content\/uploads\/2018\/04\/Michele-be\u0301ne\u0301vole-avec-GlobAlong-au-Togo-min-112x150.jpg 112w\" sizes=\"(max-width: 300px) 100vw, 300px\" \/>Under opholdet l\u00e6rer deltagerne, observerer, assisterer og st\u00f8tter de lokale sundhedsteams i det daglige arbejde.<\/p>\n<p style=\"text-align: justify;\">Se <span style=\"text-decoration: underline;\"><a href=\"https:\/\/www.vita-explorers.dk\/blog\/praktik-for-medicin-og-sygepleje-humanitaert-sundhed-internationalt-hospitaler-og-klinikker-asien-afrika-amerika\/\" target=\"_blank\" rel=\"noopener\"><strong>alle sundhedsforl\u00f8b<\/strong><\/a><\/span> og l\u00e6s mere!<\/p>\n<p style=\"text-align: justify;\">I anledning af Verdenssundhedsdagen og WHO\u2019s 70-\u00e5rs jubil\u00e6um vil hele teamet hos VITA gerne <strong>sige tak til alle deltagere for deres indsats og engagement<\/strong> for bedre sundhed \u2013 p\u00e5 tv\u00e6rs af lande og kulturer.<\/p>\n<p style=\"text-align: center;\"><a href=\"https:\/\/www.vita-explorers.dk\/association-globalong.html\" target=\"_blank\" rel=\"noopener\"><span style=\"text-decoration: underline; color: #b81657;\"><strong>&#8220;Sammen kan vi inspirere den forandring, vi gerne vil se.&#8221;<\/strong><\/span><\/a><\/p>\n<p style=\"text-align: center;\">Du er altid velkommen til at kontakte os p\u00e5 <a href=\"mailto:info@globalong.com\" target=\"_blank\" rel=\"noopener\">info@globalong.com<\/a> for mere information<\/p>\n","protected":false},"excerpt":{"rendered":"<p>I 2018 fejrer WHO (Verdenssundhedsorganisationen) sit 70-\u00e5rs jubil\u00e6um. Organisationen s\u00e6tter gang i en global og lokal samtale om, hvordan vi kan sikre sundhed for\u2026<\/p>\n","protected":false},"author":7,"featured_media":9403,"comment_status":"open","ping_status":"open","sticky":false,"template":"","format":"standard","meta":{"footnotes":""},"categories":[1,472],"tags":[370,351,20,325],"yoast_head":"<!-- This site is optimized with the Yoast SEO Premium plugin v23.4 (Yoast SEO v23.4) - https:\/\/yoast.com\/wordpress\/plugins\/seo\/ -->\n<title>Tak til medlemmerne i sundhedsindsatsen. - VITA Explorers Blog<\/title>\n<meta name=\"robots\" content=\"index, follow, max-snippet:-1, max-image-preview:large, max-video-preview:-1\" \/>\n<link rel=\"canonical\" href=\"https:\/\/www.vita-explorers.dk\/blog\/praktik-sygepleje-frivilligt-medicinsk-forloeb-verdens-sundhedsdag-7-april-2018-vita\/\" \/>\n<meta property=\"og:locale\" content=\"da_DK\" \/>\n<meta property=\"og:type\" content=\"article\" \/>\n<meta property=\"og:title\" content=\"Tak til medlemmerne i sundhedsindsatsen.\" \/>\n<meta property=\"og:description\" content=\"I 2018 fejrer WHO (Verdenssundhedsorganisationen) sit 70-\u00e5rs jubil\u00e6um. Organisationen s\u00e6tter gang i en global og lokal samtale om, hvordan vi kan sikre sundhed for\u2026\" \/>\n<meta property=\"og:url\" content=\"https:\/\/www.vita-explorers.dk\/blog\/praktik-sygepleje-frivilligt-medicinsk-forloeb-verdens-sundhedsdag-7-april-2018-vita\/\" \/>\n<meta property=\"og:site_name\" content=\"VITA Explorers Blog\" \/>\n<meta property=\"article:publisher\" content=\"https:\/\/www.facebook.com\/globalong\" \/>\n<meta property=\"article:published_time\" content=\"2018-04-06T14:57:07+00:00\" \/>\n<meta property=\"article:modified_time\" content=\"2023-01-04T15:23:59+00:00\" \/>\n<meta property=\"og:image\" content=\"https:\/\/www.vita-explorers.dk\/blog\/wp-content\/uploads\/2018\/04\/volontariat-me\u0301dical-en-Jamaique-min.jpg\" \/>\n\t<meta property=\"og:image:width\" content=\"832\" \/>\n\t<meta property=\"og:image:height\" content=\"553\" \/>\n\t<meta property=\"og:image:type\" content=\"image\/jpeg\" \/>\n<meta name=\"author\" content=\"VITA Tribe\" \/>\n<meta name=\"twitter:card\" content=\"summary_large_image\" \/>\n<meta name=\"twitter:label1\" content=\"Skrevet af\" \/>\n\t<meta name=\"twitter:data1\" content=\"VITA Tribe\" \/>\n\t<meta name=\"twitter:label2\" content=\"Estimeret l\u00e6setid\" \/>\n\t<meta name=\"twitter:data2\" content=\"2 minutter\" \/>\n<script type=\"application\/ld+json\" class=\"yoast-schema-graph\">{\"@context\":\"https:\/\/schema.org\",\"@graph\":[{\"@type\":\"Article\",\"@id\":\"https:\/\/www.vita-explorers.dk\/blog\/praktik-sygepleje-frivilligt-medicinsk-forloeb-verdens-sundhedsdag-7-april-2018-vita\/#article\",\"isPartOf\":{\"@id\":\"https:\/\/www.vita-explorers.dk\/blog\/praktik-sygepleje-frivilligt-medicinsk-forloeb-verdens-sundhedsdag-7-april-2018-vita\/\"},\"author\":{\"name\":\"VITA Tribe\",\"@id\":\"https:\/\/www.vita-explorers.dk\/blog\/#\/schema\/person\/fc0343a2f2db2ebb2793c1f62dbe73f0\"},\"headline\":\"Tak til medlemmerne i sundhedsindsatsen.\",\"datePublished\":\"2018-04-06T14:57:07+00:00\",\"dateModified\":\"2023-01-04T15:23:59+00:00\",\"mainEntityOfPage\":{\"@id\":\"https:\/\/www.vita-explorers.dk\/blog\/praktik-sygepleje-frivilligt-medicinsk-forloeb-verdens-sundhedsdag-7-april-2018-vita\/\"},\"wordCount\":344,\"commentCount\":0,\"publisher\":{\"@id\":\"https:\/\/www.vita-explorers.dk\/blog\/#organization\"},\"image\":{\"@id\":\"https:\/\/www.vita-explorers.dk\/blog\/praktik-sygepleje-frivilligt-medicinsk-forloeb-verdens-sundhedsdag-7-april-2018-vita\/#primaryimage\"},\"thumbnailUrl\":\"https:\/\/www.vita-explorers.dk\/blog\/wp-content\/uploads\/2018\/04\/volontariat-me\u0301dical-en-Jamaique-min.jpg\",\"keywords\":[\"b\u00e9n\u00e9volat m\u00e9dical\",\"m\u00e9dical\",\"sant\u00e9\",\"stage\"],\"articleSection\":[\"No Name\",\"Oplysning\"],\"inLanguage\":\"da-DK\",\"potentialAction\":[{\"@type\":\"CommentAction\",\"name\":\"Comment\",\"target\":[\"https:\/\/www.vita-explorers.dk\/blog\/praktik-sygepleje-frivilligt-medicinsk-forloeb-verdens-sundhedsdag-7-april-2018-vita\/#respond\"]}]},{\"@type\":\"WebPage\",\"@id\":\"https:\/\/www.vita-explorers.dk\/blog\/praktik-sygepleje-frivilligt-medicinsk-forloeb-verdens-sundhedsdag-7-april-2018-vita\/\",\"url\":\"https:\/\/www.vita-explorers.dk\/blog\/praktik-sygepleje-frivilligt-medicinsk-forloeb-verdens-sundhedsdag-7-april-2018-vita\/\",\"name\":\"Tak til medlemmerne i sundhedsindsatsen. - VITA Explorers Blog\",\"isPartOf\":{\"@id\":\"https:\/\/www.vita-explorers.dk\/blog\/#website\"},\"primaryImageOfPage\":{\"@id\":\"https:\/\/www.vita-explorers.dk\/blog\/praktik-sygepleje-frivilligt-medicinsk-forloeb-verdens-sundhedsdag-7-april-2018-vita\/#primaryimage\"},\"image\":{\"@id\":\"https:\/\/www.vita-explorers.dk\/blog\/praktik-sygepleje-frivilligt-medicinsk-forloeb-verdens-sundhedsdag-7-april-2018-vita\/#primaryimage\"},\"thumbnailUrl\":\"https:\/\/www.vita-explorers.dk\/blog\/wp-content\/uploads\/2018\/04\/volontariat-me\u0301dical-en-Jamaique-min.jpg\",\"datePublished\":\"2018-04-06T14:57:07+00:00\",\"dateModified\":\"2023-01-04T15:23:59+00:00\",\"breadcrumb\":{\"@id\":\"https:\/\/www.vita-explorers.dk\/blog\/praktik-sygepleje-frivilligt-medicinsk-forloeb-verdens-sundhedsdag-7-april-2018-vita\/#breadcrumb\"},\"inLanguage\":\"da-DK\",\"potentialAction\":[{\"@type\":\"ReadAction\",\"target\":[\"https:\/\/www.vita-explorers.dk\/blog\/praktik-sygepleje-frivilligt-medicinsk-forloeb-verdens-sundhedsdag-7-april-2018-vita\/\"]}]},{\"@type\":\"ImageObject\",\"inLanguage\":\"da-DK\",\"@id\":\"https:\/\/www.vita-explorers.dk\/blog\/praktik-sygepleje-frivilligt-medicinsk-forloeb-verdens-sundhedsdag-7-april-2018-vita\/#primaryimage\",\"url\":\"https:\/\/www.vita-explorers.dk\/blog\/wp-content\/uploads\/2018\/04\/volontariat-me\u0301dical-en-Jamaique-min.jpg\",\"contentUrl\":\"https:\/\/www.vita-explorers.dk\/blog\/wp-content\/uploads\/2018\/04\/volontariat-me\u0301dical-en-Jamaique-min.jpg\",\"width\":832,\"height\":553},{\"@type\":\"BreadcrumbList\",\"@id\":\"https:\/\/www.vita-explorers.dk\/blog\/praktik-sygepleje-frivilligt-medicinsk-forloeb-verdens-sundhedsdag-7-april-2018-vita\/#breadcrumb\",\"itemListElement\":[{\"@type\":\"ListItem\",\"position\":1,\"name\":\"Accueil\",\"item\":\"https:\/\/www.vita-explorers.dk\/blog\/\"},{\"@type\":\"ListItem\",\"position\":2,\"name\":\"Tak til medlemmerne i sundhedsindsatsen.\"}]},{\"@type\":\"WebSite\",\"@id\":\"https:\/\/www.vita-explorers.dk\/blog\/#website\",\"url\":\"https:\/\/www.vita-explorers.dk\/blog\/\",\"name\":\"Association Globalong\",\"description\":\"Frivilligt arbejde, sprogophold, praktik i udlandet og internationale oplevelser\",\"publisher\":{\"@id\":\"https:\/\/www.vita-explorers.dk\/blog\/#organization\"},\"potentialAction\":[{\"@type\":\"SearchAction\",\"target\":{\"@type\":\"EntryPoint\",\"urlTemplate\":\"https:\/\/www.vita-explorers.dk\/blog\/?s={search_term_string}\"},\"query-input\":{\"@type\":\"PropertyValueSpecification\",\"valueRequired\":true,\"valueName\":\"search_term_string\"}}],\"inLanguage\":\"da-DK\"},{\"@type\":\"Organization\",\"@id\":\"https:\/\/www.vita-explorers.dk\/blog\/#organization\",\"name\":\"Association Globalong\",\"url\":\"https:\/\/www.vita-explorers.dk\/blog\/\",\"logo\":{\"@type\":\"ImageObject\",\"inLanguage\":\"da-DK\",\"@id\":\"https:\/\/www.vita-explorers.dk\/blog\/#\/schema\/logo\/image\/\",\"url\":\"https:\/\/www.globalong.com\/blog\/wp-content\/uploads\/2014\/11\/cropped-cropped-Logo-et-Afrique-Globalong-petite-taille-2.jpg\",\"contentUrl\":\"https:\/\/www.globalong.com\/blog\/wp-content\/uploads\/2014\/11\/cropped-cropped-Logo-et-Afrique-Globalong-petite-taille-2.jpg\",\"width\":512,\"height\":512,\"caption\":\"Association Globalong\"},\"image\":{\"@id\":\"https:\/\/www.vita-explorers.dk\/blog\/#\/schema\/logo\/image\/\"},\"sameAs\":[\"https:\/\/www.facebook.com\/globalong\"]},{\"@type\":\"Person\",\"@id\":\"https:\/\/www.vita-explorers.dk\/blog\/#\/schema\/person\/fc0343a2f2db2ebb2793c1f62dbe73f0\",\"name\":\"VITA Tribe\",\"image\":{\"@type\":\"ImageObject\",\"inLanguage\":\"da-DK\",\"@id\":\"https:\/\/www.vita-explorers.dk\/blog\/#\/schema\/person\/image\/\",\"url\":\"https:\/\/secure.gravatar.com\/avatar\/f7f05026bb439d0c96b30e135e5f852c?s=96&d=mm&r=g\",\"contentUrl\":\"https:\/\/secure.gravatar.com\/avatar\/f7f05026bb439d0c96b30e135e5f852c?s=96&d=mm&r=g\",\"caption\":\"VITA Tribe\"},\"sameAs\":[\"http:\/\/www.globalong.com\"],\"url\":\"https:\/\/www.vita-explorers.dk\/blog\/author\/teamglobalong\/\"}]}<\/script>\n<!-- \/ Yoast SEO Premium plugin. -->","yoast_head_json":{"title":"Tak til medlemmerne i sundhedsindsatsen. - VITA Explorers Blog","robots":{"index":"index","follow":"follow","max-snippet":"max-snippet:-1","max-image-preview":"max-image-preview:large","max-video-preview":"max-video-preview:-1"},"canonical":"https:\/\/www.vita-explorers.dk\/blog\/praktik-sygepleje-frivilligt-medicinsk-forloeb-verdens-sundhedsdag-7-april-2018-vita\/","og_locale":"da_DK","og_type":"article","og_title":"Tak til medlemmerne i sundhedsindsatsen.","og_description":"I 2018 fejrer WHO (Verdenssundhedsorganisationen) sit 70-\u00e5rs jubil\u00e6um. Organisationen s\u00e6tter gang i en global og lokal samtale om, hvordan vi kan sikre sundhed for\u2026","og_url":"https:\/\/www.vita-explorers.dk\/blog\/praktik-sygepleje-frivilligt-medicinsk-forloeb-verdens-sundhedsdag-7-april-2018-vita\/","og_site_name":"VITA Explorers Blog","article_publisher":"https:\/\/www.facebook.com\/globalong","article_published_time":"2018-04-06T14:57:07+00:00","article_modified_time":"2023-01-04T15:23:59+00:00","og_image":[{"width":832,"height":553,"url":"https:\/\/www.vita-explorers.dk\/blog\/wp-content\/uploads\/2018\/04\/volontariat-me\u0301dical-en-Jamaique-min.jpg","type":"image\/jpeg"}],"author":"VITA Tribe","twitter_card":"summary_large_image","twitter_misc":{"Skrevet af":"VITA Tribe","Estimeret l\u00e6setid":"2 minutter"},"schema":{"@context":"https:\/\/schema.org","@graph":[{"@type":"Article","@id":"https:\/\/www.vita-explorers.dk\/blog\/praktik-sygepleje-frivilligt-medicinsk-forloeb-verdens-sundhedsdag-7-april-2018-vita\/#article","isPartOf":{"@id":"https:\/\/www.vita-explorers.dk\/blog\/praktik-sygepleje-frivilligt-medicinsk-forloeb-verdens-sundhedsdag-7-april-2018-vita\/"},"author":{"name":"VITA Tribe","@id":"https:\/\/www.vita-explorers.dk\/blog\/#\/schema\/person\/fc0343a2f2db2ebb2793c1f62dbe73f0"},"headline":"Tak til medlemmerne i sundhedsindsatsen.","datePublished":"2018-04-06T14:57:07+00:00","dateModified":"2023-01-04T15:23:59+00:00","mainEntityOfPage":{"@id":"https:\/\/www.vita-explorers.dk\/blog\/praktik-sygepleje-frivilligt-medicinsk-forloeb-verdens-sundhedsdag-7-april-2018-vita\/"},"wordCount":344,"commentCount":0,"publisher":{"@id":"https:\/\/www.vita-explorers.dk\/blog\/#organization"},"image":{"@id":"https:\/\/www.vita-explorers.dk\/blog\/praktik-sygepleje-frivilligt-medicinsk-forloeb-verdens-sundhedsdag-7-april-2018-vita\/#primaryimage"},"thumbnailUrl":"https:\/\/www.vita-explorers.dk\/blog\/wp-content\/uploads\/2018\/04\/volontariat-me\u0301dical-en-Jamaique-min.jpg","keywords":["b\u00e9n\u00e9volat m\u00e9dical","m\u00e9dical","sant\u00e9","stage"],"articleSection":["No Name","Oplysning"],"inLanguage":"da-DK","potentialAction":[{"@type":"CommentAction","name":"Comment","target":["https:\/\/www.vita-explorers.dk\/blog\/praktik-sygepleje-frivilligt-medicinsk-forloeb-verdens-sundhedsdag-7-april-2018-vita\/#respond"]}]},{"@type":"WebPage","@id":"https:\/\/www.vita-explorers.dk\/blog\/praktik-sygepleje-frivilligt-medicinsk-forloeb-verdens-sundhedsdag-7-april-2018-vita\/","url":"https:\/\/www.vita-explorers.dk\/blog\/praktik-sygepleje-frivilligt-medicinsk-forloeb-verdens-sundhedsdag-7-april-2018-vita\/","name":"Tak til medlemmerne i sundhedsindsatsen. - VITA Explorers Blog","isPartOf":{"@id":"https:\/\/www.vita-explorers.dk\/blog\/#website"},"primaryImageOfPage":{"@id":"https:\/\/www.vita-explorers.dk\/blog\/praktik-sygepleje-frivilligt-medicinsk-forloeb-verdens-sundhedsdag-7-april-2018-vita\/#primaryimage"},"image":{"@id":"https:\/\/www.vita-explorers.dk\/blog\/praktik-sygepleje-frivilligt-medicinsk-forloeb-verdens-sundhedsdag-7-april-2018-vita\/#primaryimage"},"thumbnailUrl":"https:\/\/www.vita-explorers.dk\/blog\/wp-content\/uploads\/2018\/04\/volontariat-me\u0301dical-en-Jamaique-min.jpg","datePublished":"2018-04-06T14:57:07+00:00","dateModified":"2023-01-04T15:23:59+00:00","breadcrumb":{"@id":"https:\/\/www.vita-explorers.dk\/blog\/praktik-sygepleje-frivilligt-medicinsk-forloeb-verdens-sundhedsdag-7-april-2018-vita\/#breadcrumb"},"inLanguage":"da-DK","potentialAction":[{"@type":"ReadAction","target":["https:\/\/www.vita-explorers.dk\/blog\/praktik-sygepleje-frivilligt-medicinsk-forloeb-verdens-sundhedsdag-7-april-2018-vita\/"]}]},{"@type":"ImageObject","inLanguage":"da-DK","@id":"https:\/\/www.vita-explorers.dk\/blog\/praktik-sygepleje-frivilligt-medicinsk-forloeb-verdens-sundhedsdag-7-april-2018-vita\/#primaryimage","url":"https:\/\/www.vita-explorers.dk\/blog\/wp-content\/uploads\/2018\/04\/volontariat-me\u0301dical-en-Jamaique-min.jpg","contentUrl":"https:\/\/www.vita-explorers.dk\/blog\/wp-content\/uploads\/2018\/04\/volontariat-me\u0301dical-en-Jamaique-min.jpg","width":832,"height":553},{"@type":"BreadcrumbList","@id":"https:\/\/www.vita-explorers.dk\/blog\/praktik-sygepleje-frivilligt-medicinsk-forloeb-verdens-sundhedsdag-7-april-2018-vita\/#breadcrumb","itemListElement":[{"@type":"ListItem","position":1,"name":"Accueil","item":"https:\/\/www.vita-explorers.dk\/blog\/"},{"@type":"ListItem","position":2,"name":"Tak til medlemmerne i sundhedsindsatsen."}]},{"@type":"WebSite","@id":"https:\/\/www.vita-explorers.dk\/blog\/#website","url":"https:\/\/www.vita-explorers.dk\/blog\/","name":"Association Globalong","description":"Frivilligt arbejde, sprogophold, praktik i udlandet og internationale oplevelser","publisher":{"@id":"https:\/\/www.vita-explorers.dk\/blog\/#organization"},"potentialAction":[{"@type":"SearchAction","target":{"@type":"EntryPoint","urlTemplate":"https:\/\/www.vita-explorers.dk\/blog\/?s={search_term_string}"},"query-input":{"@type":"PropertyValueSpecification","valueRequired":true,"valueName":"search_term_string"}}],"inLanguage":"da-DK"},{"@type":"Organization","@id":"https:\/\/www.vita-explorers.dk\/blog\/#organization","name":"Association Globalong","url":"https:\/\/www.vita-explorers.dk\/blog\/","logo":{"@type":"ImageObject","inLanguage":"da-DK","@id":"https:\/\/www.vita-explorers.dk\/blog\/#\/schema\/logo\/image\/","url":"https:\/\/www.globalong.com\/blog\/wp-content\/uploads\/2014\/11\/cropped-cropped-Logo-et-Afrique-Globalong-petite-taille-2.jpg","contentUrl":"https:\/\/www.globalong.com\/blog\/wp-content\/uploads\/2014\/11\/cropped-cropped-Logo-et-Afrique-Globalong-petite-taille-2.jpg","width":512,"height":512,"caption":"Association Globalong"},"image":{"@id":"https:\/\/www.vita-explorers.dk\/blog\/#\/schema\/logo\/image\/"},"sameAs":["https:\/\/www.facebook.com\/globalong"]},{"@type":"Person","@id":"https:\/\/www.vita-explorers.dk\/blog\/#\/schema\/person\/fc0343a2f2db2ebb2793c1f62dbe73f0","name":"VITA Tribe","image":{"@type":"ImageObject","inLanguage":"da-DK","@id":"https:\/\/www.vita-explorers.dk\/blog\/#\/schema\/person\/image\/","url":"https:\/\/secure.gravatar.com\/avatar\/f7f05026bb439d0c96b30e135e5f852c?s=96&d=mm&r=g","contentUrl":"https:\/\/secure.gravatar.com\/avatar\/f7f05026bb439d0c96b30e135e5f852c?s=96&d=mm&r=g","caption":"VITA Tribe"},"sameAs":["http:\/\/www.globalong.com"],"url":"https:\/\/www.vita-explorers.dk\/blog\/author\/teamglobalong\/"}]}},"_links":{"self":[{"href":"https:\/\/www.vita-explorers.dk\/blog\/wp-json\/wp\/v2\/posts\/9401"}],"collection":[{"href":"https:\/\/www.vita-explorers.dk\/blog\/wp-json\/wp\/v2\/posts"}],"about":[{"href":"https:\/\/www.vita-explorers.dk\/blog\/wp-json\/wp\/v2\/types\/post"}],"author":[{"embeddable":true,"href":"https:\/\/www.vita-explorers.dk\/blog\/wp-json\/wp\/v2\/users\/7"}],"replies":[{"embeddable":true,"href":"https:\/\/www.vita-explorers.dk\/blog\/wp-json\/wp\/v2\/comments?post=9401"}],"version-history":[{"count":27,"href":"https:\/\/www.vita-explorers.dk\/blog\/wp-json\/wp\/v2\/posts\/9401\/revisions"}],"predecessor-version":[{"id":15072,"href":"https:\/\/www.vita-explorers.dk\/blog\/wp-json\/wp\/v2\/posts\/9401\/revisions\/15072"}],"wp:featuredmedia":[{"embeddable":true,"href":"https:\/\/www.vita-explorers.dk\/blog\/wp-json\/wp\/v2\/media\/9403"}],"wp:attachment":[{"href":"https:\/\/www.vita-explorers.dk\/blog\/wp-json\/wp\/v2\/media?parent=9401"}],"wp:term":[{"taxonomy":"category","embeddable":true,"href":"https:\/\/www.vita-explorers.dk\/blog\/wp-json\/wp\/v2\/categories?post=9401"},{"taxonomy":"post_tag","embeddable":true,"href":"https:\/\/www.vita-explorers.dk\/blog\/wp-json\/wp\/v2\/tags?post=9401"}],"curies":[{"name":"wp","href":"https:\/\/api.w.org\/{rel}","templated":true}]}}