{"id":9503,"date":"2018-04-20T16:57:38","date_gmt":"2018-04-20T14:57:38","guid":{"rendered":"https:\/\/www.globalong.com\/blog\/?p=9503"},"modified":"2023-01-04T16:23:04","modified_gmt":"2023-01-04T15:23:04","slug":"okofrivilligt-arbejde-jordens-dag-22-april-2018-internationalt-forlob-deltager-okologi-miljo-natur","status":"publish","type":"post","link":"https:\/\/www.vita-explorers.dk\/blog\/okofrivilligt-arbejde-jordens-dag-22-april-2018-internationalt-forlob-deltager-okologi-miljo-natur\/","title":{"rendered":"En milj\u00f8begivenhed, du ikke m\u00e5 g\u00e5 glip af! &#8211;"},"content":{"rendered":"<div class=\"ti-widget ti-goog\" data-layout-id=\"4\" data-set-id=\"light-background\" data-pid=\"\" data-language=\"fr\" data-version=\"2\" data-review-target-width=\"300\" data-review-text-mode=\"readmore\" data-pager-autoplay-timeout=\"6\" > <div class=\"ti-widget-container ti-col-3\"> <div class=\"ti-reviews-container\"> <div class=\"ti-controls\"> <div class=\"ti-next\" aria-label=\"Avis suivante\" role=\"button\"><\/div> <div class=\"ti-prev\" aria-label=\"Avis pr\u00e9c\u00e9dent\" role=\"button\"><\/div> <\/div> <div class=\"ti-reviews-container-wrapper\">  <div data-empty=\"0\" class=\"ti-review-item source-Google ti-image-layout-thumbnail\" data-id=\"cfcd208495d565ef66e7dff9f98764da\" > <div class=\"ti-inner\"> <div class=\"ti-review-header\"> <div class=\"ti-profile-img\"> <img decoding=\"async\" src=\"https:\/\/lh3.googleusercontent.com\/a\/ACg8ocKpaoKe37CD0_POxO97KqB60GsWQRsIuG2vmCfXT-W_FY44vw=s120-c-rp-mo-br100\" srcset=\"https:\/\/lh3.googleusercontent.com\/a\/ACg8ocKpaoKe37CD0_POxO97KqB60GsWQRsIuG2vmCfXT-W_FY44vw=s120-c-rp-mo-br100 2x\" alt=\"Lucie Correia\" loading=\"lazy\" \/> <\/div> <div class=\"ti-profile-details\"> <div class=\"ti-name\"> Lucie Correia <\/div> <div class=\"ti-date\">2024-10-17<\/div> <\/div> <\/div> <span class=\"ti-stars\"><span class=\"ti-star f\"><\/span><span class=\"ti-star f\"><\/span><span class=\"ti-star f\"><\/span><span class=\"ti-star f\"><\/span><span class=\"ti-star f\"><\/span><\/span> <div class=\"ti-review-text-container ti-review-content\"><!-- R-CONTENT -->La communication avec Globalong est super, personnes tr\u00e8s pr\u00e9sentes pour les b\u00e9n\u00e9voles et \u00e9tudiants partant avec cette association. Elles r\u00e9pondent \u00e0 toutes nos questions et sont tr\u00e8s accessibles au t\u00e9l\u00e9phone.<!-- R-CONTENT --><\/div> <span class=\"ti-read-more\" data-container=\".ti-review-content\" data-collapse-text=\"Cacher\" data-open-text=\"Lire la suite\" ><\/span> <\/div> <\/div>  <div data-empty=\"0\" class=\"ti-review-item source-Google ti-image-layout-thumbnail\" data-id=\"cfcd208495d565ef66e7dff9f98764da\" > <div class=\"ti-inner\"> <div class=\"ti-review-header\"> <div class=\"ti-profile-img\"> <img decoding=\"async\" src=\"https:\/\/lh3.googleusercontent.com\/a-\/ALV-UjWqnnzM7-7c9BDqeTDF-a7pOgNjvLkJ3WshRd_Tn7z0Eu-AGQwo=s120-c-rp-mo-br100\" srcset=\"https:\/\/lh3.googleusercontent.com\/a-\/ALV-UjWqnnzM7-7c9BDqeTDF-a7pOgNjvLkJ3WshRd_Tn7z0Eu-AGQwo=s120-c-rp-mo-br100 2x\" alt=\"Ra\u00efssa Frisch\" loading=\"lazy\" \/> <\/div> <div class=\"ti-profile-details\"> <div class=\"ti-name\"> Ra\u00efssa Frisch <\/div> <div class=\"ti-date\">2024-10-14<\/div> <\/div> <\/div> <span class=\"ti-stars\"><span class=\"ti-star f\"><\/span><span class=\"ti-star f\"><\/span><span class=\"ti-star f\"><\/span><span class=\"ti-star f\"><\/span><span class=\"ti-star f\"><\/span><\/span> <div class=\"ti-review-text-container ti-review-content\"><!-- R-CONTENT -->J\u2019ai d\u00e9j\u00e0 eu l\u2019opportunit\u00e9 de r\u00e9aliser deux projets humanitaires avec l\u2019association Globalong. Je ne peux que la recommander, car j\u2019ai toujours b\u00e9n\u00e9fici\u00e9 d\u2019un excellent accompagnement, aussi bien avant que pendant le voyage. On ne vous laisse pas vous d\u00e9brouiller seuls, bien au contraire, vous \u00eates tr\u00e8s bien encadr\u00e9s pour accomplir toutes les d\u00e9marches dans les d\u00e9lais.\n\nAu-del\u00e0 du suivi, les exp\u00e9riences humanitaires propos\u00e9es par Globalong ne peuvent que transformer votre vie de mani\u00e8re positive. Elles vous apportent une richesse humaine inestimable.<!-- R-CONTENT --><\/div> <span class=\"ti-read-more\" data-container=\".ti-review-content\" data-collapse-text=\"Cacher\" data-open-text=\"Lire la suite\" ><\/span> <\/div> <\/div>  <div data-empty=\"0\" class=\"ti-review-item source-Google ti-image-layout-thumbnail\" data-id=\"cfcd208495d565ef66e7dff9f98764da\" > <div class=\"ti-inner\"> <div class=\"ti-review-header\"> <div class=\"ti-profile-img\"> <img decoding=\"async\" src=\"https:\/\/lh3.googleusercontent.com\/a\/ACg8ocJL-Dxv25YkXK2QwWPNRxTVqZCv5uTmDQDFg5qslKra3vRZew=s120-c-rp-mo-br100\" srcset=\"https:\/\/lh3.googleusercontent.com\/a\/ACg8ocJL-Dxv25YkXK2QwWPNRxTVqZCv5uTmDQDFg5qslKra3vRZew=s120-c-rp-mo-br100 2x\" alt=\"Tara Turan\" loading=\"lazy\" \/> <\/div> <div class=\"ti-profile-details\"> <div class=\"ti-name\"> Tara Turan <\/div> <div class=\"ti-date\">2024-10-14<\/div> <\/div> <\/div> <span class=\"ti-stars\"><span class=\"ti-star f\"><\/span><span class=\"ti-star f\"><\/span><span class=\"ti-star f\"><\/span><span class=\"ti-star f\"><\/span><span class=\"ti-star f\"><\/span><\/span> <div class=\"ti-review-text-container ti-review-content\"><!-- R-CONTENT -->Une des meilleures associations que j\u2019ai pu faire !\nUne organisation et un suivi vraiment parfait, c\u2019est avec grand plaisir que je referai un projet avec eux.<!-- R-CONTENT --><\/div> <span class=\"ti-read-more\" data-container=\".ti-review-content\" data-collapse-text=\"Cacher\" data-open-text=\"Lire la suite\" ><\/span> <\/div> <\/div>  <div data-empty=\"0\" class=\"ti-review-item source-Google ti-image-layout-thumbnail\" data-id=\"cfcd208495d565ef66e7dff9f98764da\" > <div class=\"ti-inner\"> <div class=\"ti-review-header\"> <div class=\"ti-profile-img\"> <img decoding=\"async\" src=\"https:\/\/lh3.googleusercontent.com\/a\/ACg8ocLctTPNovSk3eKM0b_MIPOfcFEQsz2135Cdu59_BWRVsIYC7Q=s120-c-rp-mo-br100\" srcset=\"https:\/\/lh3.googleusercontent.com\/a\/ACg8ocLctTPNovSk3eKM0b_MIPOfcFEQsz2135Cdu59_BWRVsIYC7Q=s120-c-rp-mo-br100 2x\" alt=\"Repiquet Julie\" loading=\"lazy\" \/> <\/div> <div class=\"ti-profile-details\"> <div class=\"ti-name\"> Repiquet Julie <\/div> <div class=\"ti-date\">2024-10-13<\/div> <\/div> <\/div> <span class=\"ti-stars\"><span class=\"ti-star f\"><\/span><span class=\"ti-star f\"><\/span><span class=\"ti-star f\"><\/span><span class=\"ti-star f\"><\/span><span class=\"ti-star f\"><\/span><\/span> <div class=\"ti-review-text-container ti-review-content\"><!-- R-CONTENT -->Tr\u00e8s bon accompagnement de la part de Globalong, du premier jour avec toutes mes interrogations, jusqu'au d\u00e9part dans quelques jours. Le dossier transmis apr\u00e8s validation de la mission est plus que complet, les webmaster tr\u00e8s int\u00e9ressantes et permettent de d\u00e9charger mentalement ce genre de pr\u00e9paration, tout est pr\u00e9vu il n'y a plus qu'\u00e0 suivre ! Merci \u00e0 Florence de r\u00e9pondre \u00e0 toutes mes questions avec gentillesse et bienveillance, cela m'a permis de passer le cap!\nMaintenant, il n'y a plus qu'\u00e0 \ud83d\ude00<!-- R-CONTENT --><\/div> <span class=\"ti-read-more\" data-container=\".ti-review-content\" data-collapse-text=\"Cacher\" data-open-text=\"Lire la suite\" ><\/span> <\/div> <\/div>  <div data-empty=\"0\" class=\"ti-review-item source-Google ti-image-layout-thumbnail\" data-id=\"cfcd208495d565ef66e7dff9f98764da\" > <div class=\"ti-inner\"> <div class=\"ti-review-header\"> <div class=\"ti-profile-img\"> <img decoding=\"async\" src=\"https:\/\/lh3.googleusercontent.com\/a\/ACg8ocJJTdmTWs8nAA0yuH_cKOUgzc6GFAkHBiXhpnnVYXaWMBZsHw=s120-c-rp-mo-br100\" srcset=\"https:\/\/lh3.googleusercontent.com\/a\/ACg8ocJJTdmTWs8nAA0yuH_cKOUgzc6GFAkHBiXhpnnVYXaWMBZsHw=s120-c-rp-mo-br100 2x\" alt=\"Marine Guilhamat\" loading=\"lazy\" \/> <\/div> <div class=\"ti-profile-details\"> <div class=\"ti-name\"> Marine Guilhamat <\/div> <div class=\"ti-date\">2024-10-09<\/div> <\/div> <\/div> <span class=\"ti-stars\"><span class=\"ti-star f\"><\/span><span class=\"ti-star f\"><\/span><span class=\"ti-star f\"><\/span><span class=\"ti-star f\"><\/span><span class=\"ti-star f\"><\/span><\/span> <div class=\"ti-review-text-container ti-review-content\"><!-- R-CONTENT -->Tr\u00e8s belle association qui offre un cadre super s\u00e9curisant et permet de s\u2019investir dans des projets qui ont du sens. Merci \u00e0 l\u2019\u00e9quipe Globalong pour votre disponibilit\u00e9, gentillesse et accompagnement !<!-- R-CONTENT --><\/div> <span class=\"ti-read-more\" data-container=\".ti-review-content\" data-collapse-text=\"Cacher\" data-open-text=\"Lire la suite\" ><\/span> <\/div> <\/div>  <div data-empty=\"0\" class=\"ti-review-item source-Google ti-image-layout-thumbnail\" data-id=\"cfcd208495d565ef66e7dff9f98764da\" > <div class=\"ti-inner\"> <div class=\"ti-review-header\"> <div class=\"ti-profile-img\"> <img decoding=\"async\" src=\"https:\/\/lh3.googleusercontent.com\/a\/ACg8ocIgITHXKo46qgJyPqlJeAcxz11gCKUJpGIk2qauiIe2O3iZ6w=s120-c-rp-mo-br100\" srcset=\"https:\/\/lh3.googleusercontent.com\/a\/ACg8ocIgITHXKo46qgJyPqlJeAcxz11gCKUJpGIk2qauiIe2O3iZ6w=s120-c-rp-mo-br100 2x\" alt=\"Laura Mercier\" loading=\"lazy\" \/> <\/div> <div class=\"ti-profile-details\"> <div class=\"ti-name\"> Laura Mercier <\/div> <div class=\"ti-date\">2024-10-08<\/div> <\/div> <\/div> <span class=\"ti-stars\"><span class=\"ti-star f\"><\/span><span class=\"ti-star f\"><\/span><span class=\"ti-star f\"><\/span><span class=\"ti-star f\"><\/span><span class=\"ti-star f\"><\/span><\/span> <div class=\"ti-review-text-container ti-review-content\"><!-- R-CONTENT -->Mon d\u00e9part approche, je pars dans une semaine, et depuis le d\u00e9but de mon inscription je suis tr\u00e8s satisfaite du suivi effectu\u00e9 par l\u2019association. Ils sont tr\u00e8s disponibles et r\u00e9pondent rapidement \u00e0 l\u2019ensemble des questions. Je suis tr\u00e8s contente de partir faire cette mission humanitaire encadr\u00e9e par cette association. Je recommande vraiment.<!-- R-CONTENT --><\/div> <span class=\"ti-read-more\" data-container=\".ti-review-content\" data-collapse-text=\"Cacher\" data-open-text=\"Lire la suite\" ><\/span> <\/div> <\/div>  <div data-empty=\"0\" class=\"ti-review-item source-Google ti-image-layout-thumbnail\" data-id=\"cfcd208495d565ef66e7dff9f98764da\" > <div class=\"ti-inner\"> <div class=\"ti-review-header\"> <div class=\"ti-profile-img\"> <img decoding=\"async\" src=\"https:\/\/lh3.googleusercontent.com\/a-\/ALV-UjVVr0YMQhXl8QNEEB32l-rnoaYwvRZUjIEX9OEwPE_1fQwzIyk=s120-c-rp-mo-br100\" srcset=\"https:\/\/lh3.googleusercontent.com\/a-\/ALV-UjVVr0YMQhXl8QNEEB32l-rnoaYwvRZUjIEX9OEwPE_1fQwzIyk=s120-c-rp-mo-br100 2x\" alt=\"Anouk Rzkt\" loading=\"lazy\" \/> <\/div> <div class=\"ti-profile-details\"> <div class=\"ti-name\"> Anouk Rzkt <\/div> <div class=\"ti-date\">2024-10-02<\/div> <\/div> <\/div> <span class=\"ti-stars\"><span class=\"ti-star f\"><\/span><span class=\"ti-star f\"><\/span><span class=\"ti-star f\"><\/span><span class=\"ti-star f\"><\/span><span class=\"ti-star f\"><\/span><\/span> <div class=\"ti-review-text-container ti-review-content\"><!-- R-CONTENT -->Globalong est l'association parfaite. L'\u00e9quipe offre un v\u00e9ritable accompagnement rythm\u00e9 par beaucoup de conseils et d'\u00e9coute. Le site est tr\u00e8s bien fait avec des dossiers complets allant des sujets tr\u00e8s pratiques a d'autres plus th\u00e9oriques (tels que le choc culturel par exemple). Je recommande vivement et remercie sinc\u00e8rement toute l'\u00e9quipe pour leur gentillesse et investissement !<!-- R-CONTENT --><\/div> <span class=\"ti-read-more\" data-container=\".ti-review-content\" data-collapse-text=\"Cacher\" data-open-text=\"Lire la suite\" ><\/span> <\/div> <\/div>  <\/div> <div class=\"ti-controls-line\"> <div class=\"dot\"><\/div> <\/div> <\/div> <div class=\"ti-footer\"> <div class=\"ti-rating-text\"> <span class=\"nowrap\">\u00c9valuation <strong>Google<\/strong> : <\/span><span class=\"nowrap\"><strong>4.8<\/strong> sur 5, <\/span><span class=\"nowrap\">Bas\u00e9e sur <strong>240 avis<\/strong><\/span> <\/div> <\/div>  <\/div> <\/div> \n<p style=\"text-align: center;\"><span style=\"color: #b81657;\"><strong>S\u00f8ndag fejrer vi Jordens Dag!<\/strong><\/span><\/p>\n<p style=\"text-align: justify;\"><a href=\"https:\/\/www.vita-explorers.dk\/blog\/wp-content\/uploads\/2018\/04\/Protection-et-sauvegarde-des-plages-GlobAlong-min.jpg\"><img loading=\"lazy\" decoding=\"async\" class=\"wp-image-9505 size-medium aligncenter\" src=\"https:\/\/www.vita-explorers.dk\/blog\/wp-content\/uploads\/2018\/04\/Protection-et-sauvegarde-des-plages-GlobAlong-min-300x206.jpg\" alt=\"\" width=\"300\" height=\"206\" srcset=\"https:\/\/www.vita-explorers.dk\/blog\/wp-content\/uploads\/2018\/04\/Protection-et-sauvegarde-des-plages-GlobAlong-min-300x206.jpg 300w, https:\/\/www.vita-explorers.dk\/blog\/wp-content\/uploads\/2018\/04\/Protection-et-sauvegarde-des-plages-GlobAlong-min-768x528.jpg 768w, https:\/\/www.vita-explorers.dk\/blog\/wp-content\/uploads\/2018\/04\/Protection-et-sauvegarde-des-plages-GlobAlong-min-1024x704.jpg 1024w, https:\/\/www.vita-explorers.dk\/blog\/wp-content\/uploads\/2018\/04\/Protection-et-sauvegarde-des-plages-GlobAlong-min-150x103.jpg 150w, https:\/\/www.vita-explorers.dk\/blog\/wp-content\/uploads\/2018\/04\/Protection-et-sauvegarde-des-plages-GlobAlong-min.jpg 1600w\" sizes=\"(max-width: 300px) 100vw, 300px\" \/><\/a>Dagen blev grundlagt af den amerikanske senator Gaylord Nelson <strong>i 1970<\/strong>.<br \/>\nP\u00e5 den f\u00f8rste \u201cEarth Day\u201d opfordrede han studerende til at s\u00e6tte projekter i gang for at styrke <strong>beskyttelsen af milj\u00f8et<\/strong>.<br \/>\nSiden har flere og flere mennesker verden over engageret sig og valgt en <span style=\"text-decoration: underline; color: #b81657;\"><strong><a href=\"https:\/\/www.vita-explorers.dk\/blog\/\u00f8ko-frivilligt-arbejde-ansvarlig-rejse-praktik-milj\u00f8-natur-\u00f8kologi-asien\/\" target=\"_blank\" rel=\"noopener\">mere milj\u00f8ansvarlig<\/a> livsstil<\/strong><\/span><span style=\"color: #b81657;\"><strong> <\/strong><\/span>b\u00e5de p\u00e5 selve dagen \u2013 og (ikke mindst) resten af \u00e5ret.<\/p>\n<p style=\"text-align: justify;\">I dag regnes <strong>Jordens Dag<\/strong> for at v\u00e6re <strong>verdens mest udbredte milj\u00f8markering.<\/strong><\/p>\n<p><img loading=\"lazy\" decoding=\"async\" class=\"size-medium wp-image-9513 aligncenter\" src=\"https:\/\/www.vita-explorers.dk\/blog\/wp-content\/uploads\/2018\/04\/8-Rurrenabaque-San-Miguel-Voyage-Rurrenabaque-17.22-31.mars2015-300x200.jpg\" alt=\"\" width=\"300\" height=\"200\" srcset=\"https:\/\/www.vita-explorers.dk\/blog\/wp-content\/uploads\/2018\/04\/8-Rurrenabaque-San-Miguel-Voyage-Rurrenabaque-17.22-31.mars2015-300x200.jpg 300w, https:\/\/www.vita-explorers.dk\/blog\/wp-content\/uploads\/2018\/04\/8-Rurrenabaque-San-Miguel-Voyage-Rurrenabaque-17.22-31.mars2015-768x512.jpg 768w, https:\/\/www.vita-explorers.dk\/blog\/wp-content\/uploads\/2018\/04\/8-Rurrenabaque-San-Miguel-Voyage-Rurrenabaque-17.22-31.mars2015-1024x683.jpg 1024w, https:\/\/www.vita-explorers.dk\/blog\/wp-content\/uploads\/2018\/04\/8-Rurrenabaque-San-Miguel-Voyage-Rurrenabaque-17.22-31.mars2015-150x100.jpg 150w, https:\/\/www.vita-explorers.dk\/blog\/wp-content\/uploads\/2018\/04\/8-Rurrenabaque-San-Miguel-Voyage-Rurrenabaque-17.22-31.mars2015.jpg 1600w\" sizes=\"(max-width: 300px) 100vw, 300px\" \/><\/p>\n<p style=\"text-align: justify;\"><span style=\"color: #b81657;\"><strong>I Frankrig engagerer mange mennesker og organisationer sig, og der bliver sat forskellige initiativer i gang:<\/strong><\/span><\/p>\n<ul>\n<li style=\"text-align: justify;\">I <strong>Marseille<\/strong> afholdes <strong>en konference<\/strong> om <strong>\u201cZero Waste-familien\u201d<\/strong> mandag den 23. april 2018. Gratis og \u00e5ben for alle.<\/li>\n<li style=\"text-align: justify;\">P\u00e5 <strong>r\u00e5dhuset i Paris<\/strong> vises <strong>filmen<\/strong> <strong>\u201cLa terre vue du coeur\u201d af Hubert Reeves<\/strong> som forpremiere den 22. april i Cin\u00e9ma Luminor.<br \/>\nEfterfulgt af en samtale med ophavsmanden.<\/li>\n<li style=\"text-align: justify;\">I <strong>Strasbourg<\/strong> afholdes <strong>\u201c48 timer med urban agriculture\u201d<\/strong> samme weekend.<img loading=\"lazy\" decoding=\"async\" class=\"size-medium wp-image-9507 aligncenter\" src=\"https:\/\/www.vita-explorers.dk\/blog\/wp-content\/uploads\/2018\/04\/Ciel-nocturne-et-b\u00e9n\u00e9voles-en-Mongolie-GlobAlong-min-300x225.jpg\" alt=\"\" width=\"300\" height=\"225\" srcset=\"https:\/\/www.vita-explorers.dk\/blog\/wp-content\/uploads\/2018\/04\/Ciel-nocturne-et-b\u00e9n\u00e9voles-en-Mongolie-GlobAlong-min-300x225.jpg 300w, https:\/\/www.vita-explorers.dk\/blog\/wp-content\/uploads\/2018\/04\/Ciel-nocturne-et-b\u00e9n\u00e9voles-en-Mongolie-GlobAlong-min-768x577.jpg 768w, https:\/\/www.vita-explorers.dk\/blog\/wp-content\/uploads\/2018\/04\/Ciel-nocturne-et-b\u00e9n\u00e9voles-en-Mongolie-GlobAlong-min-150x113.jpg 150w, https:\/\/www.vita-explorers.dk\/blog\/wp-content\/uploads\/2018\/04\/Ciel-nocturne-et-b\u00e9n\u00e9voles-en-Mongolie-GlobAlong-min.jpg 1023w\" sizes=\"(max-width: 300px) 100vw, 300px\" \/><br \/>\nDer vil v\u00e6re flere aktiviteter, opl\u00e6g og workshops rundt omkring i byen. M\u00e5let er at <strong>give naturen en tydeligere plads i bylivet<\/strong>.<\/li>\n<li style=\"text-align: justify;\">Og meget mere\u2026<\/li>\n<\/ul>\n<p>I <strong>Belgien<\/strong> i Rhisnes afholdes <strong>Festivalen for spiselige planter<\/strong> i weekenden den 21. og 22. april 2018 &#8212; med opl\u00e6g, koncerter og workshops p\u00e5 programmet.<\/p>\n<p style=\"text-align: justify;\"><strong>Jordens Dag er en oplagt anledning til at rette blikket mod vores milj\u00f8.<br \/>\nDet er ogs\u00e5 en god start p\u00e5 sm\u00e5, gr\u00f8nne vaner i hverdagen.<\/strong><\/p>\n<p><a href=\"https:\/\/www.vita-explorers.dk\/blog\/wp-content\/uploads\/2018\/04\/Programme-de-be\u0301ne\u0301volat-avec-les-tortues-GlobAlong-min.jpg\"><img loading=\"lazy\" decoding=\"async\" class=\"size-medium wp-image-9536 aligncenter\" src=\"https:\/\/www.vita-explorers.dk\/blog\/wp-content\/uploads\/2018\/04\/Programme-de-be\u0301ne\u0301volat-avec-les-tortues-GlobAlong-min-300x225.jpg\" alt=\"\" width=\"300\" height=\"225\" srcset=\"https:\/\/www.vita-explorers.dk\/blog\/wp-content\/uploads\/2018\/04\/Programme-de-be\u0301ne\u0301volat-avec-les-tortues-GlobAlong-min-300x225.jpg 300w, https:\/\/www.vita-explorers.dk\/blog\/wp-content\/uploads\/2018\/04\/Programme-de-be\u0301ne\u0301volat-avec-les-tortues-GlobAlong-min-768x576.jpg 768w, https:\/\/www.vita-explorers.dk\/blog\/wp-content\/uploads\/2018\/04\/Programme-de-be\u0301ne\u0301volat-avec-les-tortues-GlobAlong-min-1024x768.jpg 1024w, https:\/\/www.vita-explorers.dk\/blog\/wp-content\/uploads\/2018\/04\/Programme-de-be\u0301ne\u0301volat-avec-les-tortues-GlobAlong-min-150x113.jpg 150w\" sizes=\"(max-width: 300px) 100vw, 300px\" \/><\/a>Det kan f\u00f8les som om sm\u00e5 handlinger ikke g\u00f8r den store forskel \u2013 men m\u00e5ske er det netop de sm\u00e5 skridt, der g\u00f8r fremtiden mere b\u00e6redygtig?<\/p>\n<p style=\"text-align: justify;\"><span style=\"color: #b81657;\"><strong>I hverdagen kan du for eksempel:<\/strong><\/span><\/p>\n<ul>\n<li><strong>Reducere dit affald<\/strong> : v\u00e6lg genanvendelige produkter!<\/li>\n<li style=\"text-align: justify;\"><strong>Sortere dit affald<\/strong> : brug <a href=\"http:\/\/www.ecoemballages.fr\/grand-public\/trier-cest-facile\/le-guide-du-tri\" target=\"_blank\" rel=\"noopener\"><span style=\"text-decoration: underline; color: #b81657;\"><strong>sorteringsguiden<\/strong><\/span><\/a> eller download appen gratis som hj\u00e6lp til at tr\u00e6ffe de rigtige valg.<\/li>\n<li style=\"text-align: justify;\"><strong>Genbruge<\/strong> : i stedet for at smide ud \u2013 repar\u00e9r eller giv videre!<\/li>\n<li><a href=\"https:\/\/www.vita-explorers.dk\/blog\/22-marts-vita-institute-verdens-vanddag-day-zero-sydafrika-vandkrise-klima-miljoe-handling-baeredygtig-udvikling\/\" target=\"_blank\" rel=\"noopener\"><span style=\"text-decoration: underline; color: #b81657;\"><strong>Spare p\u00e5 vandet<\/strong><\/span><\/a> : spring badekarret over, og sluk for vandet, n\u00e5r du s\u00e6ber dig ind, vasker op eller b\u00f8rster t\u00e6nder. <img loading=\"lazy\" decoding=\"async\" class=\"size-medium wp-image-9516 aligncenter\" src=\"https:\/\/www.vita-explorers.dk\/blog\/wp-content\/uploads\/2018\/04\/20273490081_fd0d80ff511-min-300x200.jpg\" alt=\"\" width=\"300\" height=\"200\" srcset=\"https:\/\/www.vita-explorers.dk\/blog\/wp-content\/uploads\/2018\/04\/20273490081_fd0d80ff511-min-300x200.jpg 300w, https:\/\/www.vita-explorers.dk\/blog\/wp-content\/uploads\/2018\/04\/20273490081_fd0d80ff511-min-150x100.jpg 150w, https:\/\/www.vita-explorers.dk\/blog\/wp-content\/uploads\/2018\/04\/20273490081_fd0d80ff511-min.jpg 500w\" sizes=\"(max-width: 300px) 100vw, 300px\" \/>Drik vand fra hanen med et vandfilter. Vand tidligt om morgenen eller om aftenen med opsamlet regnvand, og undg\u00e5 at vande gr\u00e6spl\u00e6nen.<\/li>\n<li style=\"text-align: justify;\"><strong>Spare p\u00e5 str\u00f8mmen<\/strong> : sluk helt for apparater, tag opladere ud af stikket, sluk lyset hver gang du forlader et rum, og brug <span style=\"text-decoration: underline; color: #b81657;\"><strong><a href=\"http:\/\/www.ecoconso.be\/fr\/content\/quel-systeme-de-chauffage-choisir\" target=\"_blank\" rel=\"noopener\">mere milj\u00f8venlige opvarmningsl\u00f8sninger<\/a><span style=\"color: #000000; text-decoration: underline;\">.<\/span><\/strong><\/span><\/li>\n<li style=\"text-align: justify;\"><strong>V\u00e6lge en mere milj\u00f8venlig transportform<\/strong> : prioriter cykel, gang, samk\u00f8rsel eller offentlig transport.<\/li>\n<li style=\"text-align: justify;\"><strong><img loading=\"lazy\" decoding=\"async\" class=\"size-medium wp-image-9523 aligncenter\" src=\"https:\/\/www.vita-explorers.dk\/blog\/wp-content\/uploads\/2018\/04\/Australie-eco-volontariat-Globalong-min-300x225.jpg\" alt=\"\" width=\"300\" height=\"225\" srcset=\"https:\/\/www.vita-explorers.dk\/blog\/wp-content\/uploads\/2018\/04\/Australie-eco-volontariat-Globalong-min-300x225.jpg 300w, https:\/\/www.vita-explorers.dk\/blog\/wp-content\/uploads\/2018\/04\/Australie-eco-volontariat-Globalong-min-768x576.jpg 768w, https:\/\/www.vita-explorers.dk\/blog\/wp-content\/uploads\/2018\/04\/Australie-eco-volontariat-Globalong-min-150x113.jpg 150w, https:\/\/www.vita-explorers.dk\/blog\/wp-content\/uploads\/2018\/04\/Australie-eco-volontariat-Globalong-min.jpg 960w\" sizes=\"(max-width: 300px) 100vw, 300px\" \/>Sige nej til madspild<\/strong> : k\u00f8b lidt ad gangen for at undg\u00e5 spild, og v\u00e6lg s\u00e6sonvarer, varer i l\u00f8s v\u00e6gt eller fra delikatessen.<\/li>\n<li style=\"text-align: justify;\"><strong>Sige nej til papirspild<\/strong> : undg\u00e5 at printe s\u00e5 vidt muligt, brug papiret flere gange, og frav\u00e6lg reklamer i postkassen ved at skrive: \u201cSTOP REKLAMER\u201d.<\/li>\n<li style=\"text-align: justify;\"><strong>Aflevere medicin korrekt<\/strong> : aflever den p\u00e5 apoteket. Du kan fjerne emballagen og sortere den i den rette beholder og derefter kun aflevere pillerne p\u00e5 apoteket.<\/li>\n<li style=\"text-align: justify;\"><strong>Kompostere dit have- og k\u00f8kkenaffald<\/strong> : <img loading=\"lazy\" decoding=\"async\" class=\"size-medium wp-image-9534 aligncenter\" src=\"https:\/\/www.vita-explorers.dk\/blog\/wp-content\/uploads\/2018\/04\/Eco-volontariat-au-Costa-Rica-GlobAlong-min-300x225.jpg\" alt=\"\" width=\"300\" height=\"225\" srcset=\"https:\/\/www.vita-explorers.dk\/blog\/wp-content\/uploads\/2018\/04\/Eco-volontariat-au-Costa-Rica-GlobAlong-min-300x225.jpg 300w, https:\/\/www.vita-explorers.dk\/blog\/wp-content\/uploads\/2018\/04\/Eco-volontariat-au-Costa-Rica-GlobAlong-min-768x576.jpg 768w, https:\/\/www.vita-explorers.dk\/blog\/wp-content\/uploads\/2018\/04\/Eco-volontariat-au-Costa-Rica-GlobAlong-min-1024x768.jpg 1024w, https:\/\/www.vita-explorers.dk\/blog\/wp-content\/uploads\/2018\/04\/Eco-volontariat-au-Costa-Rica-GlobAlong-min-150x113.jpg 150w, https:\/\/www.vita-explorers.dk\/blog\/wp-content\/uploads\/2018\/04\/Eco-volontariat-au-Costa-Rica-GlobAlong-min.jpg 1040w\" sizes=\"(max-width: 300px) 100vw, 300px\" \/>kompost\u00e9r organisk affald. Har du ikke have, kan du bruge en <a href=\"http:\/\/www.compostage.info\/index.php?option=com_content&#038;view=article&#038;id=17&#038;Itemid=16\" target=\"_blank\" rel=\"noopener\"><span style=\"text-decoration: underline; color: #b81657;\"><strong>ormekompost<\/strong><\/span><\/a>.<\/li>\n<li style=\"text-align: justify;\"><strong>Vise hensyn til naturen<\/strong> : undg\u00e5 at t\u00e6nde b\u00e5l, og smid hverken skodder, affald eller emballage p\u00e5 jorden!<\/li>\n<li style=\"text-align: justify;\"><strong>Deltage i et internationalt milj\u00f8forl\u00f8b<\/strong> : du kan engagere dig globalt ved at deltage i et internationalt milj\u00f8forl\u00f8b.<\/li>\n<\/ul>\n<p><a href=\"https:\/\/www.vita-explorers.dk\/blog\/frivilligt-arbejde-miljoe-i-afrika-asien-australien-og-amerika-ansvarlige-internationale-forloeb-og-groenne-projekter\/\" target=\"_blank\" rel=\"noopener\"><span style=\"text-decoration: underline; color: #b81657;\"><strong>Hvad g\u00e5r et internationalt milj\u00f8forl\u00f8b ud p\u00e5<\/strong><\/span><span style=\"color: #b81657;\"><strong>?<\/strong><\/span><\/a><\/p>\n<p style=\"text-align: justify;\">I et udviklingsland kan du deltage i forl\u00f8b med fokus p\u00e5 <strong>beskyttelse af milj\u00f8et<\/strong> og <strong>b\u00e6redygtig udvikling<\/strong>!<\/p>\n<p style=\"text-align: justify;\"><a href=\"https:\/\/www.vita-explorers.dk\/blog\/wp-content\/uploads\/2018\/04\/Programme-de-be\u0301ne\u0301volat-avec-les-oiseaux-GlobAlong-min.jpg\"><img loading=\"lazy\" decoding=\"async\" class=\"size-medium wp-image-9539 aligncenter\" src=\"https:\/\/www.vita-explorers.dk\/blog\/wp-content\/uploads\/2018\/04\/Programme-de-be\u0301ne\u0301volat-avec-les-oiseaux-GlobAlong-min-300x206.jpg\" alt=\"\" width=\"300\" height=\"206\" srcset=\"https:\/\/www.vita-explorers.dk\/blog\/wp-content\/uploads\/2018\/04\/Programme-de-be\u0301ne\u0301volat-avec-les-oiseaux-GlobAlong-min-300x206.jpg 300w, https:\/\/www.vita-explorers.dk\/blog\/wp-content\/uploads\/2018\/04\/Programme-de-be\u0301ne\u0301volat-avec-les-oiseaux-GlobAlong-min-768x528.jpg 768w, https:\/\/www.vita-explorers.dk\/blog\/wp-content\/uploads\/2018\/04\/Programme-de-be\u0301ne\u0301volat-avec-les-oiseaux-GlobAlong-min-1024x704.jpg 1024w, https:\/\/www.vita-explorers.dk\/blog\/wp-content\/uploads\/2018\/04\/Programme-de-be\u0301ne\u0301volat-avec-les-oiseaux-GlobAlong-min-150x103.jpg 150w, https:\/\/www.vita-explorers.dk\/blog\/wp-content\/uploads\/2018\/04\/Programme-de-be\u0301ne\u0301volat-avec-les-oiseaux-GlobAlong-min.jpg 1600w\" sizes=\"(max-width: 300px) 100vw, 300px\" \/><\/a>Du kan for eksempel bidrage til et projekt om <strong>b\u00e6redygtigt landbrug<\/strong>, indg\u00e5 i et internationalt deltagerteam p\u00e5 en <strong>\u00f8kologisk g\u00e5rd<\/strong>, eller st\u00f8tte lokalsamfund i at <strong>beskytte et \u00f8kosystem eller en truet dyreart<\/strong> m.m.<\/p>\n<p style=\"text-align: justify;\">Vil du h\u00f8re mere, er du velkommen til at kontakte os p\u00e5 <a href=\"mailto:info@globalong.com\" target=\"_blank\" rel=\"noopener\"><span style=\"text-decoration: underline; color: #b81657;\"><strong>info@globalong.com<\/strong><\/span><\/a>.<\/p>\n<p style=\"text-align: center;\"><a href=\"https:\/\/www.vita-explorers.dk\/frivilligt-arbejde\/\" target=\"_blank\" rel=\"noopener\"><span style=\"text-decoration: underline; color: #b81657;\"><strong>Deltag i et internationalt milj\u00f8forl\u00f8b!<\/strong><\/span><\/a><\/p>\n<p style=\"text-align: center;\"><span style=\"text-decoration: underline;\"><strong><a href=\"https:\/\/www.vita-explorers.dk\/frivilligt-arbejde\/\" target=\"_blank\" rel=\"noopener\"><span style=\"color: #b81657; text-decoration: underline;\">Se milj\u00f8forl\u00f8b i billeder!<\/span><\/a><\/strong><\/span><\/p>\n<p style=\"text-align: center;\">\n<p style=\"text-align: center;\"><a href=\"https:\/\/www.vita-explorers.dk\/blog\/avis-globalong\/\" target=\"_blank\" rel=\"noopener\"><span style=\"text-decoration: underline; color: #b81657;\"><strong>L\u00e6s deltagernes oplevelser!<\/strong><\/span><\/a><\/p>\n<p style=\"text-align: center;\"><a href=\"https:\/\/www.vita-explorers.dk\/blog\/videoer-fra-vores-destinationer-frivilligt-arbejde-internationale-forloeb\/\" target=\"_blank\" rel=\"noopener\"><span style=\"text-decoration: underline; color: #b81657;\"><strong>VITA i videoer!<\/strong><\/span><\/a><\/p>\n<p style=\"text-align: center;\"><a href=\"https:\/\/www.vita-explorers.dk\/association-globalong.html\" target=\"_blank\" rel=\"noopener\"><span style=\"text-decoration: underline; color: #b81657;\"><strong>Alt om VITA Institute<\/strong><\/span><\/a><\/p>\n<p><span style=\"font-size: 8pt;\">Fotos er vejledende<\/span><\/p>\n","protected":false},"excerpt":{"rendered":"<p>S\u00f8ndag fejrer vi Jordens Dag! Dagen blev grundlagt af den amerikanske senator Gaylord Nelson i 1970. P\u00e5 den f\u00f8rste \u201cEarth Day\u201d opfordrede han studerende\u2026<\/p>\n","protected":false},"author":1,"featured_media":9505,"comment_status":"open","ping_status":"open","sticky":false,"template":"","format":"standard","meta":{"footnotes":""},"categories":[8,6,3,4],"tags":[562,215,563,559,52,104,564,95,561,426],"yoast_head":"<!-- This site is optimized with the Yoast SEO Premium plugin v23.4 (Yoast SEO v23.4) - https:\/\/yoast.com\/wordpress\/plugins\/seo\/ -->\n<title>En milj\u00f8begivenhed, du ikke m\u00e5 g\u00e5 glip af! - VITA Explorers Blog<\/title>\n<meta name=\"robots\" content=\"index, follow, max-snippet:-1, max-image-preview:large, max-video-preview:-1\" \/>\n<link rel=\"canonical\" href=\"https:\/\/www.vita-explorers.dk\/blog\/okofrivilligt-arbejde-jordens-dag-22-april-2018-internationalt-forlob-deltager-okologi-miljo-natur\/\" \/>\n<meta property=\"og:locale\" content=\"da_DK\" \/>\n<meta property=\"og:type\" content=\"article\" \/>\n<meta property=\"og:title\" content=\"En milj\u00f8begivenhed, du ikke m\u00e5 g\u00e5 glip af! -\" \/>\n<meta property=\"og:description\" content=\"S\u00f8ndag fejrer vi Jordens Dag! Dagen blev grundlagt af den amerikanske senator Gaylord Nelson i 1970. P\u00e5 den f\u00f8rste \u201cEarth Day\u201d opfordrede han studerende\u2026\" \/>\n<meta property=\"og:url\" content=\"https:\/\/www.vita-explorers.dk\/blog\/okofrivilligt-arbejde-jordens-dag-22-april-2018-internationalt-forlob-deltager-okologi-miljo-natur\/\" \/>\n<meta property=\"og:site_name\" content=\"VITA Explorers Blog\" \/>\n<meta property=\"article:publisher\" content=\"https:\/\/www.facebook.com\/globalong\" \/>\n<meta property=\"article:published_time\" content=\"2018-04-20T14:57:38+00:00\" \/>\n<meta property=\"article:modified_time\" content=\"2023-01-04T15:23:04+00:00\" \/>\n<meta property=\"og:image\" content=\"https:\/\/www.vita-explorers.dk\/blog\/wp-content\/uploads\/2018\/04\/Protection-et-sauvegarde-des-plages-GlobAlong-min.jpg\" \/>\n\t<meta property=\"og:image:width\" content=\"1600\" \/>\n\t<meta property=\"og:image:height\" content=\"1100\" \/>\n\t<meta property=\"og:image:type\" content=\"image\/jpeg\" \/>\n<meta name=\"author\" content=\"VITA Tribe\" \/>\n<meta name=\"twitter:card\" content=\"summary_large_image\" \/>\n<meta name=\"twitter:label1\" content=\"Skrevet af\" \/>\n\t<meta name=\"twitter:data1\" content=\"VITA Tribe\" \/>\n\t<meta name=\"twitter:label2\" content=\"Estimeret l\u00e6setid\" \/>\n\t<meta name=\"twitter:data2\" content=\"3 minutter\" \/>\n<script type=\"application\/ld+json\" class=\"yoast-schema-graph\">{\"@context\":\"https:\/\/schema.org\",\"@graph\":[{\"@type\":\"Article\",\"@id\":\"https:\/\/www.vita-explorers.dk\/blog\/okofrivilligt-arbejde-jordens-dag-22-april-2018-internationalt-forlob-deltager-okologi-miljo-natur\/#article\",\"isPartOf\":{\"@id\":\"https:\/\/www.vita-explorers.dk\/blog\/okofrivilligt-arbejde-jordens-dag-22-april-2018-internationalt-forlob-deltager-okologi-miljo-natur\/\"},\"author\":{\"name\":\"VITA Tribe\",\"@id\":\"https:\/\/www.vita-explorers.dk\/blog\/#\/schema\/person\/d7df267b64f23018d1dc519e78fb2735\"},\"headline\":\"En milj\u00f8begivenhed, du ikke m\u00e5 g\u00e5 glip af! &#8211;\",\"datePublished\":\"2018-04-20T14:57:38+00:00\",\"dateModified\":\"2023-01-04T15:23:04+00:00\",\"mainEntityOfPage\":{\"@id\":\"https:\/\/www.vita-explorers.dk\/blog\/okofrivilligt-arbejde-jordens-dag-22-april-2018-internationalt-forlob-deltager-okologi-miljo-natur\/\"},\"wordCount\":652,\"commentCount\":0,\"publisher\":{\"@id\":\"https:\/\/www.vita-explorers.dk\/blog\/#organization\"},\"image\":{\"@id\":\"https:\/\/www.vita-explorers.dk\/blog\/okofrivilligt-arbejde-jordens-dag-22-april-2018-internationalt-forlob-deltager-okologi-miljo-natur\/#primaryimage\"},\"thumbnailUrl\":\"https:\/\/www.vita-explorers.dk\/blog\/wp-content\/uploads\/2018\/04\/Protection-et-sauvegarde-des-plages-GlobAlong-min.jpg\",\"keywords\":[\"22 avril 2018\",\"b\u00e9n\u00e9voles internationaux\",\"\u00e9co-citoyen\",\"\u00e9co-responsable\",\"Eco-volontariat\",\"\u00e9cologie\",\"engagement volontaire\",\"environnement\",\"Journ\u00e9e Mondiale de la Terre\",\"nature\"],\"articleSection\":[\"Humanit\u00e6rt frivilligt arbejde\",\"Nyheder\",\"Rejser - generelle oplysninger\",\"VITA Explorers\"],\"inLanguage\":\"da-DK\",\"potentialAction\":[{\"@type\":\"CommentAction\",\"name\":\"Comment\",\"target\":[\"https:\/\/www.vita-explorers.dk\/blog\/okofrivilligt-arbejde-jordens-dag-22-april-2018-internationalt-forlob-deltager-okologi-miljo-natur\/#respond\"]}]},{\"@type\":\"WebPage\",\"@id\":\"https:\/\/www.vita-explorers.dk\/blog\/okofrivilligt-arbejde-jordens-dag-22-april-2018-internationalt-forlob-deltager-okologi-miljo-natur\/\",\"url\":\"https:\/\/www.vita-explorers.dk\/blog\/okofrivilligt-arbejde-jordens-dag-22-april-2018-internationalt-forlob-deltager-okologi-miljo-natur\/\",\"name\":\"En milj\u00f8begivenhed, du ikke m\u00e5 g\u00e5 glip af! - VITA Explorers Blog\",\"isPartOf\":{\"@id\":\"https:\/\/www.vita-explorers.dk\/blog\/#website\"},\"primaryImageOfPage\":{\"@id\":\"https:\/\/www.vita-explorers.dk\/blog\/okofrivilligt-arbejde-jordens-dag-22-april-2018-internationalt-forlob-deltager-okologi-miljo-natur\/#primaryimage\"},\"image\":{\"@id\":\"https:\/\/www.vita-explorers.dk\/blog\/okofrivilligt-arbejde-jordens-dag-22-april-2018-internationalt-forlob-deltager-okologi-miljo-natur\/#primaryimage\"},\"thumbnailUrl\":\"https:\/\/www.vita-explorers.dk\/blog\/wp-content\/uploads\/2018\/04\/Protection-et-sauvegarde-des-plages-GlobAlong-min.jpg\",\"datePublished\":\"2018-04-20T14:57:38+00:00\",\"dateModified\":\"2023-01-04T15:23:04+00:00\",\"breadcrumb\":{\"@id\":\"https:\/\/www.vita-explorers.dk\/blog\/okofrivilligt-arbejde-jordens-dag-22-april-2018-internationalt-forlob-deltager-okologi-miljo-natur\/#breadcrumb\"},\"inLanguage\":\"da-DK\",\"potentialAction\":[{\"@type\":\"ReadAction\",\"target\":[\"https:\/\/www.vita-explorers.dk\/blog\/okofrivilligt-arbejde-jordens-dag-22-april-2018-internationalt-forlob-deltager-okologi-miljo-natur\/\"]}]},{\"@type\":\"ImageObject\",\"inLanguage\":\"da-DK\",\"@id\":\"https:\/\/www.vita-explorers.dk\/blog\/okofrivilligt-arbejde-jordens-dag-22-april-2018-internationalt-forlob-deltager-okologi-miljo-natur\/#primaryimage\",\"url\":\"https:\/\/www.vita-explorers.dk\/blog\/wp-content\/uploads\/2018\/04\/Protection-et-sauvegarde-des-plages-GlobAlong-min.jpg\",\"contentUrl\":\"https:\/\/www.vita-explorers.dk\/blog\/wp-content\/uploads\/2018\/04\/Protection-et-sauvegarde-des-plages-GlobAlong-min.jpg\",\"width\":1600,\"height\":1100,\"caption\":\"Exemple d\u2019activit\u00e9 d\u2019\u00e9co-volontariat adapt\u00e9e aux 15\u201317\u00a0ans.\"},{\"@type\":\"BreadcrumbList\",\"@id\":\"https:\/\/www.vita-explorers.dk\/blog\/okofrivilligt-arbejde-jordens-dag-22-april-2018-internationalt-forlob-deltager-okologi-miljo-natur\/#breadcrumb\",\"itemListElement\":[{\"@type\":\"ListItem\",\"position\":1,\"name\":\"Accueil\",\"item\":\"https:\/\/www.vita-explorers.dk\/blog\/\"},{\"@type\":\"ListItem\",\"position\":2,\"name\":\"En milj\u00f8begivenhed, du ikke m\u00e5 g\u00e5 glip af! &#8211;\"}]},{\"@type\":\"WebSite\",\"@id\":\"https:\/\/www.vita-explorers.dk\/blog\/#website\",\"url\":\"https:\/\/www.vita-explorers.dk\/blog\/\",\"name\":\"Association Globalong\",\"description\":\"Frivilligt arbejde, sprogophold, praktik i udlandet og internationale oplevelser\",\"publisher\":{\"@id\":\"https:\/\/www.vita-explorers.dk\/blog\/#organization\"},\"potentialAction\":[{\"@type\":\"SearchAction\",\"target\":{\"@type\":\"EntryPoint\",\"urlTemplate\":\"https:\/\/www.vita-explorers.dk\/blog\/?s={search_term_string}\"},\"query-input\":{\"@type\":\"PropertyValueSpecification\",\"valueRequired\":true,\"valueName\":\"search_term_string\"}}],\"inLanguage\":\"da-DK\"},{\"@type\":\"Organization\",\"@id\":\"https:\/\/www.vita-explorers.dk\/blog\/#organization\",\"name\":\"Association Globalong\",\"url\":\"https:\/\/www.vita-explorers.dk\/blog\/\",\"logo\":{\"@type\":\"ImageObject\",\"inLanguage\":\"da-DK\",\"@id\":\"https:\/\/www.vita-explorers.dk\/blog\/#\/schema\/logo\/image\/\",\"url\":\"https:\/\/www.globalong.com\/blog\/wp-content\/uploads\/2014\/11\/cropped-cropped-Logo-et-Afrique-Globalong-petite-taille-2.jpg\",\"contentUrl\":\"https:\/\/www.globalong.com\/blog\/wp-content\/uploads\/2014\/11\/cropped-cropped-Logo-et-Afrique-Globalong-petite-taille-2.jpg\",\"width\":512,\"height\":512,\"caption\":\"Association Globalong\"},\"image\":{\"@id\":\"https:\/\/www.vita-explorers.dk\/blog\/#\/schema\/logo\/image\/\"},\"sameAs\":[\"https:\/\/www.facebook.com\/globalong\"]},{\"@type\":\"Person\",\"@id\":\"https:\/\/www.vita-explorers.dk\/blog\/#\/schema\/person\/d7df267b64f23018d1dc519e78fb2735\",\"name\":\"VITA Tribe\",\"image\":{\"@type\":\"ImageObject\",\"inLanguage\":\"da-DK\",\"@id\":\"https:\/\/www.vita-explorers.dk\/blog\/#\/schema\/person\/image\/\",\"url\":\"https:\/\/secure.gravatar.com\/avatar\/81461bcc213d0ff2bdc043d4206648f0?s=96&d=mm&r=g\",\"contentUrl\":\"https:\/\/secure.gravatar.com\/avatar\/81461bcc213d0ff2bdc043d4206648f0?s=96&d=mm&r=g\",\"caption\":\"VITA Tribe\"},\"sameAs\":[\"https:\/\/www.globalong.com\"],\"url\":\"https:\/\/www.vita-explorers.dk\/blog\/author\/sophie\/\"}]}<\/script>\n<!-- \/ Yoast SEO Premium plugin. -->","yoast_head_json":{"title":"En milj\u00f8begivenhed, du ikke m\u00e5 g\u00e5 glip af! - VITA Explorers Blog","robots":{"index":"index","follow":"follow","max-snippet":"max-snippet:-1","max-image-preview":"max-image-preview:large","max-video-preview":"max-video-preview:-1"},"canonical":"https:\/\/www.vita-explorers.dk\/blog\/okofrivilligt-arbejde-jordens-dag-22-april-2018-internationalt-forlob-deltager-okologi-miljo-natur\/","og_locale":"da_DK","og_type":"article","og_title":"En milj\u00f8begivenhed, du ikke m\u00e5 g\u00e5 glip af! -","og_description":"S\u00f8ndag fejrer vi Jordens Dag! Dagen blev grundlagt af den amerikanske senator Gaylord Nelson i 1970. P\u00e5 den f\u00f8rste \u201cEarth Day\u201d opfordrede han studerende\u2026","og_url":"https:\/\/www.vita-explorers.dk\/blog\/okofrivilligt-arbejde-jordens-dag-22-april-2018-internationalt-forlob-deltager-okologi-miljo-natur\/","og_site_name":"VITA Explorers Blog","article_publisher":"https:\/\/www.facebook.com\/globalong","article_published_time":"2018-04-20T14:57:38+00:00","article_modified_time":"2023-01-04T15:23:04+00:00","og_image":[{"width":1600,"height":1100,"url":"https:\/\/www.vita-explorers.dk\/blog\/wp-content\/uploads\/2018\/04\/Protection-et-sauvegarde-des-plages-GlobAlong-min.jpg","type":"image\/jpeg"}],"author":"VITA Tribe","twitter_card":"summary_large_image","twitter_misc":{"Skrevet af":"VITA Tribe","Estimeret l\u00e6setid":"3 minutter"},"schema":{"@context":"https:\/\/schema.org","@graph":[{"@type":"Article","@id":"https:\/\/www.vita-explorers.dk\/blog\/okofrivilligt-arbejde-jordens-dag-22-april-2018-internationalt-forlob-deltager-okologi-miljo-natur\/#article","isPartOf":{"@id":"https:\/\/www.vita-explorers.dk\/blog\/okofrivilligt-arbejde-jordens-dag-22-april-2018-internationalt-forlob-deltager-okologi-miljo-natur\/"},"author":{"name":"VITA Tribe","@id":"https:\/\/www.vita-explorers.dk\/blog\/#\/schema\/person\/d7df267b64f23018d1dc519e78fb2735"},"headline":"En milj\u00f8begivenhed, du ikke m\u00e5 g\u00e5 glip af! &#8211;","datePublished":"2018-04-20T14:57:38+00:00","dateModified":"2023-01-04T15:23:04+00:00","mainEntityOfPage":{"@id":"https:\/\/www.vita-explorers.dk\/blog\/okofrivilligt-arbejde-jordens-dag-22-april-2018-internationalt-forlob-deltager-okologi-miljo-natur\/"},"wordCount":652,"commentCount":0,"publisher":{"@id":"https:\/\/www.vita-explorers.dk\/blog\/#organization"},"image":{"@id":"https:\/\/www.vita-explorers.dk\/blog\/okofrivilligt-arbejde-jordens-dag-22-april-2018-internationalt-forlob-deltager-okologi-miljo-natur\/#primaryimage"},"thumbnailUrl":"https:\/\/www.vita-explorers.dk\/blog\/wp-content\/uploads\/2018\/04\/Protection-et-sauvegarde-des-plages-GlobAlong-min.jpg","keywords":["22 avril 2018","b\u00e9n\u00e9voles internationaux","\u00e9co-citoyen","\u00e9co-responsable","Eco-volontariat","\u00e9cologie","engagement volontaire","environnement","Journ\u00e9e Mondiale de la Terre","nature"],"articleSection":["Humanit\u00e6rt frivilligt arbejde","Nyheder","Rejser - generelle oplysninger","VITA Explorers"],"inLanguage":"da-DK","potentialAction":[{"@type":"CommentAction","name":"Comment","target":["https:\/\/www.vita-explorers.dk\/blog\/okofrivilligt-arbejde-jordens-dag-22-april-2018-internationalt-forlob-deltager-okologi-miljo-natur\/#respond"]}]},{"@type":"WebPage","@id":"https:\/\/www.vita-explorers.dk\/blog\/okofrivilligt-arbejde-jordens-dag-22-april-2018-internationalt-forlob-deltager-okologi-miljo-natur\/","url":"https:\/\/www.vita-explorers.dk\/blog\/okofrivilligt-arbejde-jordens-dag-22-april-2018-internationalt-forlob-deltager-okologi-miljo-natur\/","name":"En milj\u00f8begivenhed, du ikke m\u00e5 g\u00e5 glip af! - VITA Explorers Blog","isPartOf":{"@id":"https:\/\/www.vita-explorers.dk\/blog\/#website"},"primaryImageOfPage":{"@id":"https:\/\/www.vita-explorers.dk\/blog\/okofrivilligt-arbejde-jordens-dag-22-april-2018-internationalt-forlob-deltager-okologi-miljo-natur\/#primaryimage"},"image":{"@id":"https:\/\/www.vita-explorers.dk\/blog\/okofrivilligt-arbejde-jordens-dag-22-april-2018-internationalt-forlob-deltager-okologi-miljo-natur\/#primaryimage"},"thumbnailUrl":"https:\/\/www.vita-explorers.dk\/blog\/wp-content\/uploads\/2018\/04\/Protection-et-sauvegarde-des-plages-GlobAlong-min.jpg","datePublished":"2018-04-20T14:57:38+00:00","dateModified":"2023-01-04T15:23:04+00:00","breadcrumb":{"@id":"https:\/\/www.vita-explorers.dk\/blog\/okofrivilligt-arbejde-jordens-dag-22-april-2018-internationalt-forlob-deltager-okologi-miljo-natur\/#breadcrumb"},"inLanguage":"da-DK","potentialAction":[{"@type":"ReadAction","target":["https:\/\/www.vita-explorers.dk\/blog\/okofrivilligt-arbejde-jordens-dag-22-april-2018-internationalt-forlob-deltager-okologi-miljo-natur\/"]}]},{"@type":"ImageObject","inLanguage":"da-DK","@id":"https:\/\/www.vita-explorers.dk\/blog\/okofrivilligt-arbejde-jordens-dag-22-april-2018-internationalt-forlob-deltager-okologi-miljo-natur\/#primaryimage","url":"https:\/\/www.vita-explorers.dk\/blog\/wp-content\/uploads\/2018\/04\/Protection-et-sauvegarde-des-plages-GlobAlong-min.jpg","contentUrl":"https:\/\/www.vita-explorers.dk\/blog\/wp-content\/uploads\/2018\/04\/Protection-et-sauvegarde-des-plages-GlobAlong-min.jpg","width":1600,"height":1100,"caption":"Exemple d\u2019activit\u00e9 d\u2019\u00e9co-volontariat adapt\u00e9e aux 15\u201317\u00a0ans."},{"@type":"BreadcrumbList","@id":"https:\/\/www.vita-explorers.dk\/blog\/okofrivilligt-arbejde-jordens-dag-22-april-2018-internationalt-forlob-deltager-okologi-miljo-natur\/#breadcrumb","itemListElement":[{"@type":"ListItem","position":1,"name":"Accueil","item":"https:\/\/www.vita-explorers.dk\/blog\/"},{"@type":"ListItem","position":2,"name":"En milj\u00f8begivenhed, du ikke m\u00e5 g\u00e5 glip af! &#8211;"}]},{"@type":"WebSite","@id":"https:\/\/www.vita-explorers.dk\/blog\/#website","url":"https:\/\/www.vita-explorers.dk\/blog\/","name":"Association Globalong","description":"Frivilligt arbejde, sprogophold, praktik i udlandet og internationale oplevelser","publisher":{"@id":"https:\/\/www.vita-explorers.dk\/blog\/#organization"},"potentialAction":[{"@type":"SearchAction","target":{"@type":"EntryPoint","urlTemplate":"https:\/\/www.vita-explorers.dk\/blog\/?s={search_term_string}"},"query-input":{"@type":"PropertyValueSpecification","valueRequired":true,"valueName":"search_term_string"}}],"inLanguage":"da-DK"},{"@type":"Organization","@id":"https:\/\/www.vita-explorers.dk\/blog\/#organization","name":"Association Globalong","url":"https:\/\/www.vita-explorers.dk\/blog\/","logo":{"@type":"ImageObject","inLanguage":"da-DK","@id":"https:\/\/www.vita-explorers.dk\/blog\/#\/schema\/logo\/image\/","url":"https:\/\/www.globalong.com\/blog\/wp-content\/uploads\/2014\/11\/cropped-cropped-Logo-et-Afrique-Globalong-petite-taille-2.jpg","contentUrl":"https:\/\/www.globalong.com\/blog\/wp-content\/uploads\/2014\/11\/cropped-cropped-Logo-et-Afrique-Globalong-petite-taille-2.jpg","width":512,"height":512,"caption":"Association Globalong"},"image":{"@id":"https:\/\/www.vita-explorers.dk\/blog\/#\/schema\/logo\/image\/"},"sameAs":["https:\/\/www.facebook.com\/globalong"]},{"@type":"Person","@id":"https:\/\/www.vita-explorers.dk\/blog\/#\/schema\/person\/d7df267b64f23018d1dc519e78fb2735","name":"VITA Tribe","image":{"@type":"ImageObject","inLanguage":"da-DK","@id":"https:\/\/www.vita-explorers.dk\/blog\/#\/schema\/person\/image\/","url":"https:\/\/secure.gravatar.com\/avatar\/81461bcc213d0ff2bdc043d4206648f0?s=96&d=mm&r=g","contentUrl":"https:\/\/secure.gravatar.com\/avatar\/81461bcc213d0ff2bdc043d4206648f0?s=96&d=mm&r=g","caption":"VITA Tribe"},"sameAs":["https:\/\/www.globalong.com"],"url":"https:\/\/www.vita-explorers.dk\/blog\/author\/sophie\/"}]}},"_links":{"self":[{"href":"https:\/\/www.vita-explorers.dk\/blog\/wp-json\/wp\/v2\/posts\/9503"}],"collection":[{"href":"https:\/\/www.vita-explorers.dk\/blog\/wp-json\/wp\/v2\/posts"}],"about":[{"href":"https:\/\/www.vita-explorers.dk\/blog\/wp-json\/wp\/v2\/types\/post"}],"author":[{"embeddable":true,"href":"https:\/\/www.vita-explorers.dk\/blog\/wp-json\/wp\/v2\/users\/1"}],"replies":[{"embeddable":true,"href":"https:\/\/www.vita-explorers.dk\/blog\/wp-json\/wp\/v2\/comments?post=9503"}],"version-history":[{"count":46,"href":"https:\/\/www.vita-explorers.dk\/blog\/wp-json\/wp\/v2\/posts\/9503\/revisions"}],"predecessor-version":[{"id":15070,"href":"https:\/\/www.vita-explorers.dk\/blog\/wp-json\/wp\/v2\/posts\/9503\/revisions\/15070"}],"wp:featuredmedia":[{"embeddable":true,"href":"https:\/\/www.vita-explorers.dk\/blog\/wp-json\/wp\/v2\/media\/9505"}],"wp:attachment":[{"href":"https:\/\/www.vita-explorers.dk\/blog\/wp-json\/wp\/v2\/media?parent=9503"}],"wp:term":[{"taxonomy":"category","embeddable":true,"href":"https:\/\/www.vita-explorers.dk\/blog\/wp-json\/wp\/v2\/categories?post=9503"},{"taxonomy":"post_tag","embeddable":true,"href":"https:\/\/www.vita-explorers.dk\/blog\/wp-json\/wp\/v2\/tags?post=9503"}],"curies":[{"name":"wp","href":"https:\/\/api.w.org\/{rel}","templated":true}]}}