{"id":9862,"date":"2018-05-04T17:48:15","date_gmt":"2018-05-04T15:48:15","guid":{"rendered":"https:\/\/www.globalong.com\/blog\/?p=9862"},"modified":"2025-01-05T12:27:51","modified_gmt":"2025-01-05T11:27:51","slug":"jordemoder-5-maj-2018-internationalt-medicinsk-humanitaert-praktikforloeb","status":"publish","type":"post","link":"https:\/\/www.vita-explorers.dk\/blog\/jordemoder-5-maj-2018-internationalt-medicinsk-humanitaert-praktikforloeb\/","title":{"rendered":"Jordem\u00f8dre i fokus! \u2013 5. maj 2018"},"content":{"rendered":"<div class=\"ti-widget ti-goog\" data-layout-id=\"4\" data-set-id=\"light-background\" data-pid=\"\" data-language=\"fr\" data-version=\"2\" data-review-target-width=\"300\" data-review-text-mode=\"readmore\" data-pager-autoplay-timeout=\"6\" > <div class=\"ti-widget-container ti-col-3\"> <div class=\"ti-reviews-container\"> <div class=\"ti-controls\"> <div class=\"ti-next\" aria-label=\"Avis suivante\" role=\"button\"><\/div> <div class=\"ti-prev\" aria-label=\"Avis pr\u00e9c\u00e9dent\" role=\"button\"><\/div> <\/div> <div class=\"ti-reviews-container-wrapper\">  <div data-empty=\"0\" class=\"ti-review-item source-Google ti-image-layout-thumbnail\" data-id=\"cfcd208495d565ef66e7dff9f98764da\" > <div class=\"ti-inner\"> <div class=\"ti-review-header\"> <div class=\"ti-profile-img\"> <img decoding=\"async\" src=\"https:\/\/lh3.googleusercontent.com\/a\/ACg8ocKpaoKe37CD0_POxO97KqB60GsWQRsIuG2vmCfXT-W_FY44vw=s120-c-rp-mo-br100\" srcset=\"https:\/\/lh3.googleusercontent.com\/a\/ACg8ocKpaoKe37CD0_POxO97KqB60GsWQRsIuG2vmCfXT-W_FY44vw=s120-c-rp-mo-br100 2x\" alt=\"Lucie Correia\" loading=\"lazy\" \/> <\/div> <div class=\"ti-profile-details\"> <div class=\"ti-name\"> Lucie Correia <\/div> <div class=\"ti-date\">2024-10-17<\/div> <\/div> <\/div> <span class=\"ti-stars\"><span class=\"ti-star f\"><\/span><span class=\"ti-star f\"><\/span><span class=\"ti-star f\"><\/span><span class=\"ti-star f\"><\/span><span class=\"ti-star f\"><\/span><\/span> <div class=\"ti-review-text-container ti-review-content\"><!-- R-CONTENT -->La communication avec Globalong est super, personnes tr\u00e8s pr\u00e9sentes pour les b\u00e9n\u00e9voles et \u00e9tudiants partant avec cette association. Elles r\u00e9pondent \u00e0 toutes nos questions et sont tr\u00e8s accessibles au t\u00e9l\u00e9phone.<!-- R-CONTENT --><\/div> <span class=\"ti-read-more\" data-container=\".ti-review-content\" data-collapse-text=\"Cacher\" data-open-text=\"Lire la suite\" ><\/span> <\/div> <\/div>  <div data-empty=\"0\" class=\"ti-review-item source-Google ti-image-layout-thumbnail\" data-id=\"cfcd208495d565ef66e7dff9f98764da\" > <div class=\"ti-inner\"> <div class=\"ti-review-header\"> <div class=\"ti-profile-img\"> <img decoding=\"async\" src=\"https:\/\/lh3.googleusercontent.com\/a-\/ALV-UjWqnnzM7-7c9BDqeTDF-a7pOgNjvLkJ3WshRd_Tn7z0Eu-AGQwo=s120-c-rp-mo-br100\" srcset=\"https:\/\/lh3.googleusercontent.com\/a-\/ALV-UjWqnnzM7-7c9BDqeTDF-a7pOgNjvLkJ3WshRd_Tn7z0Eu-AGQwo=s120-c-rp-mo-br100 2x\" alt=\"Ra\u00efssa Frisch\" loading=\"lazy\" \/> <\/div> <div class=\"ti-profile-details\"> <div class=\"ti-name\"> Ra\u00efssa Frisch <\/div> <div class=\"ti-date\">2024-10-14<\/div> <\/div> <\/div> <span class=\"ti-stars\"><span class=\"ti-star f\"><\/span><span class=\"ti-star f\"><\/span><span class=\"ti-star f\"><\/span><span class=\"ti-star f\"><\/span><span class=\"ti-star f\"><\/span><\/span> <div class=\"ti-review-text-container ti-review-content\"><!-- R-CONTENT -->J\u2019ai d\u00e9j\u00e0 eu l\u2019opportunit\u00e9 de r\u00e9aliser deux projets humanitaires avec l\u2019association Globalong. Je ne peux que la recommander, car j\u2019ai toujours b\u00e9n\u00e9fici\u00e9 d\u2019un excellent accompagnement, aussi bien avant que pendant le voyage. On ne vous laisse pas vous d\u00e9brouiller seuls, bien au contraire, vous \u00eates tr\u00e8s bien encadr\u00e9s pour accomplir toutes les d\u00e9marches dans les d\u00e9lais.\n\nAu-del\u00e0 du suivi, les exp\u00e9riences humanitaires propos\u00e9es par Globalong ne peuvent que transformer votre vie de mani\u00e8re positive. Elles vous apportent une richesse humaine inestimable.<!-- R-CONTENT --><\/div> <span class=\"ti-read-more\" data-container=\".ti-review-content\" data-collapse-text=\"Cacher\" data-open-text=\"Lire la suite\" ><\/span> <\/div> <\/div>  <div data-empty=\"0\" class=\"ti-review-item source-Google ti-image-layout-thumbnail\" data-id=\"cfcd208495d565ef66e7dff9f98764da\" > <div class=\"ti-inner\"> <div class=\"ti-review-header\"> <div class=\"ti-profile-img\"> <img decoding=\"async\" src=\"https:\/\/lh3.googleusercontent.com\/a\/ACg8ocJL-Dxv25YkXK2QwWPNRxTVqZCv5uTmDQDFg5qslKra3vRZew=s120-c-rp-mo-br100\" srcset=\"https:\/\/lh3.googleusercontent.com\/a\/ACg8ocJL-Dxv25YkXK2QwWPNRxTVqZCv5uTmDQDFg5qslKra3vRZew=s120-c-rp-mo-br100 2x\" alt=\"Tara Turan\" loading=\"lazy\" \/> <\/div> <div class=\"ti-profile-details\"> <div class=\"ti-name\"> Tara Turan <\/div> <div class=\"ti-date\">2024-10-14<\/div> <\/div> <\/div> <span class=\"ti-stars\"><span class=\"ti-star f\"><\/span><span class=\"ti-star f\"><\/span><span class=\"ti-star f\"><\/span><span class=\"ti-star f\"><\/span><span class=\"ti-star f\"><\/span><\/span> <div class=\"ti-review-text-container ti-review-content\"><!-- R-CONTENT -->Une des meilleures associations que j\u2019ai pu faire !\nUne organisation et un suivi vraiment parfait, c\u2019est avec grand plaisir que je referai un projet avec eux.<!-- R-CONTENT --><\/div> <span class=\"ti-read-more\" data-container=\".ti-review-content\" data-collapse-text=\"Cacher\" data-open-text=\"Lire la suite\" ><\/span> <\/div> <\/div>  <div data-empty=\"0\" class=\"ti-review-item source-Google ti-image-layout-thumbnail\" data-id=\"cfcd208495d565ef66e7dff9f98764da\" > <div class=\"ti-inner\"> <div class=\"ti-review-header\"> <div class=\"ti-profile-img\"> <img decoding=\"async\" src=\"https:\/\/lh3.googleusercontent.com\/a\/ACg8ocLctTPNovSk3eKM0b_MIPOfcFEQsz2135Cdu59_BWRVsIYC7Q=s120-c-rp-mo-br100\" srcset=\"https:\/\/lh3.googleusercontent.com\/a\/ACg8ocLctTPNovSk3eKM0b_MIPOfcFEQsz2135Cdu59_BWRVsIYC7Q=s120-c-rp-mo-br100 2x\" alt=\"Repiquet Julie\" loading=\"lazy\" \/> <\/div> <div class=\"ti-profile-details\"> <div class=\"ti-name\"> Repiquet Julie <\/div> <div class=\"ti-date\">2024-10-13<\/div> <\/div> <\/div> <span class=\"ti-stars\"><span class=\"ti-star f\"><\/span><span class=\"ti-star f\"><\/span><span class=\"ti-star f\"><\/span><span class=\"ti-star f\"><\/span><span class=\"ti-star f\"><\/span><\/span> <div class=\"ti-review-text-container ti-review-content\"><!-- R-CONTENT -->Tr\u00e8s bon accompagnement de la part de Globalong, du premier jour avec toutes mes interrogations, jusqu'au d\u00e9part dans quelques jours. Le dossier transmis apr\u00e8s validation de la mission est plus que complet, les webmaster tr\u00e8s int\u00e9ressantes et permettent de d\u00e9charger mentalement ce genre de pr\u00e9paration, tout est pr\u00e9vu il n'y a plus qu'\u00e0 suivre ! Merci \u00e0 Florence de r\u00e9pondre \u00e0 toutes mes questions avec gentillesse et bienveillance, cela m'a permis de passer le cap!\nMaintenant, il n'y a plus qu'\u00e0 \ud83d\ude00<!-- R-CONTENT --><\/div> <span class=\"ti-read-more\" data-container=\".ti-review-content\" data-collapse-text=\"Cacher\" data-open-text=\"Lire la suite\" ><\/span> <\/div> <\/div>  <div data-empty=\"0\" class=\"ti-review-item source-Google ti-image-layout-thumbnail\" data-id=\"cfcd208495d565ef66e7dff9f98764da\" > <div class=\"ti-inner\"> <div class=\"ti-review-header\"> <div class=\"ti-profile-img\"> <img decoding=\"async\" src=\"https:\/\/lh3.googleusercontent.com\/a\/ACg8ocJJTdmTWs8nAA0yuH_cKOUgzc6GFAkHBiXhpnnVYXaWMBZsHw=s120-c-rp-mo-br100\" srcset=\"https:\/\/lh3.googleusercontent.com\/a\/ACg8ocJJTdmTWs8nAA0yuH_cKOUgzc6GFAkHBiXhpnnVYXaWMBZsHw=s120-c-rp-mo-br100 2x\" alt=\"Marine Guilhamat\" loading=\"lazy\" \/> <\/div> <div class=\"ti-profile-details\"> <div class=\"ti-name\"> Marine Guilhamat <\/div> <div class=\"ti-date\">2024-10-09<\/div> <\/div> <\/div> <span class=\"ti-stars\"><span class=\"ti-star f\"><\/span><span class=\"ti-star f\"><\/span><span class=\"ti-star f\"><\/span><span class=\"ti-star f\"><\/span><span class=\"ti-star f\"><\/span><\/span> <div class=\"ti-review-text-container ti-review-content\"><!-- R-CONTENT -->Tr\u00e8s belle association qui offre un cadre super s\u00e9curisant et permet de s\u2019investir dans des projets qui ont du sens. Merci \u00e0 l\u2019\u00e9quipe Globalong pour votre disponibilit\u00e9, gentillesse et accompagnement !<!-- R-CONTENT --><\/div> <span class=\"ti-read-more\" data-container=\".ti-review-content\" data-collapse-text=\"Cacher\" data-open-text=\"Lire la suite\" ><\/span> <\/div> <\/div>  <div data-empty=\"0\" class=\"ti-review-item source-Google ti-image-layout-thumbnail\" data-id=\"cfcd208495d565ef66e7dff9f98764da\" > <div class=\"ti-inner\"> <div class=\"ti-review-header\"> <div class=\"ti-profile-img\"> <img decoding=\"async\" src=\"https:\/\/lh3.googleusercontent.com\/a\/ACg8ocIgITHXKo46qgJyPqlJeAcxz11gCKUJpGIk2qauiIe2O3iZ6w=s120-c-rp-mo-br100\" srcset=\"https:\/\/lh3.googleusercontent.com\/a\/ACg8ocIgITHXKo46qgJyPqlJeAcxz11gCKUJpGIk2qauiIe2O3iZ6w=s120-c-rp-mo-br100 2x\" alt=\"Laura Mercier\" loading=\"lazy\" \/> <\/div> <div class=\"ti-profile-details\"> <div class=\"ti-name\"> Laura Mercier <\/div> <div class=\"ti-date\">2024-10-08<\/div> <\/div> <\/div> <span class=\"ti-stars\"><span class=\"ti-star f\"><\/span><span class=\"ti-star f\"><\/span><span class=\"ti-star f\"><\/span><span class=\"ti-star f\"><\/span><span class=\"ti-star f\"><\/span><\/span> <div class=\"ti-review-text-container ti-review-content\"><!-- R-CONTENT -->Mon d\u00e9part approche, je pars dans une semaine, et depuis le d\u00e9but de mon inscription je suis tr\u00e8s satisfaite du suivi effectu\u00e9 par l\u2019association. Ils sont tr\u00e8s disponibles et r\u00e9pondent rapidement \u00e0 l\u2019ensemble des questions. Je suis tr\u00e8s contente de partir faire cette mission humanitaire encadr\u00e9e par cette association. Je recommande vraiment.<!-- R-CONTENT --><\/div> <span class=\"ti-read-more\" data-container=\".ti-review-content\" data-collapse-text=\"Cacher\" data-open-text=\"Lire la suite\" ><\/span> <\/div> <\/div>  <div data-empty=\"0\" class=\"ti-review-item source-Google ti-image-layout-thumbnail\" data-id=\"cfcd208495d565ef66e7dff9f98764da\" > <div class=\"ti-inner\"> <div class=\"ti-review-header\"> <div class=\"ti-profile-img\"> <img decoding=\"async\" src=\"https:\/\/lh3.googleusercontent.com\/a-\/ALV-UjVVr0YMQhXl8QNEEB32l-rnoaYwvRZUjIEX9OEwPE_1fQwzIyk=s120-c-rp-mo-br100\" srcset=\"https:\/\/lh3.googleusercontent.com\/a-\/ALV-UjVVr0YMQhXl8QNEEB32l-rnoaYwvRZUjIEX9OEwPE_1fQwzIyk=s120-c-rp-mo-br100 2x\" alt=\"Anouk Rzkt\" loading=\"lazy\" \/> <\/div> <div class=\"ti-profile-details\"> <div class=\"ti-name\"> Anouk Rzkt <\/div> <div class=\"ti-date\">2024-10-02<\/div> <\/div> <\/div> <span class=\"ti-stars\"><span class=\"ti-star f\"><\/span><span class=\"ti-star f\"><\/span><span class=\"ti-star f\"><\/span><span class=\"ti-star f\"><\/span><span class=\"ti-star f\"><\/span><\/span> <div class=\"ti-review-text-container ti-review-content\"><!-- R-CONTENT -->Globalong est l'association parfaite. L'\u00e9quipe offre un v\u00e9ritable accompagnement rythm\u00e9 par beaucoup de conseils et d'\u00e9coute. Le site est tr\u00e8s bien fait avec des dossiers complets allant des sujets tr\u00e8s pratiques a d'autres plus th\u00e9oriques (tels que le choc culturel par exemple). Je recommande vivement et remercie sinc\u00e8rement toute l'\u00e9quipe pour leur gentillesse et investissement !<!-- R-CONTENT --><\/div> <span class=\"ti-read-more\" data-container=\".ti-review-content\" data-collapse-text=\"Cacher\" data-open-text=\"Lire la suite\" ><\/span> <\/div> <\/div>  <\/div> <div class=\"ti-controls-line\"> <div class=\"dot\"><\/div> <\/div> <\/div> <div class=\"ti-footer\"> <div class=\"ti-rating-text\"> <span class=\"nowrap\">\u00c9valuation <strong>Google<\/strong> : <\/span><span class=\"nowrap\"><strong>4.8<\/strong> sur 5, <\/span><span class=\"nowrap\">Bas\u00e9e sur <strong>240 avis<\/strong><\/span> <\/div> <\/div>  <\/div> <\/div> \n<p style=\"text-align: center;\"><span style=\"color: #b81657;\"><strong>\u00ab Jordem\u00f8dre g\u00e5r forrest ved at levere omsorg af h\u00f8j kvalitet \u00bb<\/strong><\/span><\/p>\n<p><img loading=\"lazy\" decoding=\"async\" class=\"wp-image-9866 size-medium aligncenter\" src=\"https:\/\/www.vita-explorers.dk\/blog\/wp-content\/uploads\/2018\/05\/Sage-femme-infirmiere-globalong-min-300x169.jpg\" alt=\"\" width=\"300\" height=\"169\" srcset=\"https:\/\/www.vita-explorers.dk\/blog\/wp-content\/uploads\/2018\/05\/Sage-femme-infirmiere-globalong-min-300x169.jpg 300w, https:\/\/www.vita-explorers.dk\/blog\/wp-content\/uploads\/2018\/05\/Sage-femme-infirmiere-globalong-min-768x432.jpg 768w, https:\/\/www.vita-explorers.dk\/blog\/wp-content\/uploads\/2018\/05\/Sage-femme-infirmiere-globalong-min-1024x576.jpg 1024w, https:\/\/www.vita-explorers.dk\/blog\/wp-content\/uploads\/2018\/05\/Sage-femme-infirmiere-globalong-min-150x84.jpg 150w, https:\/\/www.vita-explorers.dk\/blog\/wp-content\/uploads\/2018\/05\/Sage-femme-infirmiere-globalong-min.jpg 1632w\" sizes=\"(max-width: 300px) 100vw, 300px\" \/><\/p>\n<p style=\"text-align: justify;\">Det er temaet for fejringen af <strong>Jordem\u00f8drenes Internationale Dag<\/strong> denne l\u00f8rdag<strong> 5. maj 2018<\/strong>.<\/p>\n<p style=\"text-align: justify;\">Siden i over 15 \u00e5r har dagen sat fokus p\u00e5 <strong>et af verdens mest meningsfulde fag<\/strong>: jordemoderfaget \u2013 dem, der hj\u00e6lper nyt liv trygt p\u00e5 vej.<\/p>\n<p style=\"text-align: justify;\"><strong>Som en uundv\u00e6rlig sundhedsprofessionel<\/strong> kan jordemoderen, efter fem \u00e5rs uddannelse i Frankrig, <strong>arbejde p\u00e5 <a href=\"https:\/\/www.vita-explorers.dk\/blog\/hospitalspraktik-i-udlandet\/\" target=\"_blank\" rel=\"noopener\">hospital<\/a>, i klinik \u2026 eller hjemme hos familien!<\/strong><\/p>\n<p><img loading=\"lazy\" decoding=\"async\" class=\"wp-image-9863 aligncenter\" src=\"https:\/\/www.vita-explorers.dk\/blog\/wp-content\/uploads\/2018\/05\/Sandy-b\u00e9n\u00e9vole-de-Globalong-en-Equateur-min-225x300.jpg\" alt=\"\" width=\"300\" height=\"400\" srcset=\"https:\/\/www.vita-explorers.dk\/blog\/wp-content\/uploads\/2018\/05\/Sandy-b\u00e9n\u00e9vole-de-Globalong-en-Equateur-min.jpg 225w, https:\/\/www.vita-explorers.dk\/blog\/wp-content\/uploads\/2018\/05\/Sandy-b\u00e9n\u00e9vole-de-Globalong-en-Equateur-min-113x150.jpg 113w\" sizes=\"(max-width: 300px) 100vw, 300px\" \/><\/p>\n<p style=\"text-align: justify;\"><strong style=\"text-align: justify;\">Jordemoderen f\u00f8lger den gravide gennem hele graviditeten, under f\u00f8dslen og ogs\u00e5 efter barnet er f\u00f8dt <\/strong><span style=\"text-align: justify;\">\u2013 med fokus p\u00e5 <\/span><strong style=\"text-align: justify;\">morens og den nyf\u00f8dtes sundhed<\/strong><span style=\"text-align: justify;\">, men ogs\u00e5 p\u00e5 <\/span><strong style=\"text-align: justify;\">trivsel og tryghed<\/strong><span style=\"text-align: justify;\"> hos b\u00e5de mor og barn i en periode, der har <\/span><strong style=\"text-align: justify;\">stor betydning for familier<\/strong><span style=\"text-align: justify;\">.<\/span><\/p>\n<p style=\"text-align: justify;\">Tidligere var faget forbeholdt kvinder, men <strong>jordemoderfaget blev \u00e5bnet for begge k\u00f8n<\/strong> i Frankrig i 1982.<br \/>\nI dag er <strong>kun 1 % m\u00e6nd<\/strong> i faget.<\/p>\n<p><strong>Bem\u00e6rk<\/strong>: den maskuline betegnelse for sage-femme er <strong>ma\u00efeuticien<\/strong> (ikke \u201csage-homme\u201d)!<\/p>\n<p style=\"text-align: justify;\"><span style=\"color: #b81657;\"><strong>Jordem\u00f8dre i verden<\/strong><\/span><\/p>\n<p style=\"text-align: justify;\">Man vurderer, at <strong>73<\/strong> <strong>lande i Afrika, Asien og Latinamerika<\/strong> er ramt af en alvorlig mangel p\u00e5 jordem\u00f8dre.<\/p>\n<p style=\"text-align: justify;\"><a href=\"https:\/\/www.vita-explorers.dk\/blog\/wp-content\/uploads\/2018\/05\/Programme-m\u00e9dical-en-Tanzanie-GlobAlong-min.jpg\"><img loading=\"lazy\" decoding=\"async\" class=\"wp-image-9872 size-medium aligncenter\" src=\"https:\/\/www.vita-explorers.dk\/blog\/wp-content\/uploads\/2018\/05\/Programme-m\u00e9dical-en-Tanzanie-GlobAlong-min-300x225.jpg\" alt=\"\" width=\"300\" height=\"225\" srcset=\"https:\/\/www.vita-explorers.dk\/blog\/wp-content\/uploads\/2018\/05\/Programme-m\u00e9dical-en-Tanzanie-GlobAlong-min-300x225.jpg 300w, https:\/\/www.vita-explorers.dk\/blog\/wp-content\/uploads\/2018\/05\/Programme-m\u00e9dical-en-Tanzanie-GlobAlong-min-768x576.jpg 768w, https:\/\/www.vita-explorers.dk\/blog\/wp-content\/uploads\/2018\/05\/Programme-m\u00e9dical-en-Tanzanie-GlobAlong-min-1024x768.jpg 1024w, https:\/\/www.vita-explorers.dk\/blog\/wp-content\/uploads\/2018\/05\/Programme-m\u00e9dical-en-Tanzanie-GlobAlong-min-150x113.jpg 150w, https:\/\/www.vita-explorers.dk\/blog\/wp-content\/uploads\/2018\/05\/Programme-m\u00e9dical-en-Tanzanie-GlobAlong-min.jpg 2048w\" sizes=\"(max-width: 300px) 100vw, 300px\" \/><\/a>I nogle af disse udviklingslande <strong>f\u00f8der n\u00e6sten halvdelen af kvinderne alene derhjemme \u2013 uden nogen form for sundhedsfaglig hj\u00e6lp<\/strong>.<\/p>\n<p style=\"text-align: justify;\">Det ses ofte i <strong>Afrika syd for Sahara<\/strong>, hvor <strong>omkring 180.000 kvinder d\u00f8r hvert \u00e5r<\/strong> p\u00e5 grund af manglende basale ydelser under graviditet eller ved f\u00f8dsel. Og <strong>mange af disse d\u00f8dsfald kunne undg\u00e5s med st\u00f8tte fra en jordemoder<\/strong>!<\/p>\n<p style=\"text-align: justify;\">Kampagnen <a href=\"https:\/\/amref.fr\/standupforafricanmothers\/\" target=\"_blank\" rel=\"noopener\"><span style=\"text-decoration: underline; color: #b81657;\"><strong>Stand Up for African Mothers<\/strong><\/span><\/a> er opst\u00e5et p\u00e5 baggrund af netop denne udfordring.<\/p>\n<p style=\"text-align: justify;\"><a href=\"https:\/\/www.vita-explorers.dk\/blog\/wp-content\/uploads\/2018\/05\/Domaine-sant\u00e9-Cusco-1-Globalong.png\"><img loading=\"lazy\" decoding=\"async\" class=\"wp-image-9875 aligncenter\" src=\"https:\/\/www.vita-explorers.dk\/blog\/wp-content\/uploads\/2018\/05\/Domaine-sant\u00e9-Cusco-1-Globalong.png\" alt=\"\" width=\"300\" height=\"200\" srcset=\"https:\/\/www.vita-explorers.dk\/blog\/wp-content\/uploads\/2018\/05\/Domaine-sant\u00e9-Cusco-1-Globalong.png 286w, https:\/\/www.vita-explorers.dk\/blog\/wp-content\/uploads\/2018\/05\/Domaine-sant\u00e9-Cusco-1-Globalong-150x100.png 150w\" sizes=\"(max-width: 300px) 100vw, 300px\" \/><\/a>M\u00e5let er at <strong>uddanne 15.000<\/strong> <strong>afrikanske jordem\u00f8dre<\/strong> <strong>for at reducere m\u00f8dred\u00f8deligheden i disse lande<\/strong>.<\/p>\n<p style=\"text-align: justify;\">I nogle <strong>latinamerikanske<\/strong> lande som <strong>Ecuador<\/strong> kan <strong>vestlig og traditionel medicin eksistere side om side<\/strong>: <strong>shamanen<\/strong> og <strong>parteraen<\/strong> (den <strong>traditionelle jordemoder<\/strong>) <strong>har hver deres rolle under f\u00f8dslen \u2013 med fokus p\u00e5 at genoprette en fysisk og spirituel balance<\/strong>.<\/p>\n<p style=\"text-align: justify;\"><span style=\"color: #b81657;\"><strong><a href=\"https:\/\/www.vita-explorers.dk\/blog\/wp-content\/uploads\/2018\/05\/Programme-de-b\u00e9n\u00e9volat-international-avec-les-enfants-au-Cambodge-GlobAlong-min.jpg\"><img loading=\"lazy\" decoding=\"async\" class=\"size-medium wp-image-9877 aligncenter\" src=\"https:\/\/www.vita-explorers.dk\/blog\/wp-content\/uploads\/2018\/05\/Programme-de-b\u00e9n\u00e9volat-international-avec-les-enfants-au-Cambodge-GlobAlong-min-300x200.jpg\" alt=\"\" width=\"300\" height=\"200\" srcset=\"https:\/\/www.vita-explorers.dk\/blog\/wp-content\/uploads\/2018\/05\/Programme-de-b\u00e9n\u00e9volat-international-avec-les-enfants-au-Cambodge-GlobAlong-min-300x200.jpg 300w, https:\/\/www.vita-explorers.dk\/blog\/wp-content\/uploads\/2018\/05\/Programme-de-b\u00e9n\u00e9volat-international-avec-les-enfants-au-Cambodge-GlobAlong-min-768x512.jpg 768w, https:\/\/www.vita-explorers.dk\/blog\/wp-content\/uploads\/2018\/05\/Programme-de-b\u00e9n\u00e9volat-international-avec-les-enfants-au-Cambodge-GlobAlong-min-1024x683.jpg 1024w, https:\/\/www.vita-explorers.dk\/blog\/wp-content\/uploads\/2018\/05\/Programme-de-b\u00e9n\u00e9volat-international-avec-les-enfants-au-Cambodge-GlobAlong-min-150x100.jpg 150w\" sizes=\"(max-width: 300px) 100vw, 300px\" \/><\/a>Dit <a href=\"https:\/\/www.vita-explorers.dk\/blog\/humanitaer-rejse-etudiant\/\" target=\"_blank\" rel=\"noopener\"><span style=\"text-decoration: underline; color: #b81657;\">praktikforl\u00f8b<\/span><\/a> i sundhed internationalt<\/strong><\/span><\/p>\n<p style=\"text-align: justify;\">Ved at deltage i et <a href=\"https:\/\/www.vita-explorers.dk\/blog\/praktik-for-medicin-og-sygepleje-humanitaert-sundhed-internationalt-hospitaler-og-klinikker-asien-afrika-amerika\/\" target=\"_blank\" rel=\"noopener\"><span style=\"text-decoration: underline; color: #b81657;\"><strong>internationalt sundhedsforl\u00f8b<\/strong><\/span><\/a> f\u00e5r du en st\u00e6rk mulighed for at <strong>l\u00e6re andre kliniske metoder<\/strong>, som ofte er videregivet gennem generationer, og for at <strong>opleve samspillet mellem vestlig medicin og alternative behandlingsformer<\/strong>.<\/p>\n<p style=\"text-align: justify;\">At <strong>arbejde med en interkulturel tilgang i sundhed<\/strong> l\u00e6rer dig meget \u2026 noget, man kun forst\u00e5r <strong>i praksis<\/strong>!<\/p>\n<p style=\"text-align: center;\"><a href=\"https:\/\/www.vita-explorers.dk\/frivilligt-arbejde\/frivilligt-arbejde-tanzania-internationale-forloeb\/frivilligt-arbejde-tanzania-jordemoedre.html\" target=\"_blank\" rel=\"noopener\"><span style=\"text-decoration: underline; color: #b81657;\"><strong>Tag dit jordemoderforl\u00f8b i Tanzania!<\/strong><\/span><\/a><\/p>\n<p style=\"text-align: center;\"><a href=\"https:\/\/www.vita-explorers.dk\/sprog-og-frivilligt-arbejde\/spansk-frivilligt-arbejde-ecuador\/benevolat-centre-nouveaux-n%C3%A9s.html\" target=\"_blank\" rel=\"noopener\"><span style=\"text-decoration: underline; color: #b81657;\"><strong>Tag dit jordemoderforl\u00f8b i Ecuador!<\/strong><\/span><\/a><\/p>\n<p style=\"text-align: center;\"><a href=\"https:\/\/www.vita-explorers.dk\/sprog-og-frivilligt-arbejde\/frivilligt-arbejde-peru\/frivilligt-arbejde-sundhed-jordemoedre.html\" target=\"_blank\" rel=\"noopener\"><span style=\"text-decoration: underline; color: #b81657;\"><strong>Tag dit jordemoderforl\u00f8b i Peru!<\/strong><\/span><\/a><\/p>\n<p style=\"text-align: center;\">Vil du h\u00f8re mere, er du velkommen til at kontakte os p\u00e5 <span style=\"text-decoration: underline;\"><a href=\"mailto:info@globalong.com\" target=\"_blank\" rel=\"noopener\"><strong>info@globalong.com<\/strong><\/a><\/span>.<\/p>\n<p style=\"text-align: center;\"><a href=\"https:\/\/www.vita-explorers.dk\/frivilligt-arbejde\/\" target=\"_blank\" rel=\"noopener\"><strong><span style=\"text-decoration: underline; color: #b81657;\">Deltag i et praktikforl\u00f8b eller frivilligt arbejde i udlandet!<\/span><\/strong><\/a><\/p>\n<p style=\"text-align: center;\"><span style=\"text-decoration: underline; color: #b81657;\"><a href=\"https:\/\/www.flickr.com\/photos\/globalong\/albums\" target=\"_blank\" rel=\"noopener\"><strong>Se forl\u00f8bene i billeder!<\/strong><\/a><\/span><\/p>\n<p style=\"text-align: center;\"><span style=\"text-decoration: underline; color: #b81657;\"><a href=\"https:\/\/www.vita-explorers.dk\/blog\/avis-globalong\/\" target=\"_blank\" rel=\"noopener\"><strong>L\u00e6s deltagernes oplevelser!<\/strong><\/a><\/span><\/p>\n<p style=\"text-align: center;\"><span style=\"text-decoration: underline; color: #b81657;\"><a href=\"https:\/\/www.vita-explorers.dk\/blog\/videoer-fra-vores-destinationer-frivilligt-arbejde-internationale-forloeb\/\" target=\"_blank\" rel=\"noopener\"><strong>VITA i videoer!<\/strong><\/a><\/span><\/p>\n<p style=\"text-align: center;\"><span style=\"text-decoration: underline; color: #b81657;\"><a href=\"https:\/\/www.vita-explorers.dk\/association-globalong.html\" target=\"_blank\" rel=\"noopener\"><strong>Alt om VITA Institute<\/strong><\/a><\/span><\/p>\n<p style=\"text-align: center;\"><span style=\"text-decoration: underline; color: #b81657;\"><a href=\"https:\/\/www.vita-explorers.dk\/charte-volontaire-benevolat-international-humanitaire.html\" target=\"_blank\" rel=\"noopener\"><strong>Charter for internationale deltagere<\/strong><\/a><\/span><\/p>\n<p style=\"text-align: justify;\"><span style=\"text-decoration: underline;\">Kilder<\/span> : www.amref.fr<\/p>\n<p style=\"text-align: justify;\"><span style=\"font-size: 8pt;\">Fotos er vejledende<\/span><\/p>\n","protected":false},"excerpt":{"rendered":"<p>\u00ab Jordem\u00f8dre g\u00e5r forrest ved at levere omsorg af h\u00f8j kvalitet \u00bb Det er temaet for fejringen af Jordem\u00f8drenes Internationale Dag denne l\u00f8rdag 5.\u2026<\/p>\n","protected":false},"author":1,"featured_media":9863,"comment_status":"open","ping_status":"open","sticky":false,"template":"","format":"standard","meta":{"footnotes":""},"categories":[8,6,3,4],"tags":[370,349,106,243,565,119,569,570,146,16],"yoast_head":"<!-- This site is optimized with the Yoast SEO Premium plugin v23.4 (Yoast SEO v23.4) - https:\/\/yoast.com\/wordpress\/plugins\/seo\/ -->\n<title>Jordem\u00f8dre i fokus! \u2013 5. maj 2018 - VITA Explorers Blog<\/title>\n<meta name=\"robots\" content=\"index, follow, max-snippet:-1, max-image-preview:large, max-video-preview:-1\" \/>\n<link rel=\"canonical\" href=\"https:\/\/www.vita-explorers.dk\/blog\/jordemoder-5-maj-2018-internationalt-medicinsk-humanitaert-praktikforloeb\/\" \/>\n<meta property=\"og:locale\" content=\"da_DK\" \/>\n<meta property=\"og:type\" content=\"article\" \/>\n<meta property=\"og:title\" content=\"Jordem\u00f8dre i fokus! \u2013 5. maj 2018\" \/>\n<meta property=\"og:description\" content=\"\u00ab Jordem\u00f8dre g\u00e5r forrest ved at levere omsorg af h\u00f8j kvalitet \u00bb Det er temaet for fejringen af Jordem\u00f8drenes Internationale Dag denne l\u00f8rdag 5.\u2026\" \/>\n<meta property=\"og:url\" content=\"https:\/\/www.vita-explorers.dk\/blog\/jordemoder-5-maj-2018-internationalt-medicinsk-humanitaert-praktikforloeb\/\" \/>\n<meta property=\"og:site_name\" content=\"VITA Explorers Blog\" \/>\n<meta property=\"article:publisher\" content=\"https:\/\/www.facebook.com\/globalong\" \/>\n<meta property=\"article:published_time\" content=\"2018-05-04T15:48:15+00:00\" \/>\n<meta property=\"article:modified_time\" content=\"2025-01-05T11:27:51+00:00\" \/>\n<meta property=\"og:image\" content=\"https:\/\/www.vita-explorers.dk\/blog\/wp-content\/uploads\/2018\/05\/Sandy-b\u00e9n\u00e9vole-de-Globalong-en-Equateur-min.jpg\" \/>\n\t<meta property=\"og:image:width\" content=\"225\" \/>\n\t<meta property=\"og:image:height\" content=\"300\" \/>\n\t<meta property=\"og:image:type\" content=\"image\/jpeg\" \/>\n<meta name=\"author\" content=\"VITA Tribe\" \/>\n<meta name=\"twitter:card\" content=\"summary_large_image\" \/>\n<meta name=\"twitter:label1\" content=\"Skrevet af\" \/>\n\t<meta name=\"twitter:data1\" content=\"VITA Tribe\" \/>\n\t<meta name=\"twitter:label2\" content=\"Estimeret l\u00e6setid\" \/>\n\t<meta name=\"twitter:data2\" content=\"4 minutter\" \/>\n<script type=\"application\/ld+json\" class=\"yoast-schema-graph\">{\"@context\":\"https:\/\/schema.org\",\"@graph\":[{\"@type\":\"Article\",\"@id\":\"https:\/\/www.vita-explorers.dk\/blog\/jordemoder-5-maj-2018-internationalt-medicinsk-humanitaert-praktikforloeb\/#article\",\"isPartOf\":{\"@id\":\"https:\/\/www.vita-explorers.dk\/blog\/jordemoder-5-maj-2018-internationalt-medicinsk-humanitaert-praktikforloeb\/\"},\"author\":{\"name\":\"VITA Tribe\",\"@id\":\"https:\/\/www.vita-explorers.dk\/blog\/#\/schema\/person\/d7df267b64f23018d1dc519e78fb2735\"},\"headline\":\"Jordem\u00f8dre i fokus! \u2013 5. maj 2018\",\"datePublished\":\"2018-05-04T15:48:15+00:00\",\"dateModified\":\"2025-01-05T11:27:51+00:00\",\"mainEntityOfPage\":{\"@id\":\"https:\/\/www.vita-explorers.dk\/blog\/jordemoder-5-maj-2018-internationalt-medicinsk-humanitaert-praktikforloeb\/\"},\"wordCount\":456,\"commentCount\":0,\"publisher\":{\"@id\":\"https:\/\/www.vita-explorers.dk\/blog\/#organization\"},\"image\":{\"@id\":\"https:\/\/www.vita-explorers.dk\/blog\/jordemoder-5-maj-2018-internationalt-medicinsk-humanitaert-praktikforloeb\/#primaryimage\"},\"thumbnailUrl\":\"https:\/\/www.vita-explorers.dk\/blog\/wp-content\/uploads\/2018\/05\/Sandy-b\u00e9n\u00e9vole-de-Globalong-en-Equateur-min.jpg\",\"keywords\":[\"b\u00e9n\u00e9volat m\u00e9dical\",\"b\u00e9n\u00e9vole\",\"Equateur\",\"international\",\"mission \u00e0 l'\u00e9tranger\",\"p\u00e9rou\",\"sage-femme\",\"stage m\u00e9dical\",\"Tanzanie\",\"volontariat\"],\"articleSection\":[\"Humanit\u00e6rt frivilligt arbejde\",\"Nyheder\",\"Rejser - generelle oplysninger\",\"VITA Explorers\"],\"inLanguage\":\"da-DK\",\"potentialAction\":[{\"@type\":\"CommentAction\",\"name\":\"Comment\",\"target\":[\"https:\/\/www.vita-explorers.dk\/blog\/jordemoder-5-maj-2018-internationalt-medicinsk-humanitaert-praktikforloeb\/#respond\"]}]},{\"@type\":\"WebPage\",\"@id\":\"https:\/\/www.vita-explorers.dk\/blog\/jordemoder-5-maj-2018-internationalt-medicinsk-humanitaert-praktikforloeb\/\",\"url\":\"https:\/\/www.vita-explorers.dk\/blog\/jordemoder-5-maj-2018-internationalt-medicinsk-humanitaert-praktikforloeb\/\",\"name\":\"Jordem\u00f8dre i fokus! \u2013 5. maj 2018 - VITA Explorers Blog\",\"isPartOf\":{\"@id\":\"https:\/\/www.vita-explorers.dk\/blog\/#website\"},\"primaryImageOfPage\":{\"@id\":\"https:\/\/www.vita-explorers.dk\/blog\/jordemoder-5-maj-2018-internationalt-medicinsk-humanitaert-praktikforloeb\/#primaryimage\"},\"image\":{\"@id\":\"https:\/\/www.vita-explorers.dk\/blog\/jordemoder-5-maj-2018-internationalt-medicinsk-humanitaert-praktikforloeb\/#primaryimage\"},\"thumbnailUrl\":\"https:\/\/www.vita-explorers.dk\/blog\/wp-content\/uploads\/2018\/05\/Sandy-b\u00e9n\u00e9vole-de-Globalong-en-Equateur-min.jpg\",\"datePublished\":\"2018-05-04T15:48:15+00:00\",\"dateModified\":\"2025-01-05T11:27:51+00:00\",\"breadcrumb\":{\"@id\":\"https:\/\/www.vita-explorers.dk\/blog\/jordemoder-5-maj-2018-internationalt-medicinsk-humanitaert-praktikforloeb\/#breadcrumb\"},\"inLanguage\":\"da-DK\",\"potentialAction\":[{\"@type\":\"ReadAction\",\"target\":[\"https:\/\/www.vita-explorers.dk\/blog\/jordemoder-5-maj-2018-internationalt-medicinsk-humanitaert-praktikforloeb\/\"]}]},{\"@type\":\"ImageObject\",\"inLanguage\":\"da-DK\",\"@id\":\"https:\/\/www.vita-explorers.dk\/blog\/jordemoder-5-maj-2018-internationalt-medicinsk-humanitaert-praktikforloeb\/#primaryimage\",\"url\":\"https:\/\/www.vita-explorers.dk\/blog\/wp-content\/uploads\/2018\/05\/Sandy-b\u00e9n\u00e9vole-de-Globalong-en-Equateur-min.jpg\",\"contentUrl\":\"https:\/\/www.vita-explorers.dk\/blog\/wp-content\/uploads\/2018\/05\/Sandy-b\u00e9n\u00e9vole-de-Globalong-en-Equateur-min.jpg\",\"width\":225,\"height\":300,\"caption\":\"Mission Equateur\"},{\"@type\":\"BreadcrumbList\",\"@id\":\"https:\/\/www.vita-explorers.dk\/blog\/jordemoder-5-maj-2018-internationalt-medicinsk-humanitaert-praktikforloeb\/#breadcrumb\",\"itemListElement\":[{\"@type\":\"ListItem\",\"position\":1,\"name\":\"Accueil\",\"item\":\"https:\/\/www.vita-explorers.dk\/blog\/\"},{\"@type\":\"ListItem\",\"position\":2,\"name\":\"Jordem\u00f8dre i fokus! \u2013 5. maj 2018\"}]},{\"@type\":\"WebSite\",\"@id\":\"https:\/\/www.vita-explorers.dk\/blog\/#website\",\"url\":\"https:\/\/www.vita-explorers.dk\/blog\/\",\"name\":\"Association Globalong\",\"description\":\"Frivilligt arbejde, sprogophold, praktik i udlandet og internationale oplevelser\",\"publisher\":{\"@id\":\"https:\/\/www.vita-explorers.dk\/blog\/#organization\"},\"potentialAction\":[{\"@type\":\"SearchAction\",\"target\":{\"@type\":\"EntryPoint\",\"urlTemplate\":\"https:\/\/www.vita-explorers.dk\/blog\/?s={search_term_string}\"},\"query-input\":{\"@type\":\"PropertyValueSpecification\",\"valueRequired\":true,\"valueName\":\"search_term_string\"}}],\"inLanguage\":\"da-DK\"},{\"@type\":\"Organization\",\"@id\":\"https:\/\/www.vita-explorers.dk\/blog\/#organization\",\"name\":\"Association Globalong\",\"url\":\"https:\/\/www.vita-explorers.dk\/blog\/\",\"logo\":{\"@type\":\"ImageObject\",\"inLanguage\":\"da-DK\",\"@id\":\"https:\/\/www.vita-explorers.dk\/blog\/#\/schema\/logo\/image\/\",\"url\":\"https:\/\/www.globalong.com\/blog\/wp-content\/uploads\/2014\/11\/cropped-cropped-Logo-et-Afrique-Globalong-petite-taille-2.jpg\",\"contentUrl\":\"https:\/\/www.globalong.com\/blog\/wp-content\/uploads\/2014\/11\/cropped-cropped-Logo-et-Afrique-Globalong-petite-taille-2.jpg\",\"width\":512,\"height\":512,\"caption\":\"Association Globalong\"},\"image\":{\"@id\":\"https:\/\/www.vita-explorers.dk\/blog\/#\/schema\/logo\/image\/\"},\"sameAs\":[\"https:\/\/www.facebook.com\/globalong\"]},{\"@type\":\"Person\",\"@id\":\"https:\/\/www.vita-explorers.dk\/blog\/#\/schema\/person\/d7df267b64f23018d1dc519e78fb2735\",\"name\":\"VITA Tribe\",\"image\":{\"@type\":\"ImageObject\",\"inLanguage\":\"da-DK\",\"@id\":\"https:\/\/www.vita-explorers.dk\/blog\/#\/schema\/person\/image\/\",\"url\":\"https:\/\/secure.gravatar.com\/avatar\/81461bcc213d0ff2bdc043d4206648f0?s=96&d=mm&r=g\",\"contentUrl\":\"https:\/\/secure.gravatar.com\/avatar\/81461bcc213d0ff2bdc043d4206648f0?s=96&d=mm&r=g\",\"caption\":\"VITA Tribe\"},\"sameAs\":[\"https:\/\/www.globalong.com\"],\"url\":\"https:\/\/www.vita-explorers.dk\/blog\/author\/sophie\/\"}]}<\/script>\n<!-- \/ Yoast SEO Premium plugin. -->","yoast_head_json":{"title":"Jordem\u00f8dre i fokus! \u2013 5. maj 2018 - VITA Explorers Blog","robots":{"index":"index","follow":"follow","max-snippet":"max-snippet:-1","max-image-preview":"max-image-preview:large","max-video-preview":"max-video-preview:-1"},"canonical":"https:\/\/www.vita-explorers.dk\/blog\/jordemoder-5-maj-2018-internationalt-medicinsk-humanitaert-praktikforloeb\/","og_locale":"da_DK","og_type":"article","og_title":"Jordem\u00f8dre i fokus! \u2013 5. maj 2018","og_description":"\u00ab Jordem\u00f8dre g\u00e5r forrest ved at levere omsorg af h\u00f8j kvalitet \u00bb Det er temaet for fejringen af Jordem\u00f8drenes Internationale Dag denne l\u00f8rdag 5.\u2026","og_url":"https:\/\/www.vita-explorers.dk\/blog\/jordemoder-5-maj-2018-internationalt-medicinsk-humanitaert-praktikforloeb\/","og_site_name":"VITA Explorers Blog","article_publisher":"https:\/\/www.facebook.com\/globalong","article_published_time":"2018-05-04T15:48:15+00:00","article_modified_time":"2025-01-05T11:27:51+00:00","og_image":[{"width":225,"height":300,"url":"https:\/\/www.vita-explorers.dk\/blog\/wp-content\/uploads\/2018\/05\/Sandy-b\u00e9n\u00e9vole-de-Globalong-en-Equateur-min.jpg","type":"image\/jpeg"}],"author":"VITA Tribe","twitter_card":"summary_large_image","twitter_misc":{"Skrevet af":"VITA Tribe","Estimeret l\u00e6setid":"4 minutter"},"schema":{"@context":"https:\/\/schema.org","@graph":[{"@type":"Article","@id":"https:\/\/www.vita-explorers.dk\/blog\/jordemoder-5-maj-2018-internationalt-medicinsk-humanitaert-praktikforloeb\/#article","isPartOf":{"@id":"https:\/\/www.vita-explorers.dk\/blog\/jordemoder-5-maj-2018-internationalt-medicinsk-humanitaert-praktikforloeb\/"},"author":{"name":"VITA Tribe","@id":"https:\/\/www.vita-explorers.dk\/blog\/#\/schema\/person\/d7df267b64f23018d1dc519e78fb2735"},"headline":"Jordem\u00f8dre i fokus! \u2013 5. maj 2018","datePublished":"2018-05-04T15:48:15+00:00","dateModified":"2025-01-05T11:27:51+00:00","mainEntityOfPage":{"@id":"https:\/\/www.vita-explorers.dk\/blog\/jordemoder-5-maj-2018-internationalt-medicinsk-humanitaert-praktikforloeb\/"},"wordCount":456,"commentCount":0,"publisher":{"@id":"https:\/\/www.vita-explorers.dk\/blog\/#organization"},"image":{"@id":"https:\/\/www.vita-explorers.dk\/blog\/jordemoder-5-maj-2018-internationalt-medicinsk-humanitaert-praktikforloeb\/#primaryimage"},"thumbnailUrl":"https:\/\/www.vita-explorers.dk\/blog\/wp-content\/uploads\/2018\/05\/Sandy-b\u00e9n\u00e9vole-de-Globalong-en-Equateur-min.jpg","keywords":["b\u00e9n\u00e9volat m\u00e9dical","b\u00e9n\u00e9vole","Equateur","international","mission \u00e0 l'\u00e9tranger","p\u00e9rou","sage-femme","stage m\u00e9dical","Tanzanie","volontariat"],"articleSection":["Humanit\u00e6rt frivilligt arbejde","Nyheder","Rejser - generelle oplysninger","VITA Explorers"],"inLanguage":"da-DK","potentialAction":[{"@type":"CommentAction","name":"Comment","target":["https:\/\/www.vita-explorers.dk\/blog\/jordemoder-5-maj-2018-internationalt-medicinsk-humanitaert-praktikforloeb\/#respond"]}]},{"@type":"WebPage","@id":"https:\/\/www.vita-explorers.dk\/blog\/jordemoder-5-maj-2018-internationalt-medicinsk-humanitaert-praktikforloeb\/","url":"https:\/\/www.vita-explorers.dk\/blog\/jordemoder-5-maj-2018-internationalt-medicinsk-humanitaert-praktikforloeb\/","name":"Jordem\u00f8dre i fokus! \u2013 5. maj 2018 - VITA Explorers Blog","isPartOf":{"@id":"https:\/\/www.vita-explorers.dk\/blog\/#website"},"primaryImageOfPage":{"@id":"https:\/\/www.vita-explorers.dk\/blog\/jordemoder-5-maj-2018-internationalt-medicinsk-humanitaert-praktikforloeb\/#primaryimage"},"image":{"@id":"https:\/\/www.vita-explorers.dk\/blog\/jordemoder-5-maj-2018-internationalt-medicinsk-humanitaert-praktikforloeb\/#primaryimage"},"thumbnailUrl":"https:\/\/www.vita-explorers.dk\/blog\/wp-content\/uploads\/2018\/05\/Sandy-b\u00e9n\u00e9vole-de-Globalong-en-Equateur-min.jpg","datePublished":"2018-05-04T15:48:15+00:00","dateModified":"2025-01-05T11:27:51+00:00","breadcrumb":{"@id":"https:\/\/www.vita-explorers.dk\/blog\/jordemoder-5-maj-2018-internationalt-medicinsk-humanitaert-praktikforloeb\/#breadcrumb"},"inLanguage":"da-DK","potentialAction":[{"@type":"ReadAction","target":["https:\/\/www.vita-explorers.dk\/blog\/jordemoder-5-maj-2018-internationalt-medicinsk-humanitaert-praktikforloeb\/"]}]},{"@type":"ImageObject","inLanguage":"da-DK","@id":"https:\/\/www.vita-explorers.dk\/blog\/jordemoder-5-maj-2018-internationalt-medicinsk-humanitaert-praktikforloeb\/#primaryimage","url":"https:\/\/www.vita-explorers.dk\/blog\/wp-content\/uploads\/2018\/05\/Sandy-b\u00e9n\u00e9vole-de-Globalong-en-Equateur-min.jpg","contentUrl":"https:\/\/www.vita-explorers.dk\/blog\/wp-content\/uploads\/2018\/05\/Sandy-b\u00e9n\u00e9vole-de-Globalong-en-Equateur-min.jpg","width":225,"height":300,"caption":"Mission Equateur"},{"@type":"BreadcrumbList","@id":"https:\/\/www.vita-explorers.dk\/blog\/jordemoder-5-maj-2018-internationalt-medicinsk-humanitaert-praktikforloeb\/#breadcrumb","itemListElement":[{"@type":"ListItem","position":1,"name":"Accueil","item":"https:\/\/www.vita-explorers.dk\/blog\/"},{"@type":"ListItem","position":2,"name":"Jordem\u00f8dre i fokus! \u2013 5. maj 2018"}]},{"@type":"WebSite","@id":"https:\/\/www.vita-explorers.dk\/blog\/#website","url":"https:\/\/www.vita-explorers.dk\/blog\/","name":"Association Globalong","description":"Frivilligt arbejde, sprogophold, praktik i udlandet og internationale oplevelser","publisher":{"@id":"https:\/\/www.vita-explorers.dk\/blog\/#organization"},"potentialAction":[{"@type":"SearchAction","target":{"@type":"EntryPoint","urlTemplate":"https:\/\/www.vita-explorers.dk\/blog\/?s={search_term_string}"},"query-input":{"@type":"PropertyValueSpecification","valueRequired":true,"valueName":"search_term_string"}}],"inLanguage":"da-DK"},{"@type":"Organization","@id":"https:\/\/www.vita-explorers.dk\/blog\/#organization","name":"Association Globalong","url":"https:\/\/www.vita-explorers.dk\/blog\/","logo":{"@type":"ImageObject","inLanguage":"da-DK","@id":"https:\/\/www.vita-explorers.dk\/blog\/#\/schema\/logo\/image\/","url":"https:\/\/www.globalong.com\/blog\/wp-content\/uploads\/2014\/11\/cropped-cropped-Logo-et-Afrique-Globalong-petite-taille-2.jpg","contentUrl":"https:\/\/www.globalong.com\/blog\/wp-content\/uploads\/2014\/11\/cropped-cropped-Logo-et-Afrique-Globalong-petite-taille-2.jpg","width":512,"height":512,"caption":"Association Globalong"},"image":{"@id":"https:\/\/www.vita-explorers.dk\/blog\/#\/schema\/logo\/image\/"},"sameAs":["https:\/\/www.facebook.com\/globalong"]},{"@type":"Person","@id":"https:\/\/www.vita-explorers.dk\/blog\/#\/schema\/person\/d7df267b64f23018d1dc519e78fb2735","name":"VITA Tribe","image":{"@type":"ImageObject","inLanguage":"da-DK","@id":"https:\/\/www.vita-explorers.dk\/blog\/#\/schema\/person\/image\/","url":"https:\/\/secure.gravatar.com\/avatar\/81461bcc213d0ff2bdc043d4206648f0?s=96&d=mm&r=g","contentUrl":"https:\/\/secure.gravatar.com\/avatar\/81461bcc213d0ff2bdc043d4206648f0?s=96&d=mm&r=g","caption":"VITA Tribe"},"sameAs":["https:\/\/www.globalong.com"],"url":"https:\/\/www.vita-explorers.dk\/blog\/author\/sophie\/"}]}},"_links":{"self":[{"href":"https:\/\/www.vita-explorers.dk\/blog\/wp-json\/wp\/v2\/posts\/9862"}],"collection":[{"href":"https:\/\/www.vita-explorers.dk\/blog\/wp-json\/wp\/v2\/posts"}],"about":[{"href":"https:\/\/www.vita-explorers.dk\/blog\/wp-json\/wp\/v2\/types\/post"}],"author":[{"embeddable":true,"href":"https:\/\/www.vita-explorers.dk\/blog\/wp-json\/wp\/v2\/users\/1"}],"replies":[{"embeddable":true,"href":"https:\/\/www.vita-explorers.dk\/blog\/wp-json\/wp\/v2\/comments?post=9862"}],"version-history":[{"count":20,"href":"https:\/\/www.vita-explorers.dk\/blog\/wp-json\/wp\/v2\/posts\/9862\/revisions"}],"predecessor-version":[{"id":19901,"href":"https:\/\/www.vita-explorers.dk\/blog\/wp-json\/wp\/v2\/posts\/9862\/revisions\/19901"}],"wp:featuredmedia":[{"embeddable":true,"href":"https:\/\/www.vita-explorers.dk\/blog\/wp-json\/wp\/v2\/media\/9863"}],"wp:attachment":[{"href":"https:\/\/www.vita-explorers.dk\/blog\/wp-json\/wp\/v2\/media?parent=9862"}],"wp:term":[{"taxonomy":"category","embeddable":true,"href":"https:\/\/www.vita-explorers.dk\/blog\/wp-json\/wp\/v2\/categories?post=9862"},{"taxonomy":"post_tag","embeddable":true,"href":"https:\/\/www.vita-explorers.dk\/blog\/wp-json\/wp\/v2\/tags?post=9862"}],"curies":[{"name":"wp","href":"https:\/\/api.w.org\/{rel}","templated":true}]}}