{"id":9956,"date":"2018-05-22T14:59:51","date_gmt":"2018-05-22T12:59:51","guid":{"rendered":"https:\/\/www.globalong.com\/blog\/?p=9956"},"modified":"2023-01-04T16:20:22","modified_gmt":"2023-01-04T15:20:22","slug":"biodiversitet-oekologi-dyrebeskyttelse-miljoe-eco-frivilligt-arbejde-natur","status":"publish","type":"post","link":"https:\/\/www.vita-explorers.dk\/blog\/biodiversitet-oekologi-dyrebeskyttelse-miljoe-eco-frivilligt-arbejde-natur\/","title":{"rendered":"Det er n\u00f8dvendigt at bevare biodiversiteten! \u2013"},"content":{"rendered":"<div class=\"ti-widget ti-goog\" data-layout-id=\"4\" data-set-id=\"light-background\" data-pid=\"\" data-language=\"fr\" data-version=\"2\" data-review-target-width=\"300\" data-review-text-mode=\"readmore\" data-pager-autoplay-timeout=\"6\" > <div class=\"ti-widget-container ti-col-3\"> <div class=\"ti-reviews-container\"> <div class=\"ti-controls\"> <div class=\"ti-next\" aria-label=\"Avis suivante\" role=\"button\"><\/div> <div class=\"ti-prev\" aria-label=\"Avis pr\u00e9c\u00e9dent\" role=\"button\"><\/div> <\/div> <div class=\"ti-reviews-container-wrapper\">  <div data-empty=\"0\" class=\"ti-review-item source-Google ti-image-layout-thumbnail\" data-id=\"cfcd208495d565ef66e7dff9f98764da\" > <div class=\"ti-inner\"> <div class=\"ti-review-header\"> <div class=\"ti-profile-img\"> <img decoding=\"async\" src=\"https:\/\/lh3.googleusercontent.com\/a\/ACg8ocKpaoKe37CD0_POxO97KqB60GsWQRsIuG2vmCfXT-W_FY44vw=s120-c-rp-mo-br100\" srcset=\"https:\/\/lh3.googleusercontent.com\/a\/ACg8ocKpaoKe37CD0_POxO97KqB60GsWQRsIuG2vmCfXT-W_FY44vw=s120-c-rp-mo-br100 2x\" alt=\"Lucie Correia\" loading=\"lazy\" \/> <\/div> <div class=\"ti-profile-details\"> <div class=\"ti-name\"> Lucie Correia <\/div> <div class=\"ti-date\">2024-10-17<\/div> <\/div> <\/div> <span class=\"ti-stars\"><span class=\"ti-star f\"><\/span><span class=\"ti-star f\"><\/span><span class=\"ti-star f\"><\/span><span class=\"ti-star f\"><\/span><span class=\"ti-star f\"><\/span><\/span> <div class=\"ti-review-text-container ti-review-content\"><!-- R-CONTENT -->La communication avec Globalong est super, personnes tr\u00e8s pr\u00e9sentes pour les b\u00e9n\u00e9voles et \u00e9tudiants partant avec cette association. Elles r\u00e9pondent \u00e0 toutes nos questions et sont tr\u00e8s accessibles au t\u00e9l\u00e9phone.<!-- R-CONTENT --><\/div> <span class=\"ti-read-more\" data-container=\".ti-review-content\" data-collapse-text=\"Cacher\" data-open-text=\"Lire la suite\" ><\/span> <\/div> <\/div>  <div data-empty=\"0\" class=\"ti-review-item source-Google ti-image-layout-thumbnail\" data-id=\"cfcd208495d565ef66e7dff9f98764da\" > <div class=\"ti-inner\"> <div class=\"ti-review-header\"> <div class=\"ti-profile-img\"> <img decoding=\"async\" src=\"https:\/\/lh3.googleusercontent.com\/a-\/ALV-UjWqnnzM7-7c9BDqeTDF-a7pOgNjvLkJ3WshRd_Tn7z0Eu-AGQwo=s120-c-rp-mo-br100\" srcset=\"https:\/\/lh3.googleusercontent.com\/a-\/ALV-UjWqnnzM7-7c9BDqeTDF-a7pOgNjvLkJ3WshRd_Tn7z0Eu-AGQwo=s120-c-rp-mo-br100 2x\" alt=\"Ra\u00efssa Frisch\" loading=\"lazy\" \/> <\/div> <div class=\"ti-profile-details\"> <div class=\"ti-name\"> Ra\u00efssa Frisch <\/div> <div class=\"ti-date\">2024-10-14<\/div> <\/div> <\/div> <span class=\"ti-stars\"><span class=\"ti-star f\"><\/span><span class=\"ti-star f\"><\/span><span class=\"ti-star f\"><\/span><span class=\"ti-star f\"><\/span><span class=\"ti-star f\"><\/span><\/span> <div class=\"ti-review-text-container ti-review-content\"><!-- R-CONTENT -->J\u2019ai d\u00e9j\u00e0 eu l\u2019opportunit\u00e9 de r\u00e9aliser deux projets humanitaires avec l\u2019association Globalong. Je ne peux que la recommander, car j\u2019ai toujours b\u00e9n\u00e9fici\u00e9 d\u2019un excellent accompagnement, aussi bien avant que pendant le voyage. On ne vous laisse pas vous d\u00e9brouiller seuls, bien au contraire, vous \u00eates tr\u00e8s bien encadr\u00e9s pour accomplir toutes les d\u00e9marches dans les d\u00e9lais.\n\nAu-del\u00e0 du suivi, les exp\u00e9riences humanitaires propos\u00e9es par Globalong ne peuvent que transformer votre vie de mani\u00e8re positive. Elles vous apportent une richesse humaine inestimable.<!-- R-CONTENT --><\/div> <span class=\"ti-read-more\" data-container=\".ti-review-content\" data-collapse-text=\"Cacher\" data-open-text=\"Lire la suite\" ><\/span> <\/div> <\/div>  <div data-empty=\"0\" class=\"ti-review-item source-Google ti-image-layout-thumbnail\" data-id=\"cfcd208495d565ef66e7dff9f98764da\" > <div class=\"ti-inner\"> <div class=\"ti-review-header\"> <div class=\"ti-profile-img\"> <img decoding=\"async\" src=\"https:\/\/lh3.googleusercontent.com\/a\/ACg8ocJL-Dxv25YkXK2QwWPNRxTVqZCv5uTmDQDFg5qslKra3vRZew=s120-c-rp-mo-br100\" srcset=\"https:\/\/lh3.googleusercontent.com\/a\/ACg8ocJL-Dxv25YkXK2QwWPNRxTVqZCv5uTmDQDFg5qslKra3vRZew=s120-c-rp-mo-br100 2x\" alt=\"Tara Turan\" loading=\"lazy\" \/> <\/div> <div class=\"ti-profile-details\"> <div class=\"ti-name\"> Tara Turan <\/div> <div class=\"ti-date\">2024-10-14<\/div> <\/div> <\/div> <span class=\"ti-stars\"><span class=\"ti-star f\"><\/span><span class=\"ti-star f\"><\/span><span class=\"ti-star f\"><\/span><span class=\"ti-star f\"><\/span><span class=\"ti-star f\"><\/span><\/span> <div class=\"ti-review-text-container ti-review-content\"><!-- R-CONTENT -->Une des meilleures associations que j\u2019ai pu faire !\nUne organisation et un suivi vraiment parfait, c\u2019est avec grand plaisir que je referai un projet avec eux.<!-- R-CONTENT --><\/div> <span class=\"ti-read-more\" data-container=\".ti-review-content\" data-collapse-text=\"Cacher\" data-open-text=\"Lire la suite\" ><\/span> <\/div> <\/div>  <div data-empty=\"0\" class=\"ti-review-item source-Google ti-image-layout-thumbnail\" data-id=\"cfcd208495d565ef66e7dff9f98764da\" > <div class=\"ti-inner\"> <div class=\"ti-review-header\"> <div class=\"ti-profile-img\"> <img decoding=\"async\" src=\"https:\/\/lh3.googleusercontent.com\/a\/ACg8ocLctTPNovSk3eKM0b_MIPOfcFEQsz2135Cdu59_BWRVsIYC7Q=s120-c-rp-mo-br100\" srcset=\"https:\/\/lh3.googleusercontent.com\/a\/ACg8ocLctTPNovSk3eKM0b_MIPOfcFEQsz2135Cdu59_BWRVsIYC7Q=s120-c-rp-mo-br100 2x\" alt=\"Repiquet Julie\" loading=\"lazy\" \/> <\/div> <div class=\"ti-profile-details\"> <div class=\"ti-name\"> Repiquet Julie <\/div> <div class=\"ti-date\">2024-10-13<\/div> <\/div> <\/div> <span class=\"ti-stars\"><span class=\"ti-star f\"><\/span><span class=\"ti-star f\"><\/span><span class=\"ti-star f\"><\/span><span class=\"ti-star f\"><\/span><span class=\"ti-star f\"><\/span><\/span> <div class=\"ti-review-text-container ti-review-content\"><!-- R-CONTENT -->Tr\u00e8s bon accompagnement de la part de Globalong, du premier jour avec toutes mes interrogations, jusqu'au d\u00e9part dans quelques jours. Le dossier transmis apr\u00e8s validation de la mission est plus que complet, les webmaster tr\u00e8s int\u00e9ressantes et permettent de d\u00e9charger mentalement ce genre de pr\u00e9paration, tout est pr\u00e9vu il n'y a plus qu'\u00e0 suivre ! Merci \u00e0 Florence de r\u00e9pondre \u00e0 toutes mes questions avec gentillesse et bienveillance, cela m'a permis de passer le cap!\nMaintenant, il n'y a plus qu'\u00e0 \ud83d\ude00<!-- R-CONTENT --><\/div> <span class=\"ti-read-more\" data-container=\".ti-review-content\" data-collapse-text=\"Cacher\" data-open-text=\"Lire la suite\" ><\/span> <\/div> <\/div>  <div data-empty=\"0\" class=\"ti-review-item source-Google ti-image-layout-thumbnail\" data-id=\"cfcd208495d565ef66e7dff9f98764da\" > <div class=\"ti-inner\"> <div class=\"ti-review-header\"> <div class=\"ti-profile-img\"> <img decoding=\"async\" src=\"https:\/\/lh3.googleusercontent.com\/a\/ACg8ocJJTdmTWs8nAA0yuH_cKOUgzc6GFAkHBiXhpnnVYXaWMBZsHw=s120-c-rp-mo-br100\" srcset=\"https:\/\/lh3.googleusercontent.com\/a\/ACg8ocJJTdmTWs8nAA0yuH_cKOUgzc6GFAkHBiXhpnnVYXaWMBZsHw=s120-c-rp-mo-br100 2x\" alt=\"Marine Guilhamat\" loading=\"lazy\" \/> <\/div> <div class=\"ti-profile-details\"> <div class=\"ti-name\"> Marine Guilhamat <\/div> <div class=\"ti-date\">2024-10-09<\/div> <\/div> <\/div> <span class=\"ti-stars\"><span class=\"ti-star f\"><\/span><span class=\"ti-star f\"><\/span><span class=\"ti-star f\"><\/span><span class=\"ti-star f\"><\/span><span class=\"ti-star f\"><\/span><\/span> <div class=\"ti-review-text-container ti-review-content\"><!-- R-CONTENT -->Tr\u00e8s belle association qui offre un cadre super s\u00e9curisant et permet de s\u2019investir dans des projets qui ont du sens. Merci \u00e0 l\u2019\u00e9quipe Globalong pour votre disponibilit\u00e9, gentillesse et accompagnement !<!-- R-CONTENT --><\/div> <span class=\"ti-read-more\" data-container=\".ti-review-content\" data-collapse-text=\"Cacher\" data-open-text=\"Lire la suite\" ><\/span> <\/div> <\/div>  <div data-empty=\"0\" class=\"ti-review-item source-Google ti-image-layout-thumbnail\" data-id=\"cfcd208495d565ef66e7dff9f98764da\" > <div class=\"ti-inner\"> <div class=\"ti-review-header\"> <div class=\"ti-profile-img\"> <img decoding=\"async\" src=\"https:\/\/lh3.googleusercontent.com\/a\/ACg8ocIgITHXKo46qgJyPqlJeAcxz11gCKUJpGIk2qauiIe2O3iZ6w=s120-c-rp-mo-br100\" srcset=\"https:\/\/lh3.googleusercontent.com\/a\/ACg8ocIgITHXKo46qgJyPqlJeAcxz11gCKUJpGIk2qauiIe2O3iZ6w=s120-c-rp-mo-br100 2x\" alt=\"Laura Mercier\" loading=\"lazy\" \/> <\/div> <div class=\"ti-profile-details\"> <div class=\"ti-name\"> Laura Mercier <\/div> <div class=\"ti-date\">2024-10-08<\/div> <\/div> <\/div> <span class=\"ti-stars\"><span class=\"ti-star f\"><\/span><span class=\"ti-star f\"><\/span><span class=\"ti-star f\"><\/span><span class=\"ti-star f\"><\/span><span class=\"ti-star f\"><\/span><\/span> <div class=\"ti-review-text-container ti-review-content\"><!-- R-CONTENT -->Mon d\u00e9part approche, je pars dans une semaine, et depuis le d\u00e9but de mon inscription je suis tr\u00e8s satisfaite du suivi effectu\u00e9 par l\u2019association. Ils sont tr\u00e8s disponibles et r\u00e9pondent rapidement \u00e0 l\u2019ensemble des questions. Je suis tr\u00e8s contente de partir faire cette mission humanitaire encadr\u00e9e par cette association. Je recommande vraiment.<!-- R-CONTENT --><\/div> <span class=\"ti-read-more\" data-container=\".ti-review-content\" data-collapse-text=\"Cacher\" data-open-text=\"Lire la suite\" ><\/span> <\/div> <\/div>  <div data-empty=\"0\" class=\"ti-review-item source-Google ti-image-layout-thumbnail\" data-id=\"cfcd208495d565ef66e7dff9f98764da\" > <div class=\"ti-inner\"> <div class=\"ti-review-header\"> <div class=\"ti-profile-img\"> <img decoding=\"async\" src=\"https:\/\/lh3.googleusercontent.com\/a-\/ALV-UjVVr0YMQhXl8QNEEB32l-rnoaYwvRZUjIEX9OEwPE_1fQwzIyk=s120-c-rp-mo-br100\" srcset=\"https:\/\/lh3.googleusercontent.com\/a-\/ALV-UjVVr0YMQhXl8QNEEB32l-rnoaYwvRZUjIEX9OEwPE_1fQwzIyk=s120-c-rp-mo-br100 2x\" alt=\"Anouk Rzkt\" loading=\"lazy\" \/> <\/div> <div class=\"ti-profile-details\"> <div class=\"ti-name\"> Anouk Rzkt <\/div> <div class=\"ti-date\">2024-10-02<\/div> <\/div> <\/div> <span class=\"ti-stars\"><span class=\"ti-star f\"><\/span><span class=\"ti-star f\"><\/span><span class=\"ti-star f\"><\/span><span class=\"ti-star f\"><\/span><span class=\"ti-star f\"><\/span><\/span> <div class=\"ti-review-text-container ti-review-content\"><!-- R-CONTENT -->Globalong est l'association parfaite. L'\u00e9quipe offre un v\u00e9ritable accompagnement rythm\u00e9 par beaucoup de conseils et d'\u00e9coute. Le site est tr\u00e8s bien fait avec des dossiers complets allant des sujets tr\u00e8s pratiques a d'autres plus th\u00e9oriques (tels que le choc culturel par exemple). Je recommande vivement et remercie sinc\u00e8rement toute l'\u00e9quipe pour leur gentillesse et investissement !<!-- R-CONTENT --><\/div> <span class=\"ti-read-more\" data-container=\".ti-review-content\" data-collapse-text=\"Cacher\" data-open-text=\"Lire la suite\" ><\/span> <\/div> <\/div>  <\/div> <div class=\"ti-controls-line\"> <div class=\"dot\"><\/div> <\/div> <\/div> <div class=\"ti-footer\"> <div class=\"ti-rating-text\"> <span class=\"nowrap\">\u00c9valuation <strong>Google<\/strong> : <\/span><span class=\"nowrap\"><strong>4.8<\/strong> sur 5, <\/span><span class=\"nowrap\">Bas\u00e9e sur <strong>240 avis<\/strong><\/span> <\/div> <\/div>  <\/div> <\/div> \n<p style=\"text-align: center;\"><span style=\"color: #b81657;\"><strong>Hvert \u00e5r i forbindelse med Den Internationale Dag for Biodiversitet den 22. maj s\u00e6tter La Vague Verte en lang r\u00e6kke initiativer i gang for at styrke beskyttelsen af biodiversiteten.<\/strong><\/span><\/p>\n<p style=\"text-align: justify;\"><strong><a href=\"https:\/\/www.vita-explorers.dk\/blog\/wp-content\/uploads\/2018\/05\/22504440419_787c0df804_o-min.jpg\"><img loading=\"lazy\" decoding=\"async\" class=\"wp-image-9957 size-medium aligncenter\" src=\"https:\/\/www.vita-explorers.dk\/blog\/wp-content\/uploads\/2018\/05\/22504440419_787c0df804_o-min-300x225.jpg\" alt=\"\" width=\"300\" height=\"225\" srcset=\"https:\/\/www.vita-explorers.dk\/blog\/wp-content\/uploads\/2018\/05\/22504440419_787c0df804_o-min-300x225.jpg 300w, https:\/\/www.vita-explorers.dk\/blog\/wp-content\/uploads\/2018\/05\/22504440419_787c0df804_o-min-768x576.jpg 768w, https:\/\/www.vita-explorers.dk\/blog\/wp-content\/uploads\/2018\/05\/22504440419_787c0df804_o-min-150x113.jpg 150w, https:\/\/www.vita-explorers.dk\/blog\/wp-content\/uploads\/2018\/05\/22504440419_787c0df804_o-min.jpg 800w\" sizes=\"(max-width: 300px) 100vw, 300px\" \/><\/a>Denne globale kampagne er en anledning til at g\u00f8re den brede befolkning \u2013 allerede fra barnsben \u2013 opm\u00e6rksom p\u00e5 <a href=\"https:\/\/www.vita-explorers.dk\/blog\/category\/eco-volontariat\/\" target=\"_blank\" rel=\"noopener\"><span style=\"text-decoration: underline;\">biodiversitetens betydning<\/span> <\/a>for nuv\u00e6rende og kommende generationer, og p\u00e5 de skadelige menneskelige aktiviteter, som fortsat reducerer antallet af arter p\u00e5 Jorden.<\/strong><\/p>\n<p style=\"text-align: justify;\"><span style=\"color: #b81657;\"><strong>Hvad er biodiversitet?<\/strong><\/span><\/p>\n<p style=\"text-align: justify;\">Biodiversitet d\u00e6kker over <strong>alle dyre- og plantearter \u2013 p\u00e5 land og i vand<\/strong>. <strong>Mangfoldigheden af \u00f8kosystemer og arter spiller en afg\u00f8rende rolle for den \u00f8kologiske balance<\/strong> (bevarelse af ferskvandsressourcer, best\u00f8vning osv.).<\/p>\n<p><a href=\"https:\/\/www.vita-explorers.dk\/blog\/wp-content\/uploads\/2018\/05\/27113123729_3c78334ea5_o-min.jpg\"><img loading=\"lazy\" decoding=\"async\" class=\"size-medium wp-image-9973 aligncenter\" src=\"https:\/\/www.vita-explorers.dk\/blog\/wp-content\/uploads\/2018\/05\/27113123729_3c78334ea5_o-min-300x169.jpg\" alt=\"\" width=\"300\" height=\"169\" srcset=\"https:\/\/www.vita-explorers.dk\/blog\/wp-content\/uploads\/2018\/05\/27113123729_3c78334ea5_o-min-300x169.jpg 300w, https:\/\/www.vita-explorers.dk\/blog\/wp-content\/uploads\/2018\/05\/27113123729_3c78334ea5_o-min-768x432.jpg 768w, https:\/\/www.vita-explorers.dk\/blog\/wp-content\/uploads\/2018\/05\/27113123729_3c78334ea5_o-min-1024x575.jpg 1024w, https:\/\/www.vita-explorers.dk\/blog\/wp-content\/uploads\/2018\/05\/27113123729_3c78334ea5_o-min-150x84.jpg 150w\" sizes=\"(max-width: 300px) 100vw, 300px\" \/><\/a><strong>Men denne balance \u2013 og dermed overlevelsen for mange arter \u2013 er truet!<br \/>\n<\/strong><\/p>\n<p style=\"text-align: justify;\">Derfor er det <strong>vigtigt at handle hurtigt for at beskytte biodiversiteten<\/strong>.<\/p>\n<p>Selvom der hvert \u00e5r opdages og registreres nye arter, forsvinder <strong>truede arter<\/strong> desv\u00e6rre stadig \u2013 ofte som f\u00f8lge af uansvarlige menneskelige handlinger.<br \/>\n<img loading=\"lazy\" decoding=\"async\" class=\"wp-image-9967 aligncenter\" src=\"https:\/\/www.vita-explorers.dk\/blog\/wp-content\/uploads\/2018\/05\/23996480843_87f176bec2_o-min-200x300.jpg\" alt=\"\" width=\"300\" height=\"450\" srcset=\"https:\/\/www.vita-explorers.dk\/blog\/wp-content\/uploads\/2018\/05\/23996480843_87f176bec2_o-min-200x300.jpg 200w, https:\/\/www.vita-explorers.dk\/blog\/wp-content\/uploads\/2018\/05\/23996480843_87f176bec2_o-min-100x150.jpg 100w, https:\/\/www.vita-explorers.dk\/blog\/wp-content\/uploads\/2018\/05\/23996480843_87f176bec2_o-min.jpg 333w\" sizes=\"(max-width: 300px) 100vw, 300px\" \/>Krybskytteri, \u00f8del\u00e6ggelse af naturlige levesteder, overudnyttelse af naturressourcer, introduktion og spredning af invasive fremmede arter samt klimaforandringer er nogle af eksemplerne.<\/p>\n<p style=\"text-align: justify;\"><span style=\"color: #b81657;\"><strong>Engag\u00e9r dig i at bevare den biologiske mangfoldighed<\/strong><\/span><\/p>\n<p style=\"text-align: justify;\">EU fastsatte 6 m\u00e5l for 2020 for at <strong>\u00ab<\/strong> <strong>standse tabet af biodiversitet og forringelsen af \u00f8kosystemtjenester<\/strong>\u00bb.<\/p>\n<ul style=\"text-align: justify;\">\n<li>M\u00e5l 1: <strong>Implementere direktiverne om \u201cfugle\u201d og \u201chabitater\u201d fuldt ud<\/strong><\/li>\n<li>M\u00e5l 2: <strong>Bevare og genoprette \u00f8kosystemer og deres tjenester<\/strong><\/li>\n<li>M\u00e5l 3: <strong>Styrke landbrugets og skovbrugets bidrag til at fastholde og forbedre biodiversiteten<\/strong><\/li>\n<li>M\u00e5l 4: <strong>Sikre en b\u00e6redygtig udnyttelse af fiskeressourcer<\/strong><\/li>\n<li>M\u00e5l 5: <strong>Bek\u00e6mpe invasive fremmede arter<\/strong><\/li>\n<li>M\u00e5l 6: <strong>Bidrage til at standse tabet af biodiversitet globalt<\/strong><\/li>\n<\/ul>\n<p style=\"text-align: justify;\"><span style=\"color: #b81657;\"><strong><a href=\"https:\/\/www.vita-explorers.dk\/blog\/wp-content\/uploads\/2018\/05\/35879360314_fcd079d43a_o-min.jpg\"><img loading=\"lazy\" decoding=\"async\" class=\"wp-image-9979 size-medium aligncenter\" src=\"https:\/\/www.vita-explorers.dk\/blog\/wp-content\/uploads\/2018\/05\/35879360314_fcd079d43a_o-min-300x169.jpg\" alt=\"\" width=\"300\" height=\"169\" srcset=\"https:\/\/www.vita-explorers.dk\/blog\/wp-content\/uploads\/2018\/05\/35879360314_fcd079d43a_o-min-300x169.jpg 300w, https:\/\/www.vita-explorers.dk\/blog\/wp-content\/uploads\/2018\/05\/35879360314_fcd079d43a_o-min-768x433.jpg 768w, https:\/\/www.vita-explorers.dk\/blog\/wp-content\/uploads\/2018\/05\/35879360314_fcd079d43a_o-min-1024x578.jpg 1024w, https:\/\/www.vita-explorers.dk\/blog\/wp-content\/uploads\/2018\/05\/35879360314_fcd079d43a_o-min-150x85.jpg 150w\" sizes=\"(max-width: 300px) 100vw, 300px\" \/><\/a>At handle mere milj\u00f8ansvarligt<\/strong><\/span><\/p>\n<p style=\"text-align: justify;\"><strong>P\u00e5 individniveau er der meget, man kan g\u00f8re \u2013 og undlade at g\u00f8re \u2013 for at <a href=\"https:\/\/www.vita-explorers.dk\/blog\/\u00f8kofrivilligt-arbejde-jordens-dag-22-april-2018-internationalt-forl\u00f8b-deltager-\u00f8kologi-milj\u00f8-natur\/\" target=\"_blank\" rel=\"noopener\"><span style=\"text-decoration: underline;\"><span style=\"color: #b81657; text-decoration: underline;\">handle mere milj\u00f8ansvarligt<\/span><\/span><\/a> og bidrage til at bevare biodiversiteten.<\/strong><\/p>\n<p style=\"text-align: justify;\"><strong>Fra sm\u00e5, milj\u00f8venlige valg i hverdagen til et internationalt eco-volontariat-forl\u00f8b kan <a href=\"https:\/\/www.vita-explorers.dk\/blog\/dossiers-vita-ekstra-information-gode-rad-forskelle-sporgsmal-praktik-sprog-internationale-forlob-frivilligt-arbejde-sprogophold-udlandsophold-humanitaert-arbejde-projekt-sabbat\u00e5r\/charte-de-lecovolontariat\/\" target=\"_blank\" rel=\"noopener\"><span style=\"text-decoration: underline; color: #b81657;\">dit engagement<\/span><\/a> g\u00f8re en reel forskel!<\/strong><\/p>\n<p><img loading=\"lazy\" decoding=\"async\" class=\"wp-image-9970 size-medium aligncenter\" src=\"https:\/\/www.vita-explorers.dk\/blog\/wp-content\/uploads\/2018\/05\/24953181786_dcc55f88b8_o-min-300x183.jpg\" alt=\"\" width=\"300\" height=\"183\" srcset=\"https:\/\/www.vita-explorers.dk\/blog\/wp-content\/uploads\/2018\/05\/24953181786_dcc55f88b8_o-min-300x183.jpg 300w, https:\/\/www.vita-explorers.dk\/blog\/wp-content\/uploads\/2018\/05\/24953181786_dcc55f88b8_o-min-768x468.jpg 768w, https:\/\/www.vita-explorers.dk\/blog\/wp-content\/uploads\/2018\/05\/24953181786_dcc55f88b8_o-min-150x91.jpg 150w, https:\/\/www.vita-explorers.dk\/blog\/wp-content\/uploads\/2018\/05\/24953181786_dcc55f88b8_o-min.jpg 960w\" sizes=\"(max-width: 300px) 100vw, 300px\" \/><\/p>\n<p style=\"text-align: justify;\">Her er nogle id\u00e9er, du kan g\u00e5 i gang med, hvis du gerne vil bidrage til at bevare den biologiske mangfoldighed, men er i tvivl om, hvor du skal starte:<\/p>\n<ul style=\"text-align: justify;\">\n<li><strong>V\u00e6r opm\u00e6rksom p\u00e5 betydningen af <a href=\"https:\/\/www.vita-explorers.dk\/blog\/\u00f8ko-frivilligt-arbejde-ansvarlig-rejse-praktik-milj\u00f8-natur-\u00f8kologi-asien\/\" target=\"_blank\" rel=\"noopener\"><span style=\"text-decoration: underline; color: #b81657;\">dit \u00f8kologiske fodaftryk<\/span><\/a><\/strong> (begr\u00e6ns brugen af aerosolsprays, farlige eller milj\u00f8skadelige produkter, og fors\u00f8g at forurene mindst muligt), og husk at sortere og genanvende dit affald \u2013 b\u00e5de hjemme og p\u00e5 rejsen!<\/li>\n<li><strong>Undg\u00e5 at spilde naturressourcer<\/strong> som <a href=\"https:\/\/www.vita-explorers.dk\/blog\/22-marts-vita-institute-verdens-vanddag-day-zero-sydafrika-vandkrise-klima-miljoe-handling-baeredygtig-udvikling\/\" target=\"_blank\" rel=\"noopener\"><span style=\"text-decoration: underline; color: #b81657;\"><strong>vand<\/strong><\/span><\/a>, mad, elektricitet osv.<\/li>\n<li><strong><a href=\"https:\/\/www.vita-explorers.dk\/blog\/wp-content\/uploads\/2018\/05\/28895467134_9a5453fd65_o-min.jpg\"><img loading=\"lazy\" decoding=\"async\" class=\"size-medium wp-image-9985 aligncenter\" src=\"https:\/\/www.vita-explorers.dk\/blog\/wp-content\/uploads\/2018\/05\/28895467134_9a5453fd65_o-min-300x199.jpg\" alt=\"\" width=\"300\" height=\"199\" srcset=\"https:\/\/www.vita-explorers.dk\/blog\/wp-content\/uploads\/2018\/05\/28895467134_9a5453fd65_o-min-300x199.jpg 300w, https:\/\/www.vita-explorers.dk\/blog\/wp-content\/uploads\/2018\/05\/28895467134_9a5453fd65_o-min-768x510.jpg 768w, https:\/\/www.vita-explorers.dk\/blog\/wp-content\/uploads\/2018\/05\/28895467134_9a5453fd65_o-min-150x100.jpg 150w, https:\/\/www.vita-explorers.dk\/blog\/wp-content\/uploads\/2018\/05\/28895467134_9a5453fd65_o-min.jpg 827w\" sizes=\"(max-width: 300px) 100vw, 300px\" \/><\/a><br \/>\n<\/strong><\/li>\n<li><strong>V\u00e6lg cyklen eller offentlig transport frem for bilen<\/strong> \u2013 is\u00e6r hvis du k\u00f8rer alene. Samk\u00f8rsel er ogs\u00e5 et godt initiativ!<\/li>\n<li><strong>K\u00f8b ikke souvenirs lavet af dyr eller planter \u2013 is\u00e6r hvis de er truede<\/strong> \u2013 som elfenben, skildpaddeskjold eller koraller.<\/li>\n<li><strong>Tag ikke planter med hjem fra rejser<\/strong> (fr\u00f8, blomster, planter,<br \/>\nfrugt eller gr\u00f8ntsager). <img loading=\"lazy\" decoding=\"async\" class=\"size-medium wp-image-9983 aligncenter\" src=\"https:\/\/www.vita-explorers.dk\/blog\/wp-content\/uploads\/2018\/05\/24327729380_fdcf5be4b0_o-min-300x200.jpg\" alt=\"\" width=\"300\" height=\"200\" srcset=\"https:\/\/www.vita-explorers.dk\/blog\/wp-content\/uploads\/2018\/05\/24327729380_fdcf5be4b0_o-min-300x200.jpg 300w, https:\/\/www.vita-explorers.dk\/blog\/wp-content\/uploads\/2018\/05\/24327729380_fdcf5be4b0_o-min-150x100.jpg 150w, https:\/\/www.vita-explorers.dk\/blog\/wp-content\/uploads\/2018\/05\/24327729380_fdcf5be4b0_o-min.jpg 500w\" sizes=\"(max-width: 300px) 100vw, 300px\" \/>De kan b\u00e6re sygdomme eller parasitter, som kan smitte lokale arter i dit omr\u00e5de eller sprede sig invasivt.<\/li>\n<\/ul>\n<ul style=\"text-align: justify;\">\n<li><strong>Engag\u00e9r dig i et internationalt eco-volontariat-forl\u00f8b!<\/strong><\/li>\n<\/ul>\n<p style=\"text-align: justify;\"><strong>Frivilligt engagement er <a href=\"https:\/\/www.vita-explorers.dk\/blog\/frivilligt-arbejde-i-organisationer-psykologiske-fordele-international-erfaring-i-udlandet\/\" target=\"_blank\" rel=\"noopener\"><span style=\"text-decoration: underline; color: #b81657;\">en meningsfuld og l\u00e6rerig mulighed<\/span><\/a>, hvor du kan bidrage konkret i praksis til:<\/strong><\/p>\n<ul>\n<li style=\"text-align: justify;\"><strong>bevarelse\/rehabilitering af en truet art<\/strong><\/li>\n<li style=\"text-align: justify;\"><strong>beskyttelse af et \u00f8kosystem<\/strong><\/li>\n<li style=\"text-align: justify;\"><strong> <a href=\"https:\/\/www.vita-explorers.dk\/blog\/wp-content\/uploads\/2018\/05\/Rencontre-avec-les-espe\u0300ces-ende\u0301miques-africaines-GlobAlong-min.jpg\"><img loading=\"lazy\" decoding=\"async\" class=\"size-medium wp-image-9991 aligncenter\" src=\"https:\/\/www.vita-explorers.dk\/blog\/wp-content\/uploads\/2018\/05\/Rencontre-avec-les-espe\u0300ces-ende\u0301miques-africaines-GlobAlong-min-300x200.jpg\" alt=\"\" width=\"300\" height=\"200\" srcset=\"https:\/\/www.vita-explorers.dk\/blog\/wp-content\/uploads\/2018\/05\/Rencontre-avec-les-espe\u0300ces-ende\u0301miques-africaines-GlobAlong-min-300x200.jpg 300w, https:\/\/www.vita-explorers.dk\/blog\/wp-content\/uploads\/2018\/05\/Rencontre-avec-les-espe\u0300ces-ende\u0301miques-africaines-GlobAlong-min-768x512.jpg 768w, https:\/\/www.vita-explorers.dk\/blog\/wp-content\/uploads\/2018\/05\/Rencontre-avec-les-espe\u0300ces-ende\u0301miques-africaines-GlobAlong-min-1024x683.jpg 1024w, https:\/\/www.vita-explorers.dk\/blog\/wp-content\/uploads\/2018\/05\/Rencontre-avec-les-espe\u0300ces-ende\u0301miques-africaines-GlobAlong-min-150x100.jpg 150w, https:\/\/www.vita-explorers.dk\/blog\/wp-content\/uploads\/2018\/05\/Rencontre-avec-les-espe\u0300ces-ende\u0301miques-africaines-GlobAlong-min.jpg 1600w\" sizes=\"(max-width: 300px) 100vw, 300px\" \/><\/a>oplysning om milj\u00f8- og natursp\u00f8rgsm\u00e5l i lokalsamfund<\/strong><\/li>\n<\/ul>\n<p><strong>Du f\u00e5r mulighed for at bidrage til b\u00e6redygtig udvikling i en region gennem et ophold med fuld immersion som en del af et team med lokale og internationale deltagere.<\/strong><\/p>\n<p style=\"text-align: justify;\">Der findes et eco-volontariat-forl\u00f8b for de fleste!<\/p>\n<p style=\"text-align: justify;\">Du kan for eksempel engagere dig i:<\/p>\n<ul>\n<li style=\"text-align: justify;\">en <strong>nationalpark<\/strong><\/li>\n<li style=\"text-align: justify;\"><img loading=\"lazy\" decoding=\"async\" class=\"size-medium wp-image-9997 aligncenter\" src=\"https:\/\/www.vita-explorers.dk\/blog\/wp-content\/uploads\/2018\/05\/Monkey-in-Costa-Rica-Globalong-Pura-Vida-min-300x300.jpg\" alt=\"\" width=\"300\" height=\"300\" srcset=\"https:\/\/www.vita-explorers.dk\/blog\/wp-content\/uploads\/2018\/05\/Monkey-in-Costa-Rica-Globalong-Pura-Vida-min-300x300.jpg 300w, https:\/\/www.vita-explorers.dk\/blog\/wp-content\/uploads\/2018\/05\/Monkey-in-Costa-Rica-Globalong-Pura-Vida-min-150x150.jpg 150w, https:\/\/www.vita-explorers.dk\/blog\/wp-content\/uploads\/2018\/05\/Monkey-in-Costa-Rica-Globalong-Pura-Vida-min-768x768.jpg 768w, https:\/\/www.vita-explorers.dk\/blog\/wp-content\/uploads\/2018\/05\/Monkey-in-Costa-Rica-Globalong-Pura-Vida-min-1024x1024.jpg 1024w, https:\/\/www.vita-explorers.dk\/blog\/wp-content\/uploads\/2018\/05\/Monkey-in-Costa-Rica-Globalong-Pura-Vida-min.jpg 1080w\" sizes=\"(max-width: 300px) 100vw, 300px\" \/>et<strong> naturreservat<\/strong><\/li>\n<li style=\"text-align: justify;\">en <strong>g\u00e5rd med fokus p\u00e5 b\u00e6redygtigt landbrug<\/strong><\/li>\n<li style=\"text-align: justify;\">et <strong>internat for k\u00e6ledyr<\/strong><\/li>\n<li style=\"text-align: justify;\">et <strong>fristed for vilde dyr<\/strong><\/li>\n<\/ul>\n<p style=\"text-align: justify;\">Du kan engagere dig inden for <strong>milj\u00f8beskyttelse<\/strong>, <strong>b\u00e6redygtig udvikling<\/strong>, <strong>dyrepleje<\/strong> og\/eller <strong>forskning<\/strong>.<\/p>\n<p style=\"text-align: justify;\"><strong>N\u00e5r vi beskytter den biologiske mangfoldighed, er vi med til at bevare Jordens \u00f8kologiske balance.<\/strong><\/p>\n<p style=\"text-align: justify;\"><strong>G\u00f8r en forskel for planeten allerede i dag!<\/strong><\/p>\n<p style=\"text-align: center;\">Vil du h\u00f8re mere, er du velkommen til at kontakte os p\u00e5 <a href=\"mailto:info@globalong.com\" target=\"_blank\" rel=\"noopener\"><span style=\"text-decoration: underline; color: #b81657;\"><strong>info@globalong.com<\/strong><\/span><\/a>.<\/p>\n<p style=\"text-align: center;\"><a href=\"https:\/\/www.vita-explorers.dk\/frivilligt-arbejde\/\" target=\"_blank\" rel=\"noopener\"><span style=\"text-decoration: underline;\"><strong><span style=\"color: #b81657; text-decoration: underline;\">Deltag i et ophold eller et internationalt eco-volontariat-program!<\/span><\/strong><\/span><\/a><\/p>\n<p style=\"text-align: center;\"><a href=\"https:\/\/www.flickr.com\/photos\/globalong\/albums\" target=\"_blank\" rel=\"noopener\"><span style=\"text-decoration: underline;\"><strong><span style=\"color: #b81657; text-decoration: underline;\">Se forl\u00f8bene i billeder!<\/span><\/strong><\/span><\/a><\/p>\n<p style=\"text-align: center;\"><a href=\"https:\/\/www.vita-explorers.dk\/blog\/avis-globalong\/\" target=\"_blank\" rel=\"noopener\"><span style=\"text-decoration: underline;\"><strong><span style=\"color: #b81657; text-decoration: underline;\">L\u00e6s deltagernes oplevelser!<\/span><\/strong><\/span><\/a><\/p>\n<p style=\"text-align: center;\"><a href=\"https:\/\/www.vita-explorers.dk\/blog\/videoer-fra-vores-destinationer-frivilligt-arbejde-internationale-forloeb\/\" target=\"_blank\" rel=\"noopener\"><span style=\"text-decoration: underline;\"><strong><span style=\"color: #b81657; text-decoration: underline;\">VITA i videoer!<\/span><\/strong><\/span><\/a><\/p>\n<p style=\"text-align: center;\"><a href=\"https:\/\/www.vita-explorers.dk\/association-globalong.html\" target=\"_blank\" rel=\"noopener\"><span style=\"text-decoration: underline;\"><strong><span style=\"color: #b81657; text-decoration: underline;\">L\u00e6s mere om VITA Institute<\/span><\/strong><\/span><\/a><\/p>\n<p style=\"text-align: center;\"><a href=\"https:\/\/www.vita-explorers.dk\/charte-volontaire-benevolat-international-humanitaire.html\" target=\"_blank\" rel=\"noopener\"><span style=\"text-decoration: underline;\"><strong><span style=\"color: #b81657; text-decoration: underline;\">Charter for internationale deltagere<\/span><\/strong><\/span><\/a><\/p>\n<p><strong>Kilder<\/strong> : La Vague Verte, Den Europ\u00e6iske Union<\/p>\n<p><span style=\"font-size: 8pt;\">Fotos er ikke kontraktligt bindende<\/span><\/p>\n","protected":false},"excerpt":{"rendered":"<p>Hvert \u00e5r i forbindelse med Den Internationale Dag for Biodiversitet den 22. maj s\u00e6tter La Vague Verte en lang r\u00e6kke initiativer i gang for\u2026<\/p>\n","protected":false},"author":1,"featured_media":10108,"comment_status":"open","ping_status":"open","sticky":false,"template":"","format":"standard","meta":{"footnotes":""},"categories":[8,6,4],"tags":[349,52,104,95,573,426],"yoast_head":"<!-- This site is optimized with the Yoast SEO Premium plugin v23.4 (Yoast SEO v23.4) - https:\/\/yoast.com\/wordpress\/plugins\/seo\/ -->\n<title>Det er n\u00f8dvendigt at bevare biodiversiteten! \u2013 - VITA Explorers Blog<\/title>\n<meta name=\"robots\" content=\"index, follow, max-snippet:-1, max-image-preview:large, max-video-preview:-1\" \/>\n<link rel=\"canonical\" href=\"https:\/\/www.vita-explorers.dk\/blog\/biodiversitet-oekologi-dyrebeskyttelse-miljoe-eco-frivilligt-arbejde-natur\/\" \/>\n<meta property=\"og:locale\" content=\"da_DK\" \/>\n<meta property=\"og:type\" content=\"article\" \/>\n<meta property=\"og:title\" content=\"Det er n\u00f8dvendigt at bevare biodiversiteten! \u2013\" \/>\n<meta property=\"og:description\" content=\"Hvert \u00e5r i forbindelse med Den Internationale Dag for Biodiversitet den 22. maj s\u00e6tter La Vague Verte en lang r\u00e6kke initiativer i gang for\u2026\" \/>\n<meta property=\"og:url\" content=\"https:\/\/www.vita-explorers.dk\/blog\/biodiversitet-oekologi-dyrebeskyttelse-miljoe-eco-frivilligt-arbejde-natur\/\" \/>\n<meta property=\"og:site_name\" content=\"VITA Explorers Blog\" \/>\n<meta property=\"article:publisher\" content=\"https:\/\/www.facebook.com\/globalong\" \/>\n<meta property=\"article:published_time\" content=\"2018-05-22T12:59:51+00:00\" \/>\n<meta property=\"article:modified_time\" content=\"2023-01-04T15:20:22+00:00\" \/>\n<meta property=\"og:image\" content=\"https:\/\/www.vita-explorers.dk\/blog\/wp-content\/uploads\/2018\/06\/Equipe-b\u00e9n\u00e9voles-min.jpg\" \/>\n\t<meta property=\"og:image:width\" content=\"960\" \/>\n\t<meta property=\"og:image:height\" content=\"720\" \/>\n\t<meta property=\"og:image:type\" content=\"image\/jpeg\" \/>\n<meta name=\"author\" content=\"VITA Tribe\" \/>\n<meta name=\"twitter:card\" content=\"summary_large_image\" \/>\n<meta name=\"twitter:label1\" content=\"Skrevet af\" \/>\n\t<meta name=\"twitter:data1\" content=\"VITA Tribe\" \/>\n\t<meta name=\"twitter:label2\" content=\"Estimeret l\u00e6setid\" \/>\n\t<meta name=\"twitter:data2\" content=\"3 minutter\" \/>\n<script type=\"application\/ld+json\" class=\"yoast-schema-graph\">{\"@context\":\"https:\/\/schema.org\",\"@graph\":[{\"@type\":\"Article\",\"@id\":\"https:\/\/www.vita-explorers.dk\/blog\/biodiversitet-oekologi-dyrebeskyttelse-miljoe-eco-frivilligt-arbejde-natur\/#article\",\"isPartOf\":{\"@id\":\"https:\/\/www.vita-explorers.dk\/blog\/biodiversitet-oekologi-dyrebeskyttelse-miljoe-eco-frivilligt-arbejde-natur\/\"},\"author\":{\"name\":\"VITA Tribe\",\"@id\":\"https:\/\/www.vita-explorers.dk\/blog\/#\/schema\/person\/d7df267b64f23018d1dc519e78fb2735\"},\"headline\":\"Det er n\u00f8dvendigt at bevare biodiversiteten! \u2013\",\"datePublished\":\"2018-05-22T12:59:51+00:00\",\"dateModified\":\"2023-01-04T15:20:22+00:00\",\"mainEntityOfPage\":{\"@id\":\"https:\/\/www.vita-explorers.dk\/blog\/biodiversitet-oekologi-dyrebeskyttelse-miljoe-eco-frivilligt-arbejde-natur\/\"},\"wordCount\":688,\"commentCount\":0,\"publisher\":{\"@id\":\"https:\/\/www.vita-explorers.dk\/blog\/#organization\"},\"image\":{\"@id\":\"https:\/\/www.vita-explorers.dk\/blog\/biodiversitet-oekologi-dyrebeskyttelse-miljoe-eco-frivilligt-arbejde-natur\/#primaryimage\"},\"thumbnailUrl\":\"https:\/\/www.vita-explorers.dk\/blog\/wp-content\/uploads\/2018\/06\/Equipe-b\u00e9n\u00e9voles-min.jpg\",\"keywords\":[\"b\u00e9n\u00e9vole\",\"Eco-volontariat\",\"\u00e9cologie\",\"environnement\",\"journ\u00e9e internationale de la diversit\u00e9 biologique\",\"nature\"],\"articleSection\":[\"Humanit\u00e6rt frivilligt arbejde\",\"Nyheder\",\"VITA Explorers\"],\"inLanguage\":\"da-DK\",\"potentialAction\":[{\"@type\":\"CommentAction\",\"name\":\"Comment\",\"target\":[\"https:\/\/www.vita-explorers.dk\/blog\/biodiversitet-oekologi-dyrebeskyttelse-miljoe-eco-frivilligt-arbejde-natur\/#respond\"]}]},{\"@type\":\"WebPage\",\"@id\":\"https:\/\/www.vita-explorers.dk\/blog\/biodiversitet-oekologi-dyrebeskyttelse-miljoe-eco-frivilligt-arbejde-natur\/\",\"url\":\"https:\/\/www.vita-explorers.dk\/blog\/biodiversitet-oekologi-dyrebeskyttelse-miljoe-eco-frivilligt-arbejde-natur\/\",\"name\":\"Det er n\u00f8dvendigt at bevare biodiversiteten! \u2013 - VITA Explorers Blog\",\"isPartOf\":{\"@id\":\"https:\/\/www.vita-explorers.dk\/blog\/#website\"},\"primaryImageOfPage\":{\"@id\":\"https:\/\/www.vita-explorers.dk\/blog\/biodiversitet-oekologi-dyrebeskyttelse-miljoe-eco-frivilligt-arbejde-natur\/#primaryimage\"},\"image\":{\"@id\":\"https:\/\/www.vita-explorers.dk\/blog\/biodiversitet-oekologi-dyrebeskyttelse-miljoe-eco-frivilligt-arbejde-natur\/#primaryimage\"},\"thumbnailUrl\":\"https:\/\/www.vita-explorers.dk\/blog\/wp-content\/uploads\/2018\/06\/Equipe-b\u00e9n\u00e9voles-min.jpg\",\"datePublished\":\"2018-05-22T12:59:51+00:00\",\"dateModified\":\"2023-01-04T15:20:22+00:00\",\"breadcrumb\":{\"@id\":\"https:\/\/www.vita-explorers.dk\/blog\/biodiversitet-oekologi-dyrebeskyttelse-miljoe-eco-frivilligt-arbejde-natur\/#breadcrumb\"},\"inLanguage\":\"da-DK\",\"potentialAction\":[{\"@type\":\"ReadAction\",\"target\":[\"https:\/\/www.vita-explorers.dk\/blog\/biodiversitet-oekologi-dyrebeskyttelse-miljoe-eco-frivilligt-arbejde-natur\/\"]}]},{\"@type\":\"ImageObject\",\"inLanguage\":\"da-DK\",\"@id\":\"https:\/\/www.vita-explorers.dk\/blog\/biodiversitet-oekologi-dyrebeskyttelse-miljoe-eco-frivilligt-arbejde-natur\/#primaryimage\",\"url\":\"https:\/\/www.vita-explorers.dk\/blog\/wp-content\/uploads\/2018\/06\/Equipe-b\u00e9n\u00e9voles-min.jpg\",\"contentUrl\":\"https:\/\/www.vita-explorers.dk\/blog\/wp-content\/uploads\/2018\/06\/Equipe-b\u00e9n\u00e9voles-min.jpg\",\"width\":960,\"height\":720,\"caption\":\"B\u00e9n\u00e9volat\"},{\"@type\":\"BreadcrumbList\",\"@id\":\"https:\/\/www.vita-explorers.dk\/blog\/biodiversitet-oekologi-dyrebeskyttelse-miljoe-eco-frivilligt-arbejde-natur\/#breadcrumb\",\"itemListElement\":[{\"@type\":\"ListItem\",\"position\":1,\"name\":\"Accueil\",\"item\":\"https:\/\/www.vita-explorers.dk\/blog\/\"},{\"@type\":\"ListItem\",\"position\":2,\"name\":\"Det er n\u00f8dvendigt at bevare biodiversiteten! \u2013\"}]},{\"@type\":\"WebSite\",\"@id\":\"https:\/\/www.vita-explorers.dk\/blog\/#website\",\"url\":\"https:\/\/www.vita-explorers.dk\/blog\/\",\"name\":\"Association Globalong\",\"description\":\"Frivilligt arbejde, sprogophold, praktik i udlandet og internationale oplevelser\",\"publisher\":{\"@id\":\"https:\/\/www.vita-explorers.dk\/blog\/#organization\"},\"potentialAction\":[{\"@type\":\"SearchAction\",\"target\":{\"@type\":\"EntryPoint\",\"urlTemplate\":\"https:\/\/www.vita-explorers.dk\/blog\/?s={search_term_string}\"},\"query-input\":{\"@type\":\"PropertyValueSpecification\",\"valueRequired\":true,\"valueName\":\"search_term_string\"}}],\"inLanguage\":\"da-DK\"},{\"@type\":\"Organization\",\"@id\":\"https:\/\/www.vita-explorers.dk\/blog\/#organization\",\"name\":\"Association Globalong\",\"url\":\"https:\/\/www.vita-explorers.dk\/blog\/\",\"logo\":{\"@type\":\"ImageObject\",\"inLanguage\":\"da-DK\",\"@id\":\"https:\/\/www.vita-explorers.dk\/blog\/#\/schema\/logo\/image\/\",\"url\":\"https:\/\/www.globalong.com\/blog\/wp-content\/uploads\/2014\/11\/cropped-cropped-Logo-et-Afrique-Globalong-petite-taille-2.jpg\",\"contentUrl\":\"https:\/\/www.globalong.com\/blog\/wp-content\/uploads\/2014\/11\/cropped-cropped-Logo-et-Afrique-Globalong-petite-taille-2.jpg\",\"width\":512,\"height\":512,\"caption\":\"Association Globalong\"},\"image\":{\"@id\":\"https:\/\/www.vita-explorers.dk\/blog\/#\/schema\/logo\/image\/\"},\"sameAs\":[\"https:\/\/www.facebook.com\/globalong\"]},{\"@type\":\"Person\",\"@id\":\"https:\/\/www.vita-explorers.dk\/blog\/#\/schema\/person\/d7df267b64f23018d1dc519e78fb2735\",\"name\":\"VITA Tribe\",\"image\":{\"@type\":\"ImageObject\",\"inLanguage\":\"da-DK\",\"@id\":\"https:\/\/www.vita-explorers.dk\/blog\/#\/schema\/person\/image\/\",\"url\":\"https:\/\/secure.gravatar.com\/avatar\/81461bcc213d0ff2bdc043d4206648f0?s=96&d=mm&r=g\",\"contentUrl\":\"https:\/\/secure.gravatar.com\/avatar\/81461bcc213d0ff2bdc043d4206648f0?s=96&d=mm&r=g\",\"caption\":\"VITA Tribe\"},\"sameAs\":[\"https:\/\/www.globalong.com\"],\"url\":\"https:\/\/www.vita-explorers.dk\/blog\/author\/sophie\/\"}]}<\/script>\n<!-- \/ Yoast SEO Premium plugin. -->","yoast_head_json":{"title":"Det er n\u00f8dvendigt at bevare biodiversiteten! \u2013 - VITA Explorers Blog","robots":{"index":"index","follow":"follow","max-snippet":"max-snippet:-1","max-image-preview":"max-image-preview:large","max-video-preview":"max-video-preview:-1"},"canonical":"https:\/\/www.vita-explorers.dk\/blog\/biodiversitet-oekologi-dyrebeskyttelse-miljoe-eco-frivilligt-arbejde-natur\/","og_locale":"da_DK","og_type":"article","og_title":"Det er n\u00f8dvendigt at bevare biodiversiteten! \u2013","og_description":"Hvert \u00e5r i forbindelse med Den Internationale Dag for Biodiversitet den 22. maj s\u00e6tter La Vague Verte en lang r\u00e6kke initiativer i gang for\u2026","og_url":"https:\/\/www.vita-explorers.dk\/blog\/biodiversitet-oekologi-dyrebeskyttelse-miljoe-eco-frivilligt-arbejde-natur\/","og_site_name":"VITA Explorers Blog","article_publisher":"https:\/\/www.facebook.com\/globalong","article_published_time":"2018-05-22T12:59:51+00:00","article_modified_time":"2023-01-04T15:20:22+00:00","og_image":[{"width":960,"height":720,"url":"https:\/\/www.vita-explorers.dk\/blog\/wp-content\/uploads\/2018\/06\/Equipe-b\u00e9n\u00e9voles-min.jpg","type":"image\/jpeg"}],"author":"VITA Tribe","twitter_card":"summary_large_image","twitter_misc":{"Skrevet af":"VITA Tribe","Estimeret l\u00e6setid":"3 minutter"},"schema":{"@context":"https:\/\/schema.org","@graph":[{"@type":"Article","@id":"https:\/\/www.vita-explorers.dk\/blog\/biodiversitet-oekologi-dyrebeskyttelse-miljoe-eco-frivilligt-arbejde-natur\/#article","isPartOf":{"@id":"https:\/\/www.vita-explorers.dk\/blog\/biodiversitet-oekologi-dyrebeskyttelse-miljoe-eco-frivilligt-arbejde-natur\/"},"author":{"name":"VITA Tribe","@id":"https:\/\/www.vita-explorers.dk\/blog\/#\/schema\/person\/d7df267b64f23018d1dc519e78fb2735"},"headline":"Det er n\u00f8dvendigt at bevare biodiversiteten! \u2013","datePublished":"2018-05-22T12:59:51+00:00","dateModified":"2023-01-04T15:20:22+00:00","mainEntityOfPage":{"@id":"https:\/\/www.vita-explorers.dk\/blog\/biodiversitet-oekologi-dyrebeskyttelse-miljoe-eco-frivilligt-arbejde-natur\/"},"wordCount":688,"commentCount":0,"publisher":{"@id":"https:\/\/www.vita-explorers.dk\/blog\/#organization"},"image":{"@id":"https:\/\/www.vita-explorers.dk\/blog\/biodiversitet-oekologi-dyrebeskyttelse-miljoe-eco-frivilligt-arbejde-natur\/#primaryimage"},"thumbnailUrl":"https:\/\/www.vita-explorers.dk\/blog\/wp-content\/uploads\/2018\/06\/Equipe-b\u00e9n\u00e9voles-min.jpg","keywords":["b\u00e9n\u00e9vole","Eco-volontariat","\u00e9cologie","environnement","journ\u00e9e internationale de la diversit\u00e9 biologique","nature"],"articleSection":["Humanit\u00e6rt frivilligt arbejde","Nyheder","VITA Explorers"],"inLanguage":"da-DK","potentialAction":[{"@type":"CommentAction","name":"Comment","target":["https:\/\/www.vita-explorers.dk\/blog\/biodiversitet-oekologi-dyrebeskyttelse-miljoe-eco-frivilligt-arbejde-natur\/#respond"]}]},{"@type":"WebPage","@id":"https:\/\/www.vita-explorers.dk\/blog\/biodiversitet-oekologi-dyrebeskyttelse-miljoe-eco-frivilligt-arbejde-natur\/","url":"https:\/\/www.vita-explorers.dk\/blog\/biodiversitet-oekologi-dyrebeskyttelse-miljoe-eco-frivilligt-arbejde-natur\/","name":"Det er n\u00f8dvendigt at bevare biodiversiteten! \u2013 - VITA Explorers Blog","isPartOf":{"@id":"https:\/\/www.vita-explorers.dk\/blog\/#website"},"primaryImageOfPage":{"@id":"https:\/\/www.vita-explorers.dk\/blog\/biodiversitet-oekologi-dyrebeskyttelse-miljoe-eco-frivilligt-arbejde-natur\/#primaryimage"},"image":{"@id":"https:\/\/www.vita-explorers.dk\/blog\/biodiversitet-oekologi-dyrebeskyttelse-miljoe-eco-frivilligt-arbejde-natur\/#primaryimage"},"thumbnailUrl":"https:\/\/www.vita-explorers.dk\/blog\/wp-content\/uploads\/2018\/06\/Equipe-b\u00e9n\u00e9voles-min.jpg","datePublished":"2018-05-22T12:59:51+00:00","dateModified":"2023-01-04T15:20:22+00:00","breadcrumb":{"@id":"https:\/\/www.vita-explorers.dk\/blog\/biodiversitet-oekologi-dyrebeskyttelse-miljoe-eco-frivilligt-arbejde-natur\/#breadcrumb"},"inLanguage":"da-DK","potentialAction":[{"@type":"ReadAction","target":["https:\/\/www.vita-explorers.dk\/blog\/biodiversitet-oekologi-dyrebeskyttelse-miljoe-eco-frivilligt-arbejde-natur\/"]}]},{"@type":"ImageObject","inLanguage":"da-DK","@id":"https:\/\/www.vita-explorers.dk\/blog\/biodiversitet-oekologi-dyrebeskyttelse-miljoe-eco-frivilligt-arbejde-natur\/#primaryimage","url":"https:\/\/www.vita-explorers.dk\/blog\/wp-content\/uploads\/2018\/06\/Equipe-b\u00e9n\u00e9voles-min.jpg","contentUrl":"https:\/\/www.vita-explorers.dk\/blog\/wp-content\/uploads\/2018\/06\/Equipe-b\u00e9n\u00e9voles-min.jpg","width":960,"height":720,"caption":"B\u00e9n\u00e9volat"},{"@type":"BreadcrumbList","@id":"https:\/\/www.vita-explorers.dk\/blog\/biodiversitet-oekologi-dyrebeskyttelse-miljoe-eco-frivilligt-arbejde-natur\/#breadcrumb","itemListElement":[{"@type":"ListItem","position":1,"name":"Accueil","item":"https:\/\/www.vita-explorers.dk\/blog\/"},{"@type":"ListItem","position":2,"name":"Det er n\u00f8dvendigt at bevare biodiversiteten! \u2013"}]},{"@type":"WebSite","@id":"https:\/\/www.vita-explorers.dk\/blog\/#website","url":"https:\/\/www.vita-explorers.dk\/blog\/","name":"Association Globalong","description":"Frivilligt arbejde, sprogophold, praktik i udlandet og internationale oplevelser","publisher":{"@id":"https:\/\/www.vita-explorers.dk\/blog\/#organization"},"potentialAction":[{"@type":"SearchAction","target":{"@type":"EntryPoint","urlTemplate":"https:\/\/www.vita-explorers.dk\/blog\/?s={search_term_string}"},"query-input":{"@type":"PropertyValueSpecification","valueRequired":true,"valueName":"search_term_string"}}],"inLanguage":"da-DK"},{"@type":"Organization","@id":"https:\/\/www.vita-explorers.dk\/blog\/#organization","name":"Association Globalong","url":"https:\/\/www.vita-explorers.dk\/blog\/","logo":{"@type":"ImageObject","inLanguage":"da-DK","@id":"https:\/\/www.vita-explorers.dk\/blog\/#\/schema\/logo\/image\/","url":"https:\/\/www.globalong.com\/blog\/wp-content\/uploads\/2014\/11\/cropped-cropped-Logo-et-Afrique-Globalong-petite-taille-2.jpg","contentUrl":"https:\/\/www.globalong.com\/blog\/wp-content\/uploads\/2014\/11\/cropped-cropped-Logo-et-Afrique-Globalong-petite-taille-2.jpg","width":512,"height":512,"caption":"Association Globalong"},"image":{"@id":"https:\/\/www.vita-explorers.dk\/blog\/#\/schema\/logo\/image\/"},"sameAs":["https:\/\/www.facebook.com\/globalong"]},{"@type":"Person","@id":"https:\/\/www.vita-explorers.dk\/blog\/#\/schema\/person\/d7df267b64f23018d1dc519e78fb2735","name":"VITA Tribe","image":{"@type":"ImageObject","inLanguage":"da-DK","@id":"https:\/\/www.vita-explorers.dk\/blog\/#\/schema\/person\/image\/","url":"https:\/\/secure.gravatar.com\/avatar\/81461bcc213d0ff2bdc043d4206648f0?s=96&d=mm&r=g","contentUrl":"https:\/\/secure.gravatar.com\/avatar\/81461bcc213d0ff2bdc043d4206648f0?s=96&d=mm&r=g","caption":"VITA Tribe"},"sameAs":["https:\/\/www.globalong.com"],"url":"https:\/\/www.vita-explorers.dk\/blog\/author\/sophie\/"}]}},"_links":{"self":[{"href":"https:\/\/www.vita-explorers.dk\/blog\/wp-json\/wp\/v2\/posts\/9956"}],"collection":[{"href":"https:\/\/www.vita-explorers.dk\/blog\/wp-json\/wp\/v2\/posts"}],"about":[{"href":"https:\/\/www.vita-explorers.dk\/blog\/wp-json\/wp\/v2\/types\/post"}],"author":[{"embeddable":true,"href":"https:\/\/www.vita-explorers.dk\/blog\/wp-json\/wp\/v2\/users\/1"}],"replies":[{"embeddable":true,"href":"https:\/\/www.vita-explorers.dk\/blog\/wp-json\/wp\/v2\/comments?post=9956"}],"version-history":[{"count":39,"href":"https:\/\/www.vita-explorers.dk\/blog\/wp-json\/wp\/v2\/posts\/9956\/revisions"}],"predecessor-version":[{"id":15065,"href":"https:\/\/www.vita-explorers.dk\/blog\/wp-json\/wp\/v2\/posts\/9956\/revisions\/15065"}],"wp:featuredmedia":[{"embeddable":true,"href":"https:\/\/www.vita-explorers.dk\/blog\/wp-json\/wp\/v2\/media\/10108"}],"wp:attachment":[{"href":"https:\/\/www.vita-explorers.dk\/blog\/wp-json\/wp\/v2\/media?parent=9956"}],"wp:term":[{"taxonomy":"category","embeddable":true,"href":"https:\/\/www.vita-explorers.dk\/blog\/wp-json\/wp\/v2\/categories?post=9956"},{"taxonomy":"post_tag","embeddable":true,"href":"https:\/\/www.vita-explorers.dk\/blog\/wp-json\/wp\/v2\/tags?post=9956"}],"curies":[{"name":"wp","href":"https:\/\/api.w.org\/{rel}","templated":true}]}}